{"id":97454,"date":"2022-02-21T13:24:43","date_gmt":"2022-02-21T11:24:43","guid":{"rendered":"https:\/\/obera.fr\/nase-rada\/augmentation-aide-capteur-co2-etat-collectivites-ecoles\/"},"modified":"2025-05-06T16:49:45","modified_gmt":"2025-05-06T14:49:45","slug":"augmentation-aide-capteur-co2-etat-collectivites-ecoles","status":"publish","type":"post","link":"https:\/\/obera.fr\/ro\/sfatul-nostru\/augmentation-aide-capteur-co2-etat-collectivites-ecoles\/","title":{"rendered":"Sprijinul de stat cre\u0219te de la 2 la 8 euro pe elev pentru senzorii de CO2 din \u0219colile de stat!"},"content":{"rendered":"\n<p>Pentru a combate Covid-19, Ministerul francez al Educa\u021biei, Tineretului \u0219i Sportului a recomandat instalarea de <strong>senzori de CO2<\/strong> \u00een \u0219coli. Ace\u0219tia pot fi folosi\u021bi pur \u0219i simplu pentru a determina c\u00e2t de des \u0219i pentru c\u00e2t timp trebuie ventilate s\u0103lile de clas\u0103 \u0219i camerele individuale. Sunte\u021bi gata s\u0103 afla\u021bi mai multe?  <\/p>\n\n<h2 class=\"wp-block-heading\" id=\"pourquoi-faut-il-equiper-les-ecoles-de-capteurs-de-co2-et-comment-bien-les-choisir\">De ce ar trebui ca \u0219colile s\u0103 fie echipate cu senzori de CO2 \u0219i cum ar trebui s\u0103 fie ale\u0219i ace\u0219tia?<\/h2>\n\n<div class=\"wp-block-columns is-layout-flex wp-container-core-columns-is-layout-28f84493 wp-block-columns-is-layout-flex\">\n<div class=\"wp-block-column is-layout-flow wp-block-column-is-layout-flow\" style=\"flex-basis:66.66%\">\n<p>Atunci c\u00e2nd copilul dumneavoastr\u0103 se afl\u0103 la \u0219coal\u0103, el sau ea poate inhala substan\u021be care con\u021bin SARS-CoV-2. Acesta este unul dintre cele trei moduri de transmitere a Covid-19. De asemenea, trebuie remarcat faptul c\u0103 acest tip de inhalare are loc pur \u0219i simplu \u00een spa\u021bii \u00eenchise, cum ar fi s\u0103lile de clas\u0103, de exemplu. Se prezint\u0103 sub form\u0103 de aerosoli care pot fi suspenda\u021bi \u0219i pot r\u0103m\u00e2ne \u00een aer timp de mai multe ore. De asemenea, acestea pot fi transportate pe o distan\u021b\u0103 mai mare de doi metri.    <\/p>\n\n\n\n<p>Desigur, exist\u0103 diferite modalit\u0103\u021bi de a limita inhalarea acestor aerosoli, cum ar fi purtarea unei m\u0103\u0219ti, ventilarea \u00eenc\u0103perilor \u00eenchise sau reducerea num\u0103rului de persoane dintr-o \u00eenc\u0103pere. De altfel, <strong> <\/strong>M\u0103surarea <strong>concentra\u021biei de CO2 \u00een aer este o modalitate simpl\u0103 de a afla dac\u0103 exist\u0103 sau nu suficient\u0103 re\u00eennoire a aerului \u00een \u00eenc\u0103peri \u00eenchise<\/strong>, de exemplu.<\/p>\n\n\n\n<p>Haut Conseil de la Sant\u00e9 Publique (\u00cenaltul Consiliu pentru S\u0103n\u0103tate Public\u0103) indic\u0103 faptul c\u0103, \u00een mod ideal, ar trebui s\u0103 existe <strong>600 ppm <\/strong>(p\u0103r\u021bi pe milion) de CO2 \u00een aer. Aceast\u0103 m\u0103sur\u0103 este adecvat\u0103 pentru spa\u021biile \u00eenchise \u00een care nu este posibil\u0103 purtarea unei m\u0103\u0219ti. De asemenea, trebuie remarcat faptul c\u0103 <strong>, \u00een \u00eenc\u0103perile \u00een care este posibil\u0103 purtarea unei m\u0103\u0219ti, concentra\u021bia de CO2 nu trebuie s\u0103 dep\u0103\u0219easc\u0103 800 ppm<\/strong>.  <\/p>\n\n\n\n<p>Astfel, \u00een fiecare \u0219coal\u0103, pentru a preveni r\u0103sp\u00e2ndirea Covid-19, este important s\u0103 instala\u021bi senzori pentru a monitoriza aceste m\u0103suri diferite. Frecven\u021ba de ventila\u021bie este, de asemenea, necesar\u0103 \u00een fiecare camer\u0103. De asemenea, trebuie remarcat faptul c\u0103 este posibil s\u0103 se verifice dac\u0103 sistemul mecanic func\u021bioneaz\u0103 corect. Nu este necesar ca fiecare sal\u0103 de clas\u0103 s\u0103 fie echipat\u0103 cu un senzor de CO2. De asemenea, trebuie s\u0103 \u021bine\u021bi cont de faptul c\u0103 fiecare sal\u0103 de clas\u0103 poate fi echipat\u0103 cu senzori mobili, dac\u0103 este necesar.    <\/p>\n\n\n\n<p>Este important ca \u0219colile s\u0103 nu opteze pentru orice fel de senzor. De fapt, este esen\u021bial s\u0103 se opteze pentru elemente de tip <strong>&#8222;NDIR<\/strong> &#8221; (Non Dispersive Infrared). Acestea sunt cunoscute \u0219i sub denumirea de <strong>detectoare infraro\u0219ii <\/strong>). De asemenea, trebuie men\u021bionat faptul c\u0103 echipamentele utilizate \u00een \u0219coli trebuie s\u0103 fie calibrate \u00een fabric\u0103. Prin urmare, acestea trebuie s\u0103 aib\u0103 un <strong>certificat de calibrare<\/strong>.    <strong> <\/strong>Dac\u0103 nu, acestea trebuie calibrate de c\u0103tre<strong> <\/strong>utilizatorului.<\/p>\n<\/div>\n\n\n\n<div class=\"wp-block-column is-layout-flow wp-block-column-is-layout-flow\" style=\"flex-basis:33.33%\">\n<figure class=\"wp-block-image size-large is-resized\"><img decoding=\"async\" src=\"https:\/\/obera.fr\/wp-content\/uploads\/2022\/02\/Sans-titre-2022-02-21T113513.500-394x1024.png\" alt=\"f&#x103;r&#x103; titlu 2022 02 21t113513.500\" class=\"wp-image-8931\" width=\"232\" height=\"604\" srcset=\"https:\/\/obera.fr\/wp-content\/uploads\/2022\/02\/Sans-titre-2022-02-21T113513.500-394x1024.png 394w, https:\/\/obera.fr\/wp-content\/uploads\/2022\/02\/Sans-titre-2022-02-21T113513.500-115x300.png 115w, https:\/\/obera.fr\/wp-content\/uploads\/2022\/02\/Sans-titre-2022-02-21T113513.500.png 500w\" sizes=\"(max-width: 232px) 100vw, 232px\" \/><\/figure>\n<\/div>\n<\/div>\n\n<h2 class=\"wp-block-heading\" id=\"qui-peut-deposer-une-demande-de-subvention\">Cine poate solicita o subven\u021bie?<\/h2>\n\n<p>Nu orice organiza\u021bie ar trebui s\u0103 poat\u0103 solicita aceast\u0103 subven\u021bie. <strong>Doar autorit\u0103\u021bile locale \u0219i institu\u021biile publice de cooperare intercomunal\u0103 sunt responsabile de \u0219colile publice<\/strong>. Desigur, exist\u0103 condi\u021bii \u0219i sunt necesare anumite documente \u00eenainte de a putea aplica pentru acest grant. Nu v\u0103 face\u021bi griji, v\u0103 vom oferi toate informa\u021biile de care ave\u021bi nevoie \u00een sec\u021biunea urm\u0103toare.   <\/p>\n\n<h2 class=\"wp-block-heading\" id=\"comment-est-calcule-le-montant-de-cette-aide\">Cum se calculeaz\u0103 cuantumul ajutorului?<\/h2>\n\n<p>Pentru aceast\u0103 subven\u021bie, a fost emis\u0103 o circular\u0103 la 4 februarie 2022. Prim-ministrul a provocat pur \u0219i simplu s\u0103 creasc\u0103 \u0219i s\u0103 simplifice sprijinul financiar oferit de stat. Datorit\u0103 acestei cre\u0219teri, orice autoritate local\u0103 care dore\u0219te s\u0103 investeasc\u0103 \u00een senzori de CO2 va fi perfect \u00een m\u0103sur\u0103 s\u0103 o fac\u0103: de fapt, <strong>subven\u021bia a crescut de la 2 la 8 euro pe elev<\/strong>. De asemenea, este important de re\u021binut c\u0103 nu exist\u0103 o subven\u021bie forfetar\u0103 pe senzor.   <\/p>\n\n<p>De asemenea, trebuie remarcat faptul c\u0103 subven\u021bia va continua s\u0103 fie pl\u0103tit\u0103. Cu toate acestea,<strong> o factur\u0103 va<\/strong> fi \u00een continuare necesar\u0103. Aceast\u0103 nou\u0103 regul\u0103 se va aplica pur \u0219i simplu retroactiv oric\u0103ror cereri de subven\u021bie care au fost deja depuse.  <\/p>\n\n<p>De asemenea, trebuie remarcat faptul c\u0103 <strong>pot fi luate \u00een considerare \u0219i colectorii achizi\u021biona\u021bi la 28 aprilie 2021 sau dup\u0103<\/strong> aceast\u0103 <strong>dat\u0103<\/strong>.<\/p>\n\n<h2 class=\"wp-block-heading\" id=\"quelle-est-la-procedure-pour-deposer-une-demande\">Care este procedura de depunere a unei cereri?<\/h2>\n\n<h3 class=\"wp-block-heading\" id=\"vous-avez-besoin-de-deposer-une-demande-de-subvention-pour-les-captures-co2-vous-ne-savez-pas-comment-vous-y-prendre-cette-partie-est-faite-pour-vous\">Trebuie s\u0103 solicita\u021bi o subven\u021bie pentru captarea CO2? Nu \u0219ti\u021bi cum s\u0103 proceda\u021bi? Aceast\u0103 sec\u021biune este pentru dumneavoastr\u0103!  <\/h3>\n\n<p>Dup\u0103 cum probabil v\u0103 pute\u021bi imagina, trebuie s\u0103 <strong>crea\u021bi un dosar care s\u0103 reuneasc\u0103 toate ajutoarele pe care le solicita\u021bi<\/strong>. De asemenea, trebuie remarcat faptul c\u0103, atunci c\u00e2nd depune\u021bi cererea, trebuie s\u0103 <strong>aduce\u021bi toate documentele justificative<\/strong> referitoare la cerere. <\/p>\n\n<p>De asemenea, trebuie remarcat faptul c\u0103 o subven\u021bie acordat\u0103 pentru aceea\u0219i zon\u0103 nu poate da na\u0219tere la dou\u0103 pl\u0103\u021bi de subven\u021bii.<\/p>\n\n<p>Atunci c\u00e2nd solicita\u021bi o subven\u021bie, trebuie s\u0103 trimite\u021bi diverse documente. Pentru a v\u0103 fi mai u\u0219or s\u0103 v\u0103 orienta\u021bi, v\u0103 vom oferi o list\u0103 a documentelor pe care trebuie s\u0103 le furniza\u021bi: <\/p>\n\n<ul class=\"wp-block-list\">\n<li>Formularul <strong>de <\/strong>cerere de subven\u021bie: acesta trebuie, desigur, completat \u00een prealabil pentru a putea ob\u021bine subven\u021bia.<\/li>\n\n\n\n<li><strong>O factur\u0103<\/strong>: aceasta trebuie s\u0103 includ\u0103 informa\u021bii esen\u021biale, cum ar fi num\u0103rul de colectori de CO2 achizi\u021biona\u021bi, cheltuielile corespunz\u0103toare, inclusiv TVA \u0219i datele de emisie. Aceste date trebuie s\u0103 fie ulterioare datei de 28 aprilie 2021. <\/li>\n\n\n\n<li><strong>V\u0103 rug\u0103m s\u0103 re\u021bine\u021bi<\/strong>: acest lucru trebuie s\u0103 includ\u0103 doar num\u0103rul de senzori livra\u021bi fiec\u0103rei \u0219coli.<\/li>\n<\/ul>\n\n<div class=\"wp-block-buttons is-layout-flex wp-block-buttons-is-layout-flex\">\n<div class=\"wp-block-button aligncenter\"><a class=\"wp-block-button__link wp-element-button\" href=\"https:\/\/obera.fr\/wp-content\/uploads\/2022\/02\/Formulaire-demande-de-subvention-Capteurs-CO2.pdf\">Desc\u0103rca\u021bi formularul<\/a><\/div>\n<\/div>\n\n<h2 class=\"wp-block-heading\" id=\"y-a-t-il-une-date-limite-pour-realiser-cette-demande\">Exist\u0103 un termen limit\u0103 pentru depunerea acestei cereri?<\/h2>\n\n<p>Dac\u0103 trebuie s\u0103 solicita\u021bi aceast\u0103 subven\u021bie, va fi perfect posibil s\u0103 o face\u021bi \u00eenainte de <strong>30 aprilie 2022<\/strong>. Odat\u0103 dep\u0103\u0219it\u0103 aceast\u0103 dat\u0103, nu ve\u021bi mai putea solicita certificatul. De asemenea, trebuie s\u0103 \u021bine\u021bi cont de faptul c\u0103 cererea dumneavoastr\u0103 va trebui s\u0103 fie trimis\u0103 <strong>diviziei de afaceri bugetare din regiunea dumneavoastr\u0103.<\/strong>  <\/p>\n\n<p>Dup\u0103 cum pute\u021bi vedea, aceast\u0103 cerere de finan\u021bare poate fi cu adev\u0103rat util\u0103. Cu toate acestea, mai trebuie s\u0103 depune\u021bi cerere pentru diferi\u021bi senzori de CO2 pentru \u0219coli. Sper\u0103m c\u0103 acest articol a contribuit la clarificarea lucrurilor pentru dvs.  <\/p>\n","protected":false},"excerpt":{"rendered":"<p>Pentru a combate Covid-19, Ministerul francez al Educa\u021biei, Tineretului \u0219i Sportului a recomandat instalarea de senzori de CO2 \u00een \u0219coli. Asisten\u021ba pentru ob\u021binerea acestor senzori de CO2 a fost sporit\u0103, afla\u021bi mai multe \u00een acest articol. <\/p>\n","protected":false},"author":4,"featured_media":97316,"comment_status":"closed","ping_status":"closed","sticky":false,"template":"","format":"standard","meta":{"_acf_changed":false,"_seopress_robots_primary_cat":"none","_seopress_titles_title":"Sprijin guvernamental sporit pentru senzorii de CO2","_seopress_titles_desc":"Dori\u021bi s\u0103 v\u0103 dota\u021bi \u0219colile cu senzori de CO2? Cum proceda\u021bi \u00een acest sens? Toate informa\u021biile de care ave\u021bi nevoie despre subven\u021bie se afl\u0103 \u00een acest articol!  ","_seopress_robots_index":"","footnotes":""},"categories":[144],"tags":[145],"class_list":["post-97454","post","type-post","status-publish","format-standard","has-post-thumbnail","hentry","category-sfatul-nostru","tag-entete-mic","generate-columns","tablet-grid-50","mobile-grid-100","grid-parent","grid-50","no-featured-image-padding","resize-featured-image"],"acf":[],"_links":{"self":[{"href":"https:\/\/obera.fr\/ro\/wp-json\/wp\/v2\/posts\/97454","targetHints":{"allow":["GET"]}}],"collection":[{"href":"https:\/\/obera.fr\/ro\/wp-json\/wp\/v2\/posts"}],"about":[{"href":"https:\/\/obera.fr\/ro\/wp-json\/wp\/v2\/types\/post"}],"author":[{"embeddable":true,"href":"https:\/\/obera.fr\/ro\/wp-json\/wp\/v2\/users\/4"}],"replies":[{"embeddable":true,"href":"https:\/\/obera.fr\/ro\/wp-json\/wp\/v2\/comments?post=97454"}],"version-history":[{"count":1,"href":"https:\/\/obera.fr\/ro\/wp-json\/wp\/v2\/posts\/97454\/revisions"}],"predecessor-version":[{"id":97456,"href":"https:\/\/obera.fr\/ro\/wp-json\/wp\/v2\/posts\/97454\/revisions\/97456"}],"wp:featuredmedia":[{"embeddable":true,"href":"https:\/\/obera.fr\/ro\/wp-json\/wp\/v2\/media\/97316"}],"wp:attachment":[{"href":"https:\/\/obera.fr\/ro\/wp-json\/wp\/v2\/media?parent=97454"}],"wp:term":[{"taxonomy":"category","embeddable":true,"href":"https:\/\/obera.fr\/ro\/wp-json\/wp\/v2\/categories?post=97454"},{"taxonomy":"post_tag","embeddable":true,"href":"https:\/\/obera.fr\/ro\/wp-json\/wp\/v2\/tags?post=97454"}],"curies":[{"name":"wp","href":"https:\/\/api.w.org\/{rel}","templated":true}]}}