{"id":97939,"date":"2021-09-03T09:00:29","date_gmt":"2021-09-03T07:00:29","guid":{"rendered":"https:\/\/obera.fr\/nase-rada\/mesure-capteur-co2-lutter-contre-transmission-virus-covid-19\/"},"modified":"2025-05-07T09:11:15","modified_gmt":"2025-05-07T07:11:15","slug":"mesure-capteur-co2-lutter-contre-transmission-virus-covid-19","status":"publish","type":"post","link":"https:\/\/obera.fr\/ro\/sfatul-nostru\/mesure-capteur-co2-lutter-contre-transmission-virus-covid-19\/","title":{"rendered":"Cum poate m\u0103sura CO2 de la un senzor s\u0103 combat\u0103 eficient transmiterea virusului?"},"content":{"rendered":"\n<h2 class=\"wp-block-heading\">Ce solu\u021bii exist\u0103 pentru m\u0103surarea CO2?<\/h2>\n\n<div class=\"wp-block-columns are-vertically-aligned-center is-layout-flex wp-container-core-columns-is-layout-28f84493 wp-block-columns-is-layout-flex\">\n<div class=\"wp-block-column is-vertically-aligned-center is-layout-flow wp-block-column-is-layout-flow\" style=\"flex-basis:33.33%\">\n<figure class=\"wp-block-image aligncenter size-full is-resized\"><img decoding=\"async\" width=\"600\" height=\"500\" src=\"https:\/\/obera.fr\/wp-content\/uploads\/2022\/07\/CAPTEUR-CO2.jpg\" alt=\"senzor co2\" class=\"wp-image-13714\" style=\"width:337px;height:281px\" srcset=\"https:\/\/obera.fr\/wp-content\/uploads\/2022\/07\/CAPTEUR-CO2.jpg 600w, https:\/\/obera.fr\/wp-content\/uploads\/2022\/07\/CAPTEUR-CO2-300x250.jpg 300w\" sizes=\"(max-width: 600px) 100vw, 600px\" \/><\/figure>\n<\/div>\n\n\n\n<div class=\"wp-block-column is-vertically-aligned-center is-layout-flow wp-block-column-is-layout-flow\" style=\"flex-basis:66.66%\">\n<p><\/p><p>Exist\u0103 din ce \u00een ce mai multe dovezi conform c\u0103rora nivelurile ridicate de dioxid de carbon cresc riscul de infec\u021bii transmise prin aer. Dioxidul de carbon este produs de aerul expirat de persoanele aflate \u00een spa\u021bii \u00eenchise. Fiecare persoan\u0103 dintr-o cl\u0103dire respir\u0103 aproximativ opt litri de aer pe minut: aer care a fost \u00een contact str\u00e2ns cu \u021besutul pulmonar. Pe l\u00e2ng\u0103 CO2, cu o concentra\u021bie de aproximativ 40 000 ppm (&#8222;p\u0103r\u021bi pe milion&#8221;), aerul evacuat con\u021bine \u0219i mici pic\u0103turi de lichid (aerosoli) care, datorit\u0103 dimensiunilor lor, pot pluti \u00een aer. Aceste pic\u0103turi con\u021bin, de asemenea, particule virale prezente \u00een pl\u0103m\u00e2ni. Senzorii de CO2 pot reduce riscul de infec\u021bie.     <\/p>Il est suppos\u00e9 que la vitesse de descente des a\u00e9rosols est g\u00e9n\u00e9ralement de quelques m\u00e8tres par heure. La diminution des virus biologiques a une demi-vie d\u2019environ trois heures dans des conditions de laboratoire. C\u2019est-\u00e0-dire que l\u2019air ambiant reste pollu\u00e9 pendant une longue p\u00e9riode.\n<\/div>\n<\/div>\n\n<p>Dac\u0103 o persoan\u0103 s\u0103n\u0103toas\u0103 respir\u0103 aceste pic\u0103turi contaminate \u0219i num\u0103rul de particule virale pe care le con\u021bin dep\u0103\u0219e\u0219te o doz\u0103 minim\u0103 de infec\u021bie, boala este transmis\u0103. Deoarece m\u0103surarea direct\u0103 a \u00eenc\u0103rc\u0103turii virale este dificil\u0103, senzorii care nu necesit\u0103 \u00eentre\u021binere reprezint\u0103 o modalitate ideal\u0103 de a monitoriza concentra\u021bia de CO2 \u0219i de a preveni astfel acumularea de aer consumat. <\/p>\n\n<div class=\"wp-block-buttons is-horizontal is-content-justification-center is-layout-flex wp-container-core-buttons-is-layout-03627597 wp-block-buttons-is-layout-flex\">\n<div class=\"wp-block-button\"><a class=\"wp-block-button__link wp-element-button\" href=\"https:\/\/obera.fr\/ro\/sfatul-nostru\/comparer-prix-achat-purificateurs-air-anti-virus-covid-19\/\">Cum aleg un detector de CO2?<\/a><\/div>\n<\/div>\n\n<h2 class=\"wp-block-heading\">Con\u021binutul de CO2 ca indicator al riscului de transmitere a covid-19<\/h2>\n\n<div class=\"wp-block-columns are-vertically-aligned-center is-layout-flex wp-container-core-columns-is-layout-28f84493 wp-block-columns-is-layout-flex\">\n<div class=\"wp-block-column is-vertically-aligned-center is-layout-flow wp-block-column-is-layout-flow\" style=\"flex-basis:33.33%\">\n<figure class=\"wp-block-image size-full is-resized\"><img decoding=\"async\" width=\"600\" height=\"500\" src=\"https:\/\/obera.fr\/wp-content\/uploads\/2022\/07\/TENEUR-CO2.jpg\" alt=\"con&#x21B;inut de co2\" class=\"wp-image-13720\" style=\"width:300px;height:250px\" srcset=\"https:\/\/obera.fr\/wp-content\/uploads\/2022\/07\/TENEUR-CO2.jpg 600w, https:\/\/obera.fr\/wp-content\/uploads\/2022\/07\/TENEUR-CO2-300x250.jpg 300w\" sizes=\"(max-width: 600px) 100vw, 600px\" \/><\/figure>\n<\/div>\n\n\n\n<div class=\"wp-block-column is-vertically-aligned-center is-layout-flow wp-block-column-is-layout-flow\" style=\"flex-basis:66.66%\">\n<p>Transmiterea prin aer pare s\u0103 fie un factor major \u00een r\u0103sp\u00e2ndirea virusului. \u00cen consecin\u021b\u0103, <a href=\"https:\/\/obera.fr\/ro\/sfatul-nostru\/purifier-air-contre-covid-locaux-entreprise-tertiaires\/\" data-type=\"URL\" data-id=\"https:\/\/obera.fr\/conseils\/purifier-air-contre-covid-locaux-entreprise-tertiaires\/\">nivelurile de CO2 din spa\u021bii pot fi utilizate ca indicator al riscului de transmitere a COVID-19<\/a>. <\/p>\n\n\n\n<p>&#8222;Deoarece virusul Corona se transmite pe cale aerian\u0103, un nivel mai ridicat de CO2 \u00eentr-o camer\u0103 \u00eenseamn\u0103 probabil un risc mai mare de transmitere \u00een cazul \u00een care o persoan\u0103 infectat\u0103 se afl\u0103 \u00een\u0103untru&#8221;, scrie profesorul Shelly Miller, cel mai important cercet\u0103tor \u00een domeniul aerosolilor, \u00een The Conversation.&#8221; Pe scurt, cu c\u00e2t se introduce mai mult aer proasp\u0103t, cu at\u00e2t calitatea aerului este mai bun\u0103. Introducerea acelui aer reduce \u00eenc\u0103rc\u0103tura infec\u021bioas\u0103, fie c\u0103 este vorba de un virus sau de alte lucruri, \u0219i reduce expunerea persoanelor care se afl\u0103 \u00een cl\u0103dire.&#8221;<\/p>\n<\/div>\n<\/div>\n\n<p>Un studiu efectuat \u00een 2019 cu privire la un focar de tuberculoz\u0103 la Universitatea Taipei (Taiwan) ofer\u0103 dovezi detaliate. Multe camere erau slab ventilate \u0219i atingeau niveluri de CO2 de peste 3 000 ppm. Atunci c\u00e2nd inginerii au redus valorile la mai pu\u021bin de 600 ppm, epidemia a fost oprit\u0103.  <\/p>\n\n<h3 class=\"wp-block-heading\">Care este con\u021binutul corect de CO2 pentru un mediu sigur?<\/h3>\n\n<div class=\"wp-block-columns is-layout-flex wp-container-core-columns-is-layout-28f84493 wp-block-columns-is-layout-flex\">\n<div class=\"wp-block-column is-layout-flow wp-block-column-is-layout-flow\" style=\"flex-basis:66.66%\">\n<figure class=\"wp-block-image aligncenter size-full is-resized\"><img decoding=\"async\" width=\"753\" height=\"429\" src=\"https:\/\/obera.fr\/wp-content\/uploads\/2021\/09\/evolution-concentrations-co2-depuis-1700.jpg\" alt=\"Tendin&#x21B;ele concentra&#x21B;iilor de CO2 &#xEE;ncep&#xE2;nd cu 1700, cu proiec&#x21B;ii p&#xE2;n&#x103; &#xEE;n 2100\" class=\"wp-image-6766\" style=\"width:566px;height:322px\" srcset=\"https:\/\/obera.fr\/wp-content\/uploads\/2021\/09\/evolution-concentrations-co2-depuis-1700.jpg 753w, https:\/\/obera.fr\/wp-content\/uploads\/2021\/09\/evolution-concentrations-co2-depuis-1700-300x171.jpg 300w\" sizes=\"(max-width: 753px) 100vw, 753px\" \/><figcaption class=\"wp-element-caption\">Tendin\u021bele concentra\u021biilor de CO2 \u00eencep\u00e2nd cu 1700, cu proiec\u021bii p\u00e2n\u0103 \u00een 2100<\/figcaption><\/figure>\n<\/div>\n\n\n\n<div class=\"wp-block-column is-layout-flow wp-block-column-is-layout-flow\" style=\"flex-basis:45%\">\n<p>Pentru a v\u0103 oferi o valoare comparativ\u0103, aerul exterior \u00een secolul <sup>XXI<\/sup> con\u021bine aproximativ 0,04% CO2, sau 415 ppm (p\u0103r\u021bi pe milion). Oamenii de \u0219tiin\u021b\u0103 propun o valoare orientativ\u0103 de 1000 ppm pentru utilizarea CO2 ca indicator VOCID-19 \u00een s\u0103lile de clas\u0103. Ei sus\u021bin c\u0103 transmiterea la nivelul spa\u021biului este cheia. Cantitatea de virus din aer poate cre\u0219te, ceea ce duce la cre\u0219terea expunerii. Dac\u0103 sta\u021bi mult timp \u00eentr-o camer\u0103 slab ventilat\u0103, risca\u021bi destul de mult, chiar dac\u0103 sta\u021bi la distan\u021b\u0103, deoarece aerul se mi\u0219c\u0103.    <\/p>\n\n\n\n<p>M\u0103sur\u0103torile CO2 din interior sunt u\u0219or de instalat cu ajutorul unor senzori accesibili pentru monitorizarea pe scar\u0103 larg\u0103 a riscului de transmitere prin aerosoli din interior a <a href=\"https:\/\/obera.fr\/ro\/sfatul-nostru\/purificateurs-air-efficaces-coronavirus\/\" data-type=\"post\" data-id=\"2074\">Covid-19<\/a> \u0219i a altor boli respiratorii. Cu toate acestea, pare util s\u0103 se stabileasc\u0103 valori de referin\u021b\u0103 diferite pentru C02 pentru diferite cazuri. <\/p>\n<\/div>\n<\/div>\n\n<p>\u00cen func\u021bie de mediu \u0219i de tipul de activitate, s-a demonstrat c\u0103 riscul de infectare variaz\u0103 foarte mult. Factori precum num\u0103rul de persoane infectate \u00eentr-o anumit\u0103 zon\u0103 \u0219i m\u0103suri precum purtarea m\u0103\u0219tilor sau purificarea aerului pot reduce \u00eenc\u0103rc\u0103tura viral\u0103 din aerul \u00eenconjur\u0103tor f\u0103r\u0103 a reduce CO2 constant. \u00cen plus, activit\u0103\u021bi precum vorbitul, c\u00e2ntatul \u0219i strigatul cresc emisiile virale mult mai mult dec\u00e2t concentra\u021bia de CO2. Ventila\u021bia \u0219i aportul de aer proasp\u0103t reduc at\u00e2t nivelurile de CO2, c\u00e2t \u0219i \u00eenc\u0103rc\u0103tura viral\u0103. Acesta nu este cazul recircul\u0103rii sau purific\u0103rii aerului, de exemplu, care reduc \u00eenc\u0103rc\u0103tura viral\u0103, dar nu au niciun impact asupra nivelului de CO2.    <\/p>\n\n<h3 class=\"wp-block-heading\">Con\u021binutul de CO2 \u0219i indicele de re\u021binere<\/h3>\n\n<p>Dac\u0103 ne afl\u0103m \u00eentr-o \u00eenc\u0103pere cu mai multe persoane, m\u0103surarea nivelului de CO2 ofer\u0103 o bun\u0103 indica\u021bie a procentului din aerul pe care \u00eel inhal\u0103m care a fost deja inhalat de alte persoane. De exemplu, o concentra\u021bie m\u0103surat\u0103 de CO2 de aproximativ 1200 ppm \u00eenseamn\u0103 c\u0103 aproape 2% din aerul ambiental a intrat deja \u00een contact cu pl\u0103m\u00e2nii. Astfel, una din 50 de respira\u021bii este compus\u0103 din aer care a fost deja expirat. Cu toate acestea, nu este posibil s\u0103 se deduc\u0103 direct un risc specific de infectare cu COVID-19. Acesta depinde de diver\u0219i factori care fac \u00eenc\u0103 obiectul unor cercet\u0103ri intense. Cu toate acestea, m\u0103surarea CO2 este o solu\u021bie pragmatic\u0103 \u0219i rentabil\u0103 pentru estimarea riscului actual de aerosoli poten\u021bial infec\u021bio\u0219i.     <\/p>\n\n<h3 class=\"wp-block-heading\">Strategii de reducere a riscului de infec\u021bie[DB2].  <\/h3>\n\n<div class=\"wp-block-columns are-vertically-aligned-center is-layout-flex wp-container-core-columns-is-layout-28f84493 wp-block-columns-is-layout-flex\">\n<div class=\"wp-block-column is-vertically-aligned-center is-layout-flow wp-block-column-is-layout-flow\" style=\"flex-basis:39.66%\">\n<figure class=\"wp-block-image aligncenter size-full is-resized\"><img decoding=\"async\" width=\"600\" height=\"500\" src=\"https:\/\/obera.fr\/wp-content\/uploads\/2022\/07\/DIMINUTION-DU-CO2-1.jpg\" alt=\"reducerea co2\" class=\"wp-image-13724\" style=\"width:317px;height:264px\" srcset=\"https:\/\/obera.fr\/wp-content\/uploads\/2022\/07\/DIMINUTION-DU-CO2-1.jpg 600w, https:\/\/obera.fr\/wp-content\/uploads\/2022\/07\/DIMINUTION-DU-CO2-1-300x250.jpg 300w\" sizes=\"(max-width: 600px) 100vw, 600px\" \/><\/figure>\n<\/div>\n\n\n\n<div class=\"wp-block-column is-vertically-aligned-center is-layout-flow wp-block-column-is-layout-flow\" style=\"flex-basis:80%\">\n<p>O concentra\u021bie de CO2 de &lt;1000 ppm este igienic\u0103. O concentra\u021bie \u00eentre 1000 \u0219i 2000 ppm este considerat\u0103 a fi un motiv de \u00eengrijorare. Peste acest nivel, concentra\u021bia este inacceptabil\u0103. CO2 este, de asemenea, o referin\u021b\u0103 important\u0103 pentru prevenirea infec\u021biilor \u00een gr\u0103dini\u021be.   <\/p>\n\n\n\n<p><\/p><p>\u00cen Germania, de exemplu, grupul de lucru &#8222;Ventila\u021bie&#8221; al UBA (Oficiul Federal pentru Mediu) recomand\u0103 utilizarea semafoarelor care indic\u0103 concentra\u021bia de C02. DGVU merge chiar mai departe, sus\u021bin\u00e2nd o valoare \u021bint\u0103 de 700 ppm \u00een s\u0103lile de clas\u0103 \u00een timpul fazei pandemice. <\/p>A\u00e9rer ne signifie pas seulement un \u00e9change d\u2019air, mais aussi une perte de chaleur en hiver. Une strat\u00e9gie durable devrait \u00e9galement tenir compte de cet effet. L\u00e0 o\u00f9 il n\u2019y a pas de climatisation moderne avec \u00e9changeur de chaleur, seule la surveillance du CO2 et une ventilation manuelle orient\u00e9e sur la demande ou r\u00e9guli\u00e8re aident.\n<\/div>\n<\/div>\n\n<p>REHVA, Asocia\u021bia asocia\u021biilor europene de \u00eenc\u0103lzire, ventila\u021bie \u0219i aer condi\u021bionat, solicit\u0103 instalarea de monitoare de CO2 cu lumini de avertizare \u00een s\u0103lile de clas\u0103, &#8222;\u00een special \u00een \u0219colile \u00een care ventila\u021bia depinde de ferestre \u0219i\/sau grilaje&#8221;.<\/p>\n\n<blockquote class=\"wp-block-quote is-layout-flow wp-block-quote-is-layout-flow\">\n<p>Citi\u021bi \u0219i: <a href=\"https:\/\/obera.fr\/ro\/sfatul-nostru\/purificateurs-d-air-contre-covid-19-creches-maternelles-ecoles-colleges-lycees\/\" data-type=\"post\" data-id=\"6301\">Purificatoarele noastre de aer sunt eficiente \u00eempotriva Covid-19 \u00een cre\u0219e, gr\u0103dini\u021be, \u0219coli \u0219i licee<\/a>.<\/p>\n<\/blockquote>\n\n<h3 class=\"wp-block-heading\">Instalarea senzorilor de CO2<\/h3>\n\n<p>Pentru a \u00eendeplini aceste cerin\u021be, senzorii de CO2 fiabili trebuie s\u0103 produc\u0103 rezultate \u0219i s\u0103 fie u\u0219or de instalat acolo unde este nevoie de ei. \u00cen mod ideal, ace\u0219tia sunt conecta\u021bi, de exemplu pentru a preveni alarma atunci c\u00e2nd concentra\u021bia de CO2 dep\u0103\u0219e\u0219te pragurile &#8222;semaforizate&#8221; \u0219i pentru a trimite acest mesaj c\u0103tre re\u021belele de gestionare a cl\u0103dirilor sau wireless c\u0103tre smartphone-uri. Senzorii care nu necesit\u0103 \u00eentre\u021binere sunt ideali pentru aceste scopuri. Aceste solu\u021bii permit monitorizarea continu\u0103 a concentra\u021biei de CO2 din aerul \u00eenconjur\u0103tor, f\u0103r\u0103 a fi nevoie de instala\u021bii sau cablaje specifice.   <\/p>\n\n<figure class=\"wp-block-image aligncenter size-full\"><img decoding=\"async\" width=\"783\" height=\"451\" src=\"https:\/\/obera.fr\/wp-content\/uploads\/2021\/09\/mesure-CO2-et-ventilation.jpg\" alt=\"M&#x103;surarea CO2 &#x219;i ventila&#x21B;ia\" class=\"wp-image-6765\" srcset=\"https:\/\/obera.fr\/wp-content\/uploads\/2021\/09\/mesure-CO2-et-ventilation.jpg 783w, https:\/\/obera.fr\/wp-content\/uploads\/2021\/09\/mesure-CO2-et-ventilation-300x173.jpg 300w, https:\/\/obera.fr\/wp-content\/uploads\/2021\/09\/mesure-CO2-et-ventilation-768x442.jpg 768w\" sizes=\"(max-width: 783px) 100vw, 783px\" \/><\/figure>\n\n<h3 class=\"wp-block-heading\">Surse<\/h3>\n\n<ul class=\"wp-block-list\">\n<li><a href=\"https:\/\/www.umwelt-campus.de\/forschung\/projekte\/iot-werkstatt\/ideen-zur-corona-krise\" data-type=\"URL\" data-id=\"https:\/\/www.umwelt-campus.de\/forschung\/projekte\/iot-werkstatt\/ideen-zur-corona-krise\" target=\"_blank\" rel=\"noreferrer noopener\">COVID-19 Prevenire: m\u0103surarea CO2 \u0219i ventilarea \u00een func\u021bie de necesit\u0103\u021bi<\/a><\/li>\n<\/ul>\n\n<h2 class=\"wp-block-heading\">Exist\u0103 o leg\u0103tur\u0103 \u00eentre CO2 \u0219i transmiterea virusului COVID-19 (ce spun studiile \u0219tiin\u021bifice pe aceast\u0103 tem\u0103)?<\/h2>\n\n<p>Fiecare persoan\u0103 expir\u0103 aproximativ 8 p\u00e2n\u0103 la 10 litri de aer pe minut, care a fost \u00een contact intens cu \u021besutul pulmonar. Pe l\u00e2ng\u0103 CO2 (4% = 40 000 ppm), aerul expirat con\u021bine, prin urmare, \u0219i pic\u0103turi mici (aerosoli) care, datorit\u0103 dimensiunilor lor, pot pluti mult timp \u00een aer. Dac\u0103 persoana \u00een cauz\u0103 este infectat\u0103 cu virusul, aceste pic\u0103turi vor con\u021bine \u0219i particule virale. Aerosolii coboar\u0103 cu o vitez\u0103 de c\u00e2\u021biva metri pe or\u0103, iar reducerea activit\u0103\u021bii biologice de infectare viral\u0103 este de aproximativ 2,7 ore, astfel \u00eenc\u00e2t aerul \u00eenconjur\u0103tor r\u0103m\u00e2ne poluat mai mult timp. Dac\u0103 o persoan\u0103 s\u0103n\u0103toas\u0103 inhaleaz\u0103 aceste pic\u0103turi contaminate \u0219i num\u0103rul de particule virale pe care le con\u021bin dep\u0103\u0219e\u0219te o doz\u0103 minim\u0103 infec\u021bioas\u0103, boala se transmite. Mai mult de 200 de oameni de \u0219tiin\u021b\u0103 au cerut recent OMS s\u0103 ia mai \u00een serios transmiterea SARS-CoV-2 prin aer (Morawska &amp; Milton, 2020).     <\/p>\n\n<h2 class=\"wp-block-heading\">Care este cel mai bun loc pentru amplasarea senzorului de CO2?<\/h2>\n\n<p>Pentru a profita la maximum de senzorul dvs. de CO2, este important s\u0103 \u00eel amplasa\u021bi la nivelul fe\u021bei \u00een camer\u0103, ideal \u00eentre 1 \u0219i 2 metri \u00een\u0103l\u021bime. Cu toate acestea, nu plasa\u021bi senzorul de CO2 \u00een apropierea unei persoane (l\u00e2ng\u0103 un birou, de exemplu), deoarece acest lucru ar putea distorsiona rezultatele, deoarece respira\u021bia persoanei va genera automat CO2 \u00een apropierea senzorului. De asemenea, trebuie s\u0103 ave\u021bi grij\u0103 s\u0103 nu amplasa\u021bi senzorul de CO2 \u00een apropierea unei ferestre, u\u0219i sau guri de aerisire.    <\/p>\n","protected":false},"excerpt":{"rendered":"<p>Exist\u0103 o leg\u0103tur\u0103 \u00eentre CO2 \u0219i transmiterea virusului COVID-19? Toate r\u0103spunsurile la \u00eentreb\u0103rile dvs. despre senzorii de CO2 \u00een ghidul nostru. <\/p>\n","protected":false},"author":4,"featured_media":97900,"comment_status":"closed","ping_status":"closed","sticky":false,"template":"","format":"standard","meta":{"_acf_changed":false,"_seopress_robots_primary_cat":"none","_seopress_titles_title":"Cum poate ajuta senzorul de CO2 \u00een lupta \u00eempotriva viru\u0219ilor?","_seopress_titles_desc":"Exist\u0103 o leg\u0103tur\u0103 \u00eentre CO2 \u0219i transmiterea virusului COVID-19? Toate r\u0103spunsurile la \u00eentreb\u0103rile dvs. despre senzorii de CO2 \u00een ghidul nostru. ","_seopress_robots_index":"","footnotes":""},"categories":[144],"tags":[145],"class_list":["post-97939","post","type-post","status-publish","format-standard","has-post-thumbnail","hentry","category-sfatul-nostru","tag-entete-mic","generate-columns","tablet-grid-50","mobile-grid-100","grid-parent","grid-50","no-featured-image-padding","resize-featured-image"],"acf":[],"_links":{"self":[{"href":"https:\/\/obera.fr\/ro\/wp-json\/wp\/v2\/posts\/97939","targetHints":{"allow":["GET"]}}],"collection":[{"href":"https:\/\/obera.fr\/ro\/wp-json\/wp\/v2\/posts"}],"about":[{"href":"https:\/\/obera.fr\/ro\/wp-json\/wp\/v2\/types\/post"}],"author":[{"embeddable":true,"href":"https:\/\/obera.fr\/ro\/wp-json\/wp\/v2\/users\/4"}],"replies":[{"embeddable":true,"href":"https:\/\/obera.fr\/ro\/wp-json\/wp\/v2\/comments?post=97939"}],"version-history":[{"count":1,"href":"https:\/\/obera.fr\/ro\/wp-json\/wp\/v2\/posts\/97939\/revisions"}],"predecessor-version":[{"id":97941,"href":"https:\/\/obera.fr\/ro\/wp-json\/wp\/v2\/posts\/97939\/revisions\/97941"}],"wp:featuredmedia":[{"embeddable":true,"href":"https:\/\/obera.fr\/ro\/wp-json\/wp\/v2\/media\/97900"}],"wp:attachment":[{"href":"https:\/\/obera.fr\/ro\/wp-json\/wp\/v2\/media?parent=97939"}],"wp:term":[{"taxonomy":"category","embeddable":true,"href":"https:\/\/obera.fr\/ro\/wp-json\/wp\/v2\/categories?post=97939"},{"taxonomy":"post_tag","embeddable":true,"href":"https:\/\/obera.fr\/ro\/wp-json\/wp\/v2\/tags?post=97939"}],"curies":[{"name":"wp","href":"https:\/\/api.w.org\/{rel}","templated":true}]}}