{"id":98668,"date":"2021-05-20T17:28:46","date_gmt":"2021-05-20T15:28:46","guid":{"rendered":"https:\/\/obera.fr\/nase-rada\/mesure-de-la-qualite-de-l-air-interieur-interet-principe\/"},"modified":"2025-05-07T09:50:09","modified_gmt":"2025-05-07T07:50:09","slug":"mesure-de-la-qualite-de-l-air-interieur-interet-principe","status":"publish","type":"post","link":"https:\/\/obera.fr\/ro\/sfatul-nostru\/mesure-de-la-qualite-de-l-air-interieur-interet-principe\/","title":{"rendered":"M\u0103surarea calit\u0103\u021bii aerului interior: interes \u0219i principiu"},"content":{"rendered":"\n<p>Conform datelor OMS, Fran\u021ba este responsabil\u0103 pentru aproape 50 000 de decese pe an cauzate de <strong>poluarea aerului<\/strong>, de 10 ori mai multe dec\u00e2t accidentele rutiere! \u00cen plus, se estimeaz\u0103 c\u0103 aerul din interiorul unei locuin\u021be sau al unei \u00eentreprinderi este de 5 p\u00e2n\u0103 la 10 ori mai poluat dec\u00e2t aerul exterior. <\/p>\n\n<p><strong>Calitatea aerului din \u00eentreprinderi<\/strong> este, prin urmare, o problem\u0103 crucial\u0103, nu numai pentru s\u0103n\u0103tatea lucr\u0103torilor, ci \u0219i pentru productivitatea unit\u0103\u021bilor. De aceea, este esen\u021bial s\u0103 se instituie un sistem de <strong>m\u0103surare a calit\u0103\u021bii aerului interior<\/strong>. Ce parametri trebuie lua\u021bi \u00een considerare? Care sunt beneficiile <strong>monitoriz\u0103rii calit\u0103\u021bii aerului<\/strong> \u0219i cum proceda\u021bi? Afla\u021bi toate sfaturile noastre.    <\/p>\n\n<h2 class=\"wp-block-heading\" id=\"quels-sont-les-parametres-de-la-qualite-de-l-air-interieur\">Care sunt parametrii de calitate a aerului interior?<\/h2>\n\n<p><a href=\"https:\/\/obera.fr\/ro\/sfatul-nostru\/qualite-l-air-interieur-critere-essentiel-industrie\/\" data-type=\"URL\" data-id=\"https:\/\/obera.fr\/conseils\/qualite-l-air-interieur-critere-essentiel-industrie\/\">Calitatea aerului interior<\/a> este evaluat\u0103 prin <strong>c\u0103utarea poluan\u021bilor \u0219i m\u0103surarea valorilor fizice<\/strong>, cum ar fi temperatura \u0219i umiditatea relativ\u0103.<\/p>\n\n<h3 class=\"wp-block-heading\" id=\"la-concentration-en-polluants-et-particules\">Concentra\u021bia de poluan\u021bi \u0219i particule<\/h3>\n\n<p>La birou sau \u00een cl\u0103dirile industriale, angaja\u021bii sunt expu\u0219i la dou\u0103<strong> surse<\/strong> majore<strong> de poluare a aerului<\/strong>:<\/p>\n\n<ul class=\"wp-block-list\">\n<li><strong>Compu\u0219i organici volatili (COV<\/strong> ), cum ar fi formaldehida, un gaz produs de substan\u021bele chimice \u0219i materialele de construc\u021bie;<\/li>\n\n\n\n<li><strong>particule solide sau lichide<\/strong> suspendate \u00een aer, cum ar fi praful, aerosolii \u0219i microorganismele (viru\u0219i, bacterii, mucegai etc.).<\/li>\n<\/ul>\n\n<p><strong>Efectele asupra s\u0103n\u0103t\u0103\u021bii \u0219i a mediului<\/strong> cresc odat\u0103 cu concentra\u021bia poluan\u021bilor din aer \u0219i cu timpul de expunere.<\/p>\n\n<h3 class=\"wp-block-heading\" id=\"la-temperature-et-le-niveau-d-humidite\">Nivelurile de temperatur\u0103 \u0219i umiditate<\/h3>\n\n<p>Calitatea aerului interior se m\u0103soar\u0103, de asemenea, prin <strong>monitorizarea temperaturii \u0219i a umidit\u0103\u021bii relative<\/strong>. Valorile excesive contribuie la proliferarea poluan\u021bilor biologici \u0219i la degradarea materialelor, a produselor finite \u0219i a mediului de lucru. \u00cen plus, temperatura \u0219i umiditatea accentueaz\u0103 efectele iritante ale compu\u0219ilor organici volatili (COV).  <\/p>\n\n<h2 class=\"wp-block-heading\" id=\"quel-est-l-interet-de-la-mesure-de-la-qualite-de-l-air-interieur\">De ce s\u0103 m\u0103sur\u0103m calitatea aerului din interior?<\/h2>\n\n<p>Men\u021binerea unui aer interior s\u0103n\u0103tos la locul de munc\u0103 este o <strong>obliga\u021bie legal\u0103<\/strong> pentru angajatori. Reducerea nivelului de poluare la birou reprezint\u0103, de asemenea, un<strong> c\u00e2\u0219tig de productivitate<\/strong> pentru \u00eentreprinderi. <\/p>\n\n<h3 class=\"wp-block-heading\" id=\"respecter-les-valeurs-limites-d-exposition-professionnelle-vlep\">Respectarea limitelor de expunere profesional\u0103 (OEL)<\/h3>\n\n<p>Valorile limit\u0103 de expunere profesional\u0103 (VLEP), impuse de Codul muncii francez, stabilesc un <strong>nivel maxim de concentra\u021bie pentru poluan\u021bi \u0219i particule<\/strong> \u00een vederea limit\u0103rii efectelor asupra s\u0103n\u0103t\u0103\u021bii angaja\u021bilor. Valorile excesive conduc la suspendarea de la locul de munc\u0103 p\u00e2n\u0103 la punerea \u00een aplicare a m\u0103surilor de limitare a expunerii salariatului. <\/p>\n\n<h3 class=\"wp-block-heading\" id=\"garantir-un-environnement-de-travail-sain-et-productif\">Asigurarea unui mediu de lucru s\u0103n\u0103tos \u0219i productiv<\/h3>\n\n<p>Pe l\u00e2ng\u0103 faptul c\u0103 este o cerin\u021b\u0103 de reglementare, m\u0103surarea calit\u0103\u021bii aerului din interior are o serie de <a href=\"https:\/\/obera.fr\/ro\/sfatul-nostru\/comment-rafraichissement-evaporation-ameliorer-production-industrielle\/\" data-type=\"URL\" data-id=\"https:\/\/obera.fr\/conseils\/comment-rafraichissement-evaporation-ameliorer-production-industrielle\/\">avantaje pentru unit\u0103\u021bi<\/a>:<\/p>\n\n<ul class=\"wp-block-list\">\n<li><strong>\u00cembun\u0103t\u0103\u021birea s\u0103n\u0103t\u0103\u021bii angaja\u021bilor<\/strong> contribuie la limitarea absenteismului \u0219i a frecven\u021bei concediilor medicale.<\/li>\n\n\n\n<li><strong>Reducerea depunerilor de particule pe aparate \u0219i pardoseli<\/strong> \u00eenseamn\u0103 economii la service \u0219i \u00eentre\u021binere.<\/li>\n\n\n\n<li>Monitorizarea nivelurilor de expunere la poluan\u021bi \u0219i particule asigur\u0103 <strong>calitatea proceselor \u0219i a produselor finite<\/strong>.<\/li>\n<\/ul>\n\n<h2 class=\"wp-block-heading\" id=\"comment-mesurer-la-qualite-de-l-air-interieur\">Cum m\u0103sura\u021bi calitatea aerului din interior?<\/h2>\n\n<p>Diagnosticul <strong><a href=\"https:\/\/obera.fr\/ro\/sfatul-nostru\/qai-diagnostic-qualite-de-l-air-interieur-batiments-industriels\/\" data-type=\"URL\" data-id=\"https:\/\/obera.fr\/conseils\/qai-diagnostic-qualite-de-l-air-interieur-batiments-industriels\/\">diagnosticarea calit\u0103\u021bii aerului interior<\/a><\/strong> este o evaluare ini\u021bial\u0103 a nivelului de poluare din cl\u0103dirile dumneavoastr\u0103. Ulterior, trebuie efectuat\u0103 o monitorizare periodic\u0103 cu ajutorul <strong>echipamentelor de m\u0103surare specifice<\/strong>. <\/p>\n\n<h3 class=\"wp-block-heading\" id=\"effectuer-un-diagnostic-qualite-de-l-air-interieur\">Efectuarea unui diagnostic al calit\u0103\u021bii aerului interior<\/h3>\n\n<p><strong>Testarea calit\u0103\u021bii aerului interior (IAQ)<\/strong> este o cerin\u021b\u0103 de reglementare pentru cl\u0103dirile utilizate de copii. Acesta va fi obligatoriu \u00een toate unit\u0103\u021bile deschise publicului \u00eencep\u00e2nd cu 2023. OBERA este expert \u00een domeniul <a href=\"https:\/\/obera.fr\/ro\/sfatul-nostru\/ghidul-complet-pentru-tratarea-aerului-industrial\/\" data-type=\"post\" data-id=\"1420\">trat\u0103rii aerului industrial<\/a> \u0219i efectueaz\u0103 un diagnostic care include :  <\/p>\n\n<ul class=\"wp-block-list\">\n<li><strong>identificarea surselor de poluare a aerului<\/strong> \u00een incinta dumneavoastr\u0103;<\/li>\n\n\n\n<li><strong>m\u0103surarea concentra\u021biei de particule \u0219i poluan\u021bi<\/strong> (COV, formaldehid\u0103 etc.).<\/li>\n<\/ul>\n\n<h3 class=\"wp-block-heading\" id=\"utiliser-un-appareil-de-mesure-de-la-qualite-de-l-air-interieur\">Utilizarea unui dispozitiv pentru m\u0103surarea calit\u0103\u021bii aerului din interior<\/h3>\n\n<p><a href=\"https:\/\/obera.fr\/ro\/sfatul-nostru\/analyse-qualite-l-air-interieur\/\" data-type=\"URL\" data-id=\"https:\/\/obera.fr\/conseils\/analyse-qualite-l-air-interieur\/\">Calitatea aerului interior este m\u0103surat\u0103<\/a> cu ajutorul unor echipamente capabile s\u0103 detecteze natura \u0219i concentra\u021bia poluan\u021bilor. Gama noastr\u0103 de<strong>analizoare de aer industriale \u0219i profesionale<\/strong> asigur\u0103 monitorizarea continu\u0103 a parametrilor de calitate a aerului interior: <\/p>\n\n<ul class=\"wp-block-list\">\n<li><strong>concentra\u021bia de poluan\u021bi gazo\u0219i<\/strong>: compu\u0219i organici volatili (COV) \u0219i dioxid de carbon (CO2) ;<\/li>\n\n\n\n<li><strong>concentra\u021bia \u0219i dimensiunea particulelor<\/strong>: praf \u0219i particule fine PM 2,5 \u0219i PM 10 ;<\/li>\n\n\n\n<li><strong>temperatura \u0219i umiditatea relativ\u0103<\/strong>.<\/li>\n<\/ul>\n\n<p>Datele sunt transmise direct la computer, unde valorile sunt afi\u0219ate sub form\u0103 grafic\u0103.<strong>Analiza \u00een timp real<\/strong> permite luarea de m\u0103suri rapide \u0219i eficiente \u00een cazul \u00een care m\u0103sur\u0103torile nu sunt conforme cu TLV. <\/p>\n\n<p>Pentru mai multe<strong>informa\u021bii privind m\u0103surarea calit\u0103\u021bii aerului din interior<\/strong>, v\u0103 rug\u0103m s\u0103 ne contacta\u021bi. De asemenea, pute\u021bi citi sfaturile noastre privind instalarea unui sistem industrial de tratare a aerului. <\/p>\n\n<blockquote class=\"wp-block-quote is-layout-flow wp-block-quote-is-layout-flow\">\n<p>De asemenea, merit\u0103 s\u0103 citi\u021bi: Un ghid privind <a href=\"https:\/\/obera.fr\/ro\/sfatul-nostru\/rafraichissement-adiabatique-confort-thermique-naturel\/\" data-type=\"URL\" data-id=\"https:\/\/obera.fr\/conseils\/rafraichissement-adiabatique-confort-thermique-naturel\/\">r\u0103cirea adiabatic\u0103 \u0219i confortul termic natural<\/a>.<\/p>\n<\/blockquote>\n","protected":false},"excerpt":{"rendered":"<p>Calitatea aerului la locul de munc\u0103 este o problem\u0103 crucial\u0103, nu numai pentru s\u0103n\u0103tatea lucr\u0103torilor, ci \u0219i pentru productivitate. De aceea, este esen\u021bial s\u0103 stabili\u021bi un sistem de m\u0103surare a calit\u0103\u021bii aerului interior. Afla\u021bi toate sfaturile noastre pe aceast\u0103 tem\u0103.  <\/p>\n","protected":false},"author":4,"featured_media":89668,"comment_status":"open","ping_status":"closed","sticky":false,"template":"","format":"standard","meta":{"_acf_changed":false,"_seopress_robots_primary_cat":"none","_seopress_titles_title":"De ce este important s\u0103 se m\u0103soare calitatea aerului din interior?","_seopress_titles_desc":"Calitatea aerului la locul de munc\u0103 este o problem\u0103 crucial\u0103, nu numai pentru s\u0103n\u0103tatea lucr\u0103torilor, ci \u0219i pentru productivitatea unit\u0103\u021bilor. M\u0103surarea calit\u0103\u021bii aerului este esen\u021bial\u0103. ","_seopress_robots_index":"","footnotes":""},"categories":[144],"tags":[],"class_list":["post-98668","post","type-post","status-publish","format-standard","has-post-thumbnail","hentry","category-sfatul-nostru","generate-columns","tablet-grid-50","mobile-grid-100","grid-parent","grid-50","no-featured-image-padding","resize-featured-image"],"acf":[],"_links":{"self":[{"href":"https:\/\/obera.fr\/ro\/wp-json\/wp\/v2\/posts\/98668","targetHints":{"allow":["GET"]}}],"collection":[{"href":"https:\/\/obera.fr\/ro\/wp-json\/wp\/v2\/posts"}],"about":[{"href":"https:\/\/obera.fr\/ro\/wp-json\/wp\/v2\/types\/post"}],"author":[{"embeddable":true,"href":"https:\/\/obera.fr\/ro\/wp-json\/wp\/v2\/users\/4"}],"replies":[{"embeddable":true,"href":"https:\/\/obera.fr\/ro\/wp-json\/wp\/v2\/comments?post=98668"}],"version-history":[{"count":1,"href":"https:\/\/obera.fr\/ro\/wp-json\/wp\/v2\/posts\/98668\/revisions"}],"predecessor-version":[{"id":98693,"href":"https:\/\/obera.fr\/ro\/wp-json\/wp\/v2\/posts\/98668\/revisions\/98693"}],"wp:featuredmedia":[{"embeddable":true,"href":"https:\/\/obera.fr\/ro\/wp-json\/wp\/v2\/media\/89668"}],"wp:attachment":[{"href":"https:\/\/obera.fr\/ro\/wp-json\/wp\/v2\/media?parent=98668"}],"wp:term":[{"taxonomy":"category","embeddable":true,"href":"https:\/\/obera.fr\/ro\/wp-json\/wp\/v2\/categories?post=98668"},{"taxonomy":"post_tag","embeddable":true,"href":"https:\/\/obera.fr\/ro\/wp-json\/wp\/v2\/tags?post=98668"}],"curies":[{"name":"wp","href":"https:\/\/api.w.org\/{rel}","templated":true}]}}