{"id":108478,"date":"2025-06-03T15:30:44","date_gmt":"2025-06-03T13:30:44","guid":{"rendered":"https:\/\/obera.fr\/nase-rada\/rafraichisseur-atelier-usinage\/"},"modified":"2025-07-16T11:27:04","modified_gmt":"2025-07-16T09:27:04","slug":"rafraichisseur-atelier-usinage","status":"publish","type":"post","link":"https:\/\/obera.fr\/sk\/obrabanie-sustruzenie-tyci-a-povrchova-uprava\/rafraichisseur-atelier-usinage\/","title":{"rendered":"Obr\u00e1bacie dielne: chladi\u010de vzduchu pre n\u00e1ro\u010dn\u00e9 priemyseln\u00e9 prostredie"},"content":{"rendered":"\n<p>V <strong>priemyseln\u00fdch prostrediach,<\/strong> ako s\u00fa napr\u00edklad stroj\u00e1rske dielne, je regul\u00e1cia teploty nevyhnutn\u00e1 na zabezpe\u010denie v\u00fdkonu zariaden\u00ed a pohody pracovn\u00edkov. Spolo\u010dnos\u0165 OberA, \u0161pecialista na priemyseln\u00fa \u00fapravu vzduchu, pon\u00faka rie\u0161enia pre <strong> <\/strong><a href=\"https:\/\/obera.fr\/sk\/produits\/rafraichisseurs-air\/\">prisp\u00f4soben\u00e9 \u0161pecifick\u00fdm potreb\u00e1m<\/a> t\u00fdchto n\u00e1ro\u010dn\u00fdch prostred\u00ed.<\/p>\n\n<h2 class=\"wp-block-heading\">Tepeln\u00e9 probl\u00e9my v stroj\u00e1rskych diel\u0148ach<\/h2>\n\n<p>Pri obr\u00e1ban\u00ed vznik\u00e1 ve\u013ek\u00e9 mno\u017estvo tepla, najm\u00e4 v d\u00f4sledku :  <\/p>\n\n<ul class=\"wp-block-list\">\n<li>Obsluha obr\u00e1bac\u00edch strojov;  <\/li>\n\n\n\n<li>Trenie medzi \u010das\u0165ami ;  <\/li>\n\n\n\n<li>Pou\u017e\u00edvanie plynu a in\u00fdch zdrojov tepla.  <\/li>\n<\/ul>\n\n<p>Toto hromadenie tepla m\u00f4\u017ee sp\u00f4sobi\u0165<strong> prehriatie zariadenia,<\/strong> \u010d\u00edm sa zn\u00ed\u017ei jeho \u00fa\u010dinnos\u0165 a \u017eivotnos\u0165. Vysok\u00e9 teploty ovplyv\u0148uj\u00fa predov\u0161etk\u00fdm koncentr\u00e1ciu a bezpe\u010dnos\u0165 pracovn\u00edkov, \u010d\u00edm zvy\u0161uj\u00fa riziko \u00farazov a zni\u017euj\u00fa produktivitu. <\/p>\n\n<p>Na kontrolu tepeln\u00e9ho prostredia vo va\u0161ich v\u00fdrobn\u00fdch a obr\u00e1bac\u00edch diel\u0148ach v\u00e1m spolo\u010dnos\u0165 OberA pon\u00faka<strong> inovat\u00edvne rie\u0161enia chladenia vzduchom<\/strong> \u0161peci\u00e1lne navrhnut\u00e9 pre tieto n\u00e1ro\u010dn\u00e9 prostredia. Zariadenia navrhnut\u00e9 na \u00fa\u010dinn\u00e9 a prirodzen\u00e9 zn\u00ed\u017eenie teploty.   <\/p>\n\n<h2 class=\"wp-block-heading\">Prev\u00e1dzka odparovac\u00edch chladi\u010dov vzduchu na obr\u00e1banie<\/h2>\n\n<h3 class=\"wp-block-heading\">Ako funguj\u00fa chladi\u010de vzduchu<\/h3>\n\n<div class=\"wp-block-columns is-layout-flex wp-container-core-columns-is-layout-28f84493 wp-block-columns-is-layout-flex\">\n<div class=\"wp-block-column is-layout-flow wp-block-column-is-layout-flow\" style=\"flex-basis:66.66%\">\n<p>Adiabatick\u00e9 chladenie je zalo\u017een\u00e9 na jednoduchom princ\u00edpe:<a href=\"https:\/\/obera.fr\/sk\/produits\/rafraichisseurs-air\/rafraichisseurs-par-evaporation-ic\/\">odparovanie vody<\/a>. Tepl\u00fd vzduch sa nas\u00e1va a prech\u00e1dza cez zvlh\u010den\u00e9 panely, kde sa pred uvo\u013enen\u00edm do prostredia ochlad\u00ed. Tento syst\u00e9m vyu\u017e\u00edva ako chladiacu kvapalinu vodu bez pou\u017eitia chladiacich plynov, v\u010faka \u010domu je ekologick\u00fd a ekonomick\u00fd.  <\/p>\n\n\n\n<p>Priemyseln\u00e9 chladi\u010de vzduchu sa vyr\u00e1baj\u00fa v dvoch typoch:<\/p>\n\n\n\n<ul class=\"wp-block-list\">\n<li>Mobiln\u00e9: \u013eahko sa premiest\u0148uj\u00fa, poskytuj\u00fa <strong>cielen\u00e9, flexibiln\u00e9 chladenie<\/strong>, ide\u00e1lne pre jednorazov\u00e9 po\u017eiadavky alebo meniace sa konfigur\u00e1cie.<\/li>\n\n\n\n<li>Pevn\u00e9: trvalo nain\u0161talovan\u00e9, poskytuj\u00fa kon\u0161tantn\u00e9 chladenie na ve\u013ek\u00fdch ploch\u00e1ch.<\/li>\n<\/ul>\n<\/div>\n\n\n\n<div class=\"wp-block-column is-layout-flow wp-block-column-is-layout-flow\" style=\"flex-basis:33.33%\">\n<figure class=\"wp-block-image aligncenter size-full is-resized\"><img decoding=\"async\" width=\"1000\" height=\"1000\" src=\"https:\/\/obera.fr\/wp-content\/uploads\/2022\/03\/Rafraichisseur-dair-par-evaporation.jpg\" alt=\"odparovac&#xED; chladi&#x10D; vzduchu\" class=\"wp-image-13253\" style=\"width:238px;height:auto\" srcset=\"https:\/\/obera.fr\/wp-content\/uploads\/2022\/03\/Rafraichisseur-dair-par-evaporation.jpg 1000w, https:\/\/obera.fr\/wp-content\/uploads\/2022\/03\/Rafraichisseur-dair-par-evaporation-300x300.jpg 300w, https:\/\/obera.fr\/wp-content\/uploads\/2022\/03\/Rafraichisseur-dair-par-evaporation-150x150.jpg 150w, https:\/\/obera.fr\/wp-content\/uploads\/2022\/03\/Rafraichisseur-dair-par-evaporation-768x768.jpg 768w\" sizes=\"(max-width: 1000px) 100vw, 1000px\" \/><\/figure>\n<\/div>\n<\/div>\n\n<h3 class=\"wp-block-heading\">Mobiln\u00e9 chladi\u010de vzduchu: flexibiln\u00e9, vysoko v\u00fdkonn\u00e9 rie\u0161enie OberA<\/h3>\n\n<p>V spolo\u010dnosti OberA sme sa strategicky rozhodli pon\u00faka\u0165 len <strong>mobiln\u00e9 chladiace zariadenia pre priemyseln\u00e9 dielne<\/strong>, preto\u017ee t\u00e1to flexibilita je v dynamickom v\u00fdrobnom prostred\u00ed ve\u013ekou v\u00fdhodou.<\/p>\n\n<p><em>N\u00e1zor odborn\u00edka: V\u010faka svojej mobilite sa na\u0161e IC chladi\u010de daj\u00fa r\u00fdchlo premiestni\u0165 na najhor\u00facej\u0161ie miesta va\u0161ej dielne, \u010do v\u00e1m umo\u017en\u00ed<\/em><strong><em> presn\u00e9 zameranie chladenia<\/em><\/strong><em>. T\u00fdm sa vyhnete potrebe n\u00e1kladn\u00fdch a nepru\u017en\u00fdch pevn\u00fdch in\u0161tal\u00e1ci\u00ed a z\u00e1rove\u0148 zabezpe\u010d\u00edte optim\u00e1lny komfort a efekt\u00edvnu prev\u00e1dzku.<\/em><br\/><\/p>\n\n<h2 class=\"wp-block-heading\">V\u00fdhody chladi\u010dov vzduchu pri obr\u00e1ban\u00ed<\/h2>\n\n<div class=\"wp-block-columns is-layout-flex wp-container-core-columns-is-layout-28f84493 wp-block-columns-is-layout-flex\">\n<div class=\"wp-block-column is-layout-flow wp-block-column-is-layout-flow\" style=\"flex-basis:66.66%\">\n<h3 class=\"wp-block-heading\">Cielen\u00e9 chladenie v pracovn\u00fdch oblastiach<\/h3>\n\n\n\n<p>Mobiln\u00e9 chladi\u010de vzduchu m\u00f4\u017eu v\u00fdrazne zn\u00ed\u017ei\u0165 <strong>teplotu okolia<\/strong>, \u010d\u00edm sa zlep\u0161\u00ed pohodlie pracovn\u00edkov a v\u00fdkon stroja.<\/p>\n\n\n\n<h3 class=\"wp-block-heading\">V\u00fdrazn\u00e1 \u00faspora energie bez zn\u00ed\u017eenia v\u00fdkonu<\/h3>\n\n\n\n<p>Na rozdiel od <a href=\"https:\/\/obera.fr\/sk\/nasa-rada\/differences-entre-rafraichisseur-climatiseur\/\">tradi\u010dn\u00fdch klimatiza\u010dn\u00fdch syst\u00e9mov<\/a> spotreb\u00favaj\u00fa adiabatick\u00e9 chladi\u010de menej energie (a\u017e 80 % \u00faspora energie), \u010d\u00edm sa zni\u017euj\u00fa prev\u00e1dzkov\u00e9 n\u00e1klady.<\/p>\n\n\n\n<h3 class=\"wp-block-heading\">Zlep\u0161en\u00e9 pracovn\u00e9 prostredie pre vy\u0161\u0161iu bezpe\u010dnos\u0165 a produktivitu<\/h3>\n\n\n\n<p>Chladnej\u0161ie pracovn\u00e9 prostredie pom\u00e1ha pracovn\u00edkom s\u00fastredi\u0165 sa a zni\u017euje riziko ch\u00fdb a neh\u00f4d.<\/p>\n<\/div>\n\n\n\n<div class=\"wp-block-column is-layout-flow wp-block-column-is-layout-flow\" style=\"flex-basis:33.33%\">\n<figure class=\"wp-block-image aligncenter size-large is-resized\"><img decoding=\"async\" width=\"1024\" height=\"1024\" src=\"https:\/\/obera.fr\/wp-content\/uploads\/2025\/05\/securite-1024x1024.png\" alt=\"zabezpe&#x10D;enie\" class=\"wp-image-121315\" style=\"width:296px;height:auto\" srcset=\"https:\/\/obera.fr\/wp-content\/uploads\/2025\/05\/securite-1024x1024.png 1024w, https:\/\/obera.fr\/wp-content\/uploads\/2025\/05\/securite-300x300.png 300w, https:\/\/obera.fr\/wp-content\/uploads\/2025\/05\/securite-150x150.png 150w, https:\/\/obera.fr\/wp-content\/uploads\/2025\/05\/securite-768x768.png 768w, https:\/\/obera.fr\/wp-content\/uploads\/2025\/05\/securite.png 1200w\" sizes=\"(max-width: 1024px) 100vw, 1024px\" \/><\/figure>\n<\/div>\n<\/div>\n\n<h3 class=\"wp-block-heading\">Ako si vybra\u0165 mobiln\u00fd osvie\u017eova\u010d vzduchu OberA? K\u013e\u00fa\u010dov\u00e9 krit\u00e9ri\u00e1 <\/h3>\n\n<p>Pri v\u00fdbere chladi\u010da vzduchu je potrebn\u00e9 zoh\u013eadni\u0165 nieko\u013eko krit\u00e9ri\u00ed:<\/p>\n\n<ul class=\"wp-block-list\">\n<li><strong>Kapacita n\u00e1dr\u017ee a auton\u00f3mia<\/strong>: ve\u013ek\u00e1 kapacita zabezpe\u010duje dlh\u0161iu auton\u00f3miu, \u010d\u00edm sa zni\u017euje potreba dop\u013a\u0148ania. Rad IC OberA pon\u00faka chladi\u010de s ve\u013ekorys\u00fdmi n\u00e1dr\u017eami, ktor\u00e9 poskytuj\u00fa nieko\u013eko hod\u00edn nepretr\u017eitej auton\u00f3mie, \u010d\u00edm sa zni\u017euje potreba \u00fadr\u017eby. <\/li>\n\n\n\n<li><strong>Spr\u00e1vny prietok vzduchu<\/strong>: na dosiahnutie optim\u00e1lnej \u00fa\u010dinnosti mus\u00ed prietok vzduchu zodpoveda\u0165 chladenej ploche. Ka\u017ed\u00fd model OberA je kalibrovan\u00fd na optim\u00e1lne mno\u017estvo vzduchu, \u010do zaru\u010duje rovnomern\u00e9 pokrytie ve\u013ek\u00fdch pl\u00f4ch. <\/li>\n\n\n\n<li><strong>Robustnos\u0165 a odolnos\u0165<\/strong>: zariadenie mus\u00ed by\u0165 navrhnut\u00e9 na intenz\u00edvne priemyseln\u00e9 pou\u017eitie s pou\u017eit\u00edm odoln\u00fdch a trvanliv\u00fdch materi\u00e1lov. Na\u0161e <strong>chladi\u010de IC <\/strong>vyroben\u00e9 z odoln\u00fdch materi\u00e1lov vydr\u017eia intenz\u00edvne pou\u017e\u00edvanie v dielni s r\u00fdchlou a jednoduchou \u00fadr\u017ebou. <br\/><\/li>\n<\/ul>\n\n<h2 class=\"wp-block-heading\">V\u00fdrobky a rie\u0161enia na mieru<\/h2>\n\n<p>Spolo\u010dnos\u0165 OberA pon\u00faka <strong>rad mobiln\u00fdch priemyseln\u00fdch osvie\u017eova\u010dov vzduchu<\/strong> vyroben\u00fdch vo Franc\u00fazsku, vhodn\u00fdch pre stroj\u00e1rske dielne:<\/p>\n\n<figure class=\"wp-block-table\"><table class=\"has-fixed-layout\"><tbody><tr><td><strong>Model<\/strong><\/td><td><strong>Kryt\u00e1 plocha (m\u00b2)<\/strong><\/td><td><strong>Prietok vzduchu (m\u00b3\/h)<\/strong><\/td><td><strong>Objem n\u00e1dr\u017ee (L)<\/strong><\/td><td><strong>Spotreba vody (l\/h)<\/strong><\/td><\/tr><tr><td><strong>IC12<\/strong><\/td><td>80 &#8211; 150<\/td><td>12 000<\/td><td>70<\/td><td>8 \u00e0 10<\/td><\/tr><tr><td><strong>IC22<\/strong><\/td><td>150 &#8211; 250<\/td><td>22 000<\/td><td>130<\/td><td>10 \u00e0 15<\/td><\/tr><tr><td><strong>IC30<\/strong><\/td><td>250 &#8211; 400<\/td><td>30 000<\/td><td>280<\/td><td>20 \u00e0 30<\/td><\/tr><\/tbody><\/table><\/figure>\n\n<h3 class=\"wp-block-heading\">PureFlow: Inov\u00e1cia spolo\u010dnosti OberA pre \u010distej\u0161\u00ed vzduch a udr\u017eate\u013enej\u0161ie zariadenia<\/h3>\n\n<div class=\"wp-block-columns is-layout-flex wp-container-core-columns-is-layout-28f84493 wp-block-columns-is-layout-flex\">\n<div class=\"wp-block-column is-layout-flow wp-block-column-is-layout-flow\" style=\"flex-basis:66.66%\">\n<p>Spolo\u010dnos\u0165 OberA vyvinula PureFlow, patentovan\u00fa technol\u00f3giu <strong>predfiltr\u00e1cie, ktor\u00e1 v\u00fdrazne zlep\u0161uje v\u00fdkon a \u017eivotnos\u0165<\/strong> mobiln\u00fdch osvie\u017eova\u010dov vzduchu.<\/p>\n\n\n\n<p>Na rozdiel od \u0161tandardn\u00fdch syst\u00e9mov s\u00fa jednotky vybaven\u00e9 syst\u00e9mom PureFlow vybaven\u00e9 vysoko\u00fa\u010dinn\u00fdmi filtrami a UV lampou, ktor\u00e9 <strong>\u010distia vzduch<\/strong> a poskytuj\u00fa lep\u0161iu ochranu pred zne\u010dis\u0165uj\u00facimi l\u00e1tkami.<a href=\"https:\/\/obera.fr\/sk\/nasa-rada\/instalacia-chladic-vzduchu\/?utm_source=chatgpt.com\"> <\/a>T\u00e1to inov\u00e1cia zabezpe\u010duje nielen zdrav\u0161\u00ed vzduch pre oper\u00e1torov, ale aj <strong>dlh\u0161iu \u017eivotnos\u0165 zariadenia,<\/strong> \u010d\u00edm sa zni\u017euj\u00fa po\u017eiadavky na \u00fadr\u017ebu a s\u00favisiace n\u00e1klady.<\/p>\n<\/div>\n\n\n\n<div class=\"wp-block-column is-layout-flow wp-block-column-is-layout-flow\" style=\"flex-basis:33.33%\">\n<figure class=\"wp-block-image aligncenter size-large is-resized\"><img decoding=\"async\" width=\"1024\" height=\"1024\" src=\"https:\/\/obera.fr\/wp-content\/uploads\/2025\/06\/ic-pureflow-1024x1024.png\" alt=\"ic pureflow\" class=\"wp-image-112651\" style=\"width:272px;height:auto\" srcset=\"https:\/\/obera.fr\/wp-content\/uploads\/2025\/06\/ic-pureflow-1024x1024.png 1024w, https:\/\/obera.fr\/wp-content\/uploads\/2025\/06\/ic-pureflow-300x300.png 300w, https:\/\/obera.fr\/wp-content\/uploads\/2025\/06\/ic-pureflow-150x150.png 150w, https:\/\/obera.fr\/wp-content\/uploads\/2025\/06\/ic-pureflow-768x768.png 768w, https:\/\/obera.fr\/wp-content\/uploads\/2025\/06\/ic-pureflow.png 1200w\" sizes=\"(max-width: 1024px) 100vw, 1024px\" \/><\/figure>\n<\/div>\n<\/div>\n","protected":false},"excerpt":{"rendered":"<p>V priemyseln\u00fdch prostrediach, ako s\u00fa napr\u00edklad stroj\u00e1rske dielne, je regul\u00e1cia teploty nevyhnutn\u00e1 na zabezpe\u010denie v\u00fdkonu zariaden\u00ed a pohody pracovn\u00edkov.<\/p>\n","protected":false},"author":13,"featured_media":114022,"comment_status":"open","ping_status":"closed","sticky":false,"template":"","format":"standard","meta":{"_acf_changed":false,"_seopress_robots_primary_cat":"none","_seopress_titles_title":"Obr\u00e1bacie dielne: priemyseln\u00e9 chladi\u010de vzduchu","_seopress_titles_desc":"Optimalizujte svoje pracovn\u00e9 podmienky pomocou mobiln\u00fdch chladi\u010dov vzduchu OberA. V\u00fdkonn\u00fd prietok, ve\u013ek\u00fd z\u00e1sobn\u00edk a odparovacie chladenie na ochranu v\u00e1\u0161ho zariadenia a pracovn\u00edkov. ","_seopress_robots_index":"","footnotes":""},"categories":[675],"tags":[459],"class_list":["post-108478","post","type-post","status-publish","format-standard","has-post-thumbnail","hentry","category-obrabanie-sustruzenie-tyci-a-povrchova-uprava","tag-chladnicky","generate-columns","tablet-grid-50","mobile-grid-100","grid-parent","grid-50","no-featured-image-padding","resize-featured-image"],"acf":[],"_links":{"self":[{"href":"https:\/\/obera.fr\/sk\/wp-json\/wp\/v2\/posts\/108478","targetHints":{"allow":["GET"]}}],"collection":[{"href":"https:\/\/obera.fr\/sk\/wp-json\/wp\/v2\/posts"}],"about":[{"href":"https:\/\/obera.fr\/sk\/wp-json\/wp\/v2\/types\/post"}],"author":[{"embeddable":true,"href":"https:\/\/obera.fr\/sk\/wp-json\/wp\/v2\/users\/13"}],"replies":[{"embeddable":true,"href":"https:\/\/obera.fr\/sk\/wp-json\/wp\/v2\/comments?post=108478"}],"version-history":[{"count":4,"href":"https:\/\/obera.fr\/sk\/wp-json\/wp\/v2\/posts\/108478\/revisions"}],"predecessor-version":[{"id":123213,"href":"https:\/\/obera.fr\/sk\/wp-json\/wp\/v2\/posts\/108478\/revisions\/123213"}],"wp:featuredmedia":[{"embeddable":true,"href":"https:\/\/obera.fr\/sk\/wp-json\/wp\/v2\/media\/114022"}],"wp:attachment":[{"href":"https:\/\/obera.fr\/sk\/wp-json\/wp\/v2\/media?parent=108478"}],"wp:term":[{"taxonomy":"category","embeddable":true,"href":"https:\/\/obera.fr\/sk\/wp-json\/wp\/v2\/categories?post=108478"},{"taxonomy":"post_tag","embeddable":true,"href":"https:\/\/obera.fr\/sk\/wp-json\/wp\/v2\/tags?post=108478"}],"curies":[{"name":"wp","href":"https:\/\/api.w.org\/{rel}","templated":true}]}}