{"id":109569,"date":"2025-06-12T12:20:50","date_gmt":"2025-06-12T10:20:50","guid":{"rendered":"https:\/\/obera.fr\/nase-rada\/rafraichisseur-secteur-logistique\/"},"modified":"2025-07-16T11:30:48","modified_gmt":"2025-07-16T09:30:48","slug":"rafraichisseur-secteur-logistique","status":"publish","type":"post","link":"https:\/\/obera.fr\/sk\/doprava-a-skladovanie-logistika\/rafraichisseur-secteur-logistique\/","title":{"rendered":"Chladi\u010de vzduchu ur\u010den\u00e9 pre potreby logistick\u00e9ho sektora"},"content":{"rendered":"\n<p>V \u010doraz n\u00e1ro\u010dnej\u0161om logistickom prostred\u00ed sa <strong>kontrola teploty<\/strong> v skladovac\u00edch priestoroch stala strategickou p\u00e1kou. V\u010faka svojim rie\u0161eniam <a href=\"https:\/\/obera.fr\/sk\/produits\/rafraichisseurs-air\/\">adiabatick\u00e9ho chladenia<\/a> pom\u00e1ha spolo\u010dnos\u0165 OberA firm\u00e1m optimalizova\u0165 <strong>pracovn\u00e9 a skladovacie podmienky<\/strong> a z\u00e1rove\u0148 kontrolova\u0165 spotrebu energie. <\/p>\n\n<h2 class=\"wp-block-heading\">Kontrola tepla v logistike: strategick\u00e1 v\u00fdzva<\/h2>\n\n<p>V logistick\u00fdch skladoch je nadmern\u00e9 teplo ove\u013ea viac ako len nepr\u00edjemnos\u0165: je to <strong>rizikov\u00fd faktor pre kvalitu v\u00fdrobkov<\/strong>, bezpe\u010dnos\u0165 zamestnancov a celkov\u00fa v\u00fdkonnos\u0165 podniku. Zistite viac. <\/p>\n\n<h3 class=\"wp-block-heading\">Tovar vystaven\u00fd kritick\u00fdm teplotn\u00fdm v\u00fdkyvom<\/h3>\n\n<p>V\u00e4\u010d\u0161ina<strong> logistick\u00fdch budov nie je izolovan\u00e1 ani klimatizovan\u00e1<\/strong>. Vplyvom kovov\u00fdch striech a sklenen\u00fdch pl\u00f4ch m\u00f4\u017ee teplota vn\u00fatri v lete \u013eahko prekro\u010di\u0165 35 \u00b0C. To predstavuje skuto\u010dn\u00e9 nebezpe\u010denstvo pre :  <\/p>\n\n<ul class=\"wp-block-list\">\n<li><strong>nechladen\u00e9 potraviny<\/strong>, ktor\u00fdch kvalita sa m\u00f4\u017ee r\u00fdchlo zhor\u0161i\u0165;<\/li>\n\n\n\n<li><strong>Farmaceutick\u00e9 alebo kozmetick\u00e9 v\u00fdrobky<\/strong> citliv\u00e9 na teplo;<\/li>\n\n\n\n<li><strong>Elektronick\u00e9 alebo plastov\u00e9 komponenty<\/strong>, ktor\u00e9 sa m\u00f4\u017eu meni\u0165 pri teplote nad 30 \u00b0C.<\/li>\n<\/ul>\n\n<p>Aj obalov\u00e9 materi\u00e1ly (f\u00f3lie, lepidl\u00e1, kart\u00f3n) m\u00f4\u017eu strati\u0165 svoju \u00fa\u010dinnos\u0165 alebo sa deformova\u0165, \u010d\u00edm vznikaj\u00fa nepriame straty.<\/p>\n\n<div class=\"wp-block-columns is-layout-flex wp-container-core-columns-is-layout-28f84493 wp-block-columns-is-layout-flex\">\n<div class=\"wp-block-column is-layout-flow wp-block-column-is-layout-flow\" style=\"flex-basis:66.66%\">\n<h3 class=\"wp-block-heading\">Zn\u00ed\u017een\u00e1 produktivita a zv\u00fd\u0161en\u00e9 rizik\u00e1 pre prev\u00e1dzkovate\u013eov<\/h3>\n\n\n\n<p><strong> Vysok\u00e9 teploty<\/strong> v pr\u00edpravn\u00fdch alebo skladovac\u00edch priestoroch maj\u00fa priamy vplyv na v\u00fdkonnos\u0165 t\u00edmu. Teplo sp\u00f4sobuje pokles koncentr\u00e1cie, zv\u00fd\u0161en\u00fa \u00fanavu a vy\u0161\u0161ie riziko por\u00fach pohybov\u00e9ho apar\u00e1tu alebo nepohodlia. <\/p>\n\n\n\n<p><strong>Hor\u00face prostredie <\/strong>m\u00e1 vplyv aj na produktivitu t\u00edmu, \u010do vedie k pred\u013a\u017eeniu \u010dasu spracovania, vy\u0161\u0161ej chybovosti a zhor\u0161eniu kvality slu\u017eieb.<\/p>\n\n\n\n<h3 class=\"wp-block-heading\">Testovanie zariaden\u00ed a syst\u00e9mov<\/h3>\n\n\n\n<p>Okrem vplyvu na \u013eudsk\u00e9 zdroje m\u00e1 teplo vplyv aj na bezprobl\u00e9mov\u00fa prev\u00e1dzku logistick\u00fdch zariaden\u00ed:<strong> zaklada\u010dov, dopravn\u00edkov, automatizovan\u00fdch triediacich syst\u00e9mov<\/strong>at\u010f. Tieto stroje, navrhnut\u00e9 pre mierne teplotn\u00e9 rozsahy, m\u00f4\u017eu v hor\u00facom prostred\u00ed zaznamena\u0165 pred\u010dasn\u00e9 zastavenie alebo poruchy.<\/p>\n<\/div>\n\n\n\n<div class=\"wp-block-column is-layout-flow wp-block-column-is-layout-flow\" style=\"flex-basis:33.33%\">\n<figure class=\"wp-block-image aligncenter size-large is-resized\"><img decoding=\"async\" width=\"1024\" height=\"1024\" src=\"https:\/\/obera.fr\/wp-content\/uploads\/2024\/05\/1-1024x1024.jpg\" alt=\"Pracovn&#xED;ci trpiaci teplom v priemysle\" class=\"wp-image-31002\" style=\"width:291px;height:auto\" srcset=\"https:\/\/obera.fr\/wp-content\/uploads\/2024\/05\/1-1024x1024.jpg 1024w, https:\/\/obera.fr\/wp-content\/uploads\/2024\/05\/1-300x300.jpg 300w, https:\/\/obera.fr\/wp-content\/uploads\/2024\/05\/1-150x150.jpg 150w, https:\/\/obera.fr\/wp-content\/uploads\/2024\/05\/1-768x768.jpg 768w, https:\/\/obera.fr\/wp-content\/uploads\/2024\/05\/1.jpg 1200w\" sizes=\"(max-width: 1024px) 100vw, 1024px\" \/><\/figure>\n<\/div>\n<\/div>\n\n<p><em>N\u00e1zor odborn\u00edka: v tejto s\u00favislosti sa st\u00e1va <\/em><strong><em>strategick\u00e9 nasadi\u0165 chladiaci syst\u00e9m<\/em><\/strong><em>  schopn\u00e9 stabilizova\u0165 vn\u00fatorn\u00fa teplotu na prijate\u013enej \u00farovni bez zv\u00fd\u0161enia n\u00e1kladov na energiu alebo zmeny architekt\u00fary objektu. Tu prich\u00e1dzaj\u00fa na rad chladi\u010de vzduchu OberA. Ur\u010den\u00e9 na    <\/em><strong><em>priemyseln\u00e9 potreby<\/em><\/strong><em>Tieto rie\u0161enia s\u00fa energeticky \u00fa\u010dinn\u00e9 a prirodzene zni\u017euj\u00fa teplotu.<\/em><\/p>\n\n<p><\/p>\n\n<h2 class=\"wp-block-heading\">Adiabatick\u00e9 chladenie: spo\u013eahliv\u00e1 a \u00fasporn\u00e1 technol\u00f3gia<\/h2>\n\n<h3 class=\"wp-block-heading\">Technol\u00f3gia zalo\u017een\u00e1 na fyzike<\/h3>\n\n<div class=\"wp-block-columns is-layout-flex wp-container-core-columns-is-layout-28f84493 wp-block-columns-is-layout-flex\">\n<div class=\"wp-block-column is-layout-flow wp-block-column-is-layout-flow\" style=\"flex-basis:66.66%\">\n<p><a href=\"https:\/\/obera.fr\/sk\/nasa-rada\/comment-fonctionne-un-rafraichisseur-adiabatique\/\">Princ\u00edp adiabatick\u00e9ho chladenia<\/a>, zn\u00e1meho aj ako odparovacie chladenie, je zalo\u017een\u00fd na jednoduchom fyzik\u00e1lnom jave: ke\u010f sa voda odparuje, absorbuje energiu vo forme tepla.<strong> Chladi\u010de vyu\u017e\u00edvaj\u00fa tento prirodzen\u00fd proces na<\/strong> zn\u00ed\u017eenie teploty okolit\u00e9ho vzduchu bez pou\u017eitia chladiacich plynov alebo energeticky n\u00e1ro\u010dn\u00fdch kompresorov. <\/p>\n\n\n\n<p>V praxi to znamen\u00e1, \u017ee tepl\u00fd vonkaj\u0161\u00ed vzduch je nas\u00e1van\u00fd zariaden\u00edm, prech\u00e1dza cez zvlh\u010dovaciu podlo\u017eku alebo panel (tzv. alveol\u00e1rne m\u00e9dium) a vych\u00e1dza ochladen\u00fd pred t\u00fdm, ako je distribuovan\u00fd do celej budovy. Tento typ syst\u00e9mu umo\u017e\u0148uje <strong>efekt\u00edvne chladi\u0165 ve\u013ek\u00e9 objemy<\/strong> pri ve\u013emi n\u00edzkej spotrebe elektrickej energie. <\/p>\n<\/div>\n\n\n\n<div class=\"wp-block-column is-layout-flow wp-block-column-is-layout-flow\" style=\"flex-basis:33.33%\">\n<figure class=\"wp-block-image aligncenter size-full is-resized\"><img decoding=\"async\" width=\"1000\" height=\"1000\" src=\"https:\/\/obera.fr\/wp-content\/uploads\/2022\/03\/Rafraichisseur-dair-par-evaporation.jpg\" alt=\"odparovac&#xED; chladi&#x10D; vzduchu\" class=\"wp-image-13253\" style=\"width:221px;height:auto\" srcset=\"https:\/\/obera.fr\/wp-content\/uploads\/2022\/03\/Rafraichisseur-dair-par-evaporation.jpg 1000w, https:\/\/obera.fr\/wp-content\/uploads\/2022\/03\/Rafraichisseur-dair-par-evaporation-300x300.jpg 300w, https:\/\/obera.fr\/wp-content\/uploads\/2022\/03\/Rafraichisseur-dair-par-evaporation-150x150.jpg 150w, https:\/\/obera.fr\/wp-content\/uploads\/2022\/03\/Rafraichisseur-dair-par-evaporation-768x768.jpg 768w\" sizes=\"(max-width: 1000px) 100vw, 1000px\" \/><\/figure>\n<\/div>\n<\/div>\n\n<h3 class=\"wp-block-heading\">Inteligentn\u00e1 alternat\u00edva k be\u017en\u00fdm klimatiz\u00e1ci\u00e1m<\/h3>\n\n<div class=\"wp-block-columns is-layout-flex wp-container-core-columns-is-layout-28f84493 wp-block-columns-is-layout-flex\">\n<div class=\"wp-block-column is-layout-flow wp-block-column-is-layout-flow\" style=\"flex-basis:66.66%\">\n<p>Na <strong>rozdiel od klimatiza\u010dn\u00fdch zariaden\u00ed,<\/strong> ktor\u00e9 vy\u017eaduj\u00fa prakticky hermeticky uzavret\u00e9 priestory, s\u00fa adiabatick\u00e9 chladi\u010de vhodn\u00e9 najm\u00e4 do otvoren\u00fdch budov, ako s\u00fa sklady, nakladacie rampy alebo priemyseln\u00e9 dielne.<strong> Zlep\u0161uj\u00fa tie\u017e kvalitu vzduchu v interi\u00e9ri<\/strong> t\u00fdm, \u017ee odstra\u0148uj\u00fa suspendovan\u00fd prach a \u010dastice. <\/p>\n\n\n\n<p>Tu je nieko\u013eko konkr\u00e9tnych v\u00fdhod adiabatick\u00fdch chladi\u010dov:<\/p>\n\n\n\n<ul class=\"wp-block-list\">\n<li><strong>Jednoduch\u00e1 in\u0161tal\u00e1cia<\/strong>: nie je potrebn\u00e1 \u017eiadna chladiaca sie\u0165 ani v\u00e4\u010d\u0161ie pr\u00e1ce;<\/li>\n\n\n\n<li><strong>Kompatibilita s otvoren\u00fdm prostred\u00edm<\/strong>: optim\u00e1lna prev\u00e1dzka s vysokou mierou obnovy vzduchu;<\/li>\n\n\n\n<li><strong>\u00daspora energie<\/strong>: jedin\u00fd motor na cirkul\u00e1ciu vzduchu a \u010derpanie vody;<\/li>\n\n\n\n<li><strong>Nen\u00e1ro\u010dn\u00e1 \u00fadr\u017eba<\/strong>: pravideln\u00e9 \u010distenie, \u017eiadne zlo\u017eit\u00e9 diely;<\/li>\n\n\n\n<li><strong>Trvanlivos\u0165<\/strong>: jednoduch\u00e9 mechanick\u00e9 komponenty, dlh\u00e1 \u017eivotnos\u0165 odparovac\u00edch panelov.<br\/><\/li>\n<\/ul>\n\n\n\n<p>Rad OberA je vybaven\u00fd ve\u013ekokapacitn\u00fdmi n\u00e1dr\u017eami na vodu, ktor\u00e9 zaru\u010duj\u00fa dlh\u0161iu auton\u00f3miu. Niektor\u00e9 modely s\u00fa vybaven\u00e9 UV lampami, ktor\u00e9 zabra\u0148uj\u00fa <strong>mno\u017eeniu bakt\u00e9ri\u00ed v hydraulickom okruhu<\/strong>. Vysok\u00fd prietok vzduchu v kombin\u00e1cii s ve\u013ekou plochou m\u00e9dia zabezpe\u010duje r\u00fdchle a rovnomern\u00e9 chladenie aj pri ve\u013ek\u00fdch objemoch.  <\/p>\n<\/div>\n\n\n\n<div class=\"wp-block-column is-layout-flow wp-block-column-is-layout-flow\" style=\"flex-basis:33.33%\">\n<figure class=\"wp-block-image aligncenter size-large is-resized\"><img decoding=\"async\" width=\"1024\" height=\"1024\" src=\"https:\/\/obera.fr\/wp-content\/uploads\/2025\/06\/31-1024x1024.png\" alt=\"31\" class=\"wp-image-111671\" style=\"width:277px;height:auto\" srcset=\"https:\/\/obera.fr\/wp-content\/uploads\/2025\/06\/31-1024x1024.png 1024w, https:\/\/obera.fr\/wp-content\/uploads\/2025\/06\/31-300x300.png 300w, https:\/\/obera.fr\/wp-content\/uploads\/2025\/06\/31-150x150.png 150w, https:\/\/obera.fr\/wp-content\/uploads\/2025\/06\/31-768x768.png 768w, https:\/\/obera.fr\/wp-content\/uploads\/2025\/06\/31.png 1200w\" sizes=\"(max-width: 1024px) 100vw, 1024px\" \/><\/figure>\n<\/div>\n<\/div>\n\n<p><\/p>\n\n<h3 class=\"wp-block-heading\">Optimalizovan\u00e9 pre priemyseln\u00e9 prostredie<\/h3>\n\n<p>Chladi\u010de OberA s\u00fa navrhnut\u00e9 na <strong>efekt\u00edvnu<\/strong> prev\u00e1dzku <strong>v n\u00e1ro\u010dn\u00fdch podmienkach<\/strong>: prach, vysok\u00e9 teplo, vlhkos\u0165. V\u010faka svojej robustnej kon\u0161trukcii (podvozok z pozinkovanej ocele, zosilnen\u00e9 koles\u00e1, odoln\u00fd kryt) s\u00fa ide\u00e1lne prisp\u00f4soben\u00e9 po\u017eiadavk\u00e1m logistick\u00e9ho a priemyseln\u00e9ho sektora. <\/p>\n\n<p>Navy\u0161e, na rozdiel od jednoduch\u00fdch rie\u0161en\u00ed vetrania alebo klimatiz\u00e1cie <strong>umo\u017e\u0148uje adiabatick\u00e9 chladenie zos\u00faladi\u0165 tepeln\u00fa \u00fa\u010dinnos\u0165<\/strong>, \u00fasporu energie a oh\u013eaduplnos\u0165 k \u017eivotn\u00e9mu prostrediu: \u010fal\u0161\u00ed argument pre spolo\u010dnosti, ktor\u00e9 sa zaviazali k pr\u00edstupu CSR alebo sa zauj\u00edmaj\u00fa o zn\u00ed\u017eenie svojej uhl\u00edkovej stopy.<\/p>\n\n<h2 class=\"wp-block-heading\">Konkr\u00e9tne v\u00fdhody pre va\u0161u logistick\u00fa platformu<\/h2>\n\n<h3 class=\"wp-block-heading\">Chr\u00e1\u0148te svoj citliv\u00fd tovar<\/h3>\n\n<p>V\u00fdrobky citliv\u00e9 na teplo m\u00f4\u017eu by\u0165 ovplyvnen\u00e9 u\u017e pri teplot\u00e1ch 25-30 \u00b0C. Rie\u0161enia odparovacieho chladenia spolo\u010dnosti OberA umo\u017e\u0148uj\u00fa <strong>udr\u017eiava\u0165 stabiln\u00e9 teploty v skladovac\u00edch priestoroch<\/strong> bez potreby n\u00e1kladn\u00fdch alebo zlo\u017eit\u00fdch syst\u00e9mov. <\/p>\n\n<h3 class=\"wp-block-heading\">Poskytnite svojim oper\u00e1torom tepeln\u00fd komfort<\/h3>\n\n<p>Mierne teploty zlep\u0161uj\u00fa koncentr\u00e1ciu a zni\u017euj\u00fa \u00fanavu t\u00edmu. V\u010faka chladen\u00e9mu a filtrovan\u00e9mu vzduchu <strong>m\u00f4\u017eete zaru\u010di\u0165 zdrav\u00e9 prostredie, ktor\u00e9<\/strong> prispieva k lep\u0161iemu v\u00fdkonu v ter\u00e9ne. <\/p>\n\n<h3 class=\"wp-block-heading\">Zn\u00ed\u017eenie prev\u00e1dzkov\u00fdch n\u00e1kladov s\u00favisiacich s chladen\u00edm<\/h3>\n\n<p>V\u010faka spotrebe energie a\u017e o 80 % ni\u017e\u0161ej ako pri be\u017enej klimatiz\u00e1cii <a href=\"https:\/\/obera.fr\/sk\/nasa-rada\/riesenie-refroidissement-efficacite-energetique\/\">s\u00fa adiabatick\u00e9 chladi\u010de OberA udr\u017eate\u013en\u00fdm ekonomick\u00fdm rie\u0161en\u00edm<\/a>. Menej elektrickej energie, \u017eiadne chladiace plyny, cielen\u00e1 \u00fa\u010dinnos\u0165. <\/p>\n\n<h2 class=\"wp-block-heading\">V\u00fdber chladiaceho zariadenia prisp\u00f4soben\u00e9ho va\u0161im logistick\u00fdm obmedzeniam<\/h2>\n\n<p>Plocha, ktor\u00fa treba pokry\u0165, r\u00fdchlos\u0165 pr\u00fadenia vzduchu, auton\u00f3mnos\u0165: <strong>nieko\u013eko faktorov ur\u010duje<\/strong> spr\u00e1vny model, ktor\u00fd sa m\u00e1 pou\u017ei\u0165 v sklade. Zoh\u013eadnite : <\/p>\n\n<ul class=\"wp-block-list\">\n<li>Prietok (m\u00b3\/h) prisp\u00f4soben\u00fd ploche povrchu a \u00farovni vystavenia slne\u010dn\u00e9mu \u017eiareniu ;<\/li>\n\n\n\n<li>Auton\u00f3mnos\u0165 n\u00e1dr\u017ee na vodu pre dlhodob\u00e9 pou\u017e\u00edvanie bez preru\u0161enia ;<\/li>\n\n\n\n<li>Mobilita, ak potrebujete premiest\u0148ova\u0165 zariadenie pod\u013ea potrieb oper\u00e1torov (nakladacie z\u00f3ny, z\u00f3ny vychyst\u00e1vania at\u010f.);<\/li>\n\n\n\n<li>Jednoduch\u00e1 \u00fadr\u017eba: modely OberA s\u00fa navrhnut\u00e9 na r\u00fdchle \u010distenie, maj\u00fa pr\u00edstupn\u00e9 \u010dasti a odoln\u00e9 materi\u00e1ly.<\/li>\n<\/ul>\n\n<h2 class=\"wp-block-heading\">Rie\u0161enia OberA pre optim\u00e1lne chladenie logistiky<\/h2>\n\n<p>Spolo\u010dnos\u0165 OberA<strong> pon\u00faka cel\u00fd rad mobiln\u00fdch priemyseln\u00fdch chladi\u010dov<\/strong>, ktor\u00e9 sp\u013a\u0148aj\u00fa va\u0161e technick\u00e9 a priestorov\u00e9 obmedzenia:<\/p>\n\n<ul class=\"wp-block-list\">\n<li>IC 12: pre mal\u00e9 plochy (do 150 m\u00b2), 12 000 m\u00b3\/h, 70 l n\u00e1dr\u017e;<\/li>\n\n\n\n<li>IC 22 : do 250 m\u00b2, 22 000 m\u00b3\/h, 130 l n\u00e1dr\u017e;<\/li>\n\n\n\n<li>IC 30: pre plochy do 400 m\u00b2, 30 000 m\u00b3\/h, n\u00e1dr\u017e 280 l.<\/li>\n<\/ul>\n\n<p>V\u0161etky mobiln\u00e9 modely s\u00fa namontovan\u00e9 na \u013eahko pohybliv\u00fdch kolieskach s volite\u013en\u00fdm priamym pripojen\u00edm na vodu na nepretr\u017eit\u00e9 pou\u017e\u00edvanie.<\/p>\n\n<h2 class=\"wp-block-heading\">Zhrnutie modelov OberA<\/h2>\n\n<figure class=\"wp-block-table\"><table class=\"has-fixed-layout\"><tbody><tr><td>Model<\/td><td>Prietok vzduchu (m\u00b3\/h)<\/td><td>Kryt\u00e1 plocha (m\u00b2)<\/td><td>Objem n\u00e1dr\u017ee (L)<\/td><td>Typ<\/td><\/tr><tr><td>IC 12<\/td><td>12 000<\/td><td>Do 150<\/td><td>70<\/td><td>Mobiln\u00fd port\u00e1l<\/td><\/tr><tr><td>IC 22<\/td><td>22 000<\/td><td>Do 250<\/td><td>130<\/td><td>Mobiln\u00fd port\u00e1l<\/td><\/tr><tr><td>IC 30<\/td><td>30 000<\/td><td>A\u017e 400<\/td><td>280<\/td><td>Mobiln\u00fd port\u00e1l<\/td><\/tr><tr><td><\/td><td><\/td><td><\/td><td><\/td><td><\/td><\/tr><\/tbody><\/table><\/figure>\n\n<h2 class=\"wp-block-heading\">Podpora OberA: okrem produktu aj rie\u0161enie na k\u013e\u00fa\u010d<\/h2>\n\n<p>So spolo\u010dnos\u0165ou OberA m\u00f4\u017eete vyu\u017e\u00edva\u0165 <strong>spo\u013eahliv\u00e9 vybavenie a komplexn\u00fa podporu<\/strong>:<\/p>\n\n<ul class=\"wp-block-list\">\n<li>Prenajmite si alebo k\u00fapte rie\u0161enie, ktor\u00e9 vyhovuje v\u00e1\u0161mu rozpo\u010dtu a d\u013a\u017eke pou\u017e\u00edvania;<\/li>\n\n\n\n<li>In\u0161tal\u00e1cia a uvedenie do prev\u00e1dzky na\u0161imi technikmi priamo na mieste;<\/li>\n\n\n\n<li>Zmluvy o \u00fadr\u017ebe na zabezpe\u010denie optim\u00e1lnej prev\u00e1dzky po\u010das cel\u00e9ho roka.<\/li>\n<\/ul>\n","protected":false},"excerpt":{"rendered":"<p>V \u010doraz n\u00e1ro\u010dnej\u0161om logistickom prostred\u00ed sa kontrola teploty v skladovac\u00edch priestoroch stala strategickou p\u00e1kou.  <\/p>\n","protected":false},"author":13,"featured_media":113881,"comment_status":"open","ping_status":"closed","sticky":false,"template":"","format":"standard","meta":{"_acf_changed":false,"_seopress_robots_primary_cat":"none","_seopress_titles_title":"Logistick\u00e9 chladi\u010de vzduchu I OberA mobiln\u00e9 rie\u0161enia","_seopress_titles_desc":"Prijmite udr\u017eate\u013en\u00e9 rie\u0161enie chladenia s adiabatick\u00fdmi chladi\u010dmi OberA. Odparovacie chladenie, vysok\u00fd prietok, mobilita a \u00faspora energie pre priemyseln\u00e9 prostredie. ","_seopress_robots_index":"","footnotes":""},"categories":[713],"tags":[459],"class_list":["post-109569","post","type-post","status-publish","format-standard","has-post-thumbnail","hentry","category-doprava-a-skladovanie-logistika","tag-chladnicky","generate-columns","tablet-grid-50","mobile-grid-100","grid-parent","grid-50","no-featured-image-padding","resize-featured-image"],"acf":[],"_links":{"self":[{"href":"https:\/\/obera.fr\/sk\/wp-json\/wp\/v2\/posts\/109569","targetHints":{"allow":["GET"]}}],"collection":[{"href":"https:\/\/obera.fr\/sk\/wp-json\/wp\/v2\/posts"}],"about":[{"href":"https:\/\/obera.fr\/sk\/wp-json\/wp\/v2\/types\/post"}],"author":[{"embeddable":true,"href":"https:\/\/obera.fr\/sk\/wp-json\/wp\/v2\/users\/13"}],"replies":[{"embeddable":true,"href":"https:\/\/obera.fr\/sk\/wp-json\/wp\/v2\/comments?post=109569"}],"version-history":[{"count":4,"href":"https:\/\/obera.fr\/sk\/wp-json\/wp\/v2\/posts\/109569\/revisions"}],"predecessor-version":[{"id":123311,"href":"https:\/\/obera.fr\/sk\/wp-json\/wp\/v2\/posts\/109569\/revisions\/123311"}],"wp:featuredmedia":[{"embeddable":true,"href":"https:\/\/obera.fr\/sk\/wp-json\/wp\/v2\/media\/113881"}],"wp:attachment":[{"href":"https:\/\/obera.fr\/sk\/wp-json\/wp\/v2\/media?parent=109569"}],"wp:term":[{"taxonomy":"category","embeddable":true,"href":"https:\/\/obera.fr\/sk\/wp-json\/wp\/v2\/categories?post=109569"},{"taxonomy":"post_tag","embeddable":true,"href":"https:\/\/obera.fr\/sk\/wp-json\/wp\/v2\/tags?post=109569"}],"curies":[{"name":"wp","href":"https:\/\/api.w.org\/{rel}","templated":true}]}}