{"id":114977,"date":"2025-06-24T12:08:40","date_gmt":"2025-06-24T10:08:40","guid":{"rendered":"https:\/\/obera.fr\/nase-rada\/rafraichisseur-mobiles-adiabatiques-evenements-ephemeres\/"},"modified":"2025-07-16T11:12:04","modified_gmt":"2025-07-16T09:12:04","slug":"rafraichisseur-mobiles-adiabatiques-evenements-ephemeres","status":"publish","type":"post","link":"https:\/\/obera.fr\/sk\/umenie-zabava-a-rekreacia\/rafraichisseur-mobiles-adiabatiques-evenements-ephemeres\/","title":{"rendered":"Mobiln\u00e9 adiabatick\u00e9 chladi\u010de: franc\u00fazske rie\u0161enie pre va\u0161e efem\u00e9rne podujatia"},"content":{"rendered":"\n<p>V dne\u0161nom svete <strong>do\u010dasn\u00fdch podujat\u00ed,<\/strong> ako s\u00fa festivaly, \u0161portov\u00e9 podujatia, putovn\u00e9 trhy, ve\u013etrhy a do\u010dasn\u00e9 re\u0161taur\u00e1cie, je nevyhnutn\u00e9 zabezpe\u010di\u0165 tepeln\u00fd komfort \u00fa\u010dastn\u00edkov. Na\u0161e <a href=\"https:\/\/obera.fr\/sk\/produits\/rafraichisseurs-air\/\">mobiln\u00e9 adiabatick\u00e9 chladi\u010de,<\/a> navrhnut\u00e9 a vyroben\u00e9 vo Franc\u00fazsku, pon\u00fakaj\u00fa ekologick\u00e9 a efekt\u00edvne rie\u0161enie, ktor\u00e9 sa dokonale hod\u00ed pre tieto do\u010dasn\u00e9 stavby.  <\/p>\n\n<div class=\"wp-block-columns is-layout-flex wp-container-core-columns-is-layout-28f84493 wp-block-columns-is-layout-flex\">\n<div class=\"wp-block-column is-layout-flow wp-block-column-is-layout-flow\" style=\"flex-basis:50%\">\n<h2 class=\"wp-block-heading\">Pochopenie adiabatick\u00e9ho chladenia  <\/h2>\n\n\n\n<p><strong>Princ\u00edp adiabatick\u00e9ho chladenia<\/strong> je zalo\u017een\u00fd na pr\u00edrodnom jave: odparovan\u00ed vody. Nas\u00e1va sa hor\u00faci, such\u00fd vzduch, ktor\u00fd prech\u00e1dza cez zvlh\u010den\u00e9 m\u00e9dium a potom sa ochladzuje bez pou\u017eitia \u0161kodliv\u00fdch chladiacich plynov. Tento proces spotrebuje a\u017e 10-kr\u00e1t menej energie ako <a href=\"https:\/\/obera.fr\/sk\/nasa-rada\/rafraichissement-adiabatique-confort-thermique-naturel\/\">tradi\u010dn\u00e1 klimatiz\u00e1cia<\/a> a z\u00e1rove\u0148 zlep\u0161uje kvalitu vzduchu v interi\u00e9ri.    <\/p>\n\n\n\n<h2 class=\"wp-block-heading\">Ide\u00e1lne rie\u0161enie pre do\u010dasn\u00e9 stavby  <\/h2>\n\n\n\n<p>Na\u0161e<strong> chladni\u010dky<\/strong> s\u00fa \u0161peci\u00e1lne navrhnut\u00e9 tak, aby sa hodili do prostredia, ako je :  <\/p>\n\n\n\n<ul class=\"wp-block-list\">\n<li>Alt\u00e1nky, st\u00e1nky, st\u00e1nky a st\u00e1nky na festivaly a trhy.  <\/li>\n\n\n\n<li>Mobiln\u00e9 o\u0161etrovne alebo stanovi\u0161tia prvej pomoci na \u0161portov\u00fdch alebo kult\u00farnych podujatiach.<\/li>\n\n\n\n<li>Prchav\u00e9 re\u0161taur\u00e1cie, food trucky a st\u00e1nky s ob\u010derstven\u00edm pod hol\u00fdm nebom.  <\/li>\n<\/ul>\n\n\n\n<p>Ich mobilita v\u010faka robustn\u00fdm kolieskam u\u013eah\u010duje premiest\u0148ovanie medzi r\u00f4znymi oblas\u0165ami a zabezpe\u010duje neust\u00e1le hrabanie tam, kde je to potrebn\u00e9.  <\/p>\n<\/div>\n\n\n\n<div class=\"wp-block-column is-layout-flow wp-block-column-is-layout-flow\" style=\"flex-basis:50%\">\n<p><\/p>\n\n\n\n<p><\/p>\n\n\n\n<p><\/p>\n\n\n\n<p><\/p>\n\n\n\n<p><\/p>\n\n\n\n<figure class=\"wp-block-image size-large\"><img decoding=\"async\" width=\"1024\" height=\"576\" src=\"https:\/\/obera.fr\/wp-content\/uploads\/2025\/06\/img-20250622-wa0000-1024x576.jpg\" alt=\"Do&#x10D;asn&#xE1; o&#x161;etrov&#x148;a RAF OberA\" class=\"wp-image-117728\" srcset=\"https:\/\/obera.fr\/wp-content\/uploads\/2025\/06\/img-20250622-wa0000-1024x576.jpg 1024w, https:\/\/obera.fr\/wp-content\/uploads\/2025\/06\/img-20250622-wa0000-300x169.jpg 300w, https:\/\/obera.fr\/wp-content\/uploads\/2025\/06\/img-20250622-wa0000-768x432.jpg 768w, https:\/\/obera.fr\/wp-content\/uploads\/2025\/06\/img-20250622-wa0000-1536x864.jpg 1536w, https:\/\/obera.fr\/wp-content\/uploads\/2025\/06\/img-20250622-wa0000.jpg 1600w\" sizes=\"(max-width: 1024px) 100vw, 1024px\" \/><\/figure>\n<\/div>\n<\/div>\n\n<p><\/p>\n\n<p><\/p>\n\n<p><\/p>\n<div class=\"gb-container gb-container-025760be alignwide\">\n<div class=\"gb-container gb-container-9f708c38\"><\/div>\n<\/div><div class=\"gb-container gb-container-fc410df5\">\n\n<figure class=\"wp-block-gallery has-nested-images columns-default is-cropped wp-block-gallery-1 is-layout-flex wp-block-gallery-is-layout-flex\">\n<figure class=\"wp-block-image size-large\"><img decoding=\"async\" width=\"1024\" height=\"766\" data-id=\"117665\" src=\"https:\/\/obera.fr\/wp-content\/uploads\/2025\/06\/img_20250629_142849-1024x766.jpg\" alt=\"RAF OberA pod alt&#xE1;nkami\" class=\"wp-image-117665\" srcset=\"https:\/\/obera.fr\/wp-content\/uploads\/2025\/06\/img_20250629_142849-1024x766.jpg 1024w, https:\/\/obera.fr\/wp-content\/uploads\/2025\/06\/img_20250629_142849-300x224.jpg 300w, https:\/\/obera.fr\/wp-content\/uploads\/2025\/06\/img_20250629_142849-768x574.jpg 768w, https:\/\/obera.fr\/wp-content\/uploads\/2025\/06\/img_20250629_142849-1536x1149.jpg 1536w, https:\/\/obera.fr\/wp-content\/uploads\/2025\/06\/img_20250629_142849-2048x1532.jpg 2048w\" sizes=\"(max-width: 1024px) 100vw, 1024px\" \/><\/figure>\n\n\n\n<figure class=\"wp-block-image size-large\"><img decoding=\"async\" width=\"1024\" height=\"766\" data-id=\"117607\" src=\"https:\/\/obera.fr\/wp-content\/uploads\/2025\/06\/img_20250629_145330-1024x766.jpg\" alt=\"RAF OberA efem&#xE9;rne podujatie pod hol&#xFD;m nebom\" class=\"wp-image-117607\" srcset=\"https:\/\/obera.fr\/wp-content\/uploads\/2025\/06\/img_20250629_145330-1024x766.jpg 1024w, https:\/\/obera.fr\/wp-content\/uploads\/2025\/06\/img_20250629_145330-300x224.jpg 300w, https:\/\/obera.fr\/wp-content\/uploads\/2025\/06\/img_20250629_145330-768x574.jpg 768w, https:\/\/obera.fr\/wp-content\/uploads\/2025\/06\/img_20250629_145330-1536x1149.jpg 1536w, https:\/\/obera.fr\/wp-content\/uploads\/2025\/06\/img_20250629_145330-2048x1532.jpg 2048w\" sizes=\"(max-width: 1024px) 100vw, 1024px\" \/><\/figure>\n<\/figure>\n\n<\/div>\n<div class=\"wp-block-columns is-layout-flex wp-container-core-columns-is-layout-28f84493 wp-block-columns-is-layout-flex\">\n<div class=\"wp-block-column is-layout-flow wp-block-column-is-layout-flow\" style=\"flex-basis:66.66%\">\n<p><\/p>\n\n\n\n<p><\/p>\n\n\n\n<h2 class=\"wp-block-heading\">Vyroben\u00e9 vo Franc\u00fazsku s 5-ro\u010dnou z\u00e1rukou  <\/h2>\n\n\n\n<p>Z\u00e1kladom n\u00e1\u0161ho pr\u00edstupu je podpora miestneho priemyslu. Na\u0161e<strong> chladiace zariadenia sa vyr\u00e1baj\u00fa v\u00fdhradne vo Franc\u00fazsku<\/strong>, \u010do zaru\u010duje \u0161pi\u010dkov\u00fa kvalitu a optim\u00e1lnu reakciu v pr\u00edpade potreby. Navy\u0161e pon\u00fakame 5-ro\u010dn\u00fa z\u00e1ruku, ktor\u00e1 sved\u010d\u00ed o trvanlivosti a spo\u013eahlivosti na\u0161ich v\u00fdrobkov.    <\/p>\n\n\n\n<p><\/p>\n\n\n\n<h2 class=\"wp-block-heading\">Ekol\u00f3gia a hospod\u00e1rstvo: v\u00ed\u0165azn\u00e1 dvojica  <\/h2>\n\n\n\n<p>Okrem toho, \u017ee s\u00fa na\u0161e jednotky energeticky \u00fasporn\u00e9, nepou\u017e\u00edvaj\u00fa \u017eiadne chladiv\u00e1, \u010d\u00edm sa zni\u017euje ich vplyv na \u017eivotn\u00e9 prostredie. S\u00fa tie\u017e \u00fasporn\u00e9 pri pou\u017e\u00edvan\u00ed, s minim\u00e1lnou <strong>spotrebou vody<\/strong> a elektrickej energie, tak\u017ee s\u00fa ide\u00e1lne pre jednorazov\u00e9 podujatia alebo objekty bez pr\u00edstupu k v\u00fdkonn\u00fdm elektrick\u00fdm zariadeniam.   <\/p>\n\n\n\n<p><\/p>\n\n\n\n<h2 class=\"wp-block-heading\">Technick\u00e9 \u0161pecifik\u00e1cie  <\/h2>\n\n\n\n<ul class=\"wp-block-list\">\n<li><strong>Prietok vzduchu<\/strong>: a\u017e 30 000 m\u00b3\/h, vhodn\u00e9 pre plochy do 400 m\u00b2.  <\/li>\n\n\n\n<li><strong>N\u00e1dr\u017e na vodu <\/strong>: Ve\u013ek\u00e1 kapacita pre dlh\u0161iu auton\u00f3miu.  <\/li>\n\n\n\n<li><strong>\u00darovne ventil\u00e1cie<\/strong>: Nieko\u013eko r\u00fdchlost\u00ed pre individu\u00e1lne pohodlie.  <\/li>\n\n\n\n<li><strong>Hladina hluku<\/strong>: Tich\u00fd, ide\u00e1lny pre prostredia vy\u017eaduj\u00face pokojn\u00fa atmosf\u00e9ru.<\/li>\n\n\n\n<li><strong>\u010eal\u0161ie funkcie<\/strong>: v\u010faka patentovanej predfiltr\u00e1cii Pureflow poskytuj\u00fa na\u0161e chladi\u010de \u010derstv\u00fd, zdrav\u00fd vzduch, ide\u00e1lny napr\u00edklad na podujatia s pieskom alebo prachom od be\u017ecov.  <\/li>\n\n\n\n<li><\/li>\n<\/ul>\n<\/div>\n\n\n\n<div class=\"wp-block-column is-layout-flow wp-block-column-is-layout-flow\" style=\"flex-basis:33.33%\">\n<figure class=\"wp-block-gallery has-nested-images columns-default is-cropped wp-block-gallery-2 is-layout-flex wp-block-gallery-is-layout-flex\"><\/figure>\n\n\n\n<figure class=\"wp-block-image size-large\"><img decoding=\"async\" width=\"1024\" height=\"1024\" src=\"https:\/\/obera.fr\/wp-content\/uploads\/2025\/06\/5-2-1024x1024.png\" alt=\"St&#xE1;nok s ob&#x10D;erstven&#xED;m RAF OberA  \" class=\"wp-image-115951\" srcset=\"https:\/\/obera.fr\/wp-content\/uploads\/2025\/06\/5-2-1024x1024.png 1024w, https:\/\/obera.fr\/wp-content\/uploads\/2025\/06\/5-2-300x300.png 300w, https:\/\/obera.fr\/wp-content\/uploads\/2025\/06\/5-2-150x150.png 150w, https:\/\/obera.fr\/wp-content\/uploads\/2025\/06\/5-2-768x768.png 768w, https:\/\/obera.fr\/wp-content\/uploads\/2025\/06\/5-2.png 1200w\" sizes=\"(max-width: 1024px) 100vw, 1024px\" \/><\/figure>\n<\/div>\n<\/div>\n\n<h2 class=\"wp-block-heading\">Jednoduch\u00e1 in\u0161tal\u00e1cia a pou\u017e\u00edvanie  <\/h2>\n\n<p>Nie je potrebn\u00e1 <a href=\"https:\/\/obera.fr\/sk\/nasa-rada\/le-principe-de-fonctionnement-du-refroidissement-adiabatique-air-eau-evaporation\/\">zlo\u017eit\u00e1 in\u0161tal\u00e1cia ani odtokov\u00e9 r\u00fary<\/a>. Sta\u010d\u00ed naplni\u0165 n\u00e1dr\u017e na vodu, zapoji\u0165 jednotku a umiestni\u0165 ju na po\u017eadovan\u00e9 miesto. Ich intuit\u00edvny dizajn znamen\u00e1, \u017ee sa daj\u00fa r\u00fdchlo nastavi\u0165, \u010do je nevyhnutn\u00e9 pri podujatiach s obmedzen\u00fdm trvan\u00edm.    <\/p>\n\n<p><\/p>\n\n<p><\/p>\n\n<h2 class=\"wp-block-heading\">Kontaktujte n\u00e1s  <\/h2>\n\n<p>Ste pripraven\u00ed prinies\u0165 na <strong>svoje podujatia z\u00e1van \u010derstv\u00e9ho vzduchu<\/strong>? Na\u0161i odborn\u00edci s\u00fa v\u00e1m k dispoz\u00edcii a poradia v\u00e1m, ak\u00fd model najlep\u0161ie vyhovuje va\u0161im potreb\u00e1m. Nev\u00e1hajte n\u00e1s kontaktova\u0165 pre individu\u00e1lnu cenov\u00fa ponuku alebo ak m\u00e1te \u010fal\u0161ie ot\u00e1zky.  <\/p>\n\n<p><\/p>\n\n<p><\/p>\n\n<figure class=\"wp-block-gallery has-nested-images columns-default is-cropped wp-block-gallery-3 is-layout-flex wp-block-gallery-is-layout-flex\">\n<figure class=\"wp-block-image size-large\"><img decoding=\"async\" width=\"768\" height=\"1024\" data-id=\"115880\" src=\"https:\/\/obera.fr\/wp-content\/uploads\/2025\/06\/2-2-768x1024.png\" alt=\"Mobiln&#xE1; o&#x161;etrov&#x148;a RAF OberA\" class=\"wp-image-115880\" srcset=\"https:\/\/obera.fr\/wp-content\/uploads\/2025\/06\/2-2-768x1024.png 768w, https:\/\/obera.fr\/wp-content\/uploads\/2025\/06\/2-2-225x300.png 225w, https:\/\/obera.fr\/wp-content\/uploads\/2025\/06\/2-2.png 900w\" sizes=\"(max-width: 768px) 100vw, 768px\" \/><\/figure>\n\n\n\n<figure class=\"wp-block-image size-large\"><img decoding=\"async\" width=\"768\" height=\"1024\" data-id=\"115856\" src=\"https:\/\/obera.fr\/wp-content\/uploads\/2025\/06\/1-2-768x1024.png\" alt=\"RAF OberA Tonnelle\" class=\"wp-image-115856\" srcset=\"https:\/\/obera.fr\/wp-content\/uploads\/2025\/06\/1-2-768x1024.png 768w, https:\/\/obera.fr\/wp-content\/uploads\/2025\/06\/1-2-225x300.png 225w, https:\/\/obera.fr\/wp-content\/uploads\/2025\/06\/1-2.png 900w\" sizes=\"(max-width: 768px) 100vw, 768px\" \/><\/figure>\n\n\n\n<figure class=\"wp-block-image size-large\"><img decoding=\"async\" width=\"1024\" height=\"1024\" data-id=\"115903\" src=\"https:\/\/obera.fr\/wp-content\/uploads\/2025\/06\/3-2-1024x1024.png\" alt=\"RAF OberA Food truck\" class=\"wp-image-115903\" srcset=\"https:\/\/obera.fr\/wp-content\/uploads\/2025\/06\/3-2-1024x1024.png 1024w, https:\/\/obera.fr\/wp-content\/uploads\/2025\/06\/3-2-300x300.png 300w, https:\/\/obera.fr\/wp-content\/uploads\/2025\/06\/3-2-150x150.png 150w, https:\/\/obera.fr\/wp-content\/uploads\/2025\/06\/3-2-768x768.png 768w, https:\/\/obera.fr\/wp-content\/uploads\/2025\/06\/3-2.png 1200w\" sizes=\"(max-width: 1024px) 100vw, 1024px\" \/><\/figure>\n<\/figure>\n","protected":false},"excerpt":{"rendered":"<p>V dne\u0161n\u00fdch podmienkach, ke\u010f sa zvy\u0161uje po\u010det do\u010dasn\u00fdch podujat\u00ed, ako s\u00fa festivaly, \u0161portov\u00e9 podujatia, putovn\u00e9 trhy, ve\u013etrhy a kr\u00e1tkodob\u00e9 re\u0161taur\u00e1cie, je nevyhnutn\u00e9 zabezpe\u010di\u0165 tepeln\u00fd komfort \u00fa\u010dastn\u00edkov.<\/p>\n","protected":false},"author":13,"featured_media":120421,"comment_status":"open","ping_status":"closed","sticky":false,"template":"","format":"standard","meta":{"_acf_changed":false,"_seopress_robots_primary_cat":"none","_seopress_titles_title":"Franc\u00fazske mobiln\u00e9 chladiace boxy pre efem\u00e9rne podujatia","_seopress_titles_desc":"Mobiln\u00e9 adiabatick\u00e9 chladiace zariadenia vyroben\u00e9 vo Franc\u00fazsku, ekologick\u00e9 a \u00fasporn\u00e9, ide\u00e1lne na kr\u00e1tkodob\u00e9 podujatia, ako s\u00fa festivaly alebo trhy.","_seopress_robots_index":"","footnotes":""},"categories":[458],"tags":[459],"class_list":["post-114977","post","type-post","status-publish","format-standard","has-post-thumbnail","hentry","category-umenie-zabava-a-rekreacia","tag-chladnicky","generate-columns","tablet-grid-50","mobile-grid-100","grid-parent","grid-50","no-featured-image-padding","resize-featured-image"],"acf":[],"_links":{"self":[{"href":"https:\/\/obera.fr\/sk\/wp-json\/wp\/v2\/posts\/114977","targetHints":{"allow":["GET"]}}],"collection":[{"href":"https:\/\/obera.fr\/sk\/wp-json\/wp\/v2\/posts"}],"about":[{"href":"https:\/\/obera.fr\/sk\/wp-json\/wp\/v2\/types\/post"}],"author":[{"embeddable":true,"href":"https:\/\/obera.fr\/sk\/wp-json\/wp\/v2\/users\/13"}],"replies":[{"embeddable":true,"href":"https:\/\/obera.fr\/sk\/wp-json\/wp\/v2\/comments?post=114977"}],"version-history":[{"count":21,"href":"https:\/\/obera.fr\/sk\/wp-json\/wp\/v2\/posts\/114977\/revisions"}],"predecessor-version":[{"id":122944,"href":"https:\/\/obera.fr\/sk\/wp-json\/wp\/v2\/posts\/114977\/revisions\/122944"}],"wp:featuredmedia":[{"embeddable":true,"href":"https:\/\/obera.fr\/sk\/wp-json\/wp\/v2\/media\/120421"}],"wp:attachment":[{"href":"https:\/\/obera.fr\/sk\/wp-json\/wp\/v2\/media?parent=114977"}],"wp:term":[{"taxonomy":"category","embeddable":true,"href":"https:\/\/obera.fr\/sk\/wp-json\/wp\/v2\/categories?post=114977"},{"taxonomy":"post_tag","embeddable":true,"href":"https:\/\/obera.fr\/sk\/wp-json\/wp\/v2\/tags?post=114977"}],"curies":[{"name":"wp","href":"https:\/\/api.w.org\/{rel}","templated":true}]}}