{"id":118462,"date":"2025-06-30T15:30:10","date_gmt":"2025-06-30T13:30:10","guid":{"rendered":"https:\/\/obera.fr\/nase-rada\/rafraichisseur-garage\/"},"modified":"2025-07-16T11:02:41","modified_gmt":"2025-07-16T09:02:41","slug":"rafraichisseur-garage","status":"publish","type":"post","link":"https:\/\/obera.fr\/sk\/osobne-a-nakladne-vozidla\/rafraichisseur-garage\/","title":{"rendered":"Teplo v gar\u00e1\u017each: ka\u017edodenn\u00fd probl\u00e9m, ktor\u00fd je v\u010faka chladi\u010dom OberA kone\u010dne pod kontrolou"},"content":{"rendered":"\n<div class=\"wp-block-columns is-layout-flex wp-container-core-columns-is-layout-28f84493 wp-block-columns-is-layout-flex\">\n<div class=\"wp-block-column is-layout-flow wp-block-column-is-layout-flow\" style=\"flex-basis:66.66%\">\n<p><strong>Automobilov\u00fd priemysel sa prehrieva<\/strong> a hor\u00fa\u010davy v gar\u00e1\u017each a diel\u0148ach<br\/>sa st\u00e1vaj\u00fa pohromou pre odborn\u00edkov v tomto odvetv\u00ed.<br\/><br\/>Ka\u017ed\u00e9 leto v diel\u0148ach sa hor\u00fa\u010davy r\u00fdchlo st\u00e1vaj\u00fa pre <strong>mechanikov ve\u013ekou prek\u00e1\u017ekou, ktor\u00e1<\/strong> ovplyv\u0148uje ich zdravie, bezpe\u010dnos\u0165 a produktivitu.<br\/><br\/>Vlny hor\u00fa\u010dav s\u00fa vo Franc\u00fazsku \u010doraz \u010dastej\u0161ie a intenz\u00edvnej\u0161ie. Pod\u013ea M\u00e9t\u00e9o France<strong> za\u017eila krajina za<\/strong> posledn\u00fdch 20 rokov<strong> 8 z 10 najhor\u00facej\u0161\u00edch letn\u00fdch obdob\u00ed<\/strong> od roku 1900. <\/p>\n<\/div>\n\n\n\n<div class=\"wp-block-column is-layout-flow wp-block-column-is-layout-flow\" style=\"flex-basis:33.33%\">\n<figure class=\"wp-block-image aligncenter size-full is-resized\"><img decoding=\"async\" width=\"612\" height=\"612\" src=\"https:\/\/obera.fr\/wp-content\/uploads\/2025\/06\/istockphoto-629496278-612x612-1.jpg\" alt=\"Gar&#xE1;&#x17E; pre auto\" class=\"wp-image-118791\" style=\"width:326px;height:auto\" srcset=\"https:\/\/obera.fr\/wp-content\/uploads\/2025\/06\/istockphoto-629496278-612x612-1.jpg 612w, https:\/\/obera.fr\/wp-content\/uploads\/2025\/06\/istockphoto-629496278-612x612-1-300x300.jpg 300w, https:\/\/obera.fr\/wp-content\/uploads\/2025\/06\/istockphoto-629496278-612x612-1-150x150.jpg 150w\" sizes=\"(max-width: 612px) 100vw, 612px\" \/><\/figure>\n<\/div>\n<\/div>\n\n<h2 class=\"wp-block-heading\">Extr\u00e9mne teploty v zle izolovan\u00fdch diel\u0148ach<\/h2>\n\n<p><a href=\"https:\/\/obera.fr\/sk\/nase-rada\/rafraichisseur-production-automobile\/\">Autoservisy a dielne s\u00fa \u010dasto zle vetran\u00e9,<\/a> \u010diasto\u010dne otvoren\u00e9, so zariadeniami, ktor\u00e9 uvo\u013e\u0148uj\u00fa vysok\u00e9 teploty, ako s\u00fa hor\u00face motory, hydraulick\u00e9 mosty, kompresory at\u010f.<br\/>Po\u010das vlny hor\u00fa\u010dav <strong>m\u00f4\u017ee teplota okolia <\/strong>v uzavretej dielni alebo pri otvoren\u00fdch dver\u00e1ch <strong>\u013eahko dosiahnu\u0165 35 a\u017e 45 \u00b0C, <\/strong>\u010do m\u00e1 za n\u00e1sledok dusiv\u00e9 vonkaj\u0161ie teploty.<br\/><br\/>Tieto vysok\u00e9 teploty maj\u00fa pre automechanikov konkr\u00e9tne d\u00f4sledky:  <\/p>\n\n<ul class=\"wp-block-list\">\n<li><strong>Zdravotn\u00e9 probl\u00e9my<\/strong> \u2192 \u00fapal, dehydrat\u00e1cia a mal\u00e1tnos\u0165 sa opakuj\u00fa<\/li>\n\n\n\n<li><strong>Zn\u00ed\u017een\u00e1 koncentr\u00e1cia<\/strong> \u2192 teplo vedie k zv\u00fd\u0161en\u00e9mu riziku technick\u00fdch ch\u00fdb<\/li>\n\n\n\n<li><strong>Vplyv na celkov\u00fd v\u00fdkon<\/strong> \u2192 zn\u00ed\u017eenie v\u00fdkonu, strata efektivity, do\u010dasn\u00e1 pracovn\u00e1 neschopnos\u0165<\/li>\n\n\n\n<li><strong>D\u00f4sledky pre t\u00edmy<\/strong> \u2192 zv\u00fd\u0161en\u00e1 fluktu\u00e1cia, \u010dast\u00e9 v\u00fdmeny<\/li>\n<\/ul>\n\n<p><\/p>\n\n<h2 class=\"wp-block-heading\">Osved\u010den\u00e9 rie\u0161enie: priemyseln\u00e9 chladi\u010de vzduchu OberA<\/h2>\n\n<p>Spolo\u010dnos\u0165 OberA poskytuje vysoko v\u00fdkonn\u00e9, odoln\u00e9 a \u013eahko in\u0161talovate\u013en\u00e9 rie\u0161enie chladenia. N\u00e1\u0161 rad chladi\u010dov IC <strong>sa<\/strong> dokonale <strong>hod\u00ed do automobilov\u00e9ho prostredia,<\/strong> ako s\u00fa gar\u00e1\u017ee a dielne na \u00fadr\u017ebu, opravy a v\u00fdrobu. <\/p>\n\n<p><br\/>Na\u0161e IC s\u00fa vhodn\u00e9 pre plochy od 80 do 400 m\u00b2 a pon\u00fakaj\u00fa v\u00e1\u0161mu sektoru :<br\/><\/p>\n\n<ul class=\"wp-block-list\">\n<li>Technologick\u00e1 inov\u00e1cia zalo\u017een\u00e1 na historickom a pr\u00edrodnom princ\u00edpe: odparovanie vody<\/li>\n\n\n\n<li>15-kr\u00e1t ni\u017e\u0161ie prev\u00e1dzkov\u00e9 n\u00e1klady ako klimatiz\u00e1cia<\/li>\n\n\n\n<li>Kompletn\u00fd sortiment na splnenie v\u0161etk\u00fdch va\u0161ich potrieb a obmedzen\u00ed<\/li>\n\n\n\n<li>Ve\u013emi n\u00edzka uhl\u00edkov\u00e1 stopa (\u017eiadne chladivo), ktor\u00e1 neuvo\u013e\u0148uje tepl\u00fd vzduch (\u017eiadny efekt &#8222;tepeln\u00e9ho ostrova&#8220;)<\/li>\n\n\n\n<li>Sortiment kvalitn\u00fdch v\u00fdrobkov vyr\u00e1ban\u00fdch vo Franc\u00fazsku<\/li>\n\n\n\n<li>Praktick\u00e9, prisp\u00f4sobite\u013en\u00e9 a mobiln\u00e9 rie\u0161enie &#8222;plug and play&#8220;<\/li>\n\n\n\n<li>R\u00fdchla a n\u00e1kladovo efekt\u00edvna \u00fadr\u017eba<\/li>\n\n\n\n<li>Z\u00e1ruka 5 rokov<br\/><\/li>\n<\/ul>\n\n<p>V\u010faka patentovanej inov\u00e1cii &#8222;Pureflow&#8220; <strong>kombinuje<\/strong> spolo\u010dnos\u0165 OberA <strong>chladenie a \u010distenie<\/strong>, \u010d\u00edm zaru\u010duje vynikaj\u00facu kvalitu vzduchu v gar\u00e1\u017each a autodiel\u0148ach.<\/p>\n\n<p><\/p>\n\n<div class=\"wp-block-columns is-layout-flex wp-container-core-columns-is-layout-28f84493 wp-block-columns-is-layout-flex\">\n<div class=\"wp-block-column is-layout-flow wp-block-column-is-layout-flow\">\n<h3 class=\"wp-block-heading has-text-align-center\">IC 12<\/h3>\n\n\n\n<figure class=\"wp-block-image aligncenter size-full is-resized\"><a href=\"https:\/\/obera.fr\/produits\/rafraichisseurs-air\/rafraichisseurs-par-evaporation-ic\/\"><img decoding=\"async\" width=\"1200\" height=\"1200\" src=\"https:\/\/obera.fr\/wp-content\/uploads\/2025\/04\/img-ic-12.png\" alt=\"img ic 12\" class=\"wp-image-87231\" style=\"object-fit:cover;width:300px;height:300px\" srcset=\"https:\/\/obera.fr\/wp-content\/uploads\/2025\/04\/img-ic-12.png 1200w, https:\/\/obera.fr\/wp-content\/uploads\/2025\/04\/img-ic-12-300x300.png 300w, https:\/\/obera.fr\/wp-content\/uploads\/2025\/04\/img-ic-12-1024x1024.png 1024w, https:\/\/obera.fr\/wp-content\/uploads\/2025\/04\/img-ic-12-150x150.png 150w, https:\/\/obera.fr\/wp-content\/uploads\/2025\/04\/img-ic-12-768x768.png 768w\" sizes=\"(max-width: 1200px) 100vw, 1200px\" \/><\/a><\/figure>\n<\/div>\n\n\n\n<div class=\"wp-block-column is-layout-flow wp-block-column-is-layout-flow\">\n<h3 class=\"wp-block-heading has-text-align-center\">IC 22<\/h3>\n\n\n\n<figure class=\"wp-block-image aligncenter size-full is-resized\"><a href=\"https:\/\/obera.fr\/produits\/rafraichisseurs-air\/rafraichisseurs-par-evaporation-ic\/\"><img decoding=\"async\" width=\"1200\" height=\"1200\" src=\"https:\/\/obera.fr\/wp-content\/uploads\/2025\/04\/img-ic-22.png\" alt=\"Obr&#xE1;zok ic 22\" class=\"wp-image-87254\" style=\"object-fit:cover;width:300px;height:300px\" srcset=\"https:\/\/obera.fr\/wp-content\/uploads\/2025\/04\/img-ic-22.png 1200w, https:\/\/obera.fr\/wp-content\/uploads\/2025\/04\/img-ic-22-300x300.png 300w, https:\/\/obera.fr\/wp-content\/uploads\/2025\/04\/img-ic-22-1024x1024.png 1024w, https:\/\/obera.fr\/wp-content\/uploads\/2025\/04\/img-ic-22-150x150.png 150w, https:\/\/obera.fr\/wp-content\/uploads\/2025\/04\/img-ic-22-768x768.png 768w\" sizes=\"(max-width: 1200px) 100vw, 1200px\" \/><\/a><\/figure>\n<\/div>\n\n\n\n<div class=\"wp-block-column is-layout-flow wp-block-column-is-layout-flow\">\n<h3 class=\"wp-block-heading has-text-align-center\">IC 30<\/h3>\n\n\n\n<figure class=\"wp-block-image aligncenter size-full is-resized\"><a href=\"https:\/\/obera.fr\/produits\/rafraichisseurs-air\/rafraichisseurs-par-evaporation-ic\/\"><img decoding=\"async\" width=\"1200\" height=\"1200\" src=\"https:\/\/obera.fr\/wp-content\/uploads\/2025\/04\/img-ic-30.png\" alt=\"img ic 30\" class=\"wp-image-87278\" style=\"object-fit:cover;width:300px;height:300px\" srcset=\"https:\/\/obera.fr\/wp-content\/uploads\/2025\/04\/img-ic-30.png 1200w, https:\/\/obera.fr\/wp-content\/uploads\/2025\/04\/img-ic-30-300x300.png 300w, https:\/\/obera.fr\/wp-content\/uploads\/2025\/04\/img-ic-30-1024x1024.png 1024w, https:\/\/obera.fr\/wp-content\/uploads\/2025\/04\/img-ic-30-150x150.png 150w, https:\/\/obera.fr\/wp-content\/uploads\/2025\/04\/img-ic-30-768x768.png 768w\" sizes=\"(max-width: 1200px) 100vw, 1200px\" \/><\/a><\/figure>\n<\/div>\n<\/div>\n\n<div class=\"wp-block-buttons is-content-justification-center is-layout-flex wp-container-core-buttons-is-layout-a89b3969 wp-block-buttons-is-layout-flex\">\n<div class=\"wp-block-button\"><a class=\"wp-block-button__link has-text-align-center wp-element-button\" href=\"https:\/\/obera.fr\/sk\/produits\/rafraichisseurs-air\/\"><strong>Objavte na\u0161e chladni\u010dky<\/strong><\/a><\/div>\n<\/div>\n\n<div style=\"height:81px\" aria-hidden=\"true\" class=\"wp-block-spacer\"><\/div>\n\n<h2 class=\"wp-block-heading\">Autoservis Volkswagen Fabris v Irmstett (67)<\/h2>\n\n<div class=\"wp-block-columns is-layout-flex wp-container-core-columns-is-layout-28f84493 wp-block-columns-is-layout-flex\">\n<div class=\"wp-block-column is-layout-flow wp-block-column-is-layout-flow\" style=\"flex-basis:80%\">\n<p><\/p>\n\n\n\n<p><strong>Gar\u00e1\u017e Volkswagen Fabris<\/strong>, ktor\u00e1 sa nach\u00e1dza v regi\u00f3ne Bas-Rhin vo Franc\u00fazsku, \u010delila, ako ka\u017ed\u00fd rok, v\u00fdrazn\u00e9mu n\u00e1rastu teploty vo svojej dielni.<br\/>S cie\u013eom zlep\u0161i\u0165 komfort svojich mechanikov sme navrhli nieko\u013ekod\u0148ov\u00fd test n\u00e1\u0161ho modelu IC 12, aby sme preuk\u00e1zali<strong>\u00fa\u010dinnos\u0165 n\u00e1\u0161ho<\/strong> chladiaceho<strong>rie\u0161enia<\/strong> Made In France.<\/p>\n\n\n\n<p><\/p>\n\n\n\n<h3 class=\"wp-block-heading\">Okam\u017eit\u00e9 v\u00fdsledky<\/h3>\n\n\n\n<blockquote class=\"wp-block-quote is-layout-flow wp-block-quote-is-layout-flow\">\n<p>&#8222;Je to jednoduch\u00e9, moji mechanici tomu neverili, ale po nieko\u013ek\u00fdch min\u00fatach pou\u017e\u00edvania sme videli v\u00fdrazn\u00fd pokles teploty. <strong>Z\u00edskali sme na komforte,<\/strong> ale aj na \u00fa\u010dinnosti. Atmosf\u00e9ra v dielni je uvo\u013enenej\u0161ia a priazniv\u00e1 pre pr\u00e1cu v ove\u013ea lep\u0161\u00edch podmienkach.  <br\/><br\/>P\u00e1n Fabris, majite\u013e gar\u00e1\u017ee FABRIS.<\/p>\n<\/blockquote>\n<\/div>\n\n\n\n<div class=\"wp-block-column is-layout-flow wp-block-column-is-layout-flow\" style=\"flex-basis:50%\"><style>.kb-gallery-id-118196_6fa53f-8e .kadence-blocks-gallery-item .kb-gal-image-radius, .kb-gallery-id-118196_6fa53f-8e .kb-slide-item .kb-gal-image-radius img{border-radius:0px 0px 0px 0px;;}.kb-gallery-wrap-id-118196_6fa53f-8e.wp-block-kadence-advancedgallery{overflow:visible;}.kb-gallery-wrap-id-118196_6fa53f-8e.wp-block-kadence-advancedgallery .kt-blocks-carousel{overflow:visible;}<\/style><div class=\"kb-gallery-wrap-id-118196_6fa53f-8e alignnone wp-block-kadence-advancedgallery\"><div class=\"kb-gallery-ul kb-gallery-non-static kb-gallery-type-slider kb-gallery-id-118196_6fa53f-8e kb-gallery-caption-style-bottom-hover kb-gallery-filter-none\" data-image-filter=\"none\" data-lightbox-caption=\"true\"><div class=\"kt-blocks-carousel splide kt-carousel-container-dotstyle-dark kt-carousel-arrowstyle-whiteondark kt-carousel-dotstyle-dark kb-slider-group-arrow kb-slider-arrow-position-center\" data-slider-anim-speed=\"400\" data-slider-scroll=\"1\" data-slider-arrows=\"true\" data-slider-fade=\"true\" data-slider-dots=\"true\" data-slider-type=\"slider\" data-slider-hover-pause=\"false\" data-slider-auto=\"\" data-slider-speed=\"7000\" data-show-pause-button=\"false\"><div class=\"splide__track\"><ul class=\"kt-blocks-carousel-init kb-blocks-slider splide__list\"><li class=\"kb-slide-item kb-gallery-slide-item splide__slide\"><div class=\"kadence-blocks-gallery-item\"><div class=\"kadence-blocks-gallery-item-inner\"><figure class=\"kb-gallery-figure kadence-blocks-gallery-item-hide-caption\"><div class=\"kb-gal-image-radius\"><div class=\"kb-gallery-image-contain kadence-blocks-gallery-intrinsic kb-gallery-image-ratio-land32 kb-has-image-ratio-land32\" ><img decoding=\"async\" src=\"https:\/\/obera.fr\/wp-content\/uploads\/2025\/06\/raf-ic-12-secteur-automobile.3-1024x1024.png\" width=\"1024\" height=\"1024\" alt=\"raf ic 12 secteur automobile\" data-full-image=\"https:\/\/obera.fr\/wp-content\/uploads\/2025\/06\/raf-ic-12-secteur-automobile.3.png\" data-light-image=\"https:\/\/obera.fr\/wp-content\/uploads\/2025\/06\/raf-ic-12-secteur-automobile.3.png\" data-id=\"118287\" class=\"wp-image-118287 skip-lazy\" srcset=\"https:\/\/obera.fr\/wp-content\/uploads\/2025\/06\/raf-ic-12-secteur-automobile.3-1024x1024.png 1024w, https:\/\/obera.fr\/wp-content\/uploads\/2025\/06\/raf-ic-12-secteur-automobile.3-300x300.png 300w, https:\/\/obera.fr\/wp-content\/uploads\/2025\/06\/raf-ic-12-secteur-automobile.3-150x150.png 150w, https:\/\/obera.fr\/wp-content\/uploads\/2025\/06\/raf-ic-12-secteur-automobile.3-768x768.png 768w, https:\/\/obera.fr\/wp-content\/uploads\/2025\/06\/raf-ic-12-secteur-automobile.3.png 1200w\" sizes=\"(max-width: 1024px) 100vw, 1024px\" \/><\/div><\/div><\/figure><\/div><\/div><\/li><li class=\"kb-slide-item kb-gallery-slide-item splide__slide\"><div class=\"kadence-blocks-gallery-item\"><div class=\"kadence-blocks-gallery-item-inner\"><figure class=\"kb-gallery-figure kadence-blocks-gallery-item-hide-caption\"><div class=\"kb-gal-image-radius\"><div class=\"kb-gallery-image-contain kadence-blocks-gallery-intrinsic kb-gallery-image-ratio-land32 kb-has-image-ratio-land32\" ><img decoding=\"async\" src=\"https:\/\/obera.fr\/wp-content\/uploads\/2025\/06\/raf-ic-12-secteur-automobile.2-1024x1024.png\" width=\"1024\" height=\"1024\" alt=\"raf ic 12 secteur\" data-full-image=\"https:\/\/obera.fr\/wp-content\/uploads\/2025\/06\/raf-ic-12-secteur-automobile.2.png\" data-light-image=\"https:\/\/obera.fr\/wp-content\/uploads\/2025\/06\/raf-ic-12-secteur-automobile.2.png\" data-id=\"118313\" class=\"wp-image-118313 skip-lazy\" srcset=\"https:\/\/obera.fr\/wp-content\/uploads\/2025\/06\/raf-ic-12-secteur-automobile.2-1024x1024.png 1024w, https:\/\/obera.fr\/wp-content\/uploads\/2025\/06\/raf-ic-12-secteur-automobile.2-300x300.png 300w, https:\/\/obera.fr\/wp-content\/uploads\/2025\/06\/raf-ic-12-secteur-automobile.2-150x150.png 150w, https:\/\/obera.fr\/wp-content\/uploads\/2025\/06\/raf-ic-12-secteur-automobile.2-768x768.png 768w, https:\/\/obera.fr\/wp-content\/uploads\/2025\/06\/raf-ic-12-secteur-automobile.2.png 1200w\" sizes=\"(max-width: 1024px) 100vw, 1024px\" \/><\/div><\/div><\/figure><\/div><\/div><\/li><li class=\"kb-slide-item kb-gallery-slide-item splide__slide\"><div class=\"kadence-blocks-gallery-item\"><div class=\"kadence-blocks-gallery-item-inner\"><figure class=\"kb-gallery-figure kadence-blocks-gallery-item-hide-caption\"><div class=\"kb-gal-image-radius\"><div class=\"kb-gallery-image-contain kadence-blocks-gallery-intrinsic kb-gallery-image-ratio-land32 kb-has-image-ratio-land32\" ><img decoding=\"async\" src=\"https:\/\/obera.fr\/wp-content\/uploads\/2025\/06\/raf-ic-12-secteur-automobile-1024x1024.png\" width=\"1024\" height=\"1024\" alt=\"raf ic 12 secteur garage\" data-full-image=\"https:\/\/obera.fr\/wp-content\/uploads\/2025\/06\/raf-ic-12-secteur-automobile.png\" data-light-image=\"https:\/\/obera.fr\/wp-content\/uploads\/2025\/06\/raf-ic-12-secteur-automobile.png\" data-id=\"118337\" class=\"wp-image-118337 skip-lazy\" srcset=\"https:\/\/obera.fr\/wp-content\/uploads\/2025\/06\/raf-ic-12-secteur-automobile-1024x1024.png 1024w, https:\/\/obera.fr\/wp-content\/uploads\/2025\/06\/raf-ic-12-secteur-automobile-300x300.png 300w, https:\/\/obera.fr\/wp-content\/uploads\/2025\/06\/raf-ic-12-secteur-automobile-150x150.png 150w, https:\/\/obera.fr\/wp-content\/uploads\/2025\/06\/raf-ic-12-secteur-automobile-768x768.png 768w, https:\/\/obera.fr\/wp-content\/uploads\/2025\/06\/raf-ic-12-secteur-automobile.png 1200w\" sizes=\"(max-width: 1024px) 100vw, 1024px\" \/><\/div><\/div><\/figure><\/div><\/div><\/li><li class=\"kb-slide-item kb-gallery-slide-item splide__slide\"><div class=\"kadence-blocks-gallery-item\"><div class=\"kadence-blocks-gallery-item-inner\"><figure class=\"kb-gallery-figure kadence-blocks-gallery-item-hide-caption\"><div class=\"kb-gal-image-radius\"><div class=\"kb-gallery-image-contain kadence-blocks-gallery-intrinsic kb-gallery-image-ratio-land32 kb-has-image-ratio-land32\" ><img decoding=\"async\" src=\"https:\/\/obera.fr\/wp-content\/uploads\/2025\/06\/raf-ic-12-secteur-automobile.4-1024x1024.png\" width=\"1024\" height=\"1024\" alt=\"raf ic 12\" data-full-image=\"https:\/\/obera.fr\/wp-content\/uploads\/2025\/06\/raf-ic-12-secteur-automobile.4.png\" data-light-image=\"https:\/\/obera.fr\/wp-content\/uploads\/2025\/06\/raf-ic-12-secteur-automobile.4.png\" data-id=\"118361\" class=\"wp-image-118361 skip-lazy\" srcset=\"https:\/\/obera.fr\/wp-content\/uploads\/2025\/06\/raf-ic-12-secteur-automobile.4-1024x1024.png 1024w, https:\/\/obera.fr\/wp-content\/uploads\/2025\/06\/raf-ic-12-secteur-automobile.4-300x300.png 300w, https:\/\/obera.fr\/wp-content\/uploads\/2025\/06\/raf-ic-12-secteur-automobile.4-150x150.png 150w, https:\/\/obera.fr\/wp-content\/uploads\/2025\/06\/raf-ic-12-secteur-automobile.4-768x768.png 768w, https:\/\/obera.fr\/wp-content\/uploads\/2025\/06\/raf-ic-12-secteur-automobile.4.png 1200w\" sizes=\"(max-width: 1024px) 100vw, 1024px\" \/><\/div><\/div><\/figure><\/div><\/div><\/li><li class=\"kb-slide-item kb-gallery-slide-item splide__slide\"><div class=\"kadence-blocks-gallery-item\"><div class=\"kadence-blocks-gallery-item-inner\"><figure class=\"kb-gallery-figure kadence-blocks-gallery-item-hide-caption\"><div class=\"kb-gal-image-radius\"><div class=\"kb-gallery-image-contain kadence-blocks-gallery-intrinsic kb-gallery-image-ratio-land32 kb-has-image-ratio-land32\" ><img decoding=\"async\" src=\"https:\/\/obera.fr\/wp-content\/uploads\/2025\/06\/raf-ic-12-secteur-automobile.1-1024x1024.png\" width=\"1024\" height=\"1024\" alt=\"raf ic 12 secteur auto\" data-full-image=\"https:\/\/obera.fr\/wp-content\/uploads\/2025\/06\/raf-ic-12-secteur-automobile.1.png\" data-light-image=\"https:\/\/obera.fr\/wp-content\/uploads\/2025\/06\/raf-ic-12-secteur-automobile.1.png\" data-id=\"118387\" class=\"wp-image-118387 skip-lazy\" srcset=\"https:\/\/obera.fr\/wp-content\/uploads\/2025\/06\/raf-ic-12-secteur-automobile.1-1024x1024.png 1024w, https:\/\/obera.fr\/wp-content\/uploads\/2025\/06\/raf-ic-12-secteur-automobile.1-300x300.png 300w, https:\/\/obera.fr\/wp-content\/uploads\/2025\/06\/raf-ic-12-secteur-automobile.1-150x150.png 150w, https:\/\/obera.fr\/wp-content\/uploads\/2025\/06\/raf-ic-12-secteur-automobile.1-768x768.png 768w, https:\/\/obera.fr\/wp-content\/uploads\/2025\/06\/raf-ic-12-secteur-automobile.1.png 1200w\" sizes=\"(max-width: 1024px) 100vw, 1024px\" \/><\/div><\/div><\/figure><\/div><\/div><\/li><\/ul><\/div><\/div><\/div><\/div><\/div>\n<\/div>\n\n<p><br\/>Po \u00faspechu n\u00e1\u0161ho rie\u0161enia sa gar\u00e1\u017e Volkswagen Fabris rozhodla zak\u00fapi\u0165 <strong>2 chladi\u010de OberA,<\/strong> \u010do predstavuje v\u00fdznamn\u00fd krok vpred pre pohodlie jej mechanikov po\u010das opakuj\u00facich sa hor\u00fa\u010dav.<\/p>\n\n<p><\/p>\n\n<h2 class=\"wp-block-heading\">Ste majite\u013eom autoservisu alebo pracujete v automobilovom priemysle? Objavte hmatate\u013en\u00e9 v\u00fdhody svie\u017eeho vzduchu vo va\u0161ej dielni<\/h2>\n\n<p>Boj s teplom v mechanickej dielni u\u017e nie je mo\u017en\u00fd: je to <strong>ot\u00e1zka zdravia, v\u00fdkonu a pohody na pracovisku<\/strong>.<\/p>\n\n<ul class=\"wp-block-list\">\n<li>Rovnako ako Gar\u00e1\u017e Fabris, vysk\u00fa\u0161ajte alebo si prenajmite n\u00e1\u0161 sortiment chladi\u010dov IC<\/li>\n\n\n\n<li>Kontaktujte n\u00e1s e\u0161te dnes pre r\u00fdchlu diagnostiku va\u0161ich potrieb v oblasti priemyseln\u00e9ho chladenia.<\/li>\n<\/ul>\n\n<p><\/p>\n\n<p>Pohodlie va\u0161ich zamestnancov nepo\u010dk\u00e1, s rie\u0161eniami OberA konajte hne\u010f!<\/p>\n\n<div style=\"height:51px\" aria-hidden=\"true\" class=\"wp-block-spacer\"><\/div>\n\n<div class=\"wp-block-buttons is-content-justification-center is-layout-flex wp-container-core-buttons-is-layout-a89b3969 wp-block-buttons-is-layout-flex\">\n<div class=\"wp-block-button\"><a class=\"wp-block-button__link has-text-align-center wp-element-button\" href=\"https:\/\/obera.fr\/sk\/contact\/\"><strong><strong>Kontaktujte n\u00e1s<\/strong><\/strong><\/a><\/div>\n\n\n\n<div class=\"wp-block-button\"><a class=\"wp-block-button__link has-text-align-center wp-element-button\" href=\"https:\/\/obera.fr\/sk\/location-appareil-industriel\/\"><strong><strong>Pren\u00e1jom n\u00e1\u0161ho vybavenia<\/strong><\/strong><\/a><\/div>\n<\/div>\n","protected":false},"excerpt":{"rendered":"<p>Automobilov\u00fd priemysel sa prehrieva a hor\u00fa\u010davy v gar\u00e1\u017each a diel\u0148ach<br \/>\nsa st\u00e1vaj\u00fa pohromou pre odborn\u00edkov v tomto odvetv\u00ed.<\/p>\n","protected":false},"author":13,"featured_media":120451,"comment_status":"open","ping_status":"closed","sticky":false,"template":"","format":"standard","meta":{"_acf_changed":false,"_seopress_robots_primary_cat":"none","_seopress_titles_title":"Chladni\u010dky OberA: u\u017e \u017eiadne teplo v gar\u00e1\u017each","_seopress_titles_desc":"Spolo\u010dnos\u0165 OberA poskytuje \u00fa\u010dinn\u00e9 rie\u0161enie probl\u00e9mu tepla v dielni: v\u010faka priemyseln\u00fdm chladi\u010dom vzduchu sa obnov\u00ed komfort, bezpe\u010dnos\u0165 a v\u00fdkon.","_seopress_robots_index":"","footnotes":""},"categories":[573],"tags":[459],"class_list":["post-118462","post","type-post","status-publish","format-standard","has-post-thumbnail","hentry","category-osobne-a-nakladne-vozidla","tag-chladnicky","generate-columns","tablet-grid-50","mobile-grid-100","grid-parent","grid-50","no-featured-image-padding","resize-featured-image"],"acf":[],"_links":{"self":[{"href":"https:\/\/obera.fr\/sk\/wp-json\/wp\/v2\/posts\/118462","targetHints":{"allow":["GET"]}}],"collection":[{"href":"https:\/\/obera.fr\/sk\/wp-json\/wp\/v2\/posts"}],"about":[{"href":"https:\/\/obera.fr\/sk\/wp-json\/wp\/v2\/types\/post"}],"author":[{"embeddable":true,"href":"https:\/\/obera.fr\/sk\/wp-json\/wp\/v2\/users\/13"}],"replies":[{"embeddable":true,"href":"https:\/\/obera.fr\/sk\/wp-json\/wp\/v2\/comments?post=118462"}],"version-history":[{"count":8,"href":"https:\/\/obera.fr\/sk\/wp-json\/wp\/v2\/posts\/118462\/revisions"}],"predecessor-version":[{"id":122826,"href":"https:\/\/obera.fr\/sk\/wp-json\/wp\/v2\/posts\/118462\/revisions\/122826"}],"wp:featuredmedia":[{"embeddable":true,"href":"https:\/\/obera.fr\/sk\/wp-json\/wp\/v2\/media\/120451"}],"wp:attachment":[{"href":"https:\/\/obera.fr\/sk\/wp-json\/wp\/v2\/media?parent=118462"}],"wp:term":[{"taxonomy":"category","embeddable":true,"href":"https:\/\/obera.fr\/sk\/wp-json\/wp\/v2\/categories?post=118462"},{"taxonomy":"post_tag","embeddable":true,"href":"https:\/\/obera.fr\/sk\/wp-json\/wp\/v2\/tags?post=118462"}],"curies":[{"name":"wp","href":"https:\/\/api.w.org\/{rel}","templated":true}]}}