{"id":123884,"date":"2025-07-18T10:00:00","date_gmt":"2025-07-18T08:00:00","guid":{"rendered":"https:\/\/obera.fr\/nase-rada\/vie-artisan-tailleur\/"},"modified":"2025-07-22T12:05:53","modified_gmt":"2025-07-22T10:05:53","slug":"vie-artisan-tailleur","status":"publish","type":"post","link":"https:\/\/obera.fr\/sk\/nasa-rada\/vie-artisan-tailleur\/","title":{"rendered":"\u017di\u0165 svoj \u017eivot ako kraj\u010d\u00edr v roku 2025: medzi v\u00e1\u0161\u0148ou a opatrnos\u0165ou"},"content":{"rendered":"\n<p><em>&#8222;S kame\u0148om sa ned\u00e1 pracova\u0165. Mus\u00edte ho re\u0161pektova\u0165.  <\/em><\/p>\n\n<p>To mi povedal m\u00f4j tr\u00e9ner v prv\u00fd de\u0148. O desa\u0165 rokov nesk\u00f4r sa to stalo mojou mantrou. By\u0165 kamen\u00e1rom v roku 2025 je st\u00e1le vecou v\u00e1\u0161ne. Dnes je to v\u0161ak aj o <strong>prevent\u00edvnych opatreniach<\/strong>.     <\/p>\n\n<h2 class=\"wp-block-heading\">  6.30 &#8211; Workshop sa preb\u00fadza  <\/h2>\n\n<p>Rann\u00e9 ticho, v\u00f4\u0148a k\u00e1vy&#8230; a zn\u00e1my zvuk kompresora. Otvor\u00edm dvere dielne. Na kozl\u00edkoch stoja v\u00e1pencov\u00e9 bloky, n\u00e1radie je pripraven\u00e9. \u010co m\u00e1m na tejto pr\u00e1ci r\u00e1d? T\u00fa premenu. Vzia\u0165 surov\u00fd materi\u00e1l a premeni\u0165 ho na nadpra\u017eie, st\u013ap, umeleck\u00e9 dielo.       <\/p>\n\n<p>V posledn\u00fdch rokoch sa v\u0161ak s\u00fa\u010das\u0165ou n\u00e1\u0161ho ka\u017edodenn\u00e9ho \u017eivota stala in\u00e1 t\u00e9ma: <strong>prach<\/strong>. Tak\u00fd, ktor\u00fd nie je v\u017edy vidie\u0165, ale je v\u0161ade. Vo vzduchu, v na\u0161ich p\u013e\u00facach. A niekedy aj v na\u0161om zdrav\u00ed.     <\/p>\n\n<h2 class=\"wp-block-heading\">  9.00 &#8211; Prach u\u017e nie je nevyhnutnos\u0165ou  <\/h2>\n\n<div class=\"wp-block-columns is-layout-flex wp-container-core-columns-is-layout-28f84493 wp-block-columns-is-layout-flex\">\n<div class=\"wp-block-column is-layout-flow wp-block-column-is-layout-flow\" style=\"flex-basis:66.66%\">\n<p>Za star\u00fdch \u010dias sme pracovali v siv\u00fdch oblakoch. Star\u00ed \u013eudia hovorili: <em>&#8222;Len to vyka\u0161lite a prejde to&#8220;.<\/em> Dnes viem, \u017ee to neprejde. Zostane to.     <\/p>\n\n\n\n<p>V roku 2025 u\u017e nem\u00f4\u017eeme ignorova\u0165 nebezpe\u010denstvo <strong>silik\u00f3zy<\/strong>, ochorenia p\u013e\u00fac sp\u00f4soben\u00e9ho vdychovan\u00edm oxidu kremi\u010dit\u00e9ho. U\u017e si vy\u017eiadala \u017eivoty niektor\u00fdch na\u0161ich kolegov. Preto sme opatrn\u00ed.    <\/p>\n\n\n\n<p>V na\u0161ej dielni sme nain\u0161talovali <strong>zbera\u010d prachu spojen\u00fd s \u010disti\u010dkou vzduchu OberA<\/strong>. Prv\u00fd zachyt\u00e1va prach priamo pri zdroji, \u010do najbli\u017e\u0161ie k pracovn\u00fdm miestam. Druh\u00fd priebe\u017ene filtruje okolit\u00fd vzduch. V\u00fdsledok: <strong>lep\u0161ie sa v\u00e1m d\u00fdcha, lep\u0161ie pracujete<\/strong>.     <\/p>\n\n\n\n<p>Ke\u010f\u017ee sme tento syst\u00e9m nastavili, je to jasn\u00e9. Menej prachu na pracovn\u00fdch stoloch, menej vo vzduchu&#8230; a menej v na\u0161ich p\u013e\u00facach.   <\/p>\n<\/div>\n\n\n\n<div class=\"wp-block-column is-layout-flow wp-block-column-is-layout-flow\" style=\"flex-basis:33.33%\">\n<div class=\"wp-block-columns is-layout-flex wp-container-core-columns-is-layout-28f84493 wp-block-columns-is-layout-flex\">\n<div class=\"wp-block-column is-layout-flow wp-block-column-is-layout-flow\">\n<figure class=\"wp-block-image aligncenter size-full is-resized\"><img decoding=\"async\" width=\"600\" height=\"600\" src=\"https:\/\/obera.fr\/wp-content\/uploads\/2020\/10\/extracteur-poussiere-pulverulente-DUSTOMAT-16.png\" alt=\"Dym - Odlu&#x10D;ova&#x10D; prachu\" class=\"wp-image-1307\" style=\"width:115px;height:auto\" srcset=\"https:\/\/obera.fr\/wp-content\/uploads\/2020\/10\/extracteur-poussiere-pulverulente-DUSTOMAT-16.png 600w, https:\/\/obera.fr\/wp-content\/uploads\/2020\/10\/extracteur-poussiere-pulverulente-DUSTOMAT-16-300x300.png 300w, https:\/\/obera.fr\/wp-content\/uploads\/2020\/10\/extracteur-poussiere-pulverulente-DUSTOMAT-16-150x150.png 150w\" sizes=\"(max-width: 600px) 100vw, 600px\" \/><figcaption class=\"wp-element-caption\">DUSTOMAT 16<\/figcaption><\/figure>\n\n\n\n<figure class=\"wp-block-image aligncenter size-full is-resized\"><img decoding=\"async\" width=\"600\" height=\"600\" src=\"https:\/\/obera.fr\/wp-content\/uploads\/2023\/05\/epur050-2.png\" alt=\"epur050 2\" class=\"wp-image-22619\" style=\"width:99px;height:auto\" srcset=\"https:\/\/obera.fr\/wp-content\/uploads\/2023\/05\/epur050-2.png 600w, https:\/\/obera.fr\/wp-content\/uploads\/2023\/05\/epur050-2-300x300.png 300w, https:\/\/obera.fr\/wp-content\/uploads\/2023\/05\/epur050-2-150x150.png 150w\" sizes=\"(max-width: 600px) 100vw, 600px\" \/><figcaption class=\"wp-element-caption\">ePUR050<\/figcaption><\/figure>\n<\/div>\n<\/div>\n<\/div>\n<\/div>\n\n<h2 class=\"wp-block-heading\">  12.30 &#8211; Prest\u00e1vka na ob\u010derstvenie a konverz\u00e1cia  <\/h2>\n\n<p>Hovor\u00edme o pr\u00e1ci, hovor\u00edme o rodine. Hovor\u00edme aj o bezpe\u010dnosti. Mo\u017eno to znie zvl\u00e1\u0161tne, ale pre n\u00e1s sa to stalo bodom hrdosti. Pr\u00e1ca v \u010distej, dobre vybavenej dielni znamen\u00e1 aj <strong>\u00factu k n\u00e1\u0161mu remeslu a n\u00e1\u0161mu telu<\/strong>.     <\/p>\n\n<p>Pri\u0165ahuje aj mlad\u00fdch \u013eud\u00ed. M\u00e1me dvoch u\u010d\u0148ov. Chc\u00fa pracova\u0165 s modern\u00fdmi n\u00e1strojmi v dobr\u00fdch podmienkach. Odmietaj\u00fa zapr\u00e1\u0161en\u00e9 dielne z inej \u00e9ry. A je to tak spr\u00e1vne.      <\/p>\n\n<h2 class=\"wp-block-heading\">  15h00 &#8211; Zachovanie gesta bez obetovania zdravia  <\/h2>\n\n<p>St\u00e1le sa n\u00e1jdu \u013eudia, ktor\u00ed hovoria, \u017ee <em>&#8222;kedysi bolo lep\u0161ie&#8220;.<\/em> Mo\u017eno je to tak. Ale <strong>dnes je to bezpe\u010dnej\u0161ie<\/strong>. A to ni\u010d nemen\u00ed na kr\u00e1se tohto gesta. Na\u010falej vyrez\u00e1vame dl\u00e1tom, ru\u010dne, s rovnakou starostlivos\u0165ou. A\u017e na to, \u017ee sa n\u00e1m \u013eah\u0161ie d\u00fdcha.     <\/p>\n\n<p>Preto\u017ee dobr\u00fd n\u00e1stroj nakoniec nem\u00f4\u017ee nahradi\u0165 remeseln\u00edka&#8230; ale m\u00f4\u017ee ho <strong>chr\u00e1ni\u0165<\/strong>.  <\/p>\n\n<h2 class=\"wp-block-heading\">  18.00 &#8211; Koniec d\u0148a, hrdos\u0165 nedotknut\u00e1  <\/h2>\n\n<p>Odlo\u017eil som si n\u00e1radie. Pozriem sa na dielo, ktor\u00e9 som vyrobil. Arch\u00edv pre pamiatkovo chr\u00e1nen\u00fd kostol. Na mojom pl\u00e1\u0161ti je prach, ale v p\u013e\u00facach ho m\u00e1m menej. A to v\u0161etko men\u00ed.      <\/p>\n\n<h2 class=\"wp-block-heading\">  V\u00e1\u0161e\u0148 a opatrnos\u0165 m\u00f4\u017eu existova\u0165 s\u00fa\u010dasne  <\/h2>\n\n<div class=\"wp-block-columns is-layout-flex wp-container-core-columns-is-layout-28f84493 wp-block-columns-is-layout-flex\">\n<div class=\"wp-block-column is-layout-flow wp-block-column-is-layout-flow\" style=\"flex-basis:66.66%\">\n<p>By\u0165 kamen\u00e1rom v roku 2025 neznamen\u00e1 vzda\u0165 sa trad\u00edcie. Znamen\u00e1 to obohati\u0165 ju. Znamen\u00e1 to pokra\u010dova\u0165 v odovzd\u00e1van\u00ed know-how predkov a z\u00e1rove\u0148 vyu\u017e\u00edva\u0165 s\u00fa\u010dasn\u00e9 rie\u0161enia.    <\/p>\n\n\n\n<p><strong>Spolo\u010dnos\u0165 OberA <\/strong>pom\u00e1ha remeseln\u00edkom budova\u0165 zdrav\u0161iu a udr\u017eate\u013enej\u0161iu bud\u00facnos\u0165 <strong>v\u010faka svojim \u010disti\u010dk\u00e1m a vys\u00e1va\u010dom prachu<\/strong>.  <\/p>\n\n\n\n<p>Preto\u017ee zachovanie povolania znamen\u00e1 aj zachovanie t\u00fdch, ktor\u00ed ho vykon\u00e1vaj\u00fa.<\/p>\n<\/div>\n\n\n\n<div class=\"wp-block-column is-layout-flow wp-block-column-is-layout-flow\" style=\"flex-basis:33.33%\">\n<figure class=\"wp-block-image aligncenter size-large is-resized\"><img decoding=\"async\" width=\"1024\" height=\"1024\" src=\"https:\/\/obera.fr\/wp-content\/uploads\/2025\/05\/securite-1024x1024.png\" alt=\"zabezpe&#x10D;enie\" class=\"wp-image-121315\" style=\"width:132px;height:auto\" srcset=\"https:\/\/obera.fr\/wp-content\/uploads\/2025\/05\/securite-1024x1024.png 1024w, https:\/\/obera.fr\/wp-content\/uploads\/2025\/05\/securite-300x300.png 300w, https:\/\/obera.fr\/wp-content\/uploads\/2025\/05\/securite-150x150.png 150w, https:\/\/obera.fr\/wp-content\/uploads\/2025\/05\/securite-768x768.png 768w, https:\/\/obera.fr\/wp-content\/uploads\/2025\/05\/securite.png 1200w\" sizes=\"(max-width: 1024px) 100vw, 1024px\" \/><\/figure>\n<\/div>\n<\/div>\n","protected":false},"excerpt":{"rendered":"<p>To mi povedal m\u00f4j tr\u00e9ner v prv\u00fd de\u0148. O desa\u0165 rokov nesk\u00f4r sa to stalo mojou mantrou. By\u0165 kamen\u00e1rom v roku 2025 je st\u00e1le vecou v\u00e1\u0161ne. Dnes je to v\u0161ak aj o prevent\u00edvnych opatreniach.     <\/p>\n","protected":false},"author":13,"featured_media":124597,"comment_status":"open","ping_status":"closed","sticky":false,"template":"","format":"standard","meta":{"_acf_changed":false,"_seopress_robots_primary_cat":"none","_seopress_titles_title":"Kamen\u00e1ri v roku 2025: medzi v\u00e1\u0161\u0148ou a prevenciou","_seopress_titles_desc":"V roku 2025 by\u0165 kamen\u00e1rom znamen\u00e1 spoji\u0165 trad\u00edciu a bezpe\u010dnos\u0165. V\u010faka spolo\u010dnosti OberA m\u00f4\u017eu remeseln\u00edci \u013eah\u0161ie d\u00fdcha\u0165 a pracova\u0165 v zdravej, modernej dielni. ","_seopress_robots_index":"","footnotes":""},"categories":[141],"tags":[],"class_list":["post-123884","post","type-post","status-publish","format-standard","has-post-thumbnail","hentry","category-nasa-rada","generate-columns","tablet-grid-50","mobile-grid-100","grid-parent","grid-50","no-featured-image-padding","resize-featured-image"],"acf":[],"_links":{"self":[{"href":"https:\/\/obera.fr\/sk\/wp-json\/wp\/v2\/posts\/123884","targetHints":{"allow":["GET"]}}],"collection":[{"href":"https:\/\/obera.fr\/sk\/wp-json\/wp\/v2\/posts"}],"about":[{"href":"https:\/\/obera.fr\/sk\/wp-json\/wp\/v2\/types\/post"}],"author":[{"embeddable":true,"href":"https:\/\/obera.fr\/sk\/wp-json\/wp\/v2\/users\/13"}],"replies":[{"embeddable":true,"href":"https:\/\/obera.fr\/sk\/wp-json\/wp\/v2\/comments?post=123884"}],"version-history":[{"count":2,"href":"https:\/\/obera.fr\/sk\/wp-json\/wp\/v2\/posts\/123884\/revisions"}],"predecessor-version":[{"id":124602,"href":"https:\/\/obera.fr\/sk\/wp-json\/wp\/v2\/posts\/123884\/revisions\/124602"}],"wp:featuredmedia":[{"embeddable":true,"href":"https:\/\/obera.fr\/sk\/wp-json\/wp\/v2\/media\/124597"}],"wp:attachment":[{"href":"https:\/\/obera.fr\/sk\/wp-json\/wp\/v2\/media?parent=123884"}],"wp:term":[{"taxonomy":"category","embeddable":true,"href":"https:\/\/obera.fr\/sk\/wp-json\/wp\/v2\/categories?post=123884"},{"taxonomy":"post_tag","embeddable":true,"href":"https:\/\/obera.fr\/sk\/wp-json\/wp\/v2\/tags?post=123884"}],"curies":[{"name":"wp","href":"https:\/\/api.w.org\/{rel}","templated":true}]}}