{"id":145704,"date":"2025-12-08T13:27:24","date_gmt":"2025-12-08T11:27:24","guid":{"rendered":"https:\/\/obera.fr\/nase-rada\/89-francuzov-podcenuje-znecistenie-ovzdusia-na-svojom-pracovisku\/"},"modified":"2026-03-02T14:54:50","modified_gmt":"2026-03-02T12:54:50","slug":"89-francuzov-podcenuje-znecistenie-ovzdusia-na-svojom-pracovisku","status":"publish","type":"post","link":"https:\/\/obera.fr\/sk\/presse\/89-francuzov-podcenuje-znecistenie-ovzdusia-na-svojom-pracovisku\/","title":{"rendered":"89 % Franc\u00fazov podce\u0148uje zne\u010distenie ovzdu\u0161ia na svojom pracovisku"},"content":{"rendered":"\n<p class=\"has-text-align-center has-medium-font-size\">Zne\u010distenie, ktor\u00e9 m\u00f4\u017ee by\u0165 5- a\u017e 10-kr\u00e1t vy\u0161\u0161ie ako vonku<\/p>\n\n<p class=\"has-text-align-center has-medium-font-size\">Len 22 % zamestnancov vie, \u017ee udr\u017eiavanie zdrav\u00e9ho vn\u00fatorn\u00e9ho ovzdu\u0161ia je pre zamestn\u00e1vate\u013ea z\u00e1konnou povinnos\u0165ou<\/p>\n\n<figure class=\"wp-block-image aligncenter size-full\"><img decoding=\"async\" width=\"289\" height=\"193\" src=\"https:\/\/obera.fr\/wp-content\/uploads\/2026\/02\/etude-image-obera-pollution.png\" alt=\"obr&#xE1;zok &#x161;t&#xFA;die obera zne&#x10D;istenie\" class=\"wp-image-143846\"\/><\/figure>\n\n<h2 class=\"wp-block-heading\">\u010co si mysl\u00edte o kvalite ovzdu\u0161ia na svojom pracovisku?  <\/h2>\n\n<p><strong>T\u00fato ot\u00e1zku polo\u017eila spolo\u010dnos\u0165 OberA 5 601 \u013eu\u010fom rozdelen\u00fdm do \u0161iestich hlavn\u00fdch sektorov \u010dinnosti*. Prieskum ukazuje, \u017ee v\u00e4\u010d\u0161ina zamestnancov podce\u0148uje zne\u010distenie vn\u00fatorn\u00e9ho ovzdu\u0161ia, m\u00e1 slab\u00e9 povedomie o rizik\u00e1ch pre zdravie a vo ve\u013ekej miere nepozn\u00e1 z\u00e1konn\u00e9 povinnosti svojho zamestn\u00e1vate\u013ea.   <\/strong><\/p>\n\n<h2 class=\"wp-block-heading\">Franc\u00fazi, ktor\u00ed nespr\u00e1vne hodnotia kvalitu ovzdu\u0161ia <\/h2>\n\n<p>\u010ealeko od reality, <strong>57 % Franc\u00fazov pova\u017euje vzduch na svojom pracovisku v zime za \u201eve\u013emi\u201c alebo \u201esk\u00f4r\u201c kvalitn\u00fd<\/strong>.  <\/p>\n\n<p>Napriek tomu sa v\u0161etky \u0161t\u00fadie zhoduj\u00fa, \u017ee kvalita vn\u00fatorn\u00e9ho ovzdu\u0161ia m\u00f4\u017ee predstavova\u0165 v\u00fdznamn\u00e9 zdravotn\u00e9 rizik\u00e1, aj bez z\u00e1pachu \u010di zjavn\u00e9ho diskomfortu.  <\/p>\n\n<p>Takmer <strong>1 osoba z 3 (29 %) <\/strong>napriek tomu pova\u017euje vzduch na svojom pracovisku za zl\u00fd, \u010do nazna\u010duje, \u017ee nepohodlie je u\u017e v mnoh\u00fdch prostrediach cite\u013en\u00e9. Najm\u00e4 v\u0161ak <strong>14 % uv\u00e1dza, \u017ee si t\u00fato ot\u00e1zku nikdy nepolo\u017eili<\/strong>, \u010do potvrdzuje v\u00fdrazn\u00fd nes\u00falad medzi vn\u00edman\u00edm zamestnancov a realitou v\u00fdziev v oblasti kvality ovzdu\u0161ia na pracovisku.   <\/p>\n\n<h3 class=\"wp-block-heading\">V zime by ste povedali, \u017ee kvalita ovzdu\u0161ia vo va\u0161om pracovnom prostred\u00ed je:<\/h3>\n\n<figure class=\"wp-block-table\"><table class=\"has-fixed-layout\"><tbody><tr><td><strong>Odpovede  <\/strong><\/td><td><strong>Percent\u00e1<\/strong><\/td><\/tr><tr><td>Ve\u013emi dobr\u00e1  <\/td><td>21 %<\/td><\/tr><tr><td>Sk\u00f4r dobr\u00e1  <\/td><td>36 %<\/td><\/tr><tr><td>Sk\u00f4r zl\u00e1  <\/td><td>23 %<\/td><\/tr><tr><td>Ve\u013emi zl\u00e1  <\/td><td>6 %<\/td><\/tr><tr><td>Neviem \/ nikdy som si t\u00fato ot\u00e1zku nepolo\u017eil(a)  <\/td><td>14 %<\/td><\/tr><\/tbody><\/table><\/figure>\n\n<h4 class=\"wp-block-heading\">Na \u010do sl\u00fa\u017eia existuj\u00face syst\u00e9my vo firme?  <\/h4>\n\n<p>Myln\u00e9 je, \u017ee <strong>65 % Franc\u00fazov si mysl\u00ed, \u017ee ich vykurovacie, klimatiza\u010dn\u00e9 alebo VMC syst\u00e9my filtruj\u00fa alebo \u010distia vzduch<\/strong>, hoci v\u00e4\u010d\u0161ina t\u00fdchto zariaden\u00ed nie je vybaven\u00e1 na odstra\u0148ovanie zne\u010dis\u0165uj\u00facich l\u00e1tok bez \u0161pecializovan\u00e9ho zariadenia na \u00fapravu vzduchu.  <\/p>\n\n<p>Realistickej\u0161ie <strong>23 % <\/strong>uv\u00e1dza, \u017ee \u201elen k\u00faria alebo chladia\u201c, a <strong>12 % prizn\u00e1va, \u017ee nevie, ako to funguje<\/strong>, \u010do poukazuje na v\u0161eobecn\u00fa nejasnos\u0165 o skuto\u010dnej \u00falohe t\u00fdchto in\u0161tal\u00e1ci\u00ed.<\/p>\n\n<h3 class=\"wp-block-heading\">Pod\u013ea v\u00e1s syst\u00e9my na va\u0161om pracovisku (k\u00farenie, klimatiz\u00e1cia, mechanick\u00e9 vetranie):  <\/h3>\n\n<figure class=\"wp-block-table\"><table class=\"has-fixed-layout\"><tbody><tr><td><strong>Odpovede  <\/strong><\/td><td><strong>Percent\u00e1<\/strong><\/td><\/tr><tr><td>\u010cistia vzduch a robia ho zdrav\u0161\u00edm  <\/td><td>34 %<\/td><\/tr><tr><td>Vzduch trochu filtruj\u00fa, ale nie je to ich hlavn\u00e1 funkcia  <\/td><td>31 %<\/td><\/tr><tr><td>Len ohrievaj\u00fa \/ ochladzuj\u00fa vzduch bez jeho \u010distenia  <\/td><td>23 %<\/td><\/tr><tr><td>Neviem, ako to funguje  <\/td><td>12 %<\/td><\/tr><\/tbody><\/table><\/figure>\n\n<h4 class=\"wp-block-heading\">Ve\u013emi n\u00e1hodn\u00e9 kontroly  <\/h4>\n\n<p>Takmer <strong>jeden zamestnanec z dvoch nevie, \u010di sa kvalita ovzdu\u0161ia meria <\/strong>v jeho priestoroch: 29 % odpoved\u00e1 \u201enie, nikdy\u201c a 31 % uv\u00e1dza, \u017ee nikdy neboli informovan\u00ed, \u017ee sa to d\u00e1 mera\u0165.  <\/p>\n\n<p>Len <strong>14 % <\/strong>uv\u00e1dza pravideln\u00fa kontrolu, hoci meranie CO\u2082, \u010dast\u00edc alebo VOC sa dnes pova\u017euje za <strong>nevyhnutn\u00fd n\u00e1stroj <\/strong>na zabezpe\u010denie zdrav\u00e9ho a produkt\u00edvneho pracovn\u00e9ho prostredia.  <\/p>\n\n<h3 class=\"wp-block-heading\">Viete, \u010di sa vo va\u0161om pracovnom prostred\u00ed meria alebo kontroluje kvalita ovzdu\u0161ia (CO\u2082, jemn\u00e9 \u010dastice, dym, VOC, priemyseln\u00fd prach\u2026)?<\/h3>\n\n<figure class=\"wp-block-table\"><table class=\"has-fixed-layout\"><tbody><tr><td><strong>Odpovede  <\/strong><\/td><td><strong>Percent\u00e1<\/strong><\/td><\/tr><tr><td>\u00c1no, pravidelne  <\/td><td>14 %<\/td><\/tr><tr><td>\u00c1no, ale len ve\u013emi sporadicky  <\/td><td>26 %<\/td><\/tr><tr><td>Nie, nikdy  <\/td><td>29 %<\/td><\/tr><tr><td>Neviem \/ nevedel(a) som, \u017ee sa to d\u00e1 mera\u0165  <\/td><td>31 %<\/td><\/tr><\/tbody><\/table><\/figure>\n\n<h4 class=\"wp-block-heading\">Firmy, ktor\u00e9 tomu venuj\u00fa m\u00e1lo pozornosti  <\/h4>\n\n<p>Vo v\u00e4\u010d\u0161ine firiem zost\u00e1va kvalita vn\u00fatorn\u00e9ho ovzdu\u0161ia \u010faleko za bezpe\u010dnos\u0165ou \u010di ergon\u00f3miou: <strong>len 12 % Franc\u00fazov <\/strong>si mysl\u00ed, \u017ee ide o skuto\u010dn\u00fa prioritu.  <\/p>\n\n<p>Naopak, <strong>37 % o tom takmer nikdy nehovor\u00ed <\/strong>a <strong>27 % v\u00f4bec nevie, ako sa t\u00e1to t\u00e9ma rie\u0161i<\/strong>, teda takmer <strong>2 zamestnanci z 3 s\u00fa v neistote<\/strong>.  <\/p>\n\n<h3 class=\"wp-block-heading\">Pod\u013ea v\u00e1s sa vo va\u0161ej firme kvalita vn\u00fatorn\u00e9ho ovzdu\u0161ia v zime pova\u017euje za\u2026<\/h3>\n\n<figure class=\"wp-block-table\"><table class=\"has-fixed-layout\"><tbody><tr><td><strong>Odpovede  <\/strong><\/td><td><strong>Percent\u00e1<\/strong><\/td><\/tr><tr><td>D\u00f4le\u017eit\u00fa prioritu, rovnako ako bezpe\u010dnos\u0165 alebo ergon\u00f3miu  <\/td><td>12 %<\/td><\/tr><tr><td>T\u00e9mu, o ktorej sa ob\u010das hovor\u00ed, ale bez vidite\u013en\u00fdch opatren\u00ed  <\/td><td>24 %<\/td><\/tr><tr><td>T\u00e9mu, o ktorej sa takmer nikdy nehovor\u00ed  <\/td><td>37 %<\/td><\/tr><tr><td>V\u00f4bec neviem, ako sa to rie\u0161i  <\/td><td>27 %<\/td><\/tr><\/tbody><\/table><\/figure>\n\n<h4 class=\"wp-block-heading\">\u010co je to zdrav\u00fd vzduch?  <\/h4>\n\n<p>Ve\u013emi znepokojuj\u00faci fakt: ve\u013ek\u00e1 <strong>v\u00e4\u010d\u0161ina zamestnancov (64 %) <\/strong>si mysl\u00ed, \u017ee dok\u00e1\u017ee pos\u00fadi\u0165 kvalitu ovzdu\u0161ia vo svojich priestoroch na z\u00e1klade jednoduch\u00fdch subjekt\u00edvnych dojmov \u2013 absencie z\u00e1pachu, vidite\u013en\u00e9ho dymu alebo s\u0165a\u017enost\u00ed \u2013 bez ak\u00e9hoko\u013evek objekt\u00edvneho merania.  <\/p>\n\n<p>Len <strong>25 % <\/strong>uv\u00e1dza meranie zne\u010dis\u0165uj\u00facich l\u00e1tok (CO\u2082, VOC, \u010dastice at\u010f.) ako najlep\u0161\u00ed ukazovate\u013e, hoci odborn\u00edci pripom\u00ednaj\u00fa, \u017ee vzduch m\u00f4\u017ee by\u0165 silne zne\u010disten\u00fd a pritom bez z\u00e1pachu a vizu\u00e1lne \u201e\u010dist\u00fd\u201c.<\/p>\n\n<p>Tento nes\u00falad vytv\u00e1ra v mnoh\u00fdch pracovn\u00fdch prostrediach <strong>falo\u0161n\u00fd pocit bezpe\u010dia<\/strong>, hoci kvalita vn\u00fatorn\u00e9ho ovzdu\u0161ia sa presne meria pomocou senzorov a \u0161pecializovan\u00fdch diagnost\u00edk a predstavuje k\u013e\u00fa\u010dov\u00fa ot\u00e1zku zdravia a v\u00fdkonnosti vo firm\u00e1ch.  <\/p>\n\n<h3 class=\"wp-block-heading\">Ak chcete vedie\u0165, \u010di je vzduch vo va\u0161ich priestoroch zdrav\u00fd, ak\u00fd je pod\u013ea v\u00e1s najlep\u0161\u00ed ukazovate\u013e?<\/h3>\n\n<figure class=\"wp-block-table\"><table class=\"has-fixed-layout\"><tbody><tr><td><strong>Odpovede  <\/strong><\/td><td><strong>Percent\u00e1<\/strong><\/td><\/tr><tr><td>Ak nie je nepr\u00edjemn\u00fd z\u00e1pach  <\/td><td>34 %<\/td><\/tr><tr><td>Ak nie je vidite\u013en\u00fd dym alebo prach  <\/td><td>23 %<\/td><\/tr><tr><td>Ak sa nikto nes\u0165a\u017euje (\u017eiadne bolesti hlavy, \u017eiadne \u0165a\u017ekosti)  <\/td><td>7 %<\/td><\/tr><tr><td>Meranie niektor\u00fdch zne\u010dis\u0165uj\u00facich l\u00e1tok (CO\u2082, VOC, \u010dastice at\u010f.) vhodn\u00fdm pr\u00edstrojom  <\/td><td>25 %<\/td><\/tr><tr><td>Neviem  <\/td><td>11 %<\/td><\/tr><\/tbody><\/table><\/figure>\n\n<h4 class=\"wp-block-heading\">Nedostatok znalost\u00ed v tejto oblasti  <\/h4>\n\n<p>Len ve\u013emi m\u00e1lo Franc\u00fazov pozn\u00e1 parametre pou\u017e\u00edvan\u00e9 na meranie kvality vn\u00fatorn\u00e9ho ovzdu\u0161ia. K\u00fdm <strong>teplota (91 %) a relat\u00edvna vlhkos\u0165 (76 %) <\/strong>s\u00fa \u0161iroko rozpozn\u00e1van\u00e9, len <strong>64 % <\/strong>uv\u00e1dza <strong>CO\u2082<\/strong>, <strong>38 % <\/strong><a href=\"https:\/\/obera.fr\/sk\/nasa-rada\/traitement-air-industriel-guide-complet\/\" data-type=\"post\" data-id=\"1420\">jemn\u00e9 \u010dastice<\/a> <strong> <\/strong>a sotva <strong>5 % <\/strong>pozn\u00e1 <strong>VOC<\/strong>, hoci tieto zne\u010dis\u0165uj\u00face l\u00e1tky s\u00fa v centre profesion\u00e1lnej diagnostiky kvality ovzdu\u0161ia. Takmer <strong>1 respondent z 10 <\/strong>dokonca uv\u00e1dza, \u017ee nepozn\u00e1 \u017eiadny z meran\u00fdch parametrov.   <\/p>\n\n<p>T\u00e1to neznalos\u0165 \u201eskuto\u010dn\u00fdch\u201c technick\u00fdch ukazovate\u013eov ukazuje, \u017ee mnoh\u00e9 firmy komunikuj\u00fa o meran\u00ed kvality vn\u00fatorn\u00e9ho ovzdu\u0161ia (QAI) len ve\u013emi m\u00e1lo, hoci odborn\u00edci prezentuj\u00fa sledovanie CO\u2082, \u010dast\u00edc a VOC ako nevyhnutn\u00e9 na ochranu zdravia a produktivity t\u00edmov.  <\/p>\n\n<h3 class=\"wp-block-heading\">Ktor\u00e9 z t\u00fdchto parametrov pozn\u00e1te (aspo\u0148 pod\u013ea n\u00e1zvu) ako pou\u017e\u00edvan\u00e9 na meranie kvality vn\u00fatorn\u00e9ho ovzdu\u0161ia?  <\/h3>\n\n<p><em>(mo\u017en\u00fdch je viac odpoved\u00ed)<\/em><\/p>\n\n<figure class=\"wp-block-table\"><table class=\"has-fixed-layout\"><tbody><tr><td><strong>Odpovede  <\/strong><\/td><td><strong>Percent\u00e1<\/strong><\/td><\/tr><tr><td>CO\u2082 (oxid uhli\u010dit\u00fd)  <\/td><td>64 %<\/td><\/tr><tr><td>VOC (prchav\u00e9 organick\u00e9 zl\u00fa\u010deniny)  <\/td><td>5 %<\/td><\/tr><tr><td>Jemn\u00e9 \u010dastice (PM2,5 \/ PM10)  <\/td><td>38 %<\/td><\/tr><tr><td>Teplota  <\/td><td>91 %<\/td><\/tr><tr><td>Relat\u00edvna vlhkos\u0165  <\/td><td>76 %<\/td><\/tr><tr><td>\u017diadny z t\u00fdchto pojmov mi ni\u010d nehovor\u00ed  <\/td><td>9 %<\/td><\/tr><\/tbody><\/table><\/figure>\n\n<h4 class=\"wp-block-heading\">Zne\u010distenie vn\u00fatorn\u00e9ho ovzdu\u0161ia je v\u00fdrazne podce\u0148ovan\u00e9  <\/h4>\n\n<p>Takmer <strong>9 respondentov z 10 (89 %) <\/strong>podce\u0148uje zne\u010distenie vn\u00fatorn\u00e9ho ovzdu\u0161ia v pracovnom prostred\u00ed alebo jednoducho nem\u00e1 predstavu o jeho \u00farovni. Len <strong>11 % <\/strong>vie, \u017ee m\u00f4\u017ee by\u0165 <strong>5- a\u017e 10-kr\u00e1t zne\u010distenej\u0161ie ne\u017e vonkaj\u0161\u00ed vzduch<\/strong>, \u010do potvrdzuj\u00fa \u00fadaje OQEI. <\/p>\n\n<p>Podrobnej\u0161ie: <strong>63 % <\/strong>si mysl\u00ed, \u017ee vn\u00fatorn\u00fd vzduch je menej zne\u010disten\u00fd, pribli\u017ene rovnako zne\u010disten\u00fd alebo len o nie\u010do viac zne\u010disten\u00fd ako vonku, a <strong>26 % <\/strong>si t\u00fato ot\u00e1zku nikdy nepolo\u017eilo.  <\/p>\n\n<p>Tento v\u00fdrazn\u00fd nes\u00falad medzi vn\u00edman\u00edm a realitou ukazuje, do akej miery zost\u00e1va zne\u010distenie vn\u00fatorn\u00e9ho ovzdu\u0161ia <strong>nevidite\u013en\u00fdm rizikom<\/strong>, hoci je uzn\u00e1van\u00e9 ako v\u00fdznamn\u00e1 ot\u00e1zka verejn\u00e9ho zdravia a prevencie vo firm\u00e1ch.  <\/p>\n\n<h3 class=\"wp-block-heading\">Pod\u013ea v\u00e1s je vn\u00fatorn\u00fd vzduch v pracovnom prostred\u00ed:<\/h3>\n\n<figure class=\"wp-block-table\"><table class=\"has-fixed-layout\"><tbody><tr><td><strong>Odpovede  <\/strong><\/td><td><strong>Percent\u00e1<\/strong><\/td><\/tr><tr><td>Menej zne\u010disten\u00fd ako vonkaj\u0161\u00ed vzduch  <\/td><td>12 %<\/td><\/tr><tr><td>Pribli\u017ene rovnako zne\u010disten\u00fd  <\/td><td>23 %<\/td><\/tr><tr><td>O nie\u010do viac zne\u010disten\u00fd, ale nie a\u017e tak  <\/td><td>28 %<\/td><\/tr><tr><td>5- a\u017e 10-kr\u00e1t viac zne\u010disten\u00fd  <\/td><td>11 %<\/td><\/tr><tr><td>Neviem \/ nikdy som si t\u00fato ot\u00e1zku nepolo\u017eil(a)  <\/td><td>26 %<\/td><\/tr><\/tbody><\/table><\/figure>\n\n<h4 class=\"wp-block-heading\">A \u010do z\u00e1kon?  <\/h4>\n\n<p>Tieto v\u00fdsledky odha\u013euj\u00fa aj skuto\u010dn\u00fd zm\u00e4tok v oblasti pracovn\u00e9ho pr\u00e1va: <strong>len 22 % respondentov jasne vie, \u017ee udr\u017eiavanie zdrav\u00e9ho vn\u00fatorn\u00e9ho ovzdu\u0161ia je pre zamestn\u00e1vate\u013ea z\u00e1konnou povinnos\u0165ou<\/strong>.  <\/p>\n\n<p>Je pravda, \u017ee 29 % to pova\u017euje za \u201epravdepodobne pravdiv\u00e9\u201c, no <strong>takmer 1 zamestnanec z 2 (49 %) to nevie alebo, \u010do je hor\u0161ie, si mysl\u00ed, \u017ee to nie je povinnos\u0165<\/strong>.  <\/p>\n\n<h3 class=\"wp-block-heading\">Pod\u013ea v\u00e1s je udr\u017eiavanie zdrav\u00e9ho vn\u00fatorn\u00e9ho ovzdu\u0161ia z\u00e1konnou povinnos\u0165ou zamestn\u00e1vate\u013ea?<\/h3>\n\n<figure class=\"wp-block-table\"><table class=\"has-fixed-layout\"><tbody><tr><td><strong>Odpovede  <\/strong><\/td><td><strong>Percent\u00e1<\/strong><\/td><\/tr><tr><td>\u00c1no, je to \u00faplne pravda  <\/td><td>22 %<\/td><\/tr><tr><td>Pravdepodobne pravda  <\/td><td>29 %<\/td><\/tr><tr><td>Neviem, \u010di je to pravda alebo nepravda  <\/td><td>25 %<\/td><\/tr><tr><td>Pravdepodobne nepravda, nemysl\u00edm si, \u017ee je to povinnos\u0165  <\/td><td>15 %<\/td><\/tr><tr><td>\u00daplne nepravda  <\/td><td>9 %<\/td><\/tr><\/tbody><\/table><\/figure>\n\n<p>Tento prieskum poukazuje na k\u013e\u00fa\u010dov\u00fd bod: priepas\u0165 medzi t\u00fdm, \u010do odpor\u00fa\u010daj\u00fa odborn\u00edci \u2013 \u0161trukt\u00farovan\u00e9 a pravideln\u00e9 monitorovanie kvality vn\u00fatorn\u00e9ho ovzdu\u0161ia \u2013 a realitou v praxi, kde je doh\u013ead do ve\u013ekej miery okrajov\u00fd, ba a\u017e pre zamestnancov nevidite\u013en\u00fd.  <\/p>\n\n<p>Napriek tomu <strong>Z\u00e1konn\u00edk pr\u00e1ce jasne uklad\u00e1 zamestn\u00e1vate\u013eovi povinnos\u0165 zabezpe\u010di\u0165 zdrav\u00fd vzduch a predch\u00e1dza\u0165 rizik\u00e1m spojen\u00fdm s vn\u00fatorn\u00fdm zne\u010disten\u00edm<\/strong> (najm\u00e4 \u010dl\u00e1nky L4121-1 a R4222-1). Tento nes\u00falad medzi pr\u00e1vnym r\u00e1mcom a vn\u00edman\u00edm zamestnancov ukazuje, \u017ee kvalita ovzdu\u0161ia zost\u00e1va skuto\u010dn\u00fdm slep\u00fdm miestom kult\u00fary prevencie vo firm\u00e1ch. <\/p>\n\n<h2 class=\"wp-block-heading has-text-align-center\">Thibaut SAMSEL, riadite\u013e a zakladate\u013e spolo\u010dnosti OberA<\/h2>\n\n<p>*Metodika: Prieskum realizovan\u00fd na reprezentat\u00edvnej vzorke 5 601 os\u00f4b \u017eij\u00facich vo Franc\u00fazsku vo veku 18 rokov a viac. Online prieskum prebehol v novembri 2025 na z\u00e1klade panelu respondentov BuzzPress (27 700 os\u00f4b vo Franc\u00fazsku osloven\u00fdch elektronicky e-mailom a na soci\u00e1lnych sie\u0165ach Facebook a LinkedIn). Profily firiem uv\u00e1dzan\u00fdch respondentmi ako ich pracovisko:    <\/p>\n\n<p>Priemysel \/ v\u00fdroba: 16 %  <\/p>\n\n<p>Slu\u017eby pre jednotlivcov (zdravotn\u00edctvo, soci\u00e1lne slu\u017eby, dom\u00e1ca opatera, obchod, gastron\u00f3mia\u2026): 28 %  <\/p>\n\n<p>Slu\u017eby pre firmy (poradenstvo, IT, financie, komunik\u00e1cia\u2026): 23 %  <\/p>\n\n<p>Verejn\u00fd \/ poloverejn\u00fd sektor (\u0161t\u00e1tna spr\u00e1va, \u0161kolstvo, nemocnice\u2026): 19 %  <\/p>\n\n<p>Stavebn\u00edctvo \/ BTP: 7 %  <\/p>\n\n<p>Doprava \/ logistika: 6 %  <\/p>\n\n<p>In\u00e9 \/ nevyjadruje sa: 1 %  <\/p>\n\n<p>Odpovede boli skompilovan\u00e9 a v\u00e1\u017een\u00e9 pod\u013ea vopred stanoven\u00fdch kv\u00f3t s cie\u013eom zabezpe\u010di\u0165 reprezentat\u00edvnos\u0165 vzorky a dosiahnu\u0165 reprezentat\u00edvnos\u0165 cie\u013eovej popul\u00e1cie. V\u0161etky v\u00e1\u017eenia vych\u00e1dzaj\u00fa z administrat\u00edvnych \u00fadajov a z \u00fadajov zozbieran\u00fdch INSEE.   <\/p>\n\n<h2 class=\"wp-block-heading has-text-align-center\">P\u00edsali o n\u00e1s!<\/h2>\n\n<div class=\"wp-block-columns are-vertically-aligned-center is-layout-flex wp-container-core-columns-is-layout-8bffabeb wp-block-columns-is-layout-flex\" style=\"margin-top:var(--wp--preset--spacing--30);margin-bottom:var(--wp--preset--spacing--30);padding-top:0;padding-bottom:0\">\n<div class=\"wp-block-column is-vertically-aligned-center is-layout-flow wp-block-column-is-layout-flow\">\n<figure class=\"wp-block-image size-full\"><a href=\"https:\/\/presseagence.fr\/paris-sondage-qvct-4-francais-sur-5-ignorent-comment-detecter-un-air-vraiment-sain\/\" target=\"_blank\" rel=\" noreferrer noopener\"><img decoding=\"async\" width=\"463\" height=\"153\" src=\"https:\/\/obera.fr\/wp-content\/uploads\/2026\/02\/logo_de_presse_agence.jpg\" alt=\"logo tla&#x10D;ovej agent&#xFA;ry\" class=\"wp-image-143848\" srcset=\"https:\/\/obera.fr\/wp-content\/uploads\/2026\/02\/logo_de_presse_agence.jpg 463w, https:\/\/obera.fr\/wp-content\/uploads\/2026\/02\/logo_de_presse_agence-300x99.jpg 300w\" sizes=\"(max-width: 463px) 100vw, 463px\" \/><\/a><figcaption class=\"wp-element-caption\"><em>TLA\u010cOV\u00c1 AGENT\u00daRA<\/em><\/figcaption><\/figure>\n<\/div>\n\n\n\n<div class=\"wp-block-column is-vertically-aligned-center is-layout-flow wp-block-column-is-layout-flow\">\n<figure class=\"wp-block-image size-large\"><a href=\"https:\/\/xn--horizonviesant-okb.com\/4-francais-sur-5-ignorent-comment-detecter-un-air-vraiment-sain\/\" target=\"_blank\" rel=\" noreferrer noopener\"><img decoding=\"async\" width=\"1024\" height=\"207\" src=\"https:\/\/obera.fr\/wp-content\/uploads\/2026\/02\/loog-horizonviesante-1024x207.png\" alt=\"logo horizonviesante\" class=\"wp-image-143849\" srcset=\"https:\/\/obera.fr\/wp-content\/uploads\/2026\/02\/loog-horizonviesante-1024x207.png 1024w, https:\/\/obera.fr\/wp-content\/uploads\/2026\/02\/loog-horizonviesante-300x61.png 300w, https:\/\/obera.fr\/wp-content\/uploads\/2026\/02\/loog-horizonviesante-768x156.png 768w, https:\/\/obera.fr\/wp-content\/uploads\/2026\/02\/loog-horizonviesante.png 1229w\" sizes=\"(max-width: 1024px) 100vw, 1024px\" \/><\/a><figcaption class=\"wp-element-caption\"><em>HORIZON VIE ET SANTE<\/em><\/figcaption><\/figure>\n<\/div>\n\n\n\n<div class=\"wp-block-column is-vertically-aligned-center has-contrast-background-color has-background is-layout-constrained wp-block-column-is-layout-constrained\">\n<figure class=\"wp-block-image size-full\"><a href=\"https:\/\/www.news-eco.com\/communique\/au-travail-lair-semble-correct-mais-la-plupart-se-trompent\/\" target=\"_blank\" rel=\" noreferrer noopener\"><img decoding=\"async\" width=\"215\" height=\"42\" src=\"https:\/\/obera.fr\/wp-content\/uploads\/2026\/02\/news-eco-logo2.png\" alt=\"logo news eco2\" class=\"wp-image-143850\"\/><\/a><\/figure>\n<\/div>\n\n\n\n<div class=\"wp-block-column is-vertically-aligned-center is-layout-flow wp-block-column-is-layout-flow\">\n<figure class=\"wp-block-image size-full\"><a href=\"https:\/\/www.lyftvnews.com\/t9528-au-travail-lair-a-lair-sain-mais-89-des-francais-se-trompent#10372\" target=\"_blank\" rel=\" noreferrer noopener\"><img decoding=\"async\" width=\"900\" height=\"900\" src=\"https:\/\/obera.fr\/wp-content\/uploads\/2026\/02\/logo-lyftv.jpg\" alt=\"logo lyftv\" class=\"wp-image-143851\" srcset=\"https:\/\/obera.fr\/wp-content\/uploads\/2026\/02\/logo-lyftv.jpg 900w, https:\/\/obera.fr\/wp-content\/uploads\/2026\/02\/logo-lyftv-300x300.jpg 300w, https:\/\/obera.fr\/wp-content\/uploads\/2026\/02\/logo-lyftv-150x150.jpg 150w, https:\/\/obera.fr\/wp-content\/uploads\/2026\/02\/logo-lyftv-768x768.jpg 768w\" sizes=\"(max-width: 900px) 100vw, 900px\" \/><\/a><figcaption class=\"wp-element-caption\"><em>LYF TV NEWS<\/em><\/figcaption><\/figure>\n<\/div>\n\n\n\n<div class=\"wp-block-column is-vertically-aligned-center is-layout-flow wp-block-column-is-layout-flow\">\n<figure class=\"wp-block-image size-full\"><a href=\"https:\/\/communiques.categorynet.com\/sante\/525169-4-francais-sur-5-ignorent-comment-detecter-un-air-vraiment-s\/\" target=\"_blank\" rel=\" noreferrer noopener\"><img decoding=\"async\" width=\"201\" height=\"41\" src=\"https:\/\/obera.fr\/wp-content\/uploads\/2026\/02\/cropped-cn-1.webp\" alt=\"cropped cn 1\" class=\"wp-image-143852\"\/><\/a><figcaption class=\"wp-element-caption\"><em>CATEGORYNET<\/em><\/figcaption><\/figure>\n<\/div>\n<\/div>\n\n<div class=\"wp-block-columns are-vertically-aligned-center is-layout-flex wp-container-core-columns-is-layout-28f84493 wp-block-columns-is-layout-flex\">\n<div class=\"wp-block-column is-vertically-aligned-center is-layout-flow wp-block-column-is-layout-flow\">\n<figure class=\"wp-block-image size-full\"><a href=\"https:\/\/www.esteval.fr\/article.44169.etudes-89-pourcents-des-francais-sous-estiment-la-pollution-de-l-air-sur-leur-lieu-de-travail\" target=\"_blank\" rel=\" noreferrer noopener\"><img decoding=\"async\" width=\"200\" height=\"200\" src=\"https:\/\/obera.fr\/wp-content\/uploads\/2026\/02\/logo_esteval_200_200.jpg\" alt=\"logo esteval 200 200\" class=\"wp-image-143853\" srcset=\"https:\/\/obera.fr\/wp-content\/uploads\/2026\/02\/logo_esteval_200_200.jpg 200w, https:\/\/obera.fr\/wp-content\/uploads\/2026\/02\/logo_esteval_200_200-150x150.jpg 150w\" sizes=\"(max-width: 200px) 100vw, 200px\" \/><\/a><figcaption class=\"wp-element-caption\"><em>ESTEVAL<\/em><\/figcaption><\/figure>\n<\/div>\n\n\n\n<div class=\"wp-block-column is-vertically-aligned-center is-layout-flow wp-block-column-is-layout-flow\">\n<figure class=\"wp-block-image size-full\"><img decoding=\"async\" width=\"700\" height=\"350\" src=\"https:\/\/obera.fr\/wp-content\/uploads\/2026\/02\/therm-presse01.jpg\" alt=\"therm presse01\" class=\"wp-image-143854\" srcset=\"https:\/\/obera.fr\/wp-content\/uploads\/2026\/02\/therm-presse01.jpg 700w, https:\/\/obera.fr\/wp-content\/uploads\/2026\/02\/therm-presse01-300x150.jpg 300w\" sizes=\"(max-width: 700px) 100vw, 700px\" \/><figcaption class=\"wp-element-caption\"><em>THERMPRESSE<\/em><\/figcaption><\/figure>\n<\/div>\n\n\n\n<div class=\"wp-block-column is-vertically-aligned-center is-layout-flow wp-block-column-is-layout-flow\">\n<figure class=\"wp-block-image size-full\"><a href=\"https:\/\/terre-futur.com\/un-angle-mort-sanitaire-qui-persiste-dans-les-entreprises-francaises\/\" target=\"_blank\" rel=\" noreferrer noopener\"><img decoding=\"async\" width=\"512\" height=\"512\" src=\"https:\/\/obera.fr\/wp-content\/uploads\/2026\/02\/terrefutur_logo.jpg\" alt=\"terrefutur logo\" class=\"wp-image-143855\" srcset=\"https:\/\/obera.fr\/wp-content\/uploads\/2026\/02\/terrefutur_logo.jpg 512w, https:\/\/obera.fr\/wp-content\/uploads\/2026\/02\/terrefutur_logo-300x300.jpg 300w, https:\/\/obera.fr\/wp-content\/uploads\/2026\/02\/terrefutur_logo-150x150.jpg 150w\" sizes=\"(max-width: 512px) 100vw, 512px\" \/><\/a><figcaption class=\"wp-element-caption\"><em>TERRE FUTUR<\/em><\/figcaption><\/figure>\n<\/div>\n\n\n\n<div class=\"wp-block-column is-vertically-aligned-center is-layout-flow wp-block-column-is-layout-flow\">\n<figure class=\"wp-block-image size-full\"><a href=\"https:\/\/portaildocumentaire.inrs.fr\/blog-view\/25\/veille-qualite-de-lair-interieur\/2038\/bulletin-de-veille-qualite-de-lair-interieur-janvier-2026\" target=\"_blank\" rel=\" noreferrer noopener\"><img decoding=\"async\" width=\"366\" height=\"138\" src=\"https:\/\/obera.fr\/wp-content\/uploads\/2026\/02\/logoinrs.png\" alt=\"logoinrs\" class=\"wp-image-143856\" srcset=\"https:\/\/obera.fr\/wp-content\/uploads\/2026\/02\/logoinrs.png 366w, https:\/\/obera.fr\/wp-content\/uploads\/2026\/02\/logoinrs-300x113.png 300w\" sizes=\"(max-width: 366px) 100vw, 366px\" \/><\/a><figcaption class=\"wp-element-caption\"><em>PORTAIL DOCUMENTAIRE INRS<\/em><\/figcaption><\/figure>\n<\/div>\n<\/div>\n","protected":false},"excerpt":{"rendered":"<p>Zne\u010distenie, ktor\u00e9 m\u00f4\u017ee by\u0165 5- a\u017e 10-kr\u00e1t vy\u0161\u0161ie ako vonku Len 22 % zamestnancov vie, \u017ee udr\u017eiavanie zdrav\u00e9ho vn\u00fatorn\u00e9ho ovzdu\u0161ia je pre zamestn\u00e1vate\u013ea z\u00e1konnou povinnos\u0165ou \u010co si mysl\u00edte o kvalite ovzdu\u0161ia na svojom pracovisku? T\u00fato ot\u00e1zku polo\u017eila spolo\u010dnos\u0165 OberA 5 601 \u013eu\u010fom rozdelen\u00fdm do \u0161iestich hlavn\u00fdch sektorov \u010dinnosti*. Prieskum ukazuje, \u017ee v\u00e4\u010d\u0161ina zamestnancov podce\u0148uje zne\u010distenie vn\u00fatorn\u00e9ho ovzdu\u0161ia, m\u00e1 slab\u00e9 povedomie o rizik\u00e1ch pre zdravie a vo ve\u013ekej miere nepozn\u00e1 z\u00e1konn\u00e9 povinnosti svojho zamestn\u00e1vate\u013ea. Franc\u00fazi, ktor\u00ed nespr\u00e1vne hodnotia kvalitu ovzdu\u0161ia \u010ealeko od reality, 57 % Franc\u00fazov pova\u017euje vzduch na svojom pracovisku v zime za \u201eve\u013emi\u201c alebo \u201esk\u00f4r\u201c kvalitn\u00fd. Napriek tomu sa &#8230; <\/p>\n<p class=\"read-more-container\"><a title=\"89 % Franc\u00fazov podce\u0148uje zne\u010distenie ovzdu\u0161ia na svojom pracovisku\" class=\"read-more button\" href=\"https:\/\/obera.fr\/sk\/presse\/89-francuzov-podcenuje-znecistenie-ovzdusia-na-svojom-pracovisku\/#more-145704\" aria-label=\"Pre\u010d\u00edtajte si viac o 89 % Franc\u00fazov podce\u0148uje zne\u010distenie ovzdu\u0161ia na svojom pracovisku\">Lire la suite<\/a><\/p>\n","protected":false},"author":13,"featured_media":0,"comment_status":"open","ping_status":"closed","sticky":false,"template":"","format":"standard","meta":{"_acf_changed":false,"_seopress_robots_primary_cat":"980","_seopress_titles_title":"\u0160t\u00fadia: Zne\u010distenie ovzdu\u0161ia na pracovisk\u00e1ch","_seopress_titles_desc":"","_seopress_robots_index":"","footnotes":""},"categories":[997],"tags":[],"class_list":["post-145704","post","type-post","status-publish","format-standard","hentry","category-tlac","generate-columns","tablet-grid-50","mobile-grid-100","grid-parent","grid-50","no-featured-image-padding"],"acf":[],"_links":{"self":[{"href":"https:\/\/obera.fr\/sk\/wp-json\/wp\/v2\/posts\/145704","targetHints":{"allow":["GET"]}}],"collection":[{"href":"https:\/\/obera.fr\/sk\/wp-json\/wp\/v2\/posts"}],"about":[{"href":"https:\/\/obera.fr\/sk\/wp-json\/wp\/v2\/types\/post"}],"author":[{"embeddable":true,"href":"https:\/\/obera.fr\/sk\/wp-json\/wp\/v2\/users\/13"}],"replies":[{"embeddable":true,"href":"https:\/\/obera.fr\/sk\/wp-json\/wp\/v2\/comments?post=145704"}],"version-history":[{"count":2,"href":"https:\/\/obera.fr\/sk\/wp-json\/wp\/v2\/posts\/145704\/revisions"}],"predecessor-version":[{"id":145713,"href":"https:\/\/obera.fr\/sk\/wp-json\/wp\/v2\/posts\/145704\/revisions\/145713"}],"wp:attachment":[{"href":"https:\/\/obera.fr\/sk\/wp-json\/wp\/v2\/media?parent=145704"}],"wp:term":[{"taxonomy":"category","embeddable":true,"href":"https:\/\/obera.fr\/sk\/wp-json\/wp\/v2\/categories?post=145704"},{"taxonomy":"post_tag","embeddable":true,"href":"https:\/\/obera.fr\/sk\/wp-json\/wp\/v2\/tags?post=145704"}],"curies":[{"name":"wp","href":"https:\/\/api.w.org\/{rel}","templated":true}]}}