{"id":37320,"date":"2024-10-24T10:50:30","date_gmt":"2024-10-24T08:50:30","guid":{"rendered":"https:\/\/obera.fr\/non-classifiee\/cisticky-vzduchu-hepa-14-pre-stredne-skoly-riesenia-zamerane-na-znecistenie-vnutorneho-prostredia-v-skolach\/"},"modified":"2025-04-14T15:36:02","modified_gmt":"2025-04-14T13:36:02","slug":"purificateur-air-college","status":"publish","type":"post","link":"https:\/\/obera.fr\/sk\/nasa-rada\/purificateur-air-college\/","title":{"rendered":"\u010cisti\u010dka vzduchu HEPA 14 pre \u0161koly: rie\u0161enia zameran\u00e9 na zne\u010distenie vn\u00fatorn\u00e9ho prostredia v \u0161kol\u00e1ch"},"content":{"rendered":"\n<p>\u010cisti\u010dky vzduchu OberA s\u00fa ur\u010den\u00e9 na \u010distenie <strong>vzduchu v zariadeniach, ako s\u00fa jasle, \u0161k\u00f4lky, \u0161koly, vysok\u00e9 \u0161koly a l\u00fdce\u00e1<\/strong>. Na ochranu zdravia det\u00ed a zamestnancov s\u00fa filtra\u010dn\u00e9 syst\u00e9my nakonfigurovan\u00e9 tak, aby filtrovali a odstra\u0148ovali prach, v\u00edrusy, bakt\u00e9rie, pe\u013e, chemick\u00e9 \u010dastice a vonkaj\u0161ie zne\u010distenie.<strong> Vysoko v\u00fdkonn\u00e9 <\/strong>zariadenia na obmedzenie rizika infekci\u00ed d\u00fdchac\u00edch ciest, astmy a epid\u00e9mi\u00ed.    <\/p>\n\n<h2 class=\"wp-block-heading\">Zdroje zne\u010distenia v \u0161kol\u00e1ch<\/h2>\n\n<figure class=\"wp-block-image alignright size-large is-resized\"><img decoding=\"async\" width=\"1024\" height=\"683\" src=\"https:\/\/obera.fr\/wp-content\/uploads\/2024\/10\/ecole-1024x683.jpg\" alt=\"U&#x10D;ite&#x13E; uk&#xE1;&#x17E;e na &#x161;tudentov, ktor&#xED; zdvihn&#xFA; ruky\" class=\"wp-image-53300\" style=\"width:353px;height:auto\" srcset=\"https:\/\/obera.fr\/wp-content\/uploads\/2024\/10\/ecole-1024x683.jpg 1024w, https:\/\/obera.fr\/wp-content\/uploads\/2024\/10\/ecole-300x200.jpg 300w, https:\/\/obera.fr\/wp-content\/uploads\/2024\/10\/ecole-768x513.jpg 768w, https:\/\/obera.fr\/wp-content\/uploads\/2024\/10\/ecole-1536x1025.jpg 1536w, https:\/\/obera.fr\/wp-content\/uploads\/2024\/10\/ecole-2048x1367.jpg 2048w\" sizes=\"(max-width: 1024px) 100vw, 1024px\" \/><\/figure>\n\n<p>U\u010debne a \u0161tudovne s\u00fa <strong>ob\u013e\u00faben\u00fdm ihriskom pre v\u00edrusy a bakt\u00e9rie<\/strong>. To v\u0161ak nie je v\u0161etko: pr\u00edtomn\u00e9 s\u00fa aj in\u00e9 zne\u010dis\u0165uj\u00face l\u00e1tky, ktor\u00e9 m\u00f4\u017eu ovplyvni\u0165 zdravie det\u00ed, obzvl\u00e1\u0161\u0165 citlivej popul\u00e1cie. Patria medzi ne :  <\/p>\n\n<ul class=\"wp-block-list\">\n<li>Chemick\u00e9 v\u00fdrobky pou\u017e\u00edvan\u00e9 na \u00fadr\u017ebu a \u010distenie u\u010debn\u00ed;<\/li>\n\n\n\n<li><strong>geografick\u00e1 poloha \u0161koly,<\/strong> ktor\u00e1 sa m\u00f4\u017ee nach\u00e1dza\u0165 v oblasti s vysok\u00fdm zne\u010disten\u00edm;<\/li>\n\n\n\n<li>Materi\u00e1ly pou\u017eit\u00e9 pri v\u00fdstavbe podniku a n\u00e1bytku, ktor\u00e9 uvo\u013e\u0148uj\u00fa <a href=\"https:\/\/obera.fr\/conseils\/quels-procedes-ameliorent-qualite-air-eliminant-cov\/\">prchav\u00e9 organick\u00e9 zl\u00fa\u010deniny (VOC)<\/a>, ktor\u00e9 zost\u00e1vaj\u00fa suspendovan\u00e9 v ovzdu\u0161\u00ed;<\/li>\n\n\n\n<li><strong>V\u00edrusy a bakt\u00e9rie, ktor\u00e9 sa m\u00f4\u017eu pren\u00e1\u0161a\u0165<\/strong> medzi \u017eiakmi a zamestnancami, ako napr\u00edklad kovid 19, kde napriek bari\u00e9rov\u00fdm opatreniam v\u00edrus na\u010falej cirkuluje.<\/li>\n<\/ul>\n\n<p>Ak si uvedom\u00edme, \u017ee \u017eiaci tr\u00e1via 90 % d\u0148a v triede, je jasn\u00e9, \u017ee riziko \u0161\u00edrenia v\u00edrusov je mimoriadne vysok\u00e9.  <\/p>\n\n<p><\/p>\n\n<p class=\"has-text-align-center\">&#8220;  <em>Hoci riziko infekcie je pre <strong>\u0161koly hlavn\u00fdm probl\u00e9mom<\/strong>, kvalita ovzdu\u0161ia m\u00e1 vplyv aj na kognit\u00edvne schopnosti det\u00ed. Je \u010diasto\u010dne zodpovedn\u00e1 za zn\u00ed\u017een\u00fa koncentr\u00e1ciu a m\u00f4\u017ee ma\u0165 d\u00f4sledky na \u0161tudijn\u00e9 v\u00fdsledky \u017eiakov.  &#8220;  <\/em><\/p>\n\n<p>Hovor\u00ed Thibaut Samsel, v\u00fdkonn\u00fd riadite\u013e, ktor\u00fd sa \u0161pecializuje na \u00fapravu vzduchu u\u017e 20 rokov.<\/p>\n\n<h2 class=\"wp-block-heading\">Kvalita vn\u00fatorn\u00e9ho ovzdu\u0161ia: ako m\u00f4\u017eeme chr\u00e1ni\u0165 zdravie det\u00ed a pedagogick\u00fdch zamestnancov?<\/h2>\n\n<h3 class=\"wp-block-heading\">Kvalita ovzdu\u0161ia: povinnosti riadite\u013eov \u0161k\u00f4l vo Franc\u00fazsku  <\/h3>\n\n<p>S cie\u013eom obmedzi\u0165 zne\u010distenie verejn\u00fdch priestranstiev <strong>ministerstv\u00e1 zdravotn\u00edctva a \u017eivotn\u00e9ho prostredia spustili ak\u010dn\u00fd pl\u00e1n, ktor\u00fd<\/strong> zah\u0155\u0148a aj \u0161koly. Od roku 2015 s\u00fa riaditelia \u0161k\u00f4l na z\u00e1klade vyhl\u00e1\u0161ky \u010d. 2015-1000 povinn\u00ed monitorova\u0165 kvalitu vn\u00fatorn\u00e9ho ovzdu\u0161ia.   <\/p>\n\n<p><\/p>\n\n<p>Je povinn\u00e9 monitorova\u0165 a <strong>neprekra\u010dova\u0165 povolen\u00e9 prahov\u00e9 hodnoty koncentr\u00e1cie zne\u010dis\u0165uj\u00facich l\u00e1tok<\/strong> v prev\u00e1dzkach, ako s\u00fa C02, formaldehyd, perchl\u00f3retyl\u00e9n a benz\u00e9n.<\/p>\n\n<p>Senzory CO2, analyz\u00e1tory vzduchu v triedach s upozornen\u00edm na prekro\u010denie prahov\u00fdch hodn\u00f4t CO2&#8230; Okrem profesion\u00e1lnych \u010disti\u010diek vzduchu pon\u00fakame monitorovacie zariadenia, ktor\u00e9 sp\u013a\u0148aj\u00fa va\u0161e po\u017eiadavky.<\/p>\n\n<h3 class=\"wp-block-heading\">Covid, v\u00edrusy, jemn\u00e9 \u010dastice, zne\u010distenie&#8230; ktor\u00e1 \u010disti\u010dka vzduchu je najlep\u0161ia pre u\u010debne a spolo\u010densk\u00e9 priestory?  <\/h3>\n\n<p>Na zabezpe\u010denie \u00fa\u010dinnosti zariadenia odpor\u00fa\u010dame<strong>vybra\u0165 si \u010disti\u010dky s filtra\u010dn\u00fdm syst\u00e9mom HEPA<\/strong>, ktor\u00fd dok\u00e1\u017ee zachyti\u0165 a\u017e 99,995 % v\u00edrusov, bakt\u00e9ri\u00ed, pe\u013eu a<a href=\"https:\/\/obera.fr\/sk\/nasa-rada\/filtre-hepa-et-purificateur-d-air\/\"> jemn\u00fdch \u010dast\u00edc (filter HEPA 14).<\/a> Tieto filtre s\u00fa schopn\u00e9 zachyti\u0165 suspendovan\u00e9 \u010dastice s ve\u013ekos\u0165ou 0,3 mikr\u00f3nu alebo v\u00e4\u010d\u0161ie. <\/p>\n\n<p><\/p>\n\n<p>Je tie\u017e d\u00f4le\u017eit\u00e9 skontrolova\u0165 kapacitu pokrytia jednotky, aby mohla nepretr\u017eite <strong>recirkulova\u0165 vzduch v celej triede<\/strong>. Pre <strong>pohodlie \u017eiakov aj u\u010dite\u013eov<\/strong> sa uistite, \u017ee zariadenie je tich\u00e9. <\/p>\n\n<p><\/p>\n\n<p class=\"has-text-align-center\"><em>Vedeli ste to? V\u0161etky na\u0161e \u010disti\u010dky vzduchu s\u00fa typu plug &amp; play: sta\u010d\u00ed ich po obdr\u017ean\u00ed zapoji\u0165 do dom\u00e1cej z\u00e1suvky a za\u010dn\u00fa fungova\u0165. Pokia\u013e ide o umiestnenie, <strong>\u010disti\u010dka by mala by\u0165 v ide\u00e1lnom pr\u00edpade umiestnen\u00e1 pred tabu\u013eou <\/strong>alebo v zadnej \u010dasti triedy (v strede), aby zachytila \u010do najviac \u0161kodliv\u00edn. Aj tak sa odpor\u00fa\u010da vetra\u0165 miestnosti, najm\u00e4 po\u010das prest\u00e1vok. Filtra\u010dn\u00fd v\u00fdkon \u010disti\u010dky vzduchu OberA sa t\u00fdm nijako nezn\u00ed\u017ei.    <\/em><\/p>\n\n<h2 class=\"wp-block-heading\">Antiv\u00edrusov\u00e9 \u010disti\u010dky vzduchu OberA s HEPA filtrom: o\u0161etria 99,995 % v\u00edrusov a bakt\u00e9ri\u00ed vo va\u0161ich triedach<\/h2>\n\n<p>Filtre HEPA s\u00fa <strong>navrhnut\u00e9 tak, aby zachyt\u00e1vali najmen\u0161ie \u010dastice<\/strong> vr\u00e1tane v\u00edrusov a bakt\u00e9ri\u00ed. S\u00fa rovnako ob\u013e\u00faben\u00e9 vo vzdel\u00e1vac\u00edch zariadeniach ako v \u010dist\u00fdch priestoroch a lek\u00e1rskych laborat\u00f3ri\u00e1ch. K na\u0161im \u010disti\u010dk\u00e1m vzduchu s akt\u00edvnym uhl\u00edm prid\u00e1vame \u010fal\u0161ie \u00farovne filtr\u00e1cie, ako napr\u00edklad filter \u010dast\u00edc, aby sme boli schopn\u00ed spracova\u0165 v\u0161etky ve\u013ekosti zne\u010dis\u0165uj\u00facich l\u00e1tok.  <\/p>\n\n<p><\/p>\n\n<p>Pon\u00fakame nieko\u013eko radov zariaden\u00ed s filtrami HEPA na nepretr\u017eit\u00e9 pou\u017e\u00edvanie v \u0161kol\u00e1ch:<\/p>\n\n<div class=\"wp-block-columns is-layout-flex wp-container-core-columns-is-layout-28f84493 wp-block-columns-is-layout-flex\">\n<div class=\"wp-block-column is-layout-flow wp-block-column-is-layout-flow\" style=\"flex-basis:33.34%\">\n<figure class=\"wp-block-image aligncenter size-full is-resized\"><a href=\"https:\/\/obera.fr\/produits\/purificateurs-air\/poussieres-epur-b01-ecoprime\/\"><img decoding=\"async\" width=\"433\" height=\"433\" src=\"https:\/\/obera.fr\/wp-content\/uploads\/2020\/09\/epur-b01-ecoprime.jpg\" alt=\"Ober&#xE1; - &#x10C;isti&#x10D;ka vzduchu\" class=\"wp-image-1008\" style=\"width:250px\" srcset=\"https:\/\/obera.fr\/wp-content\/uploads\/2020\/09\/epur-b01-ecoprime.jpg 433w, https:\/\/obera.fr\/wp-content\/uploads\/2020\/09\/epur-b01-ecoprime-300x300.jpg 300w, https:\/\/obera.fr\/wp-content\/uploads\/2020\/09\/epur-b01-ecoprime-150x150.jpg 150w\" sizes=\"(max-width: 433px) 100vw, 433px\" \/><\/a><figcaption class=\"wp-element-caption\"><a href=\"https:\/\/obera.fr\/sk\/produits\/purificateurs-air\/epur-b01-cisticka-vzduchu-ecoprime\/\">EPUR B01 EcoPrime<\/a><\/figcaption><\/figure>\n\n\n\n<ul class=\"wp-block-list\">\n<li>Kompaktn\u00fd a tich\u00fd;<\/li>\n\n\n\n<li>O\u0161etrenie v\u00edrusov, bakt\u00e9ri\u00ed, prachu a aeros\u00f3lov;<\/li>\n\n\n\n<li>Ide\u00e1lne na \u010distenie mal\u00fdch u\u010debn\u00ed (20 a\u017e 60 m2);<\/li>\n\n\n\n<li>99,53 % \u00fa\u010dinnos\u0165 pri lie\u010dbe v\u00edrusov a bakt\u00e9ri\u00ed.<\/li>\n<\/ul>\n<\/div>\n\n\n\n<div class=\"wp-block-column is-layout-flow wp-block-column-is-layout-flow\" style=\"flex-basis:33.34%\">\n<figure class=\"wp-block-image aligncenter size-full is-resized\"><a href=\"https:\/\/obera.fr\/produits\/purificateurs-air\/anti-covid-virus-bacteries\/epur05\/\"><img decoding=\"async\" width=\"600\" height=\"600\" src=\"https:\/\/obera.fr\/wp-content\/uploads\/2021\/05\/Sans-titre-17.jpg\" alt=\"epur05\" class=\"wp-image-5552\" style=\"width:250px\" srcset=\"https:\/\/obera.fr\/wp-content\/uploads\/2021\/05\/Sans-titre-17.jpg 600w, https:\/\/obera.fr\/wp-content\/uploads\/2021\/05\/Sans-titre-17-300x300.jpg 300w, https:\/\/obera.fr\/wp-content\/uploads\/2021\/05\/Sans-titre-17-150x150.jpg 150w\" sizes=\"(max-width: 600px) 100vw, 600px\" \/><\/a><figcaption class=\"wp-element-caption\"><a href=\"https:\/\/obera.fr\/produits\/purificateurs-air\/anti-covid-virus-bacteries\/epur05\/\">EPUR 05<\/a><\/figcaption><\/figure>\n\n\n\n<ul class=\"wp-block-list\">\n<li>Diskr\u00e9tny dizajn;<\/li>\n\n\n\n<li>O\u0161etrenie v\u00edrusov, bakt\u00e9ri\u00ed, jemn\u00e9ho prachu, CMR (chemick\u00fdch l\u00e1tok) a aeros\u00f3lov;<\/li>\n\n\n\n<li>Izba do 100 m2 ;<\/li>\n\n\n\n<li>99,9 % \u00fa\u010dinnos\u0165 pri lie\u010dbe v\u00edrusov a bakt\u00e9ri\u00ed.<\/li>\n<\/ul>\n<\/div>\n\n\n\n<div class=\"wp-block-column is-layout-flow wp-block-column-is-layout-flow\" style=\"flex-basis:33.33%\">\n<figure class=\"wp-block-image aligncenter size-full is-resized\"><a href=\"https:\/\/obera.fr\/produits\/purificateurs-air\/anti-covid-virus-bacteries\/virbox\/\"><img decoding=\"async\" width=\"547\" height=\"688\" src=\"https:\/\/obera.fr\/wp-content\/uploads\/2021\/04\/Virbox-1-et-2.png\" alt=\"virbox 1 a 2\" class=\"wp-image-5271\" style=\"width:198px;height:auto\" srcset=\"https:\/\/obera.fr\/wp-content\/uploads\/2021\/04\/Virbox-1-et-2.png 547w, https:\/\/obera.fr\/wp-content\/uploads\/2021\/04\/Virbox-1-et-2-239x300.png 239w\" sizes=\"(max-width: 547px) 100vw, 547px\" \/><\/a><figcaption class=\"wp-element-caption\"><a href=\"https:\/\/obera.fr\/sk\/produits\/purificateurs-air\/antivirusove-a-antibakterialne-cisticky-vzduchu-covid-19\/antivirusova-cisticka-vzduchu-virbox\/\">VIRBOX 750<\/a><\/figcaption><\/figure>\n\n\n\n<ul class=\"wp-block-list\">\n<li>Flexibiln\u00fd a tich\u00fd, volite\u013en\u00fd senzor C02 ;<\/li>\n\n\n\n<li>V\u00edrusy, bakt\u00e9rie, prach ;<\/li>\n\n\n\n<li>Povrchov\u00e1 \u00faprava do 200 m2 ;<\/li>\n\n\n\n<li>99,995 % odstr\u00e1nen\u00fdch v\u00edrusov a bakt\u00e9ri\u00ed.<\/li>\n<\/ul>\n<\/div>\n<\/div>\n\n<p><\/p>\n","protected":false},"excerpt":{"rendered":"<p>\u010cisti\u010dky vzduchu OberA s\u00fa ur\u010den\u00e9 na \u010distenie vzduchu v zariadeniach, ako s\u00fa jasle, \u0161k\u00f4lky, \u0161koly, vysok\u00e9 \u0161koly a l\u00fdce\u00e1. Na ochranu zdravia det\u00ed a zamestnancov s\u00fa filtra\u010dn\u00e9 syst\u00e9my nakonfigurovan\u00e9 tak, aby filtrovali a odstra\u0148ovali prach, v\u00edrusy, bakt\u00e9rie, pe\u013e, chemick\u00e9 \u010dastice a vonkaj\u0161ie zne\u010distenie. <\/p>\n","protected":false},"author":13,"featured_media":81002,"comment_status":"open","ping_status":"closed","sticky":false,"template":"","format":"standard","meta":{"_acf_changed":false,"_seopress_robots_primary_cat":"none","_seopress_titles_title":"Vysoko v\u00fdkonn\u00e9 \u010disti\u010dky vzduchu pre vysok\u00e9 \u0161koly I OberA","_seopress_titles_desc":"Zlep\u0161ite kvalitu vn\u00fatorn\u00e9ho vzduchu a zn\u00ed\u017ete riziko infekci\u00ed, alergi\u00ed a astmy vo va\u0161ej \u0161kole.","_seopress_robots_index":"","footnotes":""},"categories":[141],"tags":[142],"class_list":["post-37320","post","type-post","status-publish","format-standard","has-post-thumbnail","hentry","category-nasa-rada","tag-entete-male-sk","generate-columns","tablet-grid-50","mobile-grid-100","grid-parent","grid-50","no-featured-image-padding","resize-featured-image"],"acf":[],"_links":{"self":[{"href":"https:\/\/obera.fr\/sk\/wp-json\/wp\/v2\/posts\/37320","targetHints":{"allow":["GET"]}}],"collection":[{"href":"https:\/\/obera.fr\/sk\/wp-json\/wp\/v2\/posts"}],"about":[{"href":"https:\/\/obera.fr\/sk\/wp-json\/wp\/v2\/types\/post"}],"author":[{"embeddable":true,"href":"https:\/\/obera.fr\/sk\/wp-json\/wp\/v2\/users\/13"}],"replies":[{"embeddable":true,"href":"https:\/\/obera.fr\/sk\/wp-json\/wp\/v2\/comments?post=37320"}],"version-history":[{"count":3,"href":"https:\/\/obera.fr\/sk\/wp-json\/wp\/v2\/posts\/37320\/revisions"}],"predecessor-version":[{"id":81249,"href":"https:\/\/obera.fr\/sk\/wp-json\/wp\/v2\/posts\/37320\/revisions\/81249"}],"wp:featuredmedia":[{"embeddable":true,"href":"https:\/\/obera.fr\/sk\/wp-json\/wp\/v2\/media\/81002"}],"wp:attachment":[{"href":"https:\/\/obera.fr\/sk\/wp-json\/wp\/v2\/media?parent=37320"}],"wp:term":[{"taxonomy":"category","embeddable":true,"href":"https:\/\/obera.fr\/sk\/wp-json\/wp\/v2\/categories?post=37320"},{"taxonomy":"post_tag","embeddable":true,"href":"https:\/\/obera.fr\/sk\/wp-json\/wp\/v2\/tags?post=37320"}],"curies":[{"name":"wp","href":"https:\/\/api.w.org\/{rel}","templated":true}]}}