{"id":39369,"date":"2024-10-08T10:11:22","date_gmt":"2024-10-08T08:11:22","guid":{"rendered":"https:\/\/obera.fr\/non-classifiee\/stolarstvo-aky-vakuovy-stol-na-brusenie\/"},"modified":"2025-06-27T14:26:00","modified_gmt":"2025-06-27T12:26:00","slug":"table-aspirante-menuiserie","status":"publish","type":"post","link":"https:\/\/obera.fr\/sk\/nasa-rada\/table-aspirante-menuiserie\/","title":{"rendered":"Stol\u00e1rstvo: ak\u00fd v\u00e1kuov\u00fd st\u00f4l na br\u00fasenie?"},"content":{"rendered":"\n<figure class=\"wp-block-image alignleft size-large is-resized\"><img decoding=\"async\" width=\"683\" height=\"1024\" src=\"https:\/\/obera.fr\/wp-content\/uploads\/2024\/10\/menuiserie-683x1024.jpg\" alt=\"Osoba rezaj&#xFA;ca drevo\" class=\"wp-image-36085\" style=\"width:240px\" srcset=\"https:\/\/obera.fr\/wp-content\/uploads\/2024\/10\/menuiserie-683x1024.jpg 683w, https:\/\/obera.fr\/wp-content\/uploads\/2024\/10\/menuiserie-200x300.jpg 200w, https:\/\/obera.fr\/wp-content\/uploads\/2024\/10\/menuiserie-768x1152.jpg 768w, https:\/\/obera.fr\/wp-content\/uploads\/2024\/10\/menuiserie-1024x1536.jpg 1024w, https:\/\/obera.fr\/wp-content\/uploads\/2024\/10\/menuiserie-1365x2048.jpg 1365w, https:\/\/obera.fr\/wp-content\/uploads\/2024\/10\/menuiserie-scaled.jpg 1706w\" sizes=\"(max-width: 683px) 100vw, 683px\" \/><\/figure>\n\n<p>Pri stol\u00e1rskych pr\u00e1cach vznik\u00e1 mno\u017estvo <strong>zne\u010dis\u0165uj\u00facich l\u00e1tok, ktor\u00e9 predstavuj\u00fa zdravotn\u00e9 riziko pre pracovn\u00edkov:<\/strong> drevn\u00fd prach, formaldehyd, izokyan\u00e1ty, ako aj rozp\u00fa\u0161\u0165adl\u00e1 a \u0165a\u017ek\u00e9 kovy. Na ochranu va\u0161ich t\u00edmov existuje jedno rie\u0161enie: ods\u00e1vac\u00ed stol\u00edk pre stol\u00e1rov. V spolo\u010dnosti OberA pon\u00fakame nieko\u013eko radov <strong>priemyseln\u00fdch ods\u00e1vac\u00edch stolov <\/strong>prisp\u00f4soben\u00fdch pre stol\u00e1rstvo, ktor\u00e9 sp\u013a\u0148aj\u00fa predpisy a chr\u00e1nia va\u0161e t\u00edmy. <\/p>\n\n<h2 class=\"wp-block-heading\">V\u00e1kuov\u00fd br\u00fasny st\u00f4l: priemyseln\u00e9 rady OberA  <\/h2>\n\n<p>Spolo\u010dnos\u0165 OberA, ktor\u00e1 sa \u0161pecializuje na \u010distenie vzduchu, spolupracuje so <strong>stol\u00e1rskymi podnikmi na zachyt\u00e1van\u00ed<\/strong> a \u010disten\u00ed v\u0161etk\u00fdch zne\u010dis\u0165uj\u00facich l\u00e1tok vznikaj\u00facich pri priemyseln\u00fdch procesoch.  <\/p>\n\n<p><\/p>\n\n<p>Pokia\u013e ide o br\u00fasenie, v\u0161etky na\u0161e modely s\u00fa schopn\u00e9 \u00fa\u010dinne sa vysporiada\u0165 s hrub\u00fdm prachom, rozp\u00fa\u0161\u0165adlami\/pachmi a v\u00fdparmi. Ka\u017ed\u00fd z nich v\u0161ak pon\u00faka jedine\u010dn\u00e9 funkcie, ktor\u00e9 vyhovuj\u00fa va\u0161im \u0161pecifick\u00fdm po\u017eiadavk\u00e1m: <strong>ve\u013ek\u00fd v\u00e1kuov\u00fd st\u00f4l na<\/strong> pr\u00e1cu s objemn\u00fdmi obrobkami, oto\u010dn\u00fd st\u00f4l na<strong> komplexn\u00e9 \u00falohy<\/strong> alebo kompaktn\u00fd, mobiln\u00fd v\u00e1kuov\u00fd st\u00f4l na presun z jedn\u00e9ho pracoviska na druh\u00e9. <\/p>\n\n<p><\/p>\n\n<p><\/p>\n\n<p><\/p>\n\n<h3 class=\"wp-block-heading\">Pripojite\u013en\u00e9 ods\u00e1vacie stoly pre stol\u00e1rske v\u00fdrobky  <\/h3>\n\n<p>Na\u0161e pripojite\u013en\u00e9 ods\u00e1vacie stoly sa prip\u00e1jaj\u00fa k <a href=\"https:\/\/obera.fr\/sk\/nasa-rada\/emissions-cov-different-secteur\/\">ods\u00e1va\u010du prachu<\/a> alebo k<strong> ods\u00e1va\u010du plynn\u00fdch zne\u010dis\u0165uj\u00facich l\u00e1tok<\/strong> (priemyseln\u00fd vys\u00e1va\u010d). Mo\u017eno ich pripoji\u0165 aj k ventil\u00e1toru. <\/p>\n\n<p>S\u00fa robustn\u00e9,<strong> vyroben\u00e9 z materi\u00e1lov, ktor\u00e9<\/strong> dlhodobo odol\u00e1vaj\u00fa priemyseln\u00e9mu prostrediu.<\/p>\n\n<div class=\"wp-block-columns is-layout-flex wp-container-core-columns-is-layout-28f84493 wp-block-columns-is-layout-flex\">\n<div class=\"wp-block-column is-layout-flow wp-block-column-is-layout-flow\" style=\"flex-basis:50%\">\n<figure class=\"wp-block-image aligncenter size-large is-resized\"><a href=\"https:\/\/obera.fr\/produits\/tables-aspirantes\/table-aspirante-a-at\/\"><img decoding=\"async\" width=\"1024\" height=\"1024\" src=\"https:\/\/obera.fr\/wp-content\/uploads\/2024\/04\/obera-tableaspirante-aat-2024.jpg-1024x1024.png\" alt=\"obera tableaspirante aat 2024.jpg\" class=\"wp-image-30206\" style=\"width:301px;height:auto\" srcset=\"https:\/\/obera.fr\/wp-content\/uploads\/2024\/04\/obera-tableaspirante-aat-2024.jpg-1024x1024.png 1024w, https:\/\/obera.fr\/wp-content\/uploads\/2024\/04\/obera-tableaspirante-aat-2024.jpg-300x300.png 300w, https:\/\/obera.fr\/wp-content\/uploads\/2024\/04\/obera-tableaspirante-aat-2024.jpg-150x150.png 150w, https:\/\/obera.fr\/wp-content\/uploads\/2024\/04\/obera-tableaspirante-aat-2024.jpg-768x768.png 768w, https:\/\/obera.fr\/wp-content\/uploads\/2024\/04\/obera-tableaspirante-aat-2024.jpg.png 1200w\" sizes=\"(max-width: 1024px) 100vw, 1024px\" \/><\/a><\/figure>\n<\/div>\n\n\n\n<div class=\"wp-block-column is-layout-flow wp-block-column-is-layout-flow\" style=\"flex-basis:50%\">\n<figure class=\"wp-block-image aligncenter size-full is-resized\"><a href=\"https:\/\/obera.fr\/produits\/tables-aspirantes\/table-rotative-360\/\"><img decoding=\"async\" width=\"600\" height=\"600\" src=\"https:\/\/obera.fr\/wp-content\/uploads\/2022\/12\/table-aspirante-360-600x600-1.png\" alt=\"360 v&#xE1;kuov&#xFD; st&#xF4;l 600x600 1\" class=\"wp-image-16609\" style=\"width:304px;height:auto\" srcset=\"https:\/\/obera.fr\/wp-content\/uploads\/2022\/12\/table-aspirante-360-600x600-1.png 600w, https:\/\/obera.fr\/wp-content\/uploads\/2022\/12\/table-aspirante-360-600x600-1-300x300.png 300w, https:\/\/obera.fr\/wp-content\/uploads\/2022\/12\/table-aspirante-360-600x600-1-150x150.png 150w\" sizes=\"(max-width: 600px) 100vw, 600px\" \/><\/a><\/figure>\n<\/div>\n<\/div>\n\n<figure class=\"wp-block-table\"><table class=\"has-fixed-layout\"><tbody><tr><td><em><a href=\"https:\/\/obera.fr\/sk\/produits\/tables-aspirantes\/table-aspirante-a-at\/\">Priemyseln\u00e9 v\u00e1kuov\u00e9 stoly A &amp; AT<\/a><\/em><br\/>Dostupn\u00e9 v r\u00f4znych rozmeroch, ktor\u00e9 vyhovuj\u00fa<strong>ve\u013ekosti<\/strong> br\u00fasen\u00fdch<strong>obrobkov<\/strong>.<\/td><td><em><a href=\"https:\/\/obera.fr\/sk\/produits\/tables-aspirantes\/table-rotative-360\/\">360\u00b0 oto\u010dn\u00fd ods\u00e1vac\u00ed st\u00f4l<\/a><\/em><br\/>Na<strong>obr\u00e1banie zlo\u017eit\u00fdch dielov <\/strong>, ktor\u00e9 si vy\u017eaduj\u00fa vo\u013enos\u0165 pohybu.<\/td><\/tr><\/tbody><\/table><\/figure>\n\n<h3 class=\"wp-block-heading\">Sacie stoly s integrovan\u00fdm filtra\u010dn\u00fdm syst\u00e9mom<\/h3>\n\n<p>Na\u0161e samostatn\u00e9 v\u00e1kuov\u00e9 stoly s\u00fa vybaven\u00e9 vlastn\u00fdm<strong> syst\u00e9mom ods\u00e1vania a filtr\u00e1cie \u0161kodliv\u00edn<\/strong>. Ide o kompaktnej\u0161ie rie\u0161enia, ktor\u00e9 nerobia \u017eiadne \u00fastupky na \u00fakor svojej \u00fa\u010dinnosti pri zachyt\u00e1van\u00ed a \u010disten\u00ed \u0161kodliv\u00edn uvo\u013e\u0148ovan\u00fdch pri br\u00fasen\u00ed obrobkov. <\/p>\n\n<div class=\"wp-block-columns is-layout-flex wp-container-core-columns-is-layout-28f84493 wp-block-columns-is-layout-flex\">\n<div class=\"wp-block-column is-layout-flow wp-block-column-is-layout-flow\" style=\"flex-basis:50%\">\n<figure class=\"wp-block-image aligncenter size-large is-resized\"><img decoding=\"async\" width=\"1024\" height=\"1024\" src=\"https:\/\/obera.fr\/wp-content\/uploads\/2024\/05\/epurbox-tsp-1024x1024.png\" alt=\"epurbox tsp\" class=\"wp-image-30348\" style=\"width:393px;height:auto\" srcset=\"https:\/\/obera.fr\/wp-content\/uploads\/2024\/05\/epurbox-tsp-1024x1024.png 1024w, https:\/\/obera.fr\/wp-content\/uploads\/2024\/05\/epurbox-tsp-300x300.png 300w, https:\/\/obera.fr\/wp-content\/uploads\/2024\/05\/epurbox-tsp-150x150.png 150w, https:\/\/obera.fr\/wp-content\/uploads\/2024\/05\/epurbox-tsp-768x768.png 768w, https:\/\/obera.fr\/wp-content\/uploads\/2024\/05\/epurbox-tsp.png 1200w\" sizes=\"(max-width: 1024px) 100vw, 1024px\" \/><\/figure>\n<\/div>\n\n\n\n<div class=\"wp-block-column is-layout-flow wp-block-column-is-layout-flow\" style=\"flex-basis:50%\">\n<figure class=\"wp-block-image aligncenter size-large is-resized\"><a href=\"https:\/\/obera.fr\/produits\/tables-aspirantes\/table-autonome\/\"><img decoding=\"async\" width=\"1024\" height=\"1024\" src=\"https:\/\/obera.fr\/wp-content\/uploads\/2024\/04\/obera-tableaspirante-autonome-2024.jpg-1024x1024.png\" alt=\"obera tableaspirante autonome 2024.jpg\" class=\"wp-image-30210\" style=\"width:393px;height:auto\" srcset=\"https:\/\/obera.fr\/wp-content\/uploads\/2024\/04\/obera-tableaspirante-autonome-2024.jpg-1024x1024.png 1024w, https:\/\/obera.fr\/wp-content\/uploads\/2024\/04\/obera-tableaspirante-autonome-2024.jpg-300x300.png 300w, https:\/\/obera.fr\/wp-content\/uploads\/2024\/04\/obera-tableaspirante-autonome-2024.jpg-150x150.png 150w, https:\/\/obera.fr\/wp-content\/uploads\/2024\/04\/obera-tableaspirante-autonome-2024.jpg-768x768.png 768w, https:\/\/obera.fr\/wp-content\/uploads\/2024\/04\/obera-tableaspirante-autonome-2024.jpg.png 1200w\" sizes=\"(max-width: 1024px) 100vw, 1024px\" \/><\/a><\/figure>\n<\/div>\n<\/div>\n\n<figure class=\"wp-block-table\"><table class=\"has-fixed-layout\"><tbody><tr><td><em>St\u00f4l ePURBOX ATEX<\/em><br\/>Mobiln\u00fd a kompaktn\u00fd st\u00f4l, ktor\u00fd pon\u00faka optim\u00e1lny komfort obsluhy.<\/td><td><em><a href=\"https:\/\/obera.fr\/sk\/produits\/tables-aspirantes\/table-autonome\/\">Samostatn\u00fd ods\u00e1vac\u00ed st\u00f4l<\/a><\/em><br\/>Skuto\u010dn\u00fd pracovn\u00fd priestor vybaven\u00fd <strong>syst\u00e9mom automatick\u00e9ho \u010distenia <\/strong>filtra. K dispoz\u00edcii v r\u00f4znych ve\u013ekostiach. <\/td><\/tr><\/tbody><\/table><\/figure>\n\n<p class=\"has-text-align-center\"><em>Slovo odborn\u00edka: na\u0161e <strong>ods\u00e1vacie stoly mo\u017eno prisp\u00f4sobi\u0165 va\u0161im \u0161pecifick\u00fdm po\u017eiadavk\u00e1m<\/strong>. Zhoda s ATEX, rozmery na mieru, pridanie antistatickej ochrany, ergonomick\u00e9 nastavenie stola, integrovan\u00e9 osvetlenie, sacie ramen\u00e1, r\u00farkov\u00e9 vstupy a v\u00fdstupy&#8230; V z\u00e1vislosti od n\u00e1\u0161ho sortimentu m\u00f4\u017eeme v\u00e1\u0161 <strong>bud\u00faci v\u00e1kuov\u00fd st\u00f4l<\/strong> prisp\u00f4sobi\u0165 pridan\u00edm pr\u00edslu\u0161enstva a funkci\u00ed.   <\/em><\/p>\n\n<h2 class=\"wp-block-heading\">Ods\u00e1vac\u00ed st\u00f4l pre stol\u00e1rske v\u00fdrobky: s pr\u00edpojkou alebo bez nej?<\/h2>\n\n<p>V\u00e1kuov\u00e9 stoly vybaven\u00e9 vlastn\u00fdm sac\u00edm syst\u00e9mom s\u00fa \u010dasto kompaktnej\u0161ie v\u00fdrobky, ktor\u00e9 sa \u013eahko zmestia do men\u0161\u00edch dieln\u00ed.  <\/p>\n\n<p><\/p>\n\n<p class=\"has-text-align-center\">&#8220;  <em>S\u00fa ide\u00e1lne na pr\u00edle\u017eitostn\u00e9 br\u00fasenie, ale nie s\u00fa vhodn\u00e9 na <strong>priemyseln\u00fa v\u00fdrobu<\/strong> v\u00e4\u010d\u0161\u00edch objemov. V tomto pr\u00edpade s\u00fa emisie \u0161kodliv\u00edn ove\u013ea koncentrovanej\u0161ie a vy\u017eaduj\u00fa si pripojenie <strong>v\u00e1kuov\u00e9ho stola k ods\u00e1va\u010du <\/strong>, aby sa zabezpe\u010dila maxim\u00e1lna bezpe\u010dnos\u0165 na pracovisku.  &#8220;  <\/em>Technik spolo\u010dnosti OberA vysvet\u013euje.<em> <\/em>Koniec koncov, to je cel\u00e1 v\u00fdhoda pripojenia stola k zbera\u010du prachu: zachytenie v\u00e4\u010d\u0161ieho objemu zne\u010dis\u0165uj\u00facich l\u00e1tok, ktor\u00e9 prejd\u00fa cez <a href=\"https:\/\/obera.fr\/sk\/produits\/depoussiereurs-industriels\/\">zbera\u010d prachu, ktor\u00fd je oddelen\u00fd od stola<\/a>. &#8220;  <em>Odpor\u00fa\u010dame zvoli\u0165 si <strong>vys\u00e1va\u010d prachu vybaven\u00fd zariaden\u00edm na \u010distenie filtra\u010dn\u00fdch m\u00e9di\u00ed<\/strong>. To znamen\u00e1, \u017ee obsluha bude musie\u0165 meni\u0165 filtre ove\u013ea menej \u010dasto. <\/em>  &#8222;.  <\/p>\n\n<p><\/p>\n\n<p>Upozor\u0148ujeme, \u017ee br\u00fasne pracovisk\u00e1, podobne ako <strong>br\u00fasne, le\u0161tiace a f\u00fakacie pracovisk\u00e1<\/strong>, prirodzene uvo\u013e\u0148uj\u00fa vysok\u00fa koncentr\u00e1ciu prachu. Nev\u00e1hajte po\u017eiada\u0165 na\u0161e t\u00edmy o radu oh\u013eadom va\u0161ich potrieb a typu v\u00fdrobku, ktor\u00fd je najvhodnej\u0161\u00ed pre va\u0161u diel\u0148u. <\/p>\n","protected":false},"excerpt":{"rendered":"<p>Pri stol\u00e1rskych pr\u00e1cach vznik\u00e1 mno\u017estvo zne\u010dis\u0165uj\u00facich l\u00e1tok, ktor\u00e9 predstavuj\u00fa zdravotn\u00e9 riziko pre pracovn\u00edkov: drevn\u00fd prach, formaldehyd, izokyan\u00e1ty, ako aj rozp\u00fa\u0161\u0165adl\u00e1 a \u0165a\u017ek\u00e9 kovy.<\/p>\n","protected":false},"author":13,"featured_media":80261,"comment_status":"open","ping_status":"closed","sticky":false,"template":"","format":"standard","meta":{"_acf_changed":false,"_seopress_robots_primary_cat":"none","_seopress_titles_title":"Stol\u00e1rstvo: I OberA v\u00e1kuov\u00fd br\u00fasny st\u00f4l","_seopress_titles_desc":"Objavte n\u00e1\u0161 sortiment v\u00e1kuov\u00fdch stolov ur\u010den\u00fdch na ods\u00e1vanie a spracovanie zne\u010dis\u0165uj\u00facich l\u00e1tok vznikaj\u00facich pri br\u00fasen\u00ed.","_seopress_robots_index":"","footnotes":""},"categories":[141],"tags":[],"class_list":["post-39369","post","type-post","status-publish","format-standard","has-post-thumbnail","hentry","category-nasa-rada","generate-columns","tablet-grid-50","mobile-grid-100","grid-parent","grid-50","no-featured-image-padding","resize-featured-image"],"acf":[],"_links":{"self":[{"href":"https:\/\/obera.fr\/sk\/wp-json\/wp\/v2\/posts\/39369","targetHints":{"allow":["GET"]}}],"collection":[{"href":"https:\/\/obera.fr\/sk\/wp-json\/wp\/v2\/posts"}],"about":[{"href":"https:\/\/obera.fr\/sk\/wp-json\/wp\/v2\/types\/post"}],"author":[{"embeddable":true,"href":"https:\/\/obera.fr\/sk\/wp-json\/wp\/v2\/users\/13"}],"replies":[{"embeddable":true,"href":"https:\/\/obera.fr\/sk\/wp-json\/wp\/v2\/comments?post=39369"}],"version-history":[{"count":4,"href":"https:\/\/obera.fr\/sk\/wp-json\/wp\/v2\/posts\/39369\/revisions"}],"predecessor-version":[{"id":116536,"href":"https:\/\/obera.fr\/sk\/wp-json\/wp\/v2\/posts\/39369\/revisions\/116536"}],"wp:featuredmedia":[{"embeddable":true,"href":"https:\/\/obera.fr\/sk\/wp-json\/wp\/v2\/media\/80261"}],"wp:attachment":[{"href":"https:\/\/obera.fr\/sk\/wp-json\/wp\/v2\/media?parent=39369"}],"wp:term":[{"taxonomy":"category","embeddable":true,"href":"https:\/\/obera.fr\/sk\/wp-json\/wp\/v2\/categories?post=39369"},{"taxonomy":"post_tag","embeddable":true,"href":"https:\/\/obera.fr\/sk\/wp-json\/wp\/v2\/tags?post=39369"}],"curies":[{"name":"wp","href":"https:\/\/api.w.org\/{rel}","templated":true}]}}