{"id":39535,"date":"2024-10-07T15:29:28","date_gmt":"2024-10-07T13:29:28","guid":{"rendered":"https:\/\/obera.fr\/non-classifiee\/zvaranie-aky-je-spravny-odsavaci-stol-na-zachytavanie-zvaracich-dymov-pri-zdroji\/"},"modified":"2025-06-27T14:26:48","modified_gmt":"2025-06-27T12:26:48","slug":"table-aspirante-soudure","status":"publish","type":"post","link":"https:\/\/obera.fr\/sk\/nasa-rada\/table-aspirante-soudure\/","title":{"rendered":"Zv\u00e1ranie: ktor\u00fd ods\u00e1vac\u00ed st\u00f4l je najlep\u0161\u00ed na zachyt\u00e1vanie zv\u00e1rac\u00edch dymov pri zdroji?"},"content":{"rendered":"\n<p>H\u013ead\u00e1te <a href=\"https:\/\/obera.fr\/sk\/produits\/tables-aspirantes\/\">ods\u00e1vac\u00ed st\u00f4l pre svoje zv\u00e1racie pracovisk\u00e1<\/a>?<strong> <\/strong>? Spolo\u010dnos\u0165 OberA pon\u00faka nieko\u013eko radov v\u00e1kuov\u00fdch stolov pre profesion\u00e1lov, ktor\u00e9 pon\u00fakaj\u00fa vysok\u00fd v\u00fdkon s r\u00f4znymi filtra\u010dn\u00fdmi syst\u00e9mami pre bezpe\u010dn\u00fd pracovn\u00fd priestor. Pom\u00e1hame v\u00fdrobcom vybra\u0165 najlep\u0161ie zariadenie, aby sa minimalizovali <strong>zdravotn\u00e9 rizik\u00e1, ktor\u00fdm<\/strong> s\u00fa va\u0161i oper\u00e1tori vystaven\u00ed.  <\/p>\n\n<h2 class=\"wp-block-heading\">Zv\u00e1racie v\u00fdpary: ak\u00fdm rizik\u00e1m s\u00fa vystaven\u00ed va\u0161i pracovn\u00edci?<\/h2>\n\n<figure class=\"wp-block-image alignright size-large is-resized\"><img decoding=\"async\" width=\"1024\" height=\"683\" src=\"https:\/\/obera.fr\/wp-content\/uploads\/2024\/10\/soudure-1024x683.jpg\" alt=\"mu&#x17E; v zv&#xE1;ra&#x10D;skom v&#xFD;stroji zv&#xE1;raj&#xFA;ci kov\" class=\"wp-image-36184\" style=\"width:350px\" srcset=\"https:\/\/obera.fr\/wp-content\/uploads\/2024\/10\/soudure-1024x683.jpg 1024w, https:\/\/obera.fr\/wp-content\/uploads\/2024\/10\/soudure-300x200.jpg 300w, https:\/\/obera.fr\/wp-content\/uploads\/2024\/10\/soudure-768x512.jpg 768w, https:\/\/obera.fr\/wp-content\/uploads\/2024\/10\/soudure-1536x1024.jpg 1536w, https:\/\/obera.fr\/wp-content\/uploads\/2024\/10\/soudure-2048x1365.jpg 2048w\" sizes=\"(max-width: 1024px) 100vw, 1024px\" \/><\/figure>\n\n<p>Pri zv\u00e1ran\u00ed sa uvo\u013e\u0148uj\u00fa zv\u00e1racie v\u00fdpary, ktor\u00e9 obsahuj\u00fa mno\u017estvo l\u00e1tok \u0161kodliv\u00fdch pre organizmus. Tieto l\u00e1tky s\u00fa pr\u00edtomn\u00e9 vo forme plynu, ale aj vo <strong>forme jemn\u00fdch prachov\u00fdch \u010dast\u00edc<\/strong>. Je potrebn\u00e9 poznamena\u0165, \u017ee zlo\u017eenie zv\u00e1rac\u00edch dymov z\u00e1vis\u00ed od in\u00fdch faktorov, ako je napr\u00edklad zv\u00e1ran\u00fd kov, a m\u00f4\u017ee obsahova\u0165 r\u00f4zne l\u00e1tky:    <\/p>\n\n<ul class=\"wp-block-list\">\n<li>\u0160kodliv\u00e9 l\u00e1tky, ako s\u00fa oxidy hlin\u00edka a \u017eeleza;<\/li>\n\n\n\n<li>Toxick\u00e9 l\u00e1tky, ako je oxid mangani\u010dit\u00fd a oxid uho\u013enat\u00fd;  <\/li>\n\n\n\n<li>Karcinog\u00e9nne l\u00e1tky, ako je oxid olovnat\u00fd, oxid nikelnat\u00fd a zl\u00fa\u010deniny chr\u00f3mu.<\/li>\n<\/ul>\n\n<p>Ve\u013ekos\u0165 prachov\u00fdch \u010dast\u00edc vyvrhovan\u00fdch<a href=\"https:\/\/obera.fr\/sk\/nasa-rada\/fumee-de-soudage-quel-est-leur-degre-de-nocivite-et-quelles-sont-les-reglementations-en-vigueur\/\"> zv\u00e1rac\u00edmi dymami<\/a> je tak\u00e1 mal\u00e1, \u017ee s\u00fa vo\u013en\u00fdm okom nevidite\u013en\u00e9, ale dok\u00e1\u017eu prenikn\u00fa\u0165 do p\u013e\u00facnych mech\u00farikov a krvn\u00e9ho obehu. Preto s\u00fa pre zv\u00e1ra\u010dov obzvl\u00e1\u0161\u0165 nebezpe\u010dn\u00e9, preto\u017ee sp\u00f4sobuj\u00fa mno\u017estvo komplik\u00e1ci\u00ed: ochorenia d\u00fdchac\u00edch ciest, po\u0161kodenie nervov, z\u00e1vraty, nevo\u013enos\u0165, bolesti hlavy a dokonca rakovinu.   <\/p>\n\n<p>T\u00e1to nebezpe\u010dnos\u0165 vysvet\u013euje, pre\u010do <strong>musia v\u00fdrobcovia dodr\u017eiava\u0165 mno\u017estvo noriem<\/strong> a vybavi\u0165 sa na zvl\u00e1danie riz\u00edk spojen\u00fdch so zv\u00e1rac\u00edmi dymami (ochrann\u00e9 z\u00e1vesy a ochrann\u00e9 zv\u00e1racie p\u00e1sy, ods\u00e1vac\u00ed st\u00f4l, priemyseln\u00fd odlu\u010dova\u010d prachu at\u010f.).  <\/p>\n\n<p><\/p>\n\n<p class=\"has-text-align-center\">&#8220;  <em>Zo v\u0161etk\u00fdch t\u00fdchto d\u00f4vodov s\u00fa predpisy t\u00fdkaj\u00face sa \u010dinnost\u00ed, pri ktor\u00fdch sa uvo\u013e\u0148uj\u00fa zv\u00e1racie v\u00fdpary, mimoriadne pr\u00edsne. Preto spolo\u010dnos\u0165 OberA pon\u00faka cel\u00fd rad <strong>rie\u0161en\u00ed na ods\u00e1vanie a \u00fapravu jemn\u00fdch \u010dast\u00edc<\/strong>: od priemyseln\u00fdch zv\u00e1rac\u00edch ods\u00e1vac\u00edch stolov a\u017e po lek\u00e1rske odlu\u010dova\u010de prachu. S jedin\u00fdm cie\u013eom: chr\u00e1ni\u0165 zv\u00e1ra\u010dov.   &#8220;  <\/em>dod\u00e1va Thibaut Samsel, technick\u00fd riadite\u013e spolo\u010dnosti OberA.  <\/p>\n\n<h2 class=\"wp-block-heading\">Pr\u00e9miov\u00e9 ods\u00e1vacie rie\u0161enie: v\u00fdber OberA na zabezpe\u010denie va\u0161ich zv\u00e1rac\u00edch stan\u00edc<\/h2>\n\n<p>V\u0161etky ods\u00e1vacie stoly radu OberA s\u00fa vhodn\u00e9 na <strong>zv\u00e1ranie, br\u00fasenie, odstra\u0148ovanie otrepov, br\u00fasenie, lepenie a lakovanie<\/strong>at\u010f. Pri<a href=\"https:\/\/obera.fr\/sk\/conseils\/comment-choisir-sa-table-aspirante-industrielle\/\"> v\u00fdbere ods\u00e1vacieho rie\u0161enia<\/a> rozhoduje plocha potrebn\u00e1 na opracovanie obrobkov, v\u0161etky zne\u010dis\u0165uj\u00face l\u00e1tky, ktor\u00e9 sa maj\u00fa spracova\u0165, a ich koncentr\u00e1cia v pracovnom prostred\u00ed.  <\/p>\n\n<p><\/p>\n\n<p class=\"has-text-align-center\">&#8220;  <em>Ak napr\u00edklad pri zv\u00e1ran\u00ed vznik\u00e1 ve\u013ek\u00e9 mno\u017estvo zne\u010dis\u0165uj\u00facich l\u00e1tok, budete si musie\u0165 vybra\u0165 ods\u00e1vac\u00ed st\u00f4l pripojen\u00fd k zbera\u010du prachu alebo ventil\u00e1toru (existuj\u00facemu alebo nie). Na druhej strane, na zv\u00e1ranie mal\u00fdch dielov m\u00f4\u017ee sta\u010di\u0165 st\u00f4l vybaven\u00fd <strong>nas\u00e1vacou filtr\u00e1ciou<\/strong> (s n\u00e1hradn\u00fdm filtrom).  &#8220;  <\/em>Ozna\u010duje technika OberA.<\/p>\n\n<p class=\"has-text-align-center\"><\/p>\n\n<div class=\"wp-block-columns is-layout-flex wp-container-core-columns-is-layout-28f84493 wp-block-columns-is-layout-flex\">\n<div class=\"wp-block-column is-layout-flow wp-block-column-is-layout-flow\" style=\"flex-basis:25%\">\n<figure class=\"wp-block-image aligncenter size-large is-resized\"><img decoding=\"async\" width=\"1024\" height=\"1024\" src=\"https:\/\/obera.fr\/wp-content\/uploads\/2024\/05\/epurbox-tsp-1024x1024.png\" alt=\"epurbox tsp\" class=\"wp-image-30348\" style=\"width:200px\" srcset=\"https:\/\/obera.fr\/wp-content\/uploads\/2024\/05\/epurbox-tsp-1024x1024.png 1024w, https:\/\/obera.fr\/wp-content\/uploads\/2024\/05\/epurbox-tsp-300x300.png 300w, https:\/\/obera.fr\/wp-content\/uploads\/2024\/05\/epurbox-tsp-150x150.png 150w, https:\/\/obera.fr\/wp-content\/uploads\/2024\/05\/epurbox-tsp-768x768.png 768w, https:\/\/obera.fr\/wp-content\/uploads\/2024\/05\/epurbox-tsp.png 1200w\" sizes=\"(max-width: 1024px) 100vw, 1024px\" \/><\/figure>\n<\/div>\n\n\n\n<div class=\"wp-block-column is-layout-flow wp-block-column-is-layout-flow\" style=\"flex-basis:25%\">\n<figure class=\"wp-block-image aligncenter size-large is-resized\"><a href=\"https:\/\/obera.fr\/produits\/tables-aspirantes\/table-aspirante-a-at\/\"><img decoding=\"async\" width=\"1024\" height=\"1024\" src=\"https:\/\/obera.fr\/wp-content\/uploads\/2024\/04\/obera-tableaspirante-aat-2024.jpg-1024x1024.png\" alt=\"obera tableaspirante aat 2024.jpg\" class=\"wp-image-30206\" style=\"width:200px\" srcset=\"https:\/\/obera.fr\/wp-content\/uploads\/2024\/04\/obera-tableaspirante-aat-2024.jpg-1024x1024.png 1024w, https:\/\/obera.fr\/wp-content\/uploads\/2024\/04\/obera-tableaspirante-aat-2024.jpg-300x300.png 300w, https:\/\/obera.fr\/wp-content\/uploads\/2024\/04\/obera-tableaspirante-aat-2024.jpg-150x150.png 150w, https:\/\/obera.fr\/wp-content\/uploads\/2024\/04\/obera-tableaspirante-aat-2024.jpg-768x768.png 768w, https:\/\/obera.fr\/wp-content\/uploads\/2024\/04\/obera-tableaspirante-aat-2024.jpg.png 1200w\" sizes=\"(max-width: 1024px) 100vw, 1024px\" \/><\/a><\/figure>\n<\/div>\n\n\n\n<div class=\"wp-block-column is-layout-flow wp-block-column-is-layout-flow\" style=\"flex-basis:25%\">\n<figure class=\"wp-block-image aligncenter size-large is-resized\"><a href=\"https:\/\/obera.fr\/produits\/tables-aspirantes\/table-autonome\/\"><img decoding=\"async\" width=\"1024\" height=\"1024\" src=\"https:\/\/obera.fr\/wp-content\/uploads\/2024\/04\/obera-tableaspirante-autonome-2024.jpg-1024x1024.png\" alt=\"obera tableaspirante autonome 2024.jpg\" class=\"wp-image-30210\" style=\"width:200px\" srcset=\"https:\/\/obera.fr\/wp-content\/uploads\/2024\/04\/obera-tableaspirante-autonome-2024.jpg-1024x1024.png 1024w, https:\/\/obera.fr\/wp-content\/uploads\/2024\/04\/obera-tableaspirante-autonome-2024.jpg-300x300.png 300w, https:\/\/obera.fr\/wp-content\/uploads\/2024\/04\/obera-tableaspirante-autonome-2024.jpg-150x150.png 150w, https:\/\/obera.fr\/wp-content\/uploads\/2024\/04\/obera-tableaspirante-autonome-2024.jpg-768x768.png 768w, https:\/\/obera.fr\/wp-content\/uploads\/2024\/04\/obera-tableaspirante-autonome-2024.jpg.png 1200w\" sizes=\"(max-width: 1024px) 100vw, 1024px\" \/><\/a><\/figure>\n<\/div>\n\n\n\n<div class=\"wp-block-column is-layout-flow wp-block-column-is-layout-flow\" style=\"flex-basis:25%\">\n<figure class=\"wp-block-image aligncenter size-full is-resized\"><a href=\"https:\/\/obera.fr\/produits\/tables-aspirantes\/table-rotative-360\/\"><img decoding=\"async\" width=\"600\" height=\"600\" src=\"https:\/\/obera.fr\/wp-content\/uploads\/2022\/12\/table-aspirante-360-600x600-1.png\" alt=\"360 v&#xE1;kuov&#xFD; st&#xF4;l 600x600 1\" class=\"wp-image-16609\" style=\"width:200px\" srcset=\"https:\/\/obera.fr\/wp-content\/uploads\/2022\/12\/table-aspirante-360-600x600-1.png 600w, https:\/\/obera.fr\/wp-content\/uploads\/2022\/12\/table-aspirante-360-600x600-1-300x300.png 300w, https:\/\/obera.fr\/wp-content\/uploads\/2022\/12\/table-aspirante-360-600x600-1-150x150.png 150w\" sizes=\"(max-width: 600px) 100vw, 600px\" \/><\/a><\/figure>\n<\/div>\n<\/div>\n\n<figure class=\"wp-block-table\"><table class=\"has-fixed-layout\"><tbody><tr><td class=\"has-text-align-left\" data-align=\"left\"><em>Ods\u00e1vac\u00ed st\u00f4l ePURBOX TSP<\/em><\/td><td class=\"has-text-align-left\" data-align=\"left\"><em><a href=\"https:\/\/obera.fr\/sk\/produits\/tables-aspirantes\/table-aspirante-a-at\/\">Ods\u00e1vac\u00ed st\u00f4l A &amp; AT<\/a><\/em><\/td><td class=\"has-text-align-left\" data-align=\"left\"><em><a href=\"https:\/\/obera.fr\/sk\/produits\/tables-aspirantes\/table-autonome\/\">Samostatn\u00fd ods\u00e1vac\u00ed st\u00f4l<\/a><\/em><\/td><td class=\"has-text-align-left\" data-align=\"left\"><em><a href=\"https:\/\/obera.fr\/sk\/produits\/tables-aspirantes\/table-rotative-360\/\">360\u00b0 oto\u010dn\u00fd ods\u00e1vac\u00ed st\u00f4l<\/a><\/em><\/td><\/tr><tr><td class=\"has-text-align-left\" data-align=\"left\"><strong> St\u00f4l <\/strong>integrovan\u00fd do mobilnej ods\u00e1vacej jednotky ePURBOX<strong> m\u00e1 vlastn\u00fd filtra\u010dn\u00fd <\/strong>a ventila\u010dn\u00fd<strong> syst\u00e9m <\/strong>.  <br\/><br\/>Je mobiln\u00fd a kompaktn\u00fd a obsahuje 3 \u00farovne filtra na \u00fa\u010dinn\u00e9 zachyt\u00e1vanie hrub\u00fdch \u010dast\u00edc,<strong> z\u00e1pachu a jemn\u00fdch \u010dast\u00edc<\/strong>. Mo\u017eno ho roz\u0161\u00edri\u0165 o vybavenie, ako je napr\u00edklad ods\u00e1vacie rameno. <\/td><td class=\"has-text-align-left\" data-align=\"left\">St\u00f4l na pripojenie k ventil\u00e1toru alebo k <strong>zbera\u010du prachu na \u00fapravu prachu<\/strong>, jemn\u00fdch \u010dast\u00edc a plynn\u00fdch zne\u010dis\u0165uj\u00facich l\u00e1tok. <br\/><br\/>Tento univerz\u00e1lny a robustn\u00fd st\u00f4l je ide\u00e1lny na <strong>zachyt\u00e1vanie a \u00fapravu prachu<\/strong>, rozp\u00fa\u0161\u0165adiel, \u010distiacich prostriedkov, lepidiel at\u010f.<\/td><td class=\"has-text-align-left\" data-align=\"left\">V\u00e1kuov\u00fd st\u00f4l s <strong>automatick\u00fdm <\/strong>syst\u00e9mom <strong>\u010distenia filtra <\/strong>a rovnomernou filtr\u00e1ciou (spodn\u00e1 a predn\u00e1 filtr\u00e1cia). Dod\u00e1va sa s vlastn\u00fdm sac\u00edm syst\u00e9mom. <br\/><br\/>Ide\u00e1lny na<strong>ods\u00e1vanie dymu, prachu<\/strong> (jemn\u00e9ho VOC a hrub\u00e9ho) a z\u00e1pachu, s volite\u013enou verziou ATEX na pou\u017eitie v prostred\u00ed s nebezpe\u010denstvom v\u00fdbuchu a filtr\u00e1ciou HEPA na maxim\u00e1lnu ochranu pred jemn\u00fdm prachom.  <\/td><td class=\"has-text-align-left\" data-align=\"left\">Ide\u00e1lne na mechanick\u00fa a tepeln\u00fa separ\u00e1ciu. Ot\u00e1\u010da sa okolo vlastnej osi pre vo\u013enos\u0165 pohybu. Optimalizovan\u00e9 pr\u00fadenie vzduchu a<strong>flexibiln\u00fd<\/strong> ods\u00e1vac\u00ed kryt na<strong>optim\u00e1lnu ochranu zv\u00e1ra\u010dov<\/strong>.    <br\/><br\/>V pr\u00edpade vysokej koncentr\u00e1cie zne\u010dis\u0165uj\u00facich l\u00e1tok sa m\u00e1 pripoji\u0165 k odlu\u010dova\u010du prachu alebo ventil\u00e1toru. <strong>Vhodn\u00e9 na dym, prach<\/strong> (jemn\u00fd prach, hrub\u00fd prach) a z\u00e1pach.<\/td><\/tr><\/tbody><\/table><\/figure>\n\n<p class=\"has-text-align-center\"><em>Potrebujete poradi\u0165? Ako \u0161pecialisti na \u00fapravu vzduchu u\u017e viac ako 20 rokov spolupracujeme s v\u00fdrobcami, ktor\u00ed chc\u00fa<strong>zlep\u0161i\u0165 kvalitu vzduchu vo svojich priestoroch<\/strong> a bezpe\u010dnos\u0165 svojich zamestnancov. Na\u0161i technici analyzuj\u00fa va\u0161e potreby, aby v\u00e1m mohli pon\u00faknu\u0165<strong> rie\u0161enie ods\u00e1vania, ktor\u00e9 <\/strong>najlep\u0161ie vyhovuje va\u0161im \u0161pecifick\u00fdm po\u017eiadavk\u00e1m. K na\u0161im v\u00fdrobkom je mo\u017en\u00e9 prida\u0165 mno\u017estvo pr\u00edslu\u0161enstva, ktor\u00e9 spln\u00ed va\u0161e po\u017eiadavky.   <\/em><\/p>\n","protected":false},"excerpt":{"rendered":"<p>H\u013ead\u00e1te ods\u00e1vac\u00ed st\u00f4l pre svoje zv\u00e1racie pracovisk\u00e1? Spolo\u010dnos\u0165 OberA pon\u00faka nieko\u013eko radov v\u00e1kuov\u00fdch stolov pre profesion\u00e1lov, ktor\u00e9 pon\u00fakaj\u00fa vysok\u00fd v\u00fdkon s r\u00f4znymi filtra\u010dn\u00fdmi syst\u00e9mami pre bezpe\u010dn\u00fd pracovn\u00fd priestor.  <\/p>\n","protected":false},"author":13,"featured_media":80351,"comment_status":"open","ping_status":"closed","sticky":false,"template":"","format":"standard","meta":{"_acf_changed":false,"_seopress_robots_primary_cat":"none","_seopress_titles_title":"V\u00e1kuov\u00fd st\u00f4l: vyberte si vysoko v\u00fdkonn\u00fd zv\u00e1rac\u00ed st\u00f4l","_seopress_titles_desc":"Ods\u00e1vac\u00ed st\u00f4l na pripojenie alebo vybaven\u00fd vlastn\u00fdm ods\u00e1vac\u00edm syst\u00e9mom. Vyberte si vysoko v\u00fdkonn\u00e9 zariadenie na ochranu svojich oper\u00e1torov vystaven\u00fdch zv\u00e1ra\u010dsk\u00fdm v\u00fdparom.","_seopress_robots_index":"","footnotes":""},"categories":[141],"tags":[142],"class_list":["post-39535","post","type-post","status-publish","format-standard","has-post-thumbnail","hentry","category-nasa-rada","tag-entete-male-sk","generate-columns","tablet-grid-50","mobile-grid-100","grid-parent","grid-50","no-featured-image-padding","resize-featured-image"],"acf":[],"_links":{"self":[{"href":"https:\/\/obera.fr\/sk\/wp-json\/wp\/v2\/posts\/39535","targetHints":{"allow":["GET"]}}],"collection":[{"href":"https:\/\/obera.fr\/sk\/wp-json\/wp\/v2\/posts"}],"about":[{"href":"https:\/\/obera.fr\/sk\/wp-json\/wp\/v2\/types\/post"}],"author":[{"embeddable":true,"href":"https:\/\/obera.fr\/sk\/wp-json\/wp\/v2\/users\/13"}],"replies":[{"embeddable":true,"href":"https:\/\/obera.fr\/sk\/wp-json\/wp\/v2\/comments?post=39535"}],"version-history":[{"count":6,"href":"https:\/\/obera.fr\/sk\/wp-json\/wp\/v2\/posts\/39535\/revisions"}],"predecessor-version":[{"id":116547,"href":"https:\/\/obera.fr\/sk\/wp-json\/wp\/v2\/posts\/39535\/revisions\/116547"}],"wp:featuredmedia":[{"embeddable":true,"href":"https:\/\/obera.fr\/sk\/wp-json\/wp\/v2\/media\/80351"}],"wp:attachment":[{"href":"https:\/\/obera.fr\/sk\/wp-json\/wp\/v2\/media?parent=39535"}],"wp:term":[{"taxonomy":"category","embeddable":true,"href":"https:\/\/obera.fr\/sk\/wp-json\/wp\/v2\/categories?post=39535"},{"taxonomy":"post_tag","embeddable":true,"href":"https:\/\/obera.fr\/sk\/wp-json\/wp\/v2\/tags?post=39535"}],"curies":[{"name":"wp","href":"https:\/\/api.w.org\/{rel}","templated":true}]}}