{"id":42122,"date":"2023-05-30T14:14:28","date_gmt":"2023-05-30T12:14:28","guid":{"rendered":"https:\/\/obera.fr\/non-classifiee\/vyhody-mobilneho-odprasovaca-v-porovnani-s-pevnym-odprasovacom\/"},"modified":"2025-04-23T08:51:20","modified_gmt":"2025-04-23T06:51:20","slug":"avantages-depoussiereur-mobile-par-rapport-a-depoussiereur-fixe","status":"publish","type":"post","link":"https:\/\/obera.fr\/sk\/nasa-rada\/avantages-depoussiereur-mobile-par-rapport-a-depoussiereur-fixe\/","title":{"rendered":"V\u00fdhody mobiln\u00e9ho odpra\u0161ova\u010da v porovnan\u00ed s pevn\u00fdm odpra\u0161ova\u010dom"},"content":{"rendered":"\n<p><strong>Priemyseln\u00e9 \u010distenie vzduchu<\/strong> je ve\u013ekou v\u00fdzvou pre zdravie a bezpe\u010dnos\u0165 pracovn\u00edkov a \u017eivotn\u00e9 prostredie. Umo\u017e\u0148uje zachyt\u00e1va\u0165 zne\u010dis\u0165uj\u00face l\u00e1tky emitovan\u00e9 priemyseln\u00fdmi strojmi a procesmi priamo pri zdroji. To sa d\u00e1 dosiahnu\u0165 in\u0161tal\u00e1ciou stacion\u00e1rnych alebo mobiln\u00fdch zariaden\u00ed na \u00fapravu vzduchu. V tomto \u010dl\u00e1nku sa zameriame na v\u00fdhody <strong>mobiln\u00e9ho syst\u00e9mu na \u00fapravu priemyseln\u00e9ho vzduchu<\/strong> (mobiln\u00fd zbera\u010d prachu alebo mobiln\u00e1 ods\u00e1vacia jednotka).   <\/p>\n\n<h2 class=\"wp-block-heading\">R\u00fdchle vybavenie naliehav\u00fdch po\u017eiadaviek<\/h2>\n\n<div class=\"wp-block-columns is-layout-flex wp-container-core-columns-is-layout-28f84493 wp-block-columns-is-layout-flex\">\n<div class=\"wp-block-column is-vertically-aligned-center is-layout-flow wp-block-column-is-layout-flow\" style=\"flex-basis:33.33%\">\n<figure class=\"wp-block-image aligncenter size-full is-resized\"><img decoding=\"async\" width=\"300\" height=\"200\" src=\"https:\/\/obera.fr\/wp-content\/uploads\/2023\/05\/1-1.png\" alt=\"1 1\" class=\"wp-image-22866\"\/><\/figure>\n<\/div>\n\n\n\n<div class=\"wp-block-column is-vertically-aligned-center is-layout-flow wp-block-column-is-layout-flow\" style=\"flex-basis:66.66%\">\n<p>Jednou z najv\u00fdznamnej\u0161\u00edch v\u00fdhod<strong> mobiln\u00e9ho vzduchotechnick\u00e9ho syst\u00e9mu <\/strong>je r\u00fdchlos\u0165, s akou ho mo\u017eno v pr\u00edpade n\u00fadze nastavi\u0165. Mobiln\u00e9 zariadenie sa toti\u017e d\u00e1 ve\u013emi r\u00fdchlo nasadi\u0165 na pracovisku a reagova\u0165 na n\u00fadzov\u00fa situ\u00e1ciu. M\u00f4\u017ee to by\u0165 v pr\u00edpade poruchy <strong>pevn\u00e9ho syst\u00e9mu vzduchotechniky<\/strong> alebo ak je potrebn\u00e9 okam\u017eite zmeni\u0165 v\u00fdrobn\u00e9 procesy.  <\/p>\n<\/div>\n<\/div>\n\n<h2 class=\"wp-block-heading\">N\u00edzke obstar\u00e1vacie n\u00e1klady v porovnan\u00ed s pevnou in\u0161tal\u00e1ciou<\/h2>\n\n<div class=\"wp-block-columns are-vertically-aligned-center is-layout-flex wp-container-core-columns-is-layout-28f84493 wp-block-columns-is-layout-flex\">\n<div class=\"wp-block-column is-vertically-aligned-center is-layout-flow wp-block-column-is-layout-flow\" style=\"flex-basis:66.66%\">\n<p>Obstar\u00e1vacie n\u00e1klady na <strong>mobiln\u00fd zbera\u010d prachu<\/strong> s\u00fa vo v\u0161eobecnosti ni\u017e\u0161ie ako n\u00e1klady na pevn\u00fa in\u0161tal\u00e1ciu. Je to preto, \u017ee mobiln\u00e1 in\u0161tal\u00e1cia je typu Plug and Play a nevy\u017eaduje si \u017eiadne stavebn\u00e9 pr\u00e1ce,<strong>elektrick\u00fa in\u0161tal\u00e1ciu <\/strong>ani zlo\u017eit\u00e9 potrubia. To plat\u00ed e\u0161te viac, ke\u010f sa mobiln\u00e9 zariadenie pou\u017e\u00edva na obmedzen\u00fd \u010das. V takom pr\u00edpade sa d\u00e1 dokonca prenaja\u0165 alebo k\u00fapi\u0165 za atrakt\u00edvnej\u0161iu cenu ako pevn\u00e1 in\u0161tal\u00e1cia.   <\/p>\n<\/div>\n\n\n\n<div class=\"wp-block-column is-vertically-aligned-center is-layout-flow wp-block-column-is-layout-flow\" style=\"flex-basis:33.33%\">\n<figure class=\"wp-block-image aligncenter size-full is-resized\"><img decoding=\"async\" width=\"300\" height=\"200\" src=\"https:\/\/obera.fr\/wp-content\/uploads\/2023\/05\/1.png\" alt=\"Dustomat 4.24 s ramenom\" class=\"wp-image-22851\"\/><\/figure>\n<\/div>\n<\/div>\n\n<h2 class=\"wp-block-heading\">Flexibilita v pr\u00edpade \u00faprav z\u00e1vodu<\/h2>\n\n<div class=\"wp-block-columns are-vertically-aligned-center is-layout-flex wp-container-core-columns-is-layout-28f84493 wp-block-columns-is-layout-flex\">\n<div class=\"wp-block-column is-vertically-aligned-center is-layout-flow wp-block-column-is-layout-flow\" style=\"flex-basis:33.33%\">\n<figure class=\"wp-block-image aligncenter size-full is-resized\"><img decoding=\"async\" width=\"1200\" height=\"675\" src=\"https:\/\/obera.fr\/wp-content\/uploads\/2023\/12\/dustomat-4-poussiere_bras.jpg\" alt=\"dustomat 4 prachov&#xE9; rameno\" class=\"wp-image-26355\" style=\"aspect-ratio:1.5;width:330px;height:auto\" srcset=\"https:\/\/obera.fr\/wp-content\/uploads\/2023\/12\/dustomat-4-poussiere_bras.jpg 1200w, https:\/\/obera.fr\/wp-content\/uploads\/2023\/12\/dustomat-4-poussiere_bras-300x169.jpg 300w, https:\/\/obera.fr\/wp-content\/uploads\/2023\/12\/dustomat-4-poussiere_bras-1024x576.jpg 1024w, https:\/\/obera.fr\/wp-content\/uploads\/2023\/12\/dustomat-4-poussiere_bras-768x432.jpg 768w\" sizes=\"(max-width: 1200px) 100vw, 1200px\" \/><\/figure>\n<\/div>\n\n\n\n<div class=\"wp-block-column is-vertically-aligned-center is-layout-flow wp-block-column-is-layout-flow\" style=\"flex-basis:66.66%\">\n<p><strong>Modern\u00e9 tov\u00e1rne<\/strong> sa \u010dasto vyv\u00edjaj\u00fa, v\u00fdrobn\u00e9 zariadenia sa neust\u00e1le pres\u00favaj\u00fa a tov\u00e1re\u0148 sa prestavuje tak, aby vyhovovala sortimentu vyr\u00e1ban\u00fdch v\u00fdrobkov. Preto m\u00e1 \u010dasto zmysel vybavi\u0165 v\u00fdrobn\u00e9 zariadenie vlastn\u00fdm <strong>mobiln\u00fdm zbera\u010dom prachu<\/strong>. Mobiln\u00fd zbera\u010d prachu toti\u017e pon\u00faka ve\u013ek\u00fa flexibilitu v pr\u00edpade \u00faprav z\u00e1vodu. Ak sa zmenia v\u00fdrobn\u00e9 procesy,<strong>mobiln\u00e9 zariadenie<\/strong> sa d\u00e1 \u013eahko premiestni\u0165<strong>na nov\u00e9 miesto<\/strong> bez dodato\u010dn\u00fdch n\u00e1kladov. To u\u013eah\u010duje r\u00fdchle prisp\u00f4sobenie vzduchotechnick\u00e9ho syst\u00e9mu zmen\u00e1m v z\u00e1vode, \u010do m\u00f4\u017ee by\u0165 <a href=\"https:\/\/obera.fr\/conseils\/reglementation-vlep-evaluation-risque-chimique-lieu-de-travail\/\">v\u00fdznamnou ekonomickou v\u00fdhodou<\/a>.    <\/p>\n<\/div>\n<\/div>\n\n<p>Na druhej strane, ak sa v\u00fdrobn\u00fd proces pr\u00edli\u0161 nemen\u00ed, m\u00f4\u017ee ma\u0165 zmysel<strong> centralizovan\u00fd pevn\u00fd odlu\u010dova\u010d prachu <\/strong>a jeho<strong> potrubn\u00e1 sie\u0165 <\/strong>rozmiestnen\u00e1 po celom z\u00e1vode, ale \u00fapravy potrubia sa st\u00e1vaj\u00fa n\u00e1kladn\u00fdmi a obmedzuj\u00facimi, ke\u010f sa po\u017eiadavky na ods\u00e1vanie pos\u00favaj\u00fa a menia. Ods\u00e1vacia sie\u0165 je zo svojej podstaty pevn\u00e1 a m\u00f4\u017ee ods\u00e1va\u0165 len tak\u00fd prietok, na ak\u00fd bola navrhnut\u00e1, aby sa <strong>dodr\u017eali spr\u00e1vne dopravn\u00e9 r\u00fdchlosti<\/strong> a zachovala dobr\u00e1 \u00fa\u010dinnos\u0165 ods\u00e1vania. <\/p>\n\n<div class=\"wp-block-columns are-vertically-aligned-center is-layout-flex wp-container-core-columns-is-layout-ec2e7a44 wp-block-columns-is-layout-flex\" style=\"padding-top:0;padding-bottom:0\">\n<div class=\"wp-block-column is-vertically-aligned-center is-layout-flow wp-block-column-is-layout-flow\" style=\"flex-basis:66.66%\">\n<h2 class=\"wp-block-heading\">R\u00fdchlej\u0161ia a lacnej\u0161ia \u00fadr\u017eba<\/h2>\n\n\n\n<p>\u010eal\u0161ou d\u00f4le\u017eitou v\u00fdhodou <strong>mobiln\u00e9ho priemyseln\u00e9ho odpra\u0161ova\u010da<\/strong> je, \u017ee vo v\u0161eobecnosti vy\u017eaduje ove\u013ea menej \u00fadr\u017eby ako pevn\u00e1 in\u0161tal\u00e1cia. Mobiln\u00e9 syst\u00e9my na \u00fapravu vzduchu s\u00fa navrhnut\u00e9 tak, aby sa dali <strong>\u013eahko demontova\u0165 a prepravova\u0165<\/strong>, \u010do znamen\u00e1, \u017ee komponenty s\u00fa \u013eahko pr\u00edstupn\u00e9 a daj\u00fa sa \u013eahko \u010disti\u0165 a udr\u017eiava\u0165 mimo v\u00fdrobn\u00e9ho miesta. <\/p>\n\n\n\n<p>Naproti tomu<strong>pevn\u00fd syst\u00e9m vzduchotechniky<\/strong> si \u010dasto vy\u017eaduje dlh\u0161iu a n\u00e1kladnej\u0161iu \u00fadr\u017ebu, preto\u017ee komponenty s\u00fa \u010dasto v\u00e4\u010d\u0161ie a zlo\u017eitej\u0161ie a s\u00fa integrovan\u00e9 do infra\u0161trukt\u00fary zariadenia. Poruchy alebo nespr\u00e1vne fungovanie m\u00f4\u017eu vies\u0165 k n\u00e1kladn\u00fdm prestojom a oneskoreniu v\u00fdroby, \u010do m\u00f4\u017ee ma\u0165 negat\u00edvny vplyv na<strong> ziskovos\u0165 spolo\u010dnosti<\/strong>. <\/p>\n<\/div>\n\n\n\n<div class=\"wp-block-column is-vertically-aligned-center is-layout-flow wp-block-column-is-layout-flow\" style=\"flex-basis:33.33%\">\n<figure class=\"wp-block-image aligncenter size-full is-resized\"><img decoding=\"async\" width=\"600\" height=\"600\" src=\"https:\/\/obera.fr\/wp-content\/uploads\/2023\/12\/epurbex-1000-2000.png\" alt=\"epurbex 1000 2000\" class=\"wp-image-26360\" style=\"width:277px;height:auto\" srcset=\"https:\/\/obera.fr\/wp-content\/uploads\/2023\/12\/epurbex-1000-2000.png 600w, https:\/\/obera.fr\/wp-content\/uploads\/2023\/12\/epurbex-1000-2000-300x300.png 300w, https:\/\/obera.fr\/wp-content\/uploads\/2023\/12\/epurbex-1000-2000-150x150.png 150w\" sizes=\"(max-width: 600px) 100vw, 600px\" \/><\/figure>\n<\/div>\n<\/div>\n\n<p>Okrem toho porucha <strong>pevn\u00e9ho centr\u00e1lneho odpra\u0161ova\u010da<\/strong> zastav\u00ed cel\u00fd z\u00e1vod, zatia\u013e \u010do porucha mobiln\u00e9ho odpra\u0161ova\u010da zastav\u00ed vys\u00e1van\u00e9 m\u00e9dium. Je jednoduch\u00e9 ma\u0165 <strong>pohotovostn\u00fd mobiln\u00fd vys\u00e1va\u010d, ktor\u00fd <\/strong>r\u00fdchlo nahrad\u00ed jednu z pokazen\u00fdch jednotiek v z\u00e1vode. To je samozrejme nemo\u017en\u00e9, ak je zariadenie vybaven\u00e9 pevn\u00fdm centr\u00e1lnym vys\u00e1va\u010dom.  <\/p>\n\n<h2 class=\"wp-block-heading\">Mobilita v pr\u00edpade mobiln\u00e9ho zdroja emisi\u00ed zne\u010dis\u0165uj\u00facich l\u00e1tok alebo potreby mobiln\u00e9ho pracoviska<\/h2>\n\n<div class=\"wp-block-columns are-vertically-aligned-center is-layout-flex wp-container-core-columns-is-layout-28f84493 wp-block-columns-is-layout-flex\">\n<div class=\"wp-block-column is-vertically-aligned-center is-layout-flow wp-block-column-is-layout-flow\" style=\"flex-basis:33.33%\">\n<figure class=\"wp-block-image aligncenter size-full\"><img decoding=\"async\" width=\"300\" height=\"200\" src=\"https:\/\/obera.fr\/wp-content\/uploads\/2023\/05\/4.png\" alt=\"Vacumat s ramenom\" class=\"wp-image-22872\"\/><\/figure>\n<\/div>\n\n\n\n<div class=\"wp-block-column is-vertically-aligned-center is-layout-flow wp-block-column-is-layout-flow\" style=\"flex-basis:66.66%\">\n<p>Nakoniec, <strong>mobiln\u00e1 jednotka na \u00fapravu priemyseln\u00e9ho vzduchu<\/strong> je vysoko mobiln\u00e1. M\u00f4\u017ee sa \u013eahko premiest\u0148ova\u0165 po pracovisku a upravova\u0165 zne\u010dis\u0165uj\u00face l\u00e1tky emitovan\u00e9 mobiln\u00fdm zdrojom. M\u00f4\u017ee sa pou\u017e\u00edva\u0165 aj ako <strong>mobiln\u00e9 pracovisko <\/strong>pre zamestnancov pracuj\u00facich v zne\u010distenom prostred\u00ed na cest\u00e1ch. V takom pr\u00edpade mo\u017eno mobiln\u00e9 zariadenie umiestni\u0165 v bl\u00edzkosti ich pracoviska, aby sa vy\u010distil vzduch, ktor\u00fd d\u00fdchaj\u00fa, a zlep\u0161ili sa ich pracovn\u00e9 podmienky.   <\/p>\n\n\n\n<p>Na z\u00e1ver mo\u017eno kon\u0161tatova\u0165, \u017ee <strong>mobiln\u00e9 priemyseln\u00e9 vzduchotechnick\u00e9 syst\u00e9my<\/strong> maj\u00fa v porovnan\u00ed s pevn\u00fdmi in\u0161tal\u00e1ciami mnoho v\u00fdhod. M\u00f4\u017eu r\u00fdchlo reagova\u0165 na naliehav\u00e9 potreby, s\u00fa ekonomickej\u0161ie na n\u00e1kup a \u00fadr\u017ebu, pon\u00fakaj\u00fa <strong>ve\u013ek\u00fa flexibilitu<\/strong> v pr\u00edpade potreby \u00fapravy zariadenia a s\u00fa mobiln\u00e9, aby sp\u013a\u0148ali <a href=\"https:\/\/obera.fr\/conseils\/solutions-pour-traiter-poussiere\/\">\u0161pecifick\u00e9 po\u017eiadavky na \u00fapravu vzduchu<\/a>. <\/p>\n<\/div>\n<\/div>\n\n<p>Zo v\u0161etk\u00fdch t\u00fdchto d\u00f4vodov m\u00f4\u017ee by\u0165<strong>pou\u017eitie mobiln\u00fdch syst\u00e9mov na \u00fapravu vzduchu<\/strong> \u00fa\u010dinn\u00fdm rie\u0161en\u00edm na splnenie potrieb odstra\u0148ovania, ods\u00e1vania a filtr\u00e1cie prachu v priemyselnom prostred\u00ed.<\/p>\n\n<div class=\"wp-block-columns is-layout-flex wp-container-core-columns-is-layout-28f84493 wp-block-columns-is-layout-flex\">\n<div class=\"wp-block-column is-vertically-aligned-center is-layout-flow wp-block-column-is-layout-flow\">\n<div class=\"wp-block-buttons is-content-justification-center is-layout-flex wp-container-core-buttons-is-layout-a89b3969 wp-block-buttons-is-layout-flex\">\n<div class=\"wp-block-button\"><a class=\"wp-block-button__link wp-element-button\" href=\"https:\/\/obera.fr\/produits\/depoussiereurs-industriels\/mobiles\/\">Pozrite si na\u0161e mobiln\u00e9 vys\u00e1va\u010de<\/a><\/div>\n<\/div>\n<\/div>\n\n\n\n<div class=\"wp-block-column is-vertically-aligned-center is-layout-flow wp-block-column-is-layout-flow\">\n<div class=\"wp-block-buttons is-horizontal is-content-justification-center is-layout-flex wp-container-core-buttons-is-layout-03627597 wp-block-buttons-is-layout-flex\">\n<div class=\"wp-block-button has-custom-width wp-block-button__width-100\"><a class=\"wp-block-button__link wp-element-button\" href=\"https:\/\/obera.fr\/sk\/kontaktujte-nas\/\">Ve\u010d o tem<\/a><\/div>\n<\/div>\n<\/div>\n<\/div>\n","protected":false},"excerpt":{"rendered":"<p>Priemyseln\u00e9 \u010distenie vzduchu je z\u00e1va\u017en\u00fdm probl\u00e9mom pre zdravie a bezpe\u010dnos\u0165 pracovn\u00edkov a \u017eivotn\u00e9 prostredie. To sa d\u00e1 dosiahnu\u0165 in\u0161tal\u00e1ciou pevn\u00e9ho alebo mobiln\u00e9ho odlu\u010dova\u010da prachu. V tomto \u010dl\u00e1nku sa zameriame na v\u00fdhody mobiln\u00e9ho syst\u00e9mu priemyselnej \u00fapravy vzduchu.  <\/p>\n","protected":false},"author":4,"featured_media":85208,"comment_status":"open","ping_status":"closed","sticky":false,"template":"","format":"standard","meta":{"_acf_changed":false,"_seopress_robots_primary_cat":"none","_seopress_titles_title":"V\u00fdhody mobiln\u00e9ho odpra\u0161ova\u010da v porovnan\u00ed s tradi\u010dn\u00fdm odpra\u0161ova\u010dom","_seopress_titles_desc":"Priemyseln\u00e9 \u010distenie vzduchu je z\u00e1va\u017en\u00fdm probl\u00e9mom pre zdravie a bezpe\u010dnos\u0165 pracovn\u00edkov a \u017eivotn\u00e9 prostredie. Objavte v\u00fdhody mobiln\u00e9ho odpra\u0161ova\u010da. ","_seopress_robots_index":"","footnotes":""},"categories":[141],"tags":[142],"class_list":["post-42122","post","type-post","status-publish","format-standard","has-post-thumbnail","hentry","category-nasa-rada","tag-entete-male-sk","generate-columns","tablet-grid-50","mobile-grid-100","grid-parent","grid-50","no-featured-image-padding","resize-featured-image"],"acf":[],"_links":{"self":[{"href":"https:\/\/obera.fr\/sk\/wp-json\/wp\/v2\/posts\/42122","targetHints":{"allow":["GET"]}}],"collection":[{"href":"https:\/\/obera.fr\/sk\/wp-json\/wp\/v2\/posts"}],"about":[{"href":"https:\/\/obera.fr\/sk\/wp-json\/wp\/v2\/types\/post"}],"author":[{"embeddable":true,"href":"https:\/\/obera.fr\/sk\/wp-json\/wp\/v2\/users\/4"}],"replies":[{"embeddable":true,"href":"https:\/\/obera.fr\/sk\/wp-json\/wp\/v2\/comments?post=42122"}],"version-history":[{"count":3,"href":"https:\/\/obera.fr\/sk\/wp-json\/wp\/v2\/posts\/42122\/revisions"}],"predecessor-version":[{"id":85358,"href":"https:\/\/obera.fr\/sk\/wp-json\/wp\/v2\/posts\/42122\/revisions\/85358"}],"wp:featuredmedia":[{"embeddable":true,"href":"https:\/\/obera.fr\/sk\/wp-json\/wp\/v2\/media\/85208"}],"wp:attachment":[{"href":"https:\/\/obera.fr\/sk\/wp-json\/wp\/v2\/media?parent=42122"}],"wp:term":[{"taxonomy":"category","embeddable":true,"href":"https:\/\/obera.fr\/sk\/wp-json\/wp\/v2\/categories?post=42122"},{"taxonomy":"post_tag","embeddable":true,"href":"https:\/\/obera.fr\/sk\/wp-json\/wp\/v2\/tags?post=42122"}],"curies":[{"name":"wp","href":"https:\/\/api.w.org\/{rel}","templated":true}]}}