{"id":42649,"date":"2023-04-18T10:16:57","date_gmt":"2023-04-18T08:16:57","guid":{"rendered":"https:\/\/obera.fr\/non-classifiee\/mam-sa-pocas-horucav-rozhodnut-pre-adiabaticke-chladenie-vo-velkych-priestoroch\/"},"modified":"2025-04-25T09:53:33","modified_gmt":"2025-04-25T07:53:33","slug":"le-rafraichissement-adiabatique-un-coefficient-de-performance-thermique-inegale-pour-les-grands-volumes","status":"publish","type":"post","link":"https:\/\/obera.fr\/sk\/nasa-rada\/le-rafraichissement-adiabatique-un-coefficient-de-performance-thermique-inegale-pour-les-grands-volumes\/","title":{"rendered":"Ve\u013ekoobjemov\u00e9 osvie\u017eova\u010de vzduchu: krit\u00e9ri\u00e1 v\u00fdberu a sprievodca n\u00e1kupom"},"content":{"rendered":"\n<div class=\"wp-block-columns is-layout-flex wp-container-core-columns-is-layout-28f84493 wp-block-columns-is-layout-flex\">\n<div class=\"wp-block-column is-layout-flow wp-block-column-is-layout-flow\" style=\"flex-basis:66.66%\">\n<p><strong> Ve\u013ekoobjemov\u00e9 chladi\u010de vzduchu<\/strong> s\u00fa ide\u00e1lne na udr\u017eiavanie pr\u00edjemnej teploty vo ve\u013ek\u00fdch priestoroch, ako s\u00fa dielne, hang\u00e1re, sklady, obchody a \u0161portov\u00e9 haly. Tieto jednotky s\u00fa navrhnut\u00e9 na \u00fa\u010dinn\u00e9 chladenie t\u00fdchto ve\u013ek\u00fdch priestorov a vyu\u017e\u00edvaj\u00fa princ\u00edp odparovania vody, \u010do je prirodzen\u00e1 met\u00f3da, ktor\u00e1 je \u0161etrn\u00e1 k \u017eivotn\u00e9mu prostrediu a energeticky \u00fa\u010dinn\u00e1. V\u00fdber modelu z\u00e1vis\u00ed najm\u00e4 od ve\u013ekosti chladenej miestnosti, ale <strong>je potrebn\u00e9 zoh\u013eadni\u0165 aj nieko\u013eko \u010fal\u0161\u00edch krit\u00e9ri\u00ed<\/strong>. V\u00fdber spr\u00e1vneho chladi\u010da je nevyhnutn\u00fd na zaru\u010denie pohodln\u00fdch pracovn\u00fdch podmienok a z\u00e1rove\u0148 na udr\u017eanie n\u00e1kladov na energiu pod kontrolou. Tento \u010dl\u00e1nok v\u00e1m<strong>pom\u00f4\u017ee vybra\u0165<\/strong> spr\u00e1vny<strong>chladi\u010d vzduchu pre<\/strong> ve\u013ek\u00fd objem.    <\/p>\n<\/div>\n\n\n\n<div class=\"wp-block-column is-layout-flow wp-block-column-is-layout-flow\" style=\"flex-basis:33.33%\">\n<figure class=\"wp-block-image aligncenter size-large is-resized\"><img decoding=\"async\" width=\"1024\" height=\"1024\" src=\"https:\/\/obera.fr\/wp-content\/uploads\/2025\/02\/9-1024x1024.png\" alt=\"9\" class=\"wp-image-67897\" style=\"width:266px;height:auto\" srcset=\"https:\/\/obera.fr\/wp-content\/uploads\/2025\/02\/9-1024x1024.png 1024w, https:\/\/obera.fr\/wp-content\/uploads\/2025\/02\/9-300x300.png 300w, https:\/\/obera.fr\/wp-content\/uploads\/2025\/02\/9-150x150.png 150w, https:\/\/obera.fr\/wp-content\/uploads\/2025\/02\/9-768x768.png 768w, https:\/\/obera.fr\/wp-content\/uploads\/2025\/02\/9.png 1200w\" sizes=\"(max-width: 1024px) 100vw, 1024px\" \/><\/figure>\n<\/div>\n<\/div>\n\n<h2 class=\"wp-block-heading\">Ako funguj\u00fa chladi\u010de vzduchu<\/h2>\n\n<div class=\"wp-block-columns is-layout-flex wp-container-core-columns-is-layout-28f84493 wp-block-columns-is-layout-flex\">\n<div class=\"wp-block-column is-layout-flow wp-block-column-is-layout-flow\" style=\"flex-basis:50%\">\n<h3 class=\"wp-block-heading\">Chladenie odparovan\u00edm vody<\/h3>\n\n\n\n<p><a href=\"https:\/\/obera.fr\/conseils\/comment-fonctionne-un-rafraichisseur-adiabatique\/\">Osvie\u017eova\u010d vzduchu funguje na princ\u00edpe odparovania vody<\/a>, \u010do je termodynamick\u00fd proces, ktor\u00fd umo\u017e\u0148uje prirodzen\u00e9 a \u00fa\u010dinn\u00e9 zn\u00ed\u017eenie teploty okolit\u00e9ho vzduchu. Osvie\u017eova\u010d nas\u00e1va tepl\u00fd vzduch z miestnosti pomocou v\u00fdkonn\u00e9ho ventil\u00e1tora a potom ho prev\u00e1dza cez m\u00e9dium nasiaknut\u00e9 vodou.   <\/p>\n\n\n\n<p><\/p>\n\n\n\n<p>Pri kontakte s tepl\u00fdm vzduchom sa voda odparuje, absorbuje teplo a ochladzuje vzduch pred jeho uvo\u013enen\u00edm do miestnosti. <strong>Chladi\u010d vzduchu je adiabatick\u00fd a pon\u00faka nieko\u013eko r\u00fdchlost\u00ed <\/strong>na nastavenie pr\u00fadenia vzduchu, \u010d\u00edm zabezpe\u010duje optim\u00e1lne chladenie v kr\u00e1tkom \u010dase. <\/p>\n<\/div>\n\n\n\n<div class=\"wp-block-column is-layout-flow wp-block-column-is-layout-flow\" style=\"flex-basis:50%\">\n<figure class=\"wp-block-embed is-type-video is-provider-youtube wp-block-embed-youtube wp-embed-aspect-16-9 wp-has-aspect-ratio\"><div class=\"wp-block-embed__wrapper\">\n<iframe title=\"Rafraichisseur d&#039;air - Gamme IC - OberA\" width=\"1200\" height=\"675\" src=\"https:\/\/www.youtube.com\/embed\/NG-Ssy2oM70?feature=oembed\" frameborder=\"0\" allow=\"accelerometer; autoplay; clipboard-write; encrypted-media; gyroscope; picture-in-picture; web-share\" referrerpolicy=\"strict-origin-when-cross-origin\" allowfullscreen><\/iframe>\n<\/div><\/figure>\n<\/div>\n\n\n\n<div class=\"wp-block-column is-layout-flow wp-block-column-is-layout-flow\"><\/div>\n<\/div>\n\n<h3 class=\"wp-block-heading\">V\u00fdhody odparovacieho chladi\u010da oproti klimatiz\u00e1cii<\/h3>\n\n<p><a href=\"https:\/\/obera.fr\/sk\/nasa-rada\/ucinnost-osviezovace-vzduchu\/\">Chladi\u010de vzduchu s\u00fa obzvl\u00e1\u0161\u0165 \u00fa\u010dinn\u00e9,<\/a> ke\u010f je vonkaj\u0161ia teplota vysok\u00e1 a vzduch je such\u00fd. Na rozdiel od tradi\u010dn\u00fdch klimatiza\u010dn\u00fdch zariaden\u00ed sa ich v\u00fdkon zvy\u0161uje s teplom a suchom, \u010do zabezpe\u010duje optim\u00e1lne chladenie v priemyselnom prostred\u00ed. <\/p>\n\n<p><\/p>\n\n<p>S\u00fa tie\u017e \u0161etrnej\u0161ie k \u017eivotn\u00e9mu prostrediu, preto\u017ee nevyp\u00fa\u0161\u0165aj\u00fa \u017eiadne chladiace plyny a spotreb\u00favaj\u00fa m\u00e1lo energie. S\u00fa ekonomickej\u0161ie ako klimatiz\u00e1cie, maj\u00fa <strong>ni\u017e\u0161iu obstar\u00e1vaciu cenu a \u017eiadne n\u00e1klady na in\u0161tal\u00e1ciu<\/strong>. Navy\u0161e ich \u00fadr\u017eba je jednoduch\u00e1 a lacn\u00e1, nevy\u017eaduj\u00fa si \u017eiadne \u0161pecializovan\u00e9 n\u00e1stroje ani technick\u00e9 zru\u010dnosti, \u010do skracuje \u010das potrebn\u00fd na \u00fadr\u017ebu.  <\/p>\n\n<p><\/p>\n\n<p>Odparovac\u00ed chladi\u010d poskytuje v\u00fdrazn\u00e9 <a href=\"https:\/\/obera.fr\/sk\/nasa-rada\/rafraichisseur-air-basse-temperature\/\">zn\u00ed\u017eenie teploty<\/a> od 4 do 12 \u00b0C bez toho, aby<strong> sp\u00f4soboval tepeln\u00fd stres<\/strong> alebo pocit nadmern\u00e9ho chladu, \u010do s\u00fa nev\u00fdhody \u010dasto sp\u00e1jan\u00e9 s klimatiz\u00e1ciou. Navy\u0161e vzduch zost\u00e1va pr\u00edjemne vlhk\u00fd, \u010d\u00edm sa predch\u00e1dza dehydrat\u00e1cii a nepr\u00edjemn\u00fdm pocitom spojen\u00fdm s pr\u00edli\u0161 such\u00fdm vzduchom, \u010do je \u010fal\u0161ia nev\u00fdhoda \u010dasto sp\u00e1jan\u00e1 s klimatiz\u00e1ciou. <strong>Integrovan\u00e9 filtre a UV lampa zabezpe\u010duj\u00fa aj lep\u0161iu hygienu vzduchu<\/strong>.  <\/p>\n\n<p><\/p>\n\n<p>Napokon, v\u010faka svojej mobilnej konfigur\u00e1cii s\u00fa odparovacie chladi\u010de ide\u00e1lne na chladenie priestorov v bl\u00edzkosti pracovn\u00fdch stan\u00edc, strojov alebo serverov, \u010d\u00edm zabra\u0148uj\u00fa <strong>riziku prehriatia zariaden\u00ed<\/strong> a z\u00e1rove\u0148 zvy\u0161uj\u00fa komfort obsluhy. Ich \u00fa\u010dinnos\u0165 v\u0161ak z\u00e1vis\u00ed od spr\u00e1vneho dimenzovania spotrebi\u010da a \u010dasu potrebn\u00e9ho na dosiahnutie po\u017eadovanej teploty. <\/p>\n\n<figure class=\"wp-block-image aligncenter size-large is-resized\"><img decoding=\"async\" width=\"1024\" height=\"1024\" src=\"https:\/\/obera.fr\/wp-content\/uploads\/2025\/01\/image-avantages-1024x1024.jpg\" alt=\"v&#xFD;hody obr&#xE1;zku\" class=\"wp-image-57732\" style=\"width:130px;height:auto\" srcset=\"https:\/\/obera.fr\/wp-content\/uploads\/2025\/01\/image-avantages-1024x1024.jpg 1024w, https:\/\/obera.fr\/wp-content\/uploads\/2025\/01\/image-avantages-300x300.jpg 300w, https:\/\/obera.fr\/wp-content\/uploads\/2025\/01\/image-avantages-150x150.jpg 150w, https:\/\/obera.fr\/wp-content\/uploads\/2025\/01\/image-avantages-768x768.jpg 768w, https:\/\/obera.fr\/wp-content\/uploads\/2025\/01\/image-avantages-400x400.jpg 400w, https:\/\/obera.fr\/wp-content\/uploads\/2025\/01\/image-avantages-600x600.jpg 600w, https:\/\/obera.fr\/wp-content\/uploads\/2025\/01\/image-avantages.jpg 1200w\" sizes=\"(max-width: 1024px) 100vw, 1024px\" \/><\/figure>\n\n<h3 class=\"wp-block-heading\">V ak\u00fdch typoch budov mo\u017eno pou\u017ei\u0165 adiabatick\u00fd chladi\u010d vzduchu?<\/h3>\n\n<p>Priemyseln\u00e9 chladi\u010de vzduchu s\u00fa vhodn\u00e9 najm\u00e4 pre dobre vetran\u00e9 miestnosti alebo miestnosti, ktor\u00e9 s\u00fa otvoren\u00e9 von. Ide\u00e1lne sa hodia do ve\u013ek\u00fdch priestorov a neodpor\u00fa\u010daj\u00fa sa do mal\u00fdch, uzavret\u00fdch miestnost\u00ed. <strong>V\u010faka tomu s\u00fa ide\u00e1lne pre r\u00f4zne odvetvia<\/strong> vr\u00e1tane automobilov\u00e9ho, kovospracuj\u00faceho, chemick\u00e9ho a tla\u010diarensk\u00e9ho priemyslu, kde je nevyhnutn\u00e9 \u00fa\u010dinn\u00e9 a n\u00e1kladovo efekt\u00edvne chladenie. \u0160irok\u00e9 uplatnenie nach\u00e1dzaj\u00fa aj v komer\u010dn\u00fdch a maloobchodn\u00fdch priestoroch, ako aj v \u0161portov\u00fdch hal\u00e1ch, kde poskytuj\u00fa <strong>vysoko\u00fa\u010dinn\u00e9 rie\u0161enie chladenia<\/strong> v t\u00fdchto prostrediach.   <\/p>\n\n<h2 class=\"wp-block-heading\">Krit\u00e9ri\u00e1 v\u00fdberu ve\u013ekoobjemov\u00e9ho chladi\u010da vzduchu<\/h2>\n\n<p>Tu s\u00fa hlavn\u00e9 krit\u00e9ri\u00e1, ktor\u00e9 treba zoh\u013eadni\u0165 pri k\u00fape priemyseln\u00e9ho chladi\u010da vzduchu:<\/p>\n\n<ul class=\"wp-block-list\">\n<li>Kapacita prietoku vzduchu<\/li>\n<\/ul>\n\n<p>Chladi\u010d mus\u00ed pon\u00faka\u0165<strong> prietok vzduchu prisp\u00f4soben\u00fd ploche chladen\u00e9ho priestoru.<\/strong> V\u00fdkonn\u00fd spotrebi\u010d zabezpe\u010d\u00ed rovnomern\u00fa a \u00fa\u010dinn\u00fa distrib\u00faciu chladn\u00e9ho vzduchu, \u010d\u00edm sa optimalizuje pohodlie pou\u017e\u00edvate\u013ea. Pre diel\u0148u alebo sklad s rozlohou 100 a\u017e 200 m\u00b2 sa odpor\u00fa\u010da chladi\u010d s prietokom vzduchu 10 000 a\u017e 20 000 m\u00b3\/h. Pre v\u00e4\u010d\u0161ie priestory s rozlohou viac ako 500 m\u00b2 bude efekt\u00edvnej\u0161\u00ed model s prietokom vzduchu 30 000 m\u00b3\/h alebo viac.  <\/p>\n\n<ul class=\"wp-block-list\">\n<li>Ve\u013ekos\u0165 n\u00e1dr\u017ee na vodu<\/li>\n<\/ul>\n\n<p>Objem z\u00e1sobn\u00edka na vodu m\u00e1 priamy vplyv na auton\u00f3miu spotrebi\u010da. \u010c\u00edm v\u00e4\u010d\u0161ia je jej kapacita, t\u00fdm dlh\u0161ie ju mo\u017eno pou\u017e\u00edva\u0165 bez potreby \u010dast\u00e9ho dop\u013a\u0148ania. N\u00e1dr\u017e s objemom 50 a\u017e 100 litrov poskytuje 4 a\u017e 8 hod\u00edn nepretr\u017eit\u00e9ho pou\u017e\u00edvania. <strong>Priemyseln\u00e9 modely ur\u010den\u00e9 do ve\u013emi ve\u013ek\u00fdch priestorov<\/strong> m\u00f4\u017eu ma\u0165 objem a\u017e 300 litrov, \u010d\u00edm sa zni\u017euje frekvencia dop\u013a\u0148ania.   <\/p>\n\n<ul class=\"wp-block-list\">\n<li>Hladina hluku<\/li>\n<\/ul>\n\n<p>Priemyseln\u00e9 chladi\u010de vzduchu sa \u010dasto oce\u0148uj\u00fa pre svoju tich\u00fa prev\u00e1dzku. Na rozdiel od klimatiza\u010dn\u00fdch zariaden\u00ed, ktor\u00e9 maj\u00fa hlu\u010dn\u00fd kompresor, sa tieto jednotky spoliehaj\u00fa na <strong>tich\u00fd ventila\u010dn\u00fd syst\u00e9m<\/strong>, spravidla v rozmedz\u00ed 50 a\u017e 65 dB v z\u00e1vislosti od zvolen\u00e9ho v\u00fdkonu. Model s v\u00fdkonom 15 000 m\u00b3\/h vyprodukuje v priemere 55 dB, \u010do zodpoved\u00e1 be\u017en\u00e9mu rozhovoru.  <\/p>\n\n<ul class=\"wp-block-list\">\n<li>Mobilita a jednoduch\u00e9 pou\u017e\u00edvanie<\/li>\n<\/ul>\n\n<p>Mobiln\u00fd model pon\u00faka v\u00e4\u010d\u0161iu flexibilitu pou\u017e\u00edvania. V\u010faka robustn\u00fdm kolieskam a hmotnosti od 30 do 80 kg v z\u00e1vislosti od kapacity mo\u017eno chladiace zariadenia \u013eahko premiest\u0148ova\u0165 z jedn\u00e9ho miesta na druh\u00e9. <strong>Niektor\u00e9 v\u00fdrobky s\u00fa vybaven\u00e9 dia\u013ekov\u00fdm ovl\u00e1dan\u00edm a nastavite\u013en\u00fdmi r\u00fdchlos\u0165ami ventil\u00e1tora<\/strong> na zv\u00fd\u0161enie komfortu. In\u0161tal\u00e1cia a uvedenie do prev\u00e1dzky s\u00fa vo v\u0161eobecnosti r\u00fdchle, \u010d\u00edm sa skracuje \u010das pred pou\u017eit\u00edm.  <\/p>\n\n<ul class=\"wp-block-list\">\n<li>Spotreba energie<\/li>\n<\/ul>\n\n<p><a href=\"https:\/\/obera.fr\/sk\/nasa-rada\/les-avantages-du-rafraichissement-adiabatique-dominent-largement-ses-inconvenients\/\">Priemyseln\u00fd chladi\u010d vzduchu je ove\u013ea \u00faspornej\u0161\u00ed<\/a> ako klimatiz\u00e1cia. Jeho v\u00fdkon sa zvy\u010dajne pohybuje od 200 do 2 000 W v z\u00e1vislosti od ve\u013ekosti zariadenia. V\u010faka n\u00edzkym energetick\u00fdm n\u00e1rokom je ide\u00e1lnym rie\u0161en\u00edm na \u00fa\u010dinn\u00e9 chladenie ve\u013ek\u00fdch priestorov bez zvy\u0161ovania \u00fa\u010dtov za elektrinu. Pre porovnanie, ekvivalentn\u00e1 <strong>priemyseln\u00e1 klimatiz\u00e1cia<\/strong> bude potrebova\u0165 5 a\u017e 10-kr\u00e1t viac energie.   <\/p>\n\n<figure class=\"wp-block-image aligncenter size-large is-resized\"><img decoding=\"async\" width=\"1024\" height=\"1024\" src=\"https:\/\/obera.fr\/wp-content\/uploads\/2025\/03\/conseil-raf-1024x1024.png\" alt=\"rady raf\" class=\"wp-image-77456\" style=\"width:182px;height:auto\" srcset=\"https:\/\/obera.fr\/wp-content\/uploads\/2025\/03\/conseil-raf-1024x1024.png 1024w, https:\/\/obera.fr\/wp-content\/uploads\/2025\/03\/conseil-raf-300x300.png 300w, https:\/\/obera.fr\/wp-content\/uploads\/2025\/03\/conseil-raf-150x150.png 150w, https:\/\/obera.fr\/wp-content\/uploads\/2025\/03\/conseil-raf-768x768.png 768w, https:\/\/obera.fr\/wp-content\/uploads\/2025\/03\/conseil-raf.png 1200w\" sizes=\"(max-width: 1024px) 100vw, 1024px\" \/><\/figure>\n\n<h2 class=\"wp-block-heading\">Na\u0161e produkty Obera: kompletn\u00fd sortiment priemyseln\u00fdch osvie\u017eova\u010dov vzduchu<\/h2>\n\n<p>Spolo\u010dnos\u0165 Obera pon\u00faka \u0161irok\u00fd sortiment tich\u00fdch chladi\u010dov vzduchu ur\u010den\u00fdch na chladenie ve\u013ek\u00fdch priestorov s intenz\u00edvnymi po\u017eiadavkami na chladenie.<\/p>\n\n<figure class=\"wp-block-table\"><table class=\"has-fixed-layout\"><tbody><tr><td><\/td><td class=\"has-text-align-center\" data-align=\"center\" colspan=\"3\"><strong>Mobiln\u00fd chladi\u010d<\/strong><\/td><\/tr><tr><td><strong>Produkt<\/strong><\/td><td class=\"has-text-align-center\" data-align=\"center\"><strong>IC12<\/strong><\/td><td class=\"has-text-align-center\" data-align=\"center\"><strong>IC22<\/strong><\/td><td class=\"has-text-align-center\" data-align=\"center\"><strong>IC30<\/strong><\/td><\/tr><tr><td>Chladiaci povrch<\/td><td class=\"has-text-align-center\" data-align=\"center\">80 a\u017e 150 m\u00b2 podlahovej plochy<\/td><td class=\"has-text-align-center\" data-align=\"center\">150 a\u017e 250 m\u00b2 podlahovej plochy<\/td><td class=\"has-text-align-center\" data-align=\"center\">200 a\u017e 400 m\u00b2 podlahovej plochy<\/td><\/tr><tr><td>Prietok vzduchu<\/td><td class=\"has-text-align-center\" data-align=\"center\">12 000<sup>m3\/h<\/sup><\/td><td class=\"has-text-align-center\" data-align=\"center\">22 000<sup>m3\/h<\/sup><\/td><td class=\"has-text-align-center\" data-align=\"center\">30 000<sup>m3\/h<\/sup><\/td><\/tr><tr><td>R\u00fdchlosti ventil\u00e1tora<\/td><td class=\"has-text-align-center\" data-align=\"center\">3  <\/td><td class=\"has-text-align-center\" data-align=\"center\">3  <\/td><td class=\"has-text-align-center\" data-align=\"center\">3<\/td><\/tr><tr><td>N\u00edzka hladina hluku<\/td><td class=\"has-text-align-center\" data-align=\"center\">54 a\u017e 63 decibelov<\/td><td class=\"has-text-align-center\" data-align=\"center\">58 a\u017e 68 decibelov<\/td><td class=\"has-text-align-center\" data-align=\"center\">66 a\u017e 70 decibelov<\/td><\/tr><tr><td>N\u00e1dr\u017e na vodu<\/td><td class=\"has-text-align-center\" data-align=\"center\">70 L<\/td><td class=\"has-text-align-center\" data-align=\"center\">130 L<\/td><td class=\"has-text-align-center\" data-align=\"center\">280 L<\/td><\/tr><tr><td>Vlastn\u00e1 hmotnos\u0165<\/td><td class=\"has-text-align-center\" data-align=\"center\">43 kg<\/td><td class=\"has-text-align-center\" data-align=\"center\">50 kg<\/td><td class=\"has-text-align-center\" data-align=\"center\">110 kg<\/td><\/tr><tr><td>Nap\u00e1janie  <\/td><td class=\"has-text-align-center\" data-align=\"center\">440 W<\/td><td class=\"has-text-align-center\" data-align=\"center\">640 W<\/td><td class=\"has-text-align-center\" data-align=\"center\">850 W<\/td><\/tr><\/tbody><\/table><\/figure>\n\n<h2 class=\"wp-block-heading\">V\u00fdber spr\u00e1vneho chladi\u010da vzduchu pre ve\u013ek\u00e9 priestory<\/h2>\n\n<p>Pri <strong>v\u00fdbere spr\u00e1vneho chladi\u010da vzduchu<\/strong> mus\u00edte zoh\u013eadni\u0165 nieko\u013eko krit\u00e9ri\u00ed: dobr\u00fd prietok vzduchu, ve\u013ek\u00fa n\u00e1dr\u017e na vodu a tich\u00fd a energeticky \u00fasporn\u00fd spotrebi\u010d. V\u00fdkon syst\u00e9mu zohr\u00e1va k\u013e\u00fa\u010dov\u00fa \u00falohu pri \u00fa\u010dinnosti chladenia. Vysoko v\u00fdkonn\u00fd ventil\u00e1tor <strong>zabezpe\u010duje dobr\u00fa cirkul\u00e1ciu vzduchu a optimalizuje r\u00fdchlos\u0165 pr\u00fadenia<\/strong>, \u010d\u00edm sa vyhnete nedostato\u010dne chladen\u00fdm oblastiam.    <\/p>\n\n<p><\/p>\n\n<p>Niektor\u00e9 v\u00fdrobky maj\u00fa nieko\u013eko r\u00fdchlost\u00ed ventil\u00e1tora, tak\u017ee si m\u00f4\u017eete nastavi\u0165 v\u00fdkon pod\u013ea svojich potrieb. Pre v\u00e4\u010d\u0161ie pohodlie je dia\u013ekov\u00e9 ovl\u00e1danie, ktor\u00e9 u\u013eah\u010duje \u00fapravu nastaven\u00ed na dia\u013eku. A nakoniec, \u010di u\u017e  <strong> <\/strong><a href=\"https:\/\/obera.fr\/sk\/produits\/rafraichisseurs-air\/\">\u010ci u\u017e si vyberiete mobiln\u00fd chladiaci box pre v\u00e4\u010d\u0161iu flexibilitu<\/a> alebo pevn\u00fd model pre dlhodob\u00fa in\u0161tal\u00e1ciu, mus\u00edte si vybra\u0165 zariadenie, ktor\u00e9 presne sp\u013a\u0148a po\u017eiadavky v\u00e1\u0161ho priestoru. A pred n\u00e1kupom si nezabudnite overi\u0165 recenzie z\u00e1kazn\u00edkov a dodacie lehoty. <\/p>\n\n<div style=\"height:20px\" aria-hidden=\"true\" class=\"wp-block-spacer\"><\/div>\n\n<div class=\"wp-block-buttons is-content-justification-center is-layout-flex wp-container-core-buttons-is-layout-a89b3969 wp-block-buttons-is-layout-flex\">\n<div class=\"wp-block-button\"><a class=\"wp-block-button__link wp-element-button\" href=\"https:\/\/obera.fr\/sk\/contact\/\">POTREBUJETE INDIVIDU\u00c1LNE PORADENSTVO?<\/a><\/div>\n<\/div>\n","protected":false},"excerpt":{"rendered":"<p>V lete, najm\u00e4 po\u010das hor\u00fa\u010dav, predstavuje chladenie ve\u013ek\u00fdch objemov spolo\u010dnosti probl\u00e9m pre be\u017en\u00fa klimatiz\u00e1ciu, zatia\u013e \u010do adiabatick\u00e9 chladenie zvy\u0161uje jej v\u00fdkon.<\/p>\n","protected":false},"author":4,"featured_media":89749,"comment_status":"closed","ping_status":"closed","sticky":false,"template":"","format":"standard","meta":{"_acf_changed":false,"_seopress_robots_primary_cat":"none","_seopress_titles_title":"Faut-il opter pour rafra\u00eechissement adiabatique durant les vanicules ?","_seopress_titles_desc":"D\u00e9couvrez comment le rafraichissement adiabatique peut \u00eatre ma solution id\u00e9ale pour maintenir une temp\u00e9rature agr\u00e9able dans les grands espaces.","_seopress_robots_index":"","footnotes":""},"categories":[141],"tags":[142],"class_list":["post-42649","post","type-post","status-publish","format-standard","has-post-thumbnail","hentry","category-nasa-rada","tag-entete-male-sk","generate-columns","tablet-grid-50","mobile-grid-100","grid-parent","grid-50","no-featured-image-padding","resize-featured-image"],"acf":[],"_links":{"self":[{"href":"https:\/\/obera.fr\/sk\/wp-json\/wp\/v2\/posts\/42649","targetHints":{"allow":["GET"]}}],"collection":[{"href":"https:\/\/obera.fr\/sk\/wp-json\/wp\/v2\/posts"}],"about":[{"href":"https:\/\/obera.fr\/sk\/wp-json\/wp\/v2\/types\/post"}],"author":[{"embeddable":true,"href":"https:\/\/obera.fr\/sk\/wp-json\/wp\/v2\/users\/4"}],"replies":[{"embeddable":true,"href":"https:\/\/obera.fr\/sk\/wp-json\/wp\/v2\/comments?post=42649"}],"version-history":[{"count":5,"href":"https:\/\/obera.fr\/sk\/wp-json\/wp\/v2\/posts\/42649\/revisions"}],"predecessor-version":[{"id":77970,"href":"https:\/\/obera.fr\/sk\/wp-json\/wp\/v2\/posts\/42649\/revisions\/77970"}],"wp:featuredmedia":[{"embeddable":true,"href":"https:\/\/obera.fr\/sk\/wp-json\/wp\/v2\/media\/89749"}],"wp:attachment":[{"href":"https:\/\/obera.fr\/sk\/wp-json\/wp\/v2\/media?parent=42649"}],"wp:term":[{"taxonomy":"category","embeddable":true,"href":"https:\/\/obera.fr\/sk\/wp-json\/wp\/v2\/categories?post=42649"},{"taxonomy":"post_tag","embeddable":true,"href":"https:\/\/obera.fr\/sk\/wp-json\/wp\/v2\/tags?post=42649"}],"curies":[{"name":"wp","href":"https:\/\/api.w.org\/{rel}","templated":true}]}}