{"id":42790,"date":"2023-04-18T10:12:23","date_gmt":"2023-04-18T08:12:23","guid":{"rendered":"https:\/\/obera.fr\/non-classifiee\/mobilny-adiabaticky-chladic-splna-poziadavky-na-nudzove-chladenie-a-docasne-potreby\/"},"modified":"2025-04-25T09:58:20","modified_gmt":"2025-04-25T07:58:20","slug":"le-rafraichisseur-adiabatique-mobile-repond-aux-situations-de-rafraichissement-durgence-et-aux-besoins-temporaires","status":"publish","type":"post","link":"https:\/\/obera.fr\/sk\/nasa-rada\/le-rafraichisseur-adiabatique-mobile-repond-aux-situations-de-rafraichissement-durgence-et-aux-besoins-temporaires\/","title":{"rendered":"Mobiln\u00fd adiabatick\u00fd chladi\u010d sp\u013a\u0148a po\u017eiadavky na n\u00fadzov\u00e9 chladenie a do\u010dasn\u00e9 potreby"},"content":{"rendered":"\n<p>Nie je poch\u00fdb o tom, \u017ee <strong>klimatick\u00e9 zmeny sp\u00f4sobuj\u00fa ka\u017edoro\u010dne viac hor\u00fa\u010dav<\/strong> a neo\u010dak\u00e1van\u00fdch v\u013an hor\u00fa\u010dav.<\/p>\n\n<p>Tieto n\u00e1hodn\u00e9 obdobia m\u00f4\u017eu <strong>pre\u0165a\u017ei\u0165 be\u017en\u00fd chladiaci syst\u00e9m lokality<\/strong>. To vedie k hrani\u010dn\u00fdm situ\u00e1ci\u00e1m, ktor\u00e9 je potrebn\u00e9 ve\u013emi r\u00fdchlo vyrie\u0161i\u0165. Pracovn\u00edci str\u00e1caj\u00fa produktivitu a riskuj\u00fa svoje zdravie (vyd\u00fdchan\u00fd vzduch, hor\u0161ie pracovn\u00e9 podmienky). <strong>Prev\u00e1dzka zariaden\u00ed sa st\u00e1va neistou <\/strong>(elektrostatick\u00e9 riziko, riziko prehriatia) s d\u00f4sledkami pre v\u00fdrobu.   <\/p>\n\n<p>Str\u00e1nka<strong> <\/strong>mobiln\u00e9 adiabatick\u00e9 chladi\u010de s\u00fa odpove\u010fou na tento probl\u00e9m. In\u0161tal\u00e1cia trv\u00e1 len 5 min\u00fat. S\u00fa okam\u017eite pripraven\u00e9 na pou\u017eitie. Chladn\u00fd vzduch sa vyr\u00e1ba ve\u013emi r\u00fdchlo. R\u00fdchlo sp\u013a\u0148aj\u00fa r\u00f4zne po\u017eiadavky na chladenie. <a href=\"https:\/\/obera.fr\/sk\/nasa-rada\/le-rafraichissement-adiabatique-savere-un-mode-de-climatisation-tres-economique\/\">Daj\u00fa sa prisp\u00f4sobi\u0165 \u0161irok\u00e9mu spektru probl\u00e9mov, ktor\u00fdm<\/a> <strong>\u010delia podniky v hor\u00facom po\u010das\u00ed<\/strong>.     <\/p>\n\n<p>S\u00fa umiestnen\u00e9 na r\u00f4znych miestach. Na rie\u0161enie s\u00fa\u010dasn\u00fdch n\u00fadzov\u00fdch situ\u00e1ci\u00ed na r\u00f4znych miestach mo\u017eno nain\u0161talova\u0165 nieko\u013eko <strong>mobiln\u00fdch adiabatick\u00fdch chladi\u010dov<\/strong>. Menia sa priority chladenia? Mobiln\u00fd odparovac\u00ed chladi\u010d sa premiestni okam\u017eite.   <\/p>\n\n<div class=\"wp-block-columns is-layout-flex wp-container-core-columns-is-layout-28f84493 wp-block-columns-is-layout-flex\">\n<div class=\"wp-block-column is-layout-flow wp-block-column-is-layout-flow\" style=\"flex-basis:50%\">\n<p>Mobiln\u00fd <a href=\"https:\/\/obera.fr\/sk\/nasa-rada\/comment-fonctionne-un-rafraichisseur-adiabatique\/\">adiabatick\u00fd chladi\u010d<\/a> sp\u013a\u0148a aj <strong>do\u010dasn\u00e9, jednorazov\u00e9 potreby,<\/strong> spravidla spojen\u00e9 s podujat\u00edm, ktor\u00e9 spolo\u010dnos\u0165 pl\u00e1nuje na svojom mieste. V lete sa podujatie zvy\u010dajne kon\u00e1 na neizolovanom vonkaj\u0161om priestore (terasa, stan, terasa). Po\u010das vlny hor\u00fa\u010dav sa \u00fa\u010dastn\u00edci m\u00f4\u017eu <strong>ocitn\u00fa\u0165 v nepr\u00edjemnej atmosf\u00e9re<\/strong>, ktor\u00e1 je na \u0161kodu cie\u013eom podujatia. Adiabatick\u00e9 chladenie je ide\u00e1lne pre tento typ situ\u00e1cie, preto\u017ee dokonale funguje vo vysoko vetranom prostred\u00ed.   <\/p>\n\n\n\n<p>Ak proces rozhodovania o tom, \u010di<strong>investova\u0165 v r\u00e1mci spolo\u010dnosti<\/strong>, trv\u00e1 dlho, v n\u00fadzovej situ\u00e1cii sa rozhodneme pre pren\u00e1jom. Pren\u00e1jom je mo\u017en\u00e9 vyu\u017ei\u0165 aj na sk\u00fa\u0161obn\u00e9 obdobie po\u010das teplej sez\u00f3ny. To mo\u017eno vyu\u017ei\u0165 na <strong>zistenie potrieb spolo\u010dnosti v oblasti adiabatick\u00e9ho chladenia<\/strong> a pr\u00edpravu investi\u010dn\u00e9ho projektu.  <\/p>\n<\/div>\n\n\n\n<div class=\"wp-block-column is-layout-flow wp-block-column-is-layout-flow\" style=\"flex-basis:50%\">\n<figure class=\"wp-block-embed is-type-video is-provider-youtube wp-block-embed-youtube wp-embed-aspect-16-9 wp-has-aspect-ratio\"><div class=\"wp-block-embed__wrapper\">\n<iframe title=\"Rafraichisseur d&#039;air - Gamme IC - OberA\" width=\"1200\" height=\"675\" src=\"https:\/\/www.youtube.com\/embed\/NG-Ssy2oM70?feature=oembed\" frameborder=\"0\" allow=\"accelerometer; autoplay; clipboard-write; encrypted-media; gyroscope; picture-in-picture; web-share\" referrerpolicy=\"strict-origin-when-cross-origin\" allowfullscreen><\/iframe>\n<\/div><\/figure>\n<\/div>\n<\/div>\n\n<div style=\"height:20px\" aria-hidden=\"true\" class=\"wp-block-spacer\"><\/div>\n\n<div class=\"wp-block-buttons is-content-justification-center is-layout-flex wp-container-core-buttons-is-layout-a89b3969 wp-block-buttons-is-layout-flex\">\n<div class=\"wp-block-button\"><a class=\"wp-block-button__link wp-element-button\" href=\"https:\/\/obera.fr\/sk\/contact\/\">POTREBUJETE INDIVIDU\u00c1LNE PORADENSTVO?<\/a><\/div>\n<\/div>\n","protected":false},"excerpt":{"rendered":"<p>Nie je poch\u00fdb o tom, \u017ee zmena kl\u00edmy sp\u00f4sobuje ka\u017edoro\u010dne viac hor\u00fa\u010dav a neo\u010dak\u00e1van\u00fdch v\u013an hor\u00fa\u010dav. Tieto n\u00e1hodn\u00e9 obdobia m\u00f4\u017eu pre\u0165a\u017ei\u0165 be\u017en\u00fd chladiaci syst\u00e9m lokality.   <\/p>\n","protected":false},"author":4,"featured_media":89789,"comment_status":"closed","ping_status":"closed","sticky":false,"template":"","format":"standard","meta":{"_acf_changed":false,"_seopress_robots_primary_cat":"none","_seopress_titles_title":"Mobiln\u00e9 adiabatick\u00e9 chladi\u010de: odpove\u010f na naliehav\u00e9 potreby","_seopress_titles_desc":"Adiabatick\u00fd chladi\u010d je \u00fa\u010dinn\u00fdm rie\u0161en\u00edm pre n\u00fadzov\u00e9 situ\u00e1cie a do\u010dasn\u00e9 po\u017eiadavky na klimatiz\u00e1ciu.","_seopress_robots_index":"","footnotes":""},"categories":[141],"tags":[142],"class_list":["post-42790","post","type-post","status-publish","format-standard","has-post-thumbnail","hentry","category-nasa-rada","tag-entete-male-sk","generate-columns","tablet-grid-50","mobile-grid-100","grid-parent","grid-50","no-featured-image-padding","resize-featured-image"],"acf":[],"_links":{"self":[{"href":"https:\/\/obera.fr\/sk\/wp-json\/wp\/v2\/posts\/42790","targetHints":{"allow":["GET"]}}],"collection":[{"href":"https:\/\/obera.fr\/sk\/wp-json\/wp\/v2\/posts"}],"about":[{"href":"https:\/\/obera.fr\/sk\/wp-json\/wp\/v2\/types\/post"}],"author":[{"embeddable":true,"href":"https:\/\/obera.fr\/sk\/wp-json\/wp\/v2\/users\/4"}],"replies":[{"embeddable":true,"href":"https:\/\/obera.fr\/sk\/wp-json\/wp\/v2\/comments?post=42790"}],"version-history":[{"count":3,"href":"https:\/\/obera.fr\/sk\/wp-json\/wp\/v2\/posts\/42790\/revisions"}],"predecessor-version":[{"id":89839,"href":"https:\/\/obera.fr\/sk\/wp-json\/wp\/v2\/posts\/42790\/revisions\/89839"}],"wp:featuredmedia":[{"embeddable":true,"href":"https:\/\/obera.fr\/sk\/wp-json\/wp\/v2\/media\/89789"}],"wp:attachment":[{"href":"https:\/\/obera.fr\/sk\/wp-json\/wp\/v2\/media?parent=42790"}],"wp:term":[{"taxonomy":"category","embeddable":true,"href":"https:\/\/obera.fr\/sk\/wp-json\/wp\/v2\/categories?post=42790"},{"taxonomy":"post_tag","embeddable":true,"href":"https:\/\/obera.fr\/sk\/wp-json\/wp\/v2\/tags?post=42790"}],"curies":[{"name":"wp","href":"https:\/\/api.w.org\/{rel}","templated":true}]}}