{"id":42871,"date":"2023-04-18T09:58:13","date_gmt":"2023-04-18T07:58:13","guid":{"rendered":"https:\/\/obera.fr\/non-classifiee\/adiabaticke-chladenie-je-velmi-usporna-forma-klimatizacie\/"},"modified":"2025-04-23T09:09:53","modified_gmt":"2025-04-23T07:09:53","slug":"le-rafraichissement-adiabatique-savere-un-mode-de-climatisation-tres-economique","status":"publish","type":"post","link":"https:\/\/obera.fr\/sk\/nasa-rada\/le-rafraichissement-adiabatique-savere-un-mode-de-climatisation-tres-economique\/","title":{"rendered":"Adiabatick\u00e9 chladenie je ve\u013emi \u00fasporn\u00e1 forma klimatiz\u00e1cie"},"content":{"rendered":"\n<h2 class=\"wp-block-heading\">Adiabatick\u00fd chladi\u010d je invest\u00edcia, ktor\u00e1 sa \u013eahko vr\u00e1ti<\/h2>\n\n<p>Cenovo dostupn\u00e9<strong> adiabatick\u00e9 chladenie<\/strong> je n\u00edzkon\u00e1kladov\u00e1 a v\u00fdhodn\u00e1 invest\u00edcia. Nevy\u017eaduje si rozpo\u010det v takom rozsahu ako tradi\u010dn\u00e1 klimatiz\u00e1cia. Odpisy zariadenia po\u010das 10 rokov predstavuj\u00fa len <strong>nieko\u013eko stoviek eur ro\u010dne.<\/strong>  <\/p>\n\n<h2 class=\"wp-block-heading\">N\u00e1klady na in\u0161tal\u00e1ciu s\u00fa v z\u00e1vislosti od typu adiabatick\u00e9ho chladiaceho syst\u00e9mu n\u00edzke alebo \u017eiadne.<\/h2>\n\n<div class=\"wp-block-columns is-layout-flex wp-container-core-columns-is-layout-28f84493 wp-block-columns-is-layout-flex\">\n<div class=\"wp-block-column is-layout-flow wp-block-column-is-layout-flow\" style=\"flex-basis:50%\">\n<p>Pri<a href=\"https:\/\/obera.fr\/sk\/produits\/rafraichisseurs-air\/\"> mobilnom adiabatickom chladi\u010di<\/a> nevznikaj\u00fa \u017eiadne n\u00e1klady na in\u0161tal\u00e1ciu. V\u0161etko, \u010do potrebujete, je elektrick\u00e1 z\u00e1suvka na jeho zapnutie.<\/p>\n\n\n\n<p>N\u00e1klady na in\u0161tal\u00e1ciu <strong>stre\u0161n\u00e9ho odparovacieho chladi\u010da<\/strong> s\u00fa ove\u013ea ni\u017e\u0161ie ako n\u00e1klady na in\u0161tal\u00e1ciu klimatiza\u010dnej jednotky, preto\u017ee je ve\u013emi \u013eahk\u00fd (nie je potrebn\u00e9 vystu\u017eenie stre\u0161n\u00e9ho r\u00e1mu). N\u00e1klady na in\u0161tal\u00e1ciu <strong>dif\u00fazneho syst\u00e9mu<\/strong> z\u00e1visia od jeho zlo\u017eitosti, ale s\u00fa ni\u017e\u0161ie ako n\u00e1klady na in\u0161tal\u00e1ciu tradi\u010dnej priemyselnej klimatiz\u00e1cie. <\/p>\n<\/div>\n\n\n\n<div class=\"wp-block-column is-layout-flow wp-block-column-is-layout-flow\" style=\"flex-basis:50%\">\n<figure class=\"wp-block-embed is-type-video is-provider-youtube wp-block-embed-youtube wp-embed-aspect-16-9 wp-has-aspect-ratio\"><div class=\"wp-block-embed__wrapper\">\n<iframe title=\"Rafraichisseur d&#039;air - Gamme IC - OberA\" width=\"1200\" height=\"675\" src=\"https:\/\/www.youtube.com\/embed\/NG-Ssy2oM70?feature=oembed\" frameborder=\"0\" allow=\"accelerometer; autoplay; clipboard-write; encrypted-media; gyroscope; picture-in-picture; web-share\" referrerpolicy=\"strict-origin-when-cross-origin\" allowfullscreen><\/iframe>\n<\/div><\/figure>\n<\/div>\n<\/div>\n\n<h2 class=\"wp-block-heading\">Prev\u00e1dzkov\u00e9 n\u00e1klady odparovacieho chladi\u010da s\u00fa smie\u0161ne<\/h2>\n\n<p>V podstate zodpoved\u00e1 <strong>n\u00e1kladom na spotrebu energie a vody<\/strong>. Ke\u010f\u017ee tieto dve spotreby s\u00fa ve\u013emi n\u00edzke (pozri vy\u0161\u0161ie), denn\u00e9 prev\u00e1dzkov\u00e9 n\u00e1klady sa pohybuj\u00fa okolo desiatich centov pre budovu s rozlohou 250 m\u00b2. <\/p>\n\n<h2 class=\"wp-block-heading\">N\u00e1klady na servis a \u00fadr\u017ebu odparovacieho chladi\u010da s\u00fa ve\u013emi n\u00edzke.<\/h2>\n\n<p>\u00dadr\u017eba <a href=\"https:\/\/obera.fr\/sk\/nasa-rada\/comment-fonctionne-un-rafraichisseur-adiabatique\/\">adiabatick\u00e9ho chladi\u010da<\/a><strong> zah\u0155\u0148a \u010distenie prachov\u00e9ho filtra ( <\/strong>ka\u017ed\u00fd mesiac), z\u00e1sobn\u00edka na vodu a odparovacieho m\u00e9dia, ako aj ich su\u0161enie na konci letn\u00e9ho pou\u017e\u00edvania. \u00dadr\u017eba spo\u010d\u00edva najm\u00e4 vo v\u00fdmene odparovacieho m\u00e9dia ka\u017ed\u00e9 dva roky. <\/p>\n\n<p>Servis a \u00fadr\u017eba si nevy\u017eaduj\u00fa <strong>\u0161pecializovan\u00fd person\u00e1l s<\/strong> opr\u00e1vnen\u00edm na pou\u017e\u00edvanie chladiva. M\u00f4\u017eu ich vykon\u00e1va\u0165 pracovn\u00edci na stavbe. Jednoduchos\u0165 a n\u00edzka frekvencia t\u00fdchto \u00fakonov a ich men\u0161ia <strong>pracovn\u00e1 z\u00e1\u0165a\u017e<\/strong> znamenaj\u00fa, \u017ee n\u00e1klady na servis a \u00fadr\u017ebu s\u00fa ve\u013emi n\u00edzke.  <\/p>\n\n<h2 class=\"wp-block-heading\">Z\u00e1ver: Prev\u00e1dzkov\u00e9 n\u00e1klady chladi\u010da s\u00fa ve\u013emi n\u00edzke, \u010do umo\u017e\u0148uje ve\u013emi r\u00fdchlu n\u00e1vratnos\u0165 invest\u00edcie.<\/h2>\n\n<p><strong> N\u00e1klady na n\u00e1kup a in\u0161tal\u00e1ciu chladi\u010da spolu s<\/strong> n\u00e1kladmi na jeho prev\u00e1dzku, servis a \u00fadr\u017ebu znamenaj\u00fa, \u017ee prev\u00e1dzkov\u00e9 n\u00e1klady s\u00fa ni\u017e\u0161ie ako n\u00e1klady na tradi\u010dn\u00fa klimatiz\u00e1ciu. Dosiahnut\u00e9 \u00faspory v porovnan\u00ed s tradi\u010dnou klimatiz\u00e1ciou znamenaj\u00fa <strong>r\u00fdchlu<\/strong> n\u00e1vratnos\u0165 <strong>invest\u00edcie<\/strong>. <\/p>\n\n<div style=\"height:20px\" aria-hidden=\"true\" class=\"wp-block-spacer\"><\/div>\n\n<div class=\"wp-block-buttons alignwide is-content-justification-center is-layout-flex wp-container-core-buttons-is-layout-a89b3969 wp-block-buttons-is-layout-flex\">\n<div class=\"wp-block-button\"><a class=\"wp-block-button__link wp-element-button\" href=\"https:\/\/obera.fr\/sk\/contact\/\">POTREBUJETE INDIVIDU\u00c1LNE PORADENSTVO?<\/a><\/div>\n<\/div>\n","protected":false},"excerpt":{"rendered":"<p>Adiabatick\u00e9 chladenie je ve\u013emi \u00fasporn\u00e9 rie\u0161enie, ktor\u00e9ho invest\u00edcia sa \u013eahko vr\u00e1ti, bez n\u00e1kladov na in\u0161tal\u00e1ciu, s ve\u013emi n\u00edzkymi prev\u00e1dzkov\u00fdmi n\u00e1kladmi a ve\u013emi n\u00edzkymi n\u00e1kladmi na servis a \u00fadr\u017ebu.<\/p>\n","protected":false},"author":4,"featured_media":85522,"comment_status":"closed","ping_status":"closed","sticky":false,"template":"","format":"standard","meta":{"_acf_changed":false,"_seopress_robots_primary_cat":"none","_seopress_titles_title":"\u00dasporn\u00e1 klimatiz\u00e1cia: adiabatick\u00e9 chladenie","_seopress_titles_desc":"V\u010faka ve\u013emi n\u00edzkym n\u00e1kladom na in\u0161tal\u00e1ciu a \u00fadr\u017ebu je adiabatick\u00e9 chladenie najhospod\u00e1rnej\u0161\u00edm rie\u0161en\u00edm chladenia vzduchu v lete.","_seopress_robots_index":"","footnotes":""},"categories":[141],"tags":[142],"class_list":["post-42871","post","type-post","status-publish","format-standard","has-post-thumbnail","hentry","category-nasa-rada","tag-entete-male-sk","generate-columns","tablet-grid-50","mobile-grid-100","grid-parent","grid-50","no-featured-image-padding","resize-featured-image"],"acf":[],"_links":{"self":[{"href":"https:\/\/obera.fr\/sk\/wp-json\/wp\/v2\/posts\/42871","targetHints":{"allow":["GET"]}}],"collection":[{"href":"https:\/\/obera.fr\/sk\/wp-json\/wp\/v2\/posts"}],"about":[{"href":"https:\/\/obera.fr\/sk\/wp-json\/wp\/v2\/types\/post"}],"author":[{"embeddable":true,"href":"https:\/\/obera.fr\/sk\/wp-json\/wp\/v2\/users\/4"}],"replies":[{"embeddable":true,"href":"https:\/\/obera.fr\/sk\/wp-json\/wp\/v2\/comments?post=42871"}],"version-history":[{"count":5,"href":"https:\/\/obera.fr\/sk\/wp-json\/wp\/v2\/posts\/42871\/revisions"}],"predecessor-version":[{"id":85998,"href":"https:\/\/obera.fr\/sk\/wp-json\/wp\/v2\/posts\/42871\/revisions\/85998"}],"wp:featuredmedia":[{"embeddable":true,"href":"https:\/\/obera.fr\/sk\/wp-json\/wp\/v2\/media\/85522"}],"wp:attachment":[{"href":"https:\/\/obera.fr\/sk\/wp-json\/wp\/v2\/media?parent=42871"}],"wp:term":[{"taxonomy":"category","embeddable":true,"href":"https:\/\/obera.fr\/sk\/wp-json\/wp\/v2\/categories?post=42871"},{"taxonomy":"post_tag","embeddable":true,"href":"https:\/\/obera.fr\/sk\/wp-json\/wp\/v2\/tags?post=42871"}],"curies":[{"name":"wp","href":"https:\/\/api.w.org\/{rel}","templated":true}]}}