{"id":43782,"date":"2022-07-25T16:13:00","date_gmt":"2022-07-25T14:13:00","guid":{"rendered":"https:\/\/obera.fr\/non-classifiee\/udrzba-priemyselneho-chladiaceho-zariadenia-co-potrebujete-vediet\/"},"modified":"2025-03-19T15:24:14","modified_gmt":"2025-03-19T13:24:14","slug":"udrzba-priemyselneho-chladiaceho-zariadenia-co-potrebujete-vediet","status":"publish","type":"post","link":"https:\/\/obera.fr\/sk\/nasa-rada\/udrzba-priemyselneho-chladiaceho-zariadenia-co-potrebujete-vediet\/","title":{"rendered":"\u00dadr\u017eba priemyseln\u00e9ho chladiaceho zariadenia: \u010do potrebujete vedie\u0165"},"content":{"rendered":"\n<p>Chcete sa vyhn\u00fa\u0165 vystaveniu zamestnancov tepeln\u00e9mu stresu. <strong>Odparovac\u00ed chladi\u010d<\/strong> je skvel\u00fd sp\u00f4sob, ako zn\u00ed\u017ei\u0165 teplotu vo va\u0161om sklade alebo obchodnom priestore. Ak chcete, aby fungoval na pln\u00fd v\u00fdkon mnoho rokov, je potrebn\u00e1 minim\u00e1lna \u00fadr\u017eba.    <\/p>\n\n\n\n<p>Tu n\u00e1jdete n\u00e1vod na <strong>\u00fadr\u017ebu priemyseln\u00e9ho chladi\u010da vzduchu<\/strong>.<\/p>\n\n\n\n<h2 class=\"wp-block-heading\">Ako udr\u017eiava\u0165 priemyseln\u00e9 chladiace zariadenie<\/h2>\n\n\n\n<p>Spolo\u010dnos\u0165 OberA v\u00e1m pon\u00faka <strong>mobiln\u00e9 priemyseln\u00e9 chladiace zariadenia <\/strong>radu EcoCLIM alebo <strong>stacion\u00e1rne <\/strong>profesion\u00e1lne chladiace zariadenia BIOCOOL.<strong> Stacion\u00e1rne profesion\u00e1lne chladiace zariadenia BIOCOOL<\/strong>. \u00dadr\u017eba a starostlivos\u0165 o tieto zariadenia je v ka\u017edom pr\u00edpade jednoduch\u00e1. Pred <strong>\u00fadr\u017ebou priemyseln\u00e9ho chladi\u010da vzduchu<\/strong> nezabudnite vypn\u00fa\u0165 nap\u00e1janie.<\/p>\n\n\n\n<h3 class=\"wp-block-heading\">\u00dadr\u017eba filtra\u010dnej dosky<\/h3>\n\n\n\n<p>Filtra\u010dn\u00fd syst\u00e9m v\u00e1\u0161ho <strong><br>  adiabatick\u00e9ho chladi\u010da<br><\/strong> premie\u0148a hor\u00faci vzduch v zadnej \u010dasti zariadenia na studen\u00fd vzduch. Upchat\u00e9 filtre v\u00fdrazne zni\u017euj\u00fa v\u00fdkon v\u00e1\u0161ho zariadenia. Preto je d\u00f4le\u017eit\u00e9 odstra\u0148ova\u0165 usadeniny, ako s\u00fa kom\u00e1re, fig\u00farky a prach. Tie m\u00f4\u017eu br\u00e1ni\u0165 nas\u00e1vaniu klimatiz\u00e1cie a upcha\u0165 \u010derpadlo. Filter by sa mal vymie\u0148a\u0165 pribli\u017ene ka\u017ed\u00e9 3 roky.<\/p>\n\n\n\n<p>Mali by ste vedie\u0165, \u017ee v rade BIOCOOL sa kan\u00e1l po vypnut\u00ed zariadenia automaticky uzavrie. T\u00fdm sa zabr\u00e1ni jeho upchatiu ne\u010distotami a prachom. Okrem toho je mo\u017en\u00e9 prida\u0165 volite\u013en\u00e9 predfiltre. Tie zaru\u010duj\u00fa lep\u0161iu kvalitu filtr\u00e1cie.     <\/p>\n\n\n\n<h3 class=\"wp-block-heading\">Vypr\u00e1zdnite n\u00e1dr\u017e na vodu<\/h3>\n\n\n\n<p>V n\u00e1dr\u017ei sa m\u00f4\u017eu \u010dasom hromadi\u0165 aj miner\u00e1lne usadeniny. Z dlhodob\u00e9ho h\u013eadiska nar\u00fa\u0161aj\u00fa spr\u00e1vne fungovanie v\u00e1\u0161ho profesion\u00e1lneho chladi\u010da. To plat\u00ed e\u0161te viac, ak chladi\u010d in\u0161talujete vonku. Preto je d\u00f4le\u017eit\u00e9 n\u00e1dr\u017e \u010dasto vypr\u00e1zd\u0148ova\u0165.<\/p>\n\n\n\n<h3 class=\"wp-block-heading\">Presk\u00famanie r\u00f4znych komponentov chladi\u010da<\/h3>\n\n\n\n<p>Uistite sa, \u017ee s\u00fa v\u0161etky komponenty chladiaceho zariadenia v poriadku. Za t\u00fdmto \u00fa\u010delom skontrolujte jednotliv\u00e9 komponenty alebo ich dajte skontrolova\u0165 technikovi.   <\/p>\n\n\n\n<p>V pr\u00edpade poruchy toti\u017e v\u00fdkon v\u00e1\u0161ho chladiaceho zariadenia nie je maxim\u00e1lny.<\/p>\n\n\n\n<p>Malo by sa to overi\u0165:<\/p>\n\n\n\n<ul class=\"wp-block-list\">\n<li>Vodn\u00fd okruh: je voda dobre rozveden\u00e1 na v\u00fdmenn\u00fdch paneloch? Ak nie, probl\u00e9m m\u00f4\u017ee by\u0165 sp\u00f4soben\u00fd poruchou \u010derpadla, netesnos\u0165ou vodn\u00e9ho okruhu alebo probl\u00e9mom s hladinou vody.   <\/li>\n\n\n\n<li>Vzduchov\u00fd okruh: pracuje ventil\u00e1tor spr\u00e1vne pri maxim\u00e1lnom v\u00fdkone? Ak nie, probl\u00e9mom m\u00f4\u017ee by\u0165 upchatie predfiltra alebo dokonca filtrov.   <\/li>\n<\/ul>\n\n\n\n<blockquote class=\"wp-block-quote is-layout-flow wp-block-quote-is-layout-flow\">\n<p><strong>Mal\u00fd tip:<\/strong> je va\u0161e zariadenie po\u0161koden\u00e9? Ne\u010dakajte a po\u017eiadajte technika o opravu. Oprava by mohla by\u0165 e\u0161te drah\u0161ia! Tak\u017ee by ste sa mohli vyhn\u00fa\u0165 ak\u00fdmko\u013evek nepr\u00edjemnostiam, nemysl\u00edte?     <\/p>\n<\/blockquote>\n\n\n\n<h2 class=\"wp-block-heading\">Automatick\u00e9 ovl\u00e1danie v\u00e1\u0161ho bioklimatick\u00e9ho zariadenia<\/h2>\n\n\n\n<p><strong>Chladi\u010de BIOCOOL 15, BIOCOOL 18 alebo BIOCOOL 30 <\/strong>s\u00fa vybaven\u00e9 \u0161peci\u00e1lnymi mechanizmami, ktor\u00e9 v\u00e1m pom\u00f4\u017eu <strong>udr\u017eiava\u0165 priemyseln\u00fd chladi\u010d vzduchu<\/strong>.<\/p>\n\n\n\n<h3 class=\"wp-block-heading\">\u00da\u010dinn\u00fd riadiaci syst\u00e9m<\/h3>\n\n\n\n<p>Je va\u0161a priemyseln\u00e1 chladiaca jednotka pripevnen\u00e1 na streche va\u0161ich obchodn\u00fdch priestorov? V\u010faka <strong>overovaciemu syst\u00e9mu<\/strong> m\u00f4\u017eete na svoju in\u0161tal\u00e1ciu dohliada\u0165 na dia\u013eku. Je to vlastne zariadenie, ktor\u00e9 v\u00e1m umo\u017e\u0148uje aj :    <\/p>\n\n\n\n<ul class=\"wp-block-list\">\n<li>Identifikujte zdroj mo\u017enej technickej poruchy na dia\u013eku;<\/li>\n\n\n\n<li>Vyhnite sa vysok\u00fdm n\u00e1kladom na z\u00e1sah technika.<\/li>\n<\/ul>\n\n\n\n<p>Jeho pokro\u010dil\u00e9 ovl\u00e1danie ukazuje presn\u00e9 miesto \u00fadr\u017eby, ktor\u00fa treba vykona\u0165:<\/p>\n\n\n\n<ul class=\"wp-block-list\">\n<li>\u010cerpadlo;<\/li>\n\n\n\n<li>Elektromagnetick\u00fd ventil;<\/li>\n\n\n\n<li>Odvodnenie;<\/li>\n\n\n\n<li>Oz\u00f3nov\u00fd syst\u00e9m;<\/li>\n\n\n\n<li>at\u010f.<\/li>\n<\/ul>\n\n\n\n<p>  Tie\u017e presne viete:<\/p>\n\n\n\n<ul class=\"wp-block-list\">\n<li>Stav n\u00e1dr\u017e\u00ed na vodu v ka\u017edom z chladi\u010dov vzduchu;<\/li>\n\n\n\n<li>Mo\u017en\u00e1 chyba alebo porucha zariadenia.<\/li>\n<\/ul>\n\n\n\n<p>Ak m\u00e1te flotilu viacer\u00fdch zariaden\u00ed, presne viete, ktor\u00e9 z nich je po\u0161koden\u00e9.<\/p>\n\n\n\n<h3 class=\"wp-block-heading\">Integrovan\u00e9 antimikrobi\u00e1lne zariadenie<\/h3>\n\n\n\n<p>Chcete, aby voda v<strong> baz\u00e9ne BIOCOOL<\/strong> bola \u010do naj\u010distej\u0161ia. V\u010faka <strong>integrovan\u00e9mu oz\u00f3nov\u00e9mu syst\u00e9mu<\/strong> sa po\u010det mikr\u00f3bov v\u00fdrazne zni\u017euje. \u0160t\u00fadia uk\u00e1zala, \u017ee za \u00be hodiny sa po\u010det mikr\u00f3bov zn\u00ed\u017ei takmer na nulu.    <\/p>\n\n\n\n<p>Mobiln\u00e9 chladi\u010de vody ecoCLIM s\u00fa vybaven\u00e9 UV lampou, ktor\u00e1 nepretr\u017eite upravuje chladiacu vodu.<\/p>\n\n\n\n<p>Chladiace zariadenie m\u00f4\u017ee zlep\u0161i\u0165 pohodlie va\u0161ich zamestnancov alebo z\u00e1kazn\u00edkov. <strong>\u00dadr\u017eba priemyseln\u00e9ho chladi\u010da vzduchu <\/strong>je jednoduch\u00e1, ale nevyhnutn\u00e1 \u00faloha. S odparovac\u00edm chladi\u010dom AD 25 V100 m\u00f4\u017eete kontrolu automatizova\u0165 a by\u0165 upozornen\u00ed na pr\u00edpadn\u00e9 probl\u00e9my.<\/p>\n\n\n\n<div class=\"wp-block-buttons is-content-justification-center is-layout-flex wp-container-core-buttons-is-layout-a89b3969 wp-block-buttons-is-layout-flex\">\n<div class=\"wp-block-button\"><a class=\"wp-block-button__link wp-element-button\" href=\"https:\/\/obera.fr\/en\/contact-us\/\">Chcete viac inform\u00e1ci\u00ed. Kontaktujte n\u00e1s pre viac inform\u00e1ci\u00ed!   <\/a><\/div>\n<\/div>\n\n\n\n<h3 class=\"wp-block-heading\">Na konci sez\u00f3ny vykonajte servis chladni\u010dky.<\/h3>\n\n\n\n<p>Ak chcete, aby va\u0161a chladni\u010dka bola v dobrom stave, je d\u00f4le\u017eit\u00e9, aby ste ju na konci sez\u00f3ny pred uskladnen\u00edm na zimu udr\u017eiavali v dobrom stave.<\/p>\n\n\n\n<p>V skuto\u010dnosti je nevyhnutn\u00e9, aby ste zariadenie udr\u017eiavali vypr\u00e1zdnen\u00e9 a such\u00e9.<\/p>\n\n\n\n<p>Na tento \u00fa\u010del je potrebn\u00e9 postupova\u0165 nasledovne:<\/p>\n\n\n\n<ul class=\"wp-block-list\">\n<li>Jednotku \u00faplne vy\u010distite a vypr\u00e1zdnite. Ak sa na sten\u00e1ch usadil vodn\u00fd kame\u0148, m\u00f4\u017eete pou\u017ei\u0165 slab\u00fa kyselinu (ocot).   <\/li>\n\n\n\n<li>Vy\u010distite najm\u00e4 filter okolo \u010derpadla, \u010derpadlo a hladinov\u00e9 sondy.<\/li>\n\n\n\n<li>Nechajte stroj be\u017ea\u0165 nieko\u013eko hod\u00edn (3 h), aby sa vysu\u0161ilo m\u00e9dium na v\u00fdmenu buni\u010diny.<\/li>\n\n\n\n<li>Zariadenie skladujte na suchom mieste<\/li>\n<\/ul>\n\n\n\n<p>Jednotka bude potom pripraven\u00e1 na op\u00e4tovn\u00e9 spustenie v nasleduj\u00facej sez\u00f3ne.<\/p>\n\n\n\n<blockquote class=\"wp-block-quote is-layout-flow wp-block-quote-is-layout-flow\">\n<p>Viac inform\u00e1ci\u00ed n\u00e1jdete v pr\u00edru\u010dke o kvalite vn\u00fatorn\u00e9ho vzduchu v priemysle.<\/p>\n<\/blockquote>\n","protected":false},"excerpt":{"rendered":"<p>Chcete sa vyhn\u00fa\u0165 vystaveniu zamestnancov tepeln\u00e9mu stresu. Odparovac\u00ed chladi\u010d je skvel\u00fd sp\u00f4sob, ako zn\u00ed\u017ei\u0165 teplotu vo va\u0161om sklade alebo obchodnom priestore. Ak chcete, aby fungoval na pln\u00fd v\u00fdkon mnoho rokov, je potrebn\u00e1 minim\u00e1lna \u00fadr\u017eba. Tu je n\u00e1vod na \u00fadr\u017ebu priemyseln\u00e9ho chladi\u010da vzduchu.     <\/p>\n","protected":false},"author":4,"featured_media":43788,"comment_status":"open","ping_status":"closed","sticky":false,"template":"","format":"standard","meta":{"_acf_changed":false,"_seopress_robots_primary_cat":"none","_seopress_titles_title":"Ako udr\u017eiava\u0165 priemyseln\u00fd chladi\u010d vzduchu?","_seopress_titles_desc":"Chcete sa vyhn\u00fa\u0165 vystaveniu zamestnancov tepeln\u00e9mu stresu. Odparovac\u00ed chladi\u010d je skvel\u00fd sp\u00f4sob, ako zn\u00ed\u017ei\u0165 teplotu vo va\u0161om sklade alebo obchodnom priestore. Tu je n\u00e1vod na \u00fadr\u017ebu priemyseln\u00e9ho chladi\u010da vzduchu.","_seopress_robots_index":"","footnotes":""},"categories":[141],"tags":[142],"class_list":["post-43782","post","type-post","status-publish","format-standard","has-post-thumbnail","hentry","category-nasa-rada","tag-entete-male-sk","generate-columns","tablet-grid-50","mobile-grid-100","grid-parent","grid-50","no-featured-image-padding","resize-featured-image"],"acf":[],"_links":{"self":[{"href":"https:\/\/obera.fr\/sk\/wp-json\/wp\/v2\/posts\/43782","targetHints":{"allow":["GET"]}}],"collection":[{"href":"https:\/\/obera.fr\/sk\/wp-json\/wp\/v2\/posts"}],"about":[{"href":"https:\/\/obera.fr\/sk\/wp-json\/wp\/v2\/types\/post"}],"author":[{"embeddable":true,"href":"https:\/\/obera.fr\/sk\/wp-json\/wp\/v2\/users\/4"}],"replies":[{"embeddable":true,"href":"https:\/\/obera.fr\/sk\/wp-json\/wp\/v2\/comments?post=43782"}],"version-history":[{"count":3,"href":"https:\/\/obera.fr\/sk\/wp-json\/wp\/v2\/posts\/43782\/revisions"}],"predecessor-version":[{"id":75884,"href":"https:\/\/obera.fr\/sk\/wp-json\/wp\/v2\/posts\/43782\/revisions\/75884"}],"wp:featuredmedia":[{"embeddable":true,"href":"https:\/\/obera.fr\/sk\/wp-json\/wp\/v2\/media\/43788"}],"wp:attachment":[{"href":"https:\/\/obera.fr\/sk\/wp-json\/wp\/v2\/media?parent=43782"}],"wp:term":[{"taxonomy":"category","embeddable":true,"href":"https:\/\/obera.fr\/sk\/wp-json\/wp\/v2\/categories?post=43782"},{"taxonomy":"post_tag","embeddable":true,"href":"https:\/\/obera.fr\/sk\/wp-json\/wp\/v2\/tags?post=43782"}],"curies":[{"name":"wp","href":"https:\/\/api.w.org\/{rel}","templated":true}]}}