{"id":44335,"date":"2021-05-06T11:22:12","date_gmt":"2021-05-06T09:22:12","guid":{"rendered":"https:\/\/obera.fr\/non-classifiee\/vzduchovanie-a-covid-19-obera-vybavuje-triedy-jedalne-a-jedalne-v-mnohych-francuzskych-skolach-a-strednych-skolach\/"},"modified":"2025-05-07T10:08:45","modified_gmt":"2025-05-07T08:08:45","slug":"aeration-covid-salles-classes-cantines-refectoire-lycees","status":"publish","type":"post","link":"https:\/\/obera.fr\/sk\/nasa-rada\/aeration-covid-salles-classes-cantines-refectoire-lycees\/","title":{"rendered":"Vetranie a COVID-19: OberA vybavuje triedy, jed\u00e1lne a jed\u00e1lne mnoh\u00fdch franc\u00fazskych \u0161k\u00f4l a l\u00fdce\u00ed!"},"content":{"rendered":"\n<h2 class=\"wp-block-heading\">Antibakteri\u00e1lne rie\u0161enia prevzdu\u0161\u0148ovania vo vzdel\u00e1van\u00ed<\/h2>\n\n<p>Spolo\u010dn\u00e9 u\u010denie je pre deti a dospievaj\u00facich ve\u013emi d\u00f4le\u017eit\u00e9. A najlep\u0161ie je, \u017ee je to v\u017edy mo\u017en\u00e9 v triede, pokia\u013e je v nej \u010dist\u00fd vzduch a dodr\u017eiavan\u00e9 hygienick\u00e9 podmienky. <\/p>\n\n<figure class=\"wp-block-image alignright size-large is-resized\"><img decoding=\"async\" src=\"https:\/\/obera.fr\/wp-content\/uploads\/2021\/05\/image_ecole-covid-1024x768.jpg\" alt=\"vetranie covid school\" class=\"wp-image-5610\" width=\"527\" height=\"395\" srcset=\"https:\/\/obera.fr\/wp-content\/uploads\/2021\/05\/image_ecole-covid-1024x768.jpg 1024w, https:\/\/obera.fr\/wp-content\/uploads\/2021\/05\/image_ecole-covid-300x225.jpg 300w, https:\/\/obera.fr\/wp-content\/uploads\/2021\/05\/image_ecole-covid-768x576.jpg 768w, https:\/\/obera.fr\/wp-content\/uploads\/2021\/05\/image_ecole-covid-1536x1152.jpg 1536w, https:\/\/obera.fr\/wp-content\/uploads\/2021\/05\/image_ecole-covid.jpg 2016w\" sizes=\"(max-width: 527px) 100vw, 527px\" \/><figcaption class=\"wp-element-caption\">Vetranie u\u010debne pomocou syst\u00e9mu OBERA<\/figcaption><\/figure>\n\n<p>Viacer\u00e9 franc\u00fazske regi\u00f3ny sa rozhodli financova\u0165 v\u0161etky n\u00e1klady na <a href=\"https:\/\/obera.fr\/sk\/produits\/purificateurs-air\/antivirusove-a-antibakterialne-cisticky-vzduchu-covid-19\/\" data-type=\"page\" data-id=\"5161\">\u010disti\u010dky vzduchu<\/a> alebo ich \u010das\u0165 a pom\u00f4c\u0165 vzdel\u00e1vac\u00edm zariadeniam pri ich obstar\u00e1van\u00ed:<\/p>\n\n<ul class=\"wp-block-list\">\n<li>Regi\u00f3n Auvergne-Rh\u00f4ne-Alpes hlasoval za region\u00e1lny investi\u010dn\u00fd pl\u00e1n v hodnote 10 mili\u00f3nov EUR na <a href=\"https:\/\/obera.fr\/sk\/produits\/purificateurs-air\/\" data-type=\"page\">\u010distenie vzduchu<\/a> na stredn\u00fdch a vysok\u00fdch \u0161kol\u00e1ch v regi\u00f3ne.  <\/li>\n\n\n\n<li>Regi\u00f3n Ile-de-France poskytuje stredn\u00fdm \u0161kol\u00e1m a miestnym org\u00e1nom finan\u010dn\u00e9 prostriedky a\u017e do v\u00fd\u0161ky 10 000 EUR na n\u00e1kup zdravotn\u00edckeho vybavenia, ako s\u00fa napr\u00edklad \u010disti\u010dky vzduchu.<\/li>\n<\/ul>\n\n<p>S n\u00e1vratom vyu\u010dovania tv\u00e1rou v tv\u00e1r a pou\u017e\u00edvan\u00edm jed\u00e1ln\u00ed a refekt\u00e1rov <strong>s\u00fa potrebn\u00e9 \u010disti\u010dky vzduchu na \u00fapravu priestorov s vysokou koncentr\u00e1ciou \u013eud\u00ed<\/strong> a\/alebo priestorov s ve\u013ek\u00fdm po\u010dtom \u017eiakov v rovnakom \u010dase. \u010cisti\u010dky vzduchu m\u00f4\u017eu upravi\u0165 vzduch v t\u00fdchto priestoroch ekvivalentom pribli\u017ene \u0161tyroch a\u017e desiatich v\u00fdmen objemu miestnosti za hodinu.   <\/p>\n\n<blockquote class=\"wp-block-quote is-layout-flow wp-block-quote-is-layout-flow\">\n<p>T\u00fdm sa <strong>v\u00fdrazne zn\u00ed\u017ei po\u010det suspendovan\u00fdch \u010dast\u00edc a v\u00edrusov<\/strong> (v priemere -85 %) a v\u00fdrazne sa vy\u010dist\u00ed vzduch v miestnosti.<\/p>\n<\/blockquote>\n\n<div class=\"wp-block-buttons is-horizontal is-content-justification-center is-layout-flex wp-container-core-buttons-is-layout-03627597 wp-block-buttons-is-layout-flex\">\n<div class=\"wp-block-button\"><a class=\"wp-block-button__link wp-element-button\" href=\"https:\/\/obera.fr\/sk\/contact\/\">Chcel by som sa dozvedie\u0165 viac<\/a><\/div>\n<\/div>\n\n<h2 class=\"wp-block-heading\">Vzduchovanie koronav\u00edrusu<\/h2>\n\n<div class=\"wp-block-columns is-layout-flex wp-container-core-columns-is-layout-28f84493 wp-block-columns-is-layout-flex\">\n<div class=\"wp-block-column is-vertically-aligned-center is-layout-flow wp-block-column-is-layout-flow\" style=\"flex-basis:66.66%\">\n<p>Na <strong>v\u00fdrazn\u00e9 zn\u00ed\u017eenie rizika n\u00e1kazy v interi\u00e9ri<\/strong> je v\u0161ak potrebn\u00e9 pravideln\u00e9 vetranie. Nie v\u017edy je to v\u0161ak mo\u017en\u00e9 (ke\u010f miestnosti nemaj\u00fa okn\u00e1 alebo ke\u010f je pr\u00edli\u0161 chladno). V tak\u00fdchto pr\u00edpadoch m\u00f4\u017ee by\u0165 rie\u0161en\u00edm in\u0161tal\u00e1cia \u010disti\u010dky vzduchu a<strong>senzorov na<\/strong> nepretr\u017eit\u00e9<strong>meranie<\/strong> parametrov kvality vzduchu.  <\/p>\n\n\n\n<h3 class=\"wp-block-heading\">Bez oh\u013eadu na \u010disti\u010dky vzduchu: st\u00e1le mus\u00edte vetra\u0165!<\/h3>\n\n\n\n<p>Niektor\u00e9 zariadenia sa tie\u017e rozhodli vybavi\u0165 sa <a href=\"https:\/\/obera.fr\/sk\/produits\/purificateurs-air\/antivirusove-a-antibakterialne-cisticky-vzduchu-covid-19\/antivirusova-cisticka-vzduchu-virbox\/\" data-type=\"page\" data-id=\"4902\">sn\u00edma\u010dmi CO2,<\/a> ktor\u00e9 nepretr\u017eite meraj\u00fa koncentr\u00e1ciu CO2 a sp\u00fa\u0161\u0165aj\u00fa vetranie, ak je prekro\u010den\u00e1 odpor\u00fa\u010dan\u00e1 prahov\u00e1 hodnota.<\/p>\n<\/div>\n\n\n\n<div class=\"wp-block-column is-vertically-aligned-center is-layout-flow wp-block-column-is-layout-flow\" style=\"flex-basis:33.33%\">\n<figure class=\"wp-block-image aligncenter size-full is-resized\"><img decoding=\"async\" src=\"https:\/\/obera.fr\/wp-content\/uploads\/2021\/05\/Sans-titre-20.jpg\" alt=\"Vetranie miestnost&#xED; cez okn&#xE1;\" class=\"wp-image-5607\" width=\"250\" height=\"250\" srcset=\"https:\/\/obera.fr\/wp-content\/uploads\/2021\/05\/Sans-titre-20.jpg 500w, https:\/\/obera.fr\/wp-content\/uploads\/2021\/05\/Sans-titre-20-300x300.jpg 300w, https:\/\/obera.fr\/wp-content\/uploads\/2021\/05\/Sans-titre-20-150x150.jpg 150w\" sizes=\"(max-width: 250px) 100vw, 250px\" \/><\/figure>\n<\/div>\n<\/div>\n\n<h2 class=\"wp-block-heading\">Z\u00e1bavn\u00fd n\u00e1stroj: modr\u00e1 LED: v\u0161etko je v poriadku; \u010derven\u00e1 LED: treba vetra\u0165<\/h2>\n\n<p>Viacer\u00e9 u\u010dite\u013esk\u00e9 odbory po\u017eaduj\u00fa in\u0161tal\u00e1ciu <strong>senzorov CO2 na<\/strong> priebe\u017en\u00e9 monitorovanie kvality ovzdu\u0161ia.<\/p>\n\n<p><strong>V mnoh\u00fdch \u0161t\u00fadi\u00e1ch sa odpor\u00fa\u010da pou\u017e\u00edva\u0165 senzory CO2 v interi\u00e9ri<\/strong>. V tomto oh\u013eade by bolo rozumn\u00e9 pou\u017ei\u0165 ich najm\u00e4 vo v\u0161etk\u00fdch triedach. Tieto meracie pr\u00edstroje spustia alarm, ke\u010f je potrebn\u00e9 interi\u00e9r vyvetra\u0165. Tieto sn\u00edma\u010de s\u00fa dobr\u00fdm n\u00e1strojom na zvidite\u013enenie kvality vzduchu v triedach:     <\/p>\n\n<blockquote class=\"wp-block-quote is-layout-flow wp-block-quote-is-layout-flow\">\n<p>&#8222;V miestnostiach ukazuj\u00fa, kedy sa dosiahli limity a je potrebn\u00e9 otvori\u0165 okn\u00e1.&#8220;  <\/p>\n<\/blockquote>\n","protected":false},"excerpt":{"rendered":"<p>Aby sa zn\u00ed\u017eilo riziko prenosu v\u00edrusu Covid-19, spolo\u010dnos\u0165 OberA vybavila triedy, jed\u00e1lne a jed\u00e1lne mnoh\u00fdch franc\u00fazskych \u0161k\u00f4l a l\u00fdce\u00ed!<\/p>\n","protected":false},"author":4,"featured_media":98841,"comment_status":"open","ping_status":"closed","sticky":false,"template":"","format":"standard","meta":{"_acf_changed":false,"_seopress_robots_primary_cat":"none","_seopress_titles_title":"Vetranie a COVID-19: OBERA vybavuje franc\u00fazske stredn\u00e9 \u0161koly!","_seopress_titles_desc":"Spolo\u010dnos\u0165 OberA in\u0161taluje v \u0161kol\u00e1ch syst\u00e9my na \u010distenie vzduchu, ktor\u00e9 s\u00fa \u00fa\u010dinn\u00e9 proti v\u00edrusom a bakt\u00e9ri\u00e1m, aby chr\u00e1nili \u017eiakov a pedagogick\u00fd person\u00e1l.","_seopress_robots_index":"","footnotes":""},"categories":[141],"tags":[142],"class_list":["post-44335","post","type-post","status-publish","format-standard","has-post-thumbnail","hentry","category-nasa-rada","tag-entete-male-sk","generate-columns","tablet-grid-50","mobile-grid-100","grid-parent","grid-50","no-featured-image-padding","resize-featured-image"],"acf":[],"_links":{"self":[{"href":"https:\/\/obera.fr\/sk\/wp-json\/wp\/v2\/posts\/44335","targetHints":{"allow":["GET"]}}],"collection":[{"href":"https:\/\/obera.fr\/sk\/wp-json\/wp\/v2\/posts"}],"about":[{"href":"https:\/\/obera.fr\/sk\/wp-json\/wp\/v2\/types\/post"}],"author":[{"embeddable":true,"href":"https:\/\/obera.fr\/sk\/wp-json\/wp\/v2\/users\/4"}],"replies":[{"embeddable":true,"href":"https:\/\/obera.fr\/sk\/wp-json\/wp\/v2\/comments?post=44335"}],"version-history":[{"count":3,"href":"https:\/\/obera.fr\/sk\/wp-json\/wp\/v2\/posts\/44335\/revisions"}],"predecessor-version":[{"id":99182,"href":"https:\/\/obera.fr\/sk\/wp-json\/wp\/v2\/posts\/44335\/revisions\/99182"}],"wp:featuredmedia":[{"embeddable":true,"href":"https:\/\/obera.fr\/sk\/wp-json\/wp\/v2\/media\/98841"}],"wp:attachment":[{"href":"https:\/\/obera.fr\/sk\/wp-json\/wp\/v2\/media?parent=44335"}],"wp:term":[{"taxonomy":"category","embeddable":true,"href":"https:\/\/obera.fr\/sk\/wp-json\/wp\/v2\/categories?post=44335"},{"taxonomy":"post_tag","embeddable":true,"href":"https:\/\/obera.fr\/sk\/wp-json\/wp\/v2\/tags?post=44335"}],"curies":[{"name":"wp","href":"https:\/\/api.w.org\/{rel}","templated":true}]}}