{"id":76390,"date":"2025-03-24T09:30:00","date_gmt":"2025-03-24T07:30:00","guid":{"rendered":"https:\/\/obera.fr\/nase-rada\/rafraichisseur-air-metallurgie\/"},"modified":"2025-04-14T11:27:46","modified_gmt":"2025-04-14T09:27:46","slug":"rafraichisseur-air-metallurgie","status":"publish","type":"post","link":"https:\/\/obera.fr\/sk\/nasa-rada\/rafraichisseur-air-metallurgie\/","title":{"rendered":"Chladi\u010de vzduchu: efekt\u00edvne rie\u0161enie pre kovospracuj\u00faci priemysel"},"content":{"rendered":"\n<div class=\"wp-block-columns is-layout-flex wp-container-core-columns-is-layout-28f84493 wp-block-columns-is-layout-flex\">\n<div class=\"wp-block-column is-layout-flow wp-block-column-is-layout-flow\" style=\"flex-basis:66.66%\">\n<p><strong>Hutn\u00edcky sektor<\/strong> zah\u0155\u0148a \u0161irok\u00fa \u0161k\u00e1lu \u010dinnost\u00ed, od v\u00fdroby ocele a\u017e po zv\u00e1ra\u010dsk\u00e9 dielne. Vyzna\u010duje sa extr\u00e9mnymi teplotami, ktor\u00e9 vznikaj\u00fa pri taviacich procesoch, ako aj pri oper\u00e1ci\u00e1ch transform\u00e1cie kovov. Tieto n\u00e1ro\u010dn\u00e9 tepeln\u00e9 podmienky, ktor\u00e9 s\u00fa pre<strong>hutn\u00edcky priemysel<\/strong> charakteristick\u00e9, sa zhor\u0161uj\u00fa v lete, najm\u00e4 po\u010das hor\u00fa\u010dav. Hromadenie tepelnej energie v budov\u00e1ch m\u00f4\u017ee ma\u0165 negat\u00edvne d\u00f4sledky na produktivitu, bezpe\u010dnos\u0165 pracovn\u00edkov a dokonca aj na v\u00fdkonnos\u0165 strojov. \u00da\u010dinn\u00e9 rie\u0161enie pon\u00fakaj\u00fa chladi\u010de vzduchu, ktor\u00e9 kombinuj\u00fa chladenie so zlep\u0161en\u00edm kvality vzduchu. Toto zariadenie, \u0161peci\u00e1lne navrhnut\u00e9 pre priemyseln\u00e9 prostredie vystaven\u00e9 <strong>vysok\u00e9mu tepeln\u00e9mu za\u0165a\u017eeniu<\/strong>, ochladzuje atmosf\u00e9ru a z\u00e1rove\u0148 poskytuje zdrav\u0161ie prostredie pre obsluhu.     <\/p>\n<\/div>\n\n\n\n<div class=\"wp-block-column is-layout-flow wp-block-column-is-layout-flow\" style=\"flex-basis:33.33%\">\n<figure class=\"wp-block-image aligncenter size-large is-resized\"><img decoding=\"async\" width=\"1024\" height=\"683\" src=\"https:\/\/obera.fr\/wp-content\/uploads\/2025\/02\/fumee-soudure-1024x683.jpg\" alt=\"zv&#xE1;rac&#xED; dym\" class=\"wp-image-68296\" style=\"width:280px;height:auto\" srcset=\"https:\/\/obera.fr\/wp-content\/uploads\/2025\/02\/fumee-soudure-1024x683.jpg 1024w, https:\/\/obera.fr\/wp-content\/uploads\/2025\/02\/fumee-soudure-300x200.jpg 300w, https:\/\/obera.fr\/wp-content\/uploads\/2025\/02\/fumee-soudure-768x512.jpg 768w, https:\/\/obera.fr\/wp-content\/uploads\/2025\/02\/fumee-soudure-1536x1024.jpg 1536w, https:\/\/obera.fr\/wp-content\/uploads\/2025\/02\/fumee-soudure-2048x1365.jpg 2048w\" sizes=\"(max-width: 1024px) 100vw, 1024px\" \/><\/figure>\n<\/div>\n<\/div>\n\n<h2 class=\"wp-block-heading\">Ako funguje adiabatick\u00fd chladi\u010d vzduchu<\/h2>\n\n<h3 class=\"wp-block-heading\">Princ\u00edp odparovania vody  <\/h3>\n\n<div class=\"wp-block-columns is-layout-flex wp-container-core-columns-is-layout-28f84493 wp-block-columns-is-layout-flex\">\n<div class=\"wp-block-column is-layout-flow wp-block-column-is-layout-flow\" style=\"flex-basis:66.66%\">\n<p>Fungovanie <a href=\"https:\/\/obera.fr\/conseils\/comment-fonctionne-un-rafraichisseur-adiabatique\/\">chladi\u010da vzduchu je zalo\u017een\u00e9 na fyzik\u00e1lnom princ\u00edpe odparovania vody<\/a>, \u010do je prirodzen\u00fd jav, ktor\u00fd zni\u017euje teplotu okolit\u00e9ho vzduchu. Technicky je hor\u00faci vzduch nas\u00e1van\u00fd ventil\u00e1torom chladi\u010da a potom prech\u00e1dza cez odparovacie m\u00e9dium, zvy\u010dajne celul\u00f3zov\u00fd vo\u0161tinov\u00fd panel nas\u00fdten\u00fd vodou. Pri odparovan\u00ed voda absorbuje tepeln\u00fa energiu obsiahnut\u00fa vo vzduchu, zni\u017euje jeho <strong>teplotu a mierne zvy\u0161uje jeho vlhkos\u0165<\/strong>, ne\u017e sa uvo\u013en\u00ed do priestoru, ktor\u00fd sa m\u00e1 ochladi\u0165. Tento proces je zn\u00e1my ako adiabatick\u00e9 alebo odparovacie chladenie.   <\/p>\n<\/div>\n\n\n\n<div class=\"wp-block-column is-layout-flow wp-block-column-is-layout-flow\" style=\"flex-basis:33.33%\">\n<figure class=\"wp-block-image aligncenter size-full is-resized\"><img decoding=\"async\" width=\"1000\" height=\"1000\" src=\"https:\/\/obera.fr\/wp-content\/uploads\/2022\/03\/Rafraichisseur-dair-par-evaporation.jpg\" alt=\"odparovac&#xED; chladi&#x10D; vzduchu\" class=\"wp-image-13253\" style=\"width:222px;height:auto\" srcset=\"https:\/\/obera.fr\/wp-content\/uploads\/2022\/03\/Rafraichisseur-dair-par-evaporation.jpg 1000w, https:\/\/obera.fr\/wp-content\/uploads\/2022\/03\/Rafraichisseur-dair-par-evaporation-300x300.jpg 300w, https:\/\/obera.fr\/wp-content\/uploads\/2022\/03\/Rafraichisseur-dair-par-evaporation-150x150.jpg 150w, https:\/\/obera.fr\/wp-content\/uploads\/2022\/03\/Rafraichisseur-dair-par-evaporation-768x768.jpg 768w\" sizes=\"(max-width: 1000px) 100vw, 1000px\" \/><\/figure>\n<\/div>\n<\/div>\n\n<h3 class=\"wp-block-heading\">Ekologick\u00e9 a ekonomick\u00e9 v\u00fdhody adiabatick\u00e9ho syst\u00e9mu<\/h3>\n\n<div class=\"wp-block-columns is-layout-flex wp-container-core-columns-is-layout-28f84493 wp-block-columns-is-layout-flex\">\n<div class=\"wp-block-column is-layout-flow wp-block-column-is-layout-flow\" style=\"flex-basis:66.66%\">\n<p>Jednou z hlavn\u00fdch v\u00fdhod chladi\u010dov vzduchu je ich<a href=\"https:\/\/obera.fr\/sk\/nasa-rada\/riesenie-refroidissement-efficacite-energetique\/\"> n\u00edzka spotreba energie v<\/a> porovnan\u00ed s be\u017en\u00fdmi klimatiza\u010dn\u00fdmi syst\u00e9mami. Be\u017en\u00e9 klimatiza\u010dn\u00e9 syst\u00e9my pou\u017e\u00edvaj\u00fa chemick\u00e9 chladiv\u00e1 a energeticky n\u00e1ro\u010dn\u00e9 kompresory, zatia\u013e \u010do chladi\u010de vzduchu vyu\u017e\u00edvaj\u00fa prirodzen\u00e9 odparovanie vody, \u010do je<strong> energeticky \u00fa\u010dinn\u00fd proces.<\/strong> <\/p>\n\n\n\n<p>Okrem toho, ke\u010f\u017ee tento syst\u00e9m nepou\u017e\u00edva zne\u010dis\u0165uj\u00face chladiace plyny, pom\u00e1ha zni\u017eova\u0165 uhl\u00edkov\u00fa stopu priemyslu. Adiabatick\u00e9 chladenie prin\u00e1\u0161a zna\u010dn\u00e9 \u00faspory n\u00e1kladov na energiu, najm\u00e4 v priestoroch, kde <strong>s\u00fa tepeln\u00e9 podmienky ve\u013emi vysok\u00e9<\/strong> a m\u00f4\u017eu sa v jednotliv\u00fdch z\u00f3nach v\u00fdrazne l\u00ed\u0161i\u0165.   <\/p>\n\n\n\n<p>Odparovacie chladi\u010de preto pon\u00fakaj\u00fa<strong> efekt\u00edvne a energeticky \u00fa\u010dinn\u00e9<\/strong> rie\u0161enie<strong> chladenia<\/strong>, ktor\u00e9 je vhodn\u00e9 najm\u00e4 pre ve\u013ek\u00e9 objemy a otvoren\u00e9 priestory, ako je to v pr\u00edpade kovospracuj\u00faceho priemyslu.<\/p>\n<\/div>\n\n\n\n<div class=\"wp-block-column is-layout-flow wp-block-column-is-layout-flow\" style=\"flex-basis:33.33%\">\n<figure class=\"wp-block-image aligncenter size-full is-resized\"><img decoding=\"async\" width=\"500\" height=\"500\" src=\"https:\/\/obera.fr\/wp-content\/uploads\/2025\/02\/ic22-removebg-preview.png\" alt=\"ic22 removebg n&#xE1;h&#x13E;ad\" class=\"wp-image-59936\" style=\"width:288px;height:auto\" srcset=\"https:\/\/obera.fr\/wp-content\/uploads\/2025\/02\/ic22-removebg-preview.png 500w, https:\/\/obera.fr\/wp-content\/uploads\/2025\/02\/ic22-removebg-preview-300x300.png 300w, https:\/\/obera.fr\/wp-content\/uploads\/2025\/02\/ic22-removebg-preview-150x150.png 150w, https:\/\/obera.fr\/wp-content\/uploads\/2025\/02\/ic22-removebg-preview-400x400.png 400w\" sizes=\"(max-width: 500px) 100vw, 500px\" \/><\/figure>\n<\/div>\n<\/div>\n\n<h2 class=\"wp-block-heading\">\u0160pecifick\u00e9 po\u017eiadavky na chladenie v metalurgii<\/h2>\n\n<h3 class=\"wp-block-heading\">Vysok\u00e9 teploty vznikaj\u00face pri metalurgick\u00fdch procesoch<\/h3>\n\n<p><strong>Teploty v metalurgick\u00fdch z\u00e1vodoch<\/strong> m\u00f4\u017eu dosiahnu\u0165 nebezpe\u010dn\u00e9 hodnoty. Napr\u00edklad pri taven\u00ed kovov vo vysok\u00fdch peciach m\u00f4\u017ee teplota dosiahnu\u0165 1 600 \u00b0C, \u010do v\u00fdrazne zvy\u0161uje tepeln\u00fa a s\u00e1lav\u00fa energiu v pri\u013eahl\u00fdch oblastiach. Tieto teploty m\u00f4\u017eu nielen ovplyvni\u0165 zariadenia a materi\u00e1ly, ale aj ohrozi\u0165 pohodlie a<strong> pohodu zamestnancov<\/strong> a spo\u013eahlivos\u0165 metalurgick\u00fdch procesov.  <\/p>\n\n<h3 class=\"wp-block-heading\">Vplyv tepl\u00f4t na produktivitu a bezpe\u010dnos\u0165 pracovn\u00edkov<\/h3>\n\n<p><strong>Nadmern\u00e9 teploty na pracovisku<\/strong> ved\u00fa k zv\u00fd\u0161enej \u00fanave, vysok\u00e9mu riziku vy\u010derpania a dehydrat\u00e1cii. INRS upozor\u0148uje, \u017ee teploty nad 33 \u00b0C tieto nebezpe\u010denstv\u00e1 v\u00fdrazne zv\u00fdraz\u0148uj\u00fa. Tieto podmienky nielen\u017ee ohrozuj\u00fa pohodu zamestnancov, ale ovplyv\u0148uj\u00fa aj kvalitu a efekt\u00edvnos\u0165 \u010dinnost\u00ed. Pri teplot\u00e1ch nad 33 &#8211; 34 \u00b0C m\u00f4\u017ee produktivita klesn\u00fa\u0165 a\u017e o 50 %, pri\u010dom sa zn\u00e1sobuj\u00fa chyby a opomenutia, \u010do zvy\u0161uje rizik\u00e1 pre bezpe\u010dnos\u0165 zamestnancov.<strong> Vysok\u00e9 teploty m\u00f4\u017eu ma\u0165 vplyv aj na zariadenia,<\/strong> zni\u017euj\u00fa<strong> ich<\/strong> \u00fa\u010dinnos\u0165 a zvy\u0161uj\u00fa frekvenciu por\u00fach a zastavenia v\u00fdroby.    <\/p>\n\n<h3 class=\"wp-block-heading\">V\u00fdhody odparovac\u00edch chladi\u010dov v metalurgickom prostred\u00ed<\/h3>\n\n<h4 class=\"wp-block-heading\">\u00da\u010dinn\u00e9 zn\u00ed\u017eenie okolit\u00e9ho tepla<\/h4>\n\n<div class=\"wp-block-columns is-layout-flex wp-container-core-columns-is-layout-28f84493 wp-block-columns-is-layout-flex\">\n<div class=\"wp-block-column is-layout-flow wp-block-column-is-layout-flow\" style=\"flex-basis:25%\">\n<figure class=\"wp-block-image aligncenter size-large is-resized\"><img decoding=\"async\" width=\"1024\" height=\"1024\" src=\"https:\/\/obera.fr\/wp-content\/uploads\/2025\/01\/image-avantages-1024x1024.jpg\" alt=\"v&#xFD;hody obr&#xE1;zku\" class=\"wp-image-57732\" style=\"width:144px;height:auto\" srcset=\"https:\/\/obera.fr\/wp-content\/uploads\/2025\/01\/image-avantages-1024x1024.jpg 1024w, https:\/\/obera.fr\/wp-content\/uploads\/2025\/01\/image-avantages-300x300.jpg 300w, https:\/\/obera.fr\/wp-content\/uploads\/2025\/01\/image-avantages-150x150.jpg 150w, https:\/\/obera.fr\/wp-content\/uploads\/2025\/01\/image-avantages-768x768.jpg 768w, https:\/\/obera.fr\/wp-content\/uploads\/2025\/01\/image-avantages-400x400.jpg 400w, https:\/\/obera.fr\/wp-content\/uploads\/2025\/01\/image-avantages-600x600.jpg 600w, https:\/\/obera.fr\/wp-content\/uploads\/2025\/01\/image-avantages.jpg 1200w\" sizes=\"(max-width: 1024px) 100vw, 1024px\" \/><\/figure>\n<\/div>\n\n\n\n<div class=\"wp-block-column is-layout-flow wp-block-column-is-layout-flow\" style=\"flex-basis:50%\">\n<p>Hlavnou <a href=\"https:\/\/obera.fr\/conseils\/les-avantages-du-rafraichissement-adiabatique-dominent-largement-ses-inconvenients\/\">v\u00fdhodou chladi\u010da vzduchu<\/a> je jeho schopnos\u0165 \u00fa\u010dinne zn\u00ed\u017ei\u0165 teplotu vo ve\u013ek\u00fdch otvoren\u00fdch priestoroch, ako s\u00fa napr\u00edklad hutn\u00edcke dielne. V\u010faka adiabatick\u00fdm syst\u00e9mom sa vzduch v oceliar\u0148ach, \u017eeleziar\u0148ach a zlievar\u0148ach neust\u00e1le ochladzuje, pri\u010dom teplota kles\u00e1 o nieko\u013eko stup\u0148ov a\u017e pribli\u017ene o desa\u0165 stup\u0148ov, \u010do zaru\u010duje optim\u00e1lne tepeln\u00e9 podmienky. To pom\u00e1ha zvy\u0161ova\u0165 komfort pracovn\u00edkov a bezpe\u010dnos\u0165 na stavenisku. Chladi\u010d sa m\u00f4\u017ee pou\u017ei\u0165 aj na r\u00fdchle ochladenie <strong>\u0161pecifick\u00fdch hor\u00facich oblast\u00ed,<\/strong> \u010d\u00edm sa zabezpe\u010d\u00ed pr\u00edjemnej\u0161ie pracovn\u00e9 prostredie.   <\/p>\n<\/div>\n\n\n\n<div class=\"wp-block-column is-layout-flow wp-block-column-is-layout-flow\" style=\"flex-basis:25%\"><\/div>\n<\/div>\n\n<h4 class=\"wp-block-heading\">Zlep\u0161enie pracovn\u00fdch podmienok a kvality ovzdu\u0161ia<\/h4>\n\n<div class=\"wp-block-columns is-layout-flex wp-container-core-columns-is-layout-28f84493 wp-block-columns-is-layout-flex\">\n<div class=\"wp-block-column is-layout-flow wp-block-column-is-layout-flow\" style=\"flex-basis:25%\">\n<div class=\"wp-block-columns is-layout-flex wp-container-core-columns-is-layout-28f84493 wp-block-columns-is-layout-flex\">\n<div class=\"wp-block-column is-layout-flow wp-block-column-is-layout-flow\">\n<figure class=\"wp-block-image aligncenter size-large is-resized\"><img decoding=\"async\" width=\"1024\" height=\"1024\" src=\"https:\/\/obera.fr\/wp-content\/uploads\/2025\/01\/image-avantages-1024x1024.jpg\" alt=\"v&#xFD;hody obr&#xE1;zku\" class=\"wp-image-57732\" style=\"width:142px;height:auto\" srcset=\"https:\/\/obera.fr\/wp-content\/uploads\/2025\/01\/image-avantages-1024x1024.jpg 1024w, https:\/\/obera.fr\/wp-content\/uploads\/2025\/01\/image-avantages-300x300.jpg 300w, https:\/\/obera.fr\/wp-content\/uploads\/2025\/01\/image-avantages-150x150.jpg 150w, https:\/\/obera.fr\/wp-content\/uploads\/2025\/01\/image-avantages-768x768.jpg 768w, https:\/\/obera.fr\/wp-content\/uploads\/2025\/01\/image-avantages-400x400.jpg 400w, https:\/\/obera.fr\/wp-content\/uploads\/2025\/01\/image-avantages-600x600.jpg 600w, https:\/\/obera.fr\/wp-content\/uploads\/2025\/01\/image-avantages.jpg 1200w\" sizes=\"(max-width: 1024px) 100vw, 1024px\" \/><\/figure>\n<\/div>\n<\/div>\n<\/div>\n\n\n\n<div class=\"wp-block-column is-layout-flow wp-block-column-is-layout-flow\" style=\"flex-basis:50%\">\n<p>Osvie\u017eova\u010d vzduchu akt\u00edvne prispieva k<strong>zlep\u0161eniu kvality ovzdu\u0161ia<\/strong>. Je vybaven\u00fd filtrami, ktor\u00e9 zni\u017euj\u00fa obsah ne\u010dist\u00f4t, plynov, v\u00fdparov a dr\u00e1\u017ediv\u00fdch alebo toxick\u00fdch v\u00fdparov, ako aj kovov\u00fdch \u010dast\u00edc a prachu. Takto vh\u00e1\u0148an\u00fd vy\u010disten\u00fd vzduch sa st\u00e1va zdrav\u0161\u00edm, zni\u017euje riziko<strong> d\u00fdchac\u00edch probl\u00e9mov<\/strong> a podporuje celkov\u00fa pohodu zamestnancov.  <\/p>\n<\/div>\n\n\n\n<div class=\"wp-block-column is-layout-flow wp-block-column-is-layout-flow\" style=\"flex-basis:25%\"><\/div>\n<\/div>\n\n<h4 class=\"wp-block-heading\">Zn\u00ed\u017een\u00e9 riziko kor\u00f3zie<\/h4>\n\n<div class=\"wp-block-columns is-layout-flex wp-container-core-columns-is-layout-28f84493 wp-block-columns-is-layout-flex\">\n<div class=\"wp-block-column is-layout-flow wp-block-column-is-layout-flow\" style=\"flex-basis:25%\">\n<figure class=\"wp-block-image aligncenter size-large is-resized\"><img decoding=\"async\" width=\"1024\" height=\"1024\" src=\"https:\/\/obera.fr\/wp-content\/uploads\/2025\/01\/image-avantages-1024x1024.jpg\" alt=\"v&#xFD;hody obr&#xE1;zku\" class=\"wp-image-57732\" style=\"width:144px;height:auto\" srcset=\"https:\/\/obera.fr\/wp-content\/uploads\/2025\/01\/image-avantages-1024x1024.jpg 1024w, https:\/\/obera.fr\/wp-content\/uploads\/2025\/01\/image-avantages-300x300.jpg 300w, https:\/\/obera.fr\/wp-content\/uploads\/2025\/01\/image-avantages-150x150.jpg 150w, https:\/\/obera.fr\/wp-content\/uploads\/2025\/01\/image-avantages-768x768.jpg 768w, https:\/\/obera.fr\/wp-content\/uploads\/2025\/01\/image-avantages-400x400.jpg 400w, https:\/\/obera.fr\/wp-content\/uploads\/2025\/01\/image-avantages-600x600.jpg 600w, https:\/\/obera.fr\/wp-content\/uploads\/2025\/01\/image-avantages.jpg 1200w\" sizes=\"(max-width: 1024px) 100vw, 1024px\" \/><\/figure>\n<\/div>\n\n\n\n<div class=\"wp-block-column is-layout-flow wp-block-column-is-layout-flow\" style=\"flex-basis:50%\">\n<p>Teplo podporuje chemick\u00fa reakciu medzi kysl\u00edkom vo vzduchu a kovmi, \u010do <strong>vedie k tvorbe hrdze<\/strong>, zatia\u013e \u010do vlhkos\u0165 ur\u00fdch\u013euje proces oxid\u00e1cie. Chladi\u010d vzduchu pom\u00e1ha obmedzova\u0165 teplotn\u00e9 \u0161pi\u010dky a udr\u017eiava\u0165 prirodzen\u00fa \u00farove\u0148 vlhkosti. T\u00e1to tepeln\u00e1 regul\u00e1cia zohr\u00e1va d\u00f4le\u017eit\u00fa \u00falohu pri ochrane kovov\u00fdch materi\u00e1lov t\u00fdm, \u017ee zni\u017euje riziko n\u00e1letovej hrdze a in\u00fdch foriem kor\u00f3zie. Pom\u00e1ha tie\u017e pred\u013a\u017ei\u0165 <strong>\u017eivotnos\u0165 zariaden\u00ed<\/strong> a zachova\u0165 kvalitu kovov\u00fdch v\u00fdrobkov.   <\/p>\n<\/div>\n\n\n\n<div class=\"wp-block-column is-layout-flow wp-block-column-is-layout-flow\" style=\"flex-basis:25%\"><\/div>\n<\/div>\n\n<h4 class=\"wp-block-heading\">Mobilita a flexibilita syst\u00e9mov  <\/h4>\n\n<div class=\"wp-block-columns is-layout-flex wp-container-core-columns-is-layout-28f84493 wp-block-columns-is-layout-flex\">\n<div class=\"wp-block-column is-layout-flow wp-block-column-is-layout-flow\" style=\"flex-basis:25%\">\n<figure class=\"wp-block-image aligncenter size-large is-resized\"><img decoding=\"async\" width=\"1024\" height=\"1024\" src=\"https:\/\/obera.fr\/wp-content\/uploads\/2025\/01\/image-avantages-1024x1024.jpg\" alt=\"v&#xFD;hody obr&#xE1;zku\" class=\"wp-image-57732\" style=\"width:146px;height:auto\" srcset=\"https:\/\/obera.fr\/wp-content\/uploads\/2025\/01\/image-avantages-1024x1024.jpg 1024w, https:\/\/obera.fr\/wp-content\/uploads\/2025\/01\/image-avantages-300x300.jpg 300w, https:\/\/obera.fr\/wp-content\/uploads\/2025\/01\/image-avantages-150x150.jpg 150w, https:\/\/obera.fr\/wp-content\/uploads\/2025\/01\/image-avantages-768x768.jpg 768w, https:\/\/obera.fr\/wp-content\/uploads\/2025\/01\/image-avantages-400x400.jpg 400w, https:\/\/obera.fr\/wp-content\/uploads\/2025\/01\/image-avantages-600x600.jpg 600w, https:\/\/obera.fr\/wp-content\/uploads\/2025\/01\/image-avantages.jpg 1200w\" sizes=\"(max-width: 1024px) 100vw, 1024px\" \/><\/figure>\n\n\n\n<p><\/p>\n<\/div>\n\n\n\n<div class=\"wp-block-column is-layout-flow wp-block-column-is-layout-flow\" style=\"flex-basis:50%\">\n<p>Adiabatick\u00e9 chladi\u010de vzduchu pon\u00fakaj\u00fa vysok\u00fd stupe\u0148 flexibility, preto\u017ee sa daj\u00fa in\u0161talova\u0165 mobiln\u00fdm a prenosn\u00fdm sp\u00f4sobom a nasmerova\u0165 do konkr\u00e9tnych oblast\u00ed, ktor\u00e9 si vy\u017eaduj\u00fa n\u00fadzov\u00e9 a cielen\u00e9 chladenie. T\u00e1to prisp\u00f4sobivos\u0165 je obzvl\u00e1\u0161\u0165 v\u00fdhodn\u00e1 v <strong>metalurgickom prostred\u00ed,<\/strong> kde sa v\u00fdrobn\u00e9 priestory m\u00f4\u017eu l\u00ed\u0161i\u0165 a prioritou je mobiln\u00e9, prisp\u00f4sobite\u013en\u00e9 chladenie. <\/p>\n\n\n\n<p><\/p>\n<\/div>\n\n\n\n<div class=\"wp-block-column is-layout-flow wp-block-column-is-layout-flow\" style=\"flex-basis:25%\"><\/div>\n<\/div>\n\n<h2 class=\"wp-block-heading\">Krit\u00e9ri\u00e1 v\u00fdberu chladi\u010da vzduchu pre kovospracuj\u00faci priemysel<\/h2>\n\n<h3 class=\"wp-block-heading\">Kapacita prietoku vzduchu prisp\u00f4soben\u00e1 ve\u013ek\u00fdm objemom<\/h3>\n\n<div class=\"wp-block-columns is-layout-flex wp-container-core-columns-is-layout-28f84493 wp-block-columns-is-layout-flex\">\n<div class=\"wp-block-column is-layout-flow wp-block-column-is-layout-flow\" style=\"flex-basis:25%\">\n<figure class=\"wp-block-image aligncenter size-large is-resized\"><img decoding=\"async\" width=\"1024\" height=\"1024\" src=\"https:\/\/obera.fr\/wp-content\/uploads\/2025\/01\/image-choix-1024x1024.jpg\" alt=\"v&#xFD;ber obr&#xE1;zku\" class=\"wp-image-57754\" style=\"width:118px;height:auto\" srcset=\"https:\/\/obera.fr\/wp-content\/uploads\/2025\/01\/image-choix-1024x1024.jpg 1024w, https:\/\/obera.fr\/wp-content\/uploads\/2025\/01\/image-choix-300x300.jpg 300w, https:\/\/obera.fr\/wp-content\/uploads\/2025\/01\/image-choix-150x150.jpg 150w, https:\/\/obera.fr\/wp-content\/uploads\/2025\/01\/image-choix-768x768.jpg 768w, https:\/\/obera.fr\/wp-content\/uploads\/2025\/01\/image-choix-400x400.jpg 400w, https:\/\/obera.fr\/wp-content\/uploads\/2025\/01\/image-choix-600x600.jpg 600w, https:\/\/obera.fr\/wp-content\/uploads\/2025\/01\/image-choix.jpg 1200w\" sizes=\"(max-width: 1024px) 100vw, 1024px\" \/><\/figure>\n<\/div>\n\n\n\n<div class=\"wp-block-column is-layout-flow wp-block-column-is-layout-flow\" style=\"flex-basis:50%\">\n<p>V kovospracuj\u00facich z\u00e1vodoch mus\u00ed ma\u0165 <strong>chladi\u010d vzduchu<\/strong> dostato\u010dn\u00fd v\u00fdkon na spracovanie ve\u013ek\u00e9ho mno\u017estva vzduchu. Tieto jednotky s\u00fa ur\u010den\u00e9 na chladenie ve\u013ek\u00fdch priestorov s rozlohou od nieko\u013ek\u00fdch desiatok do nieko\u013ek\u00fdch stoviek metrov \u0161tvorcov\u00fdch a poskytuj\u00fa dostato\u010dn\u00fd prietok vzduchu na udr\u017eanie optim\u00e1lnej teploty v celom pracovnom priestore. <\/p>\n<\/div>\n\n\n\n<div class=\"wp-block-column is-layout-flow wp-block-column-is-layout-flow\" style=\"flex-basis:25%\"><\/div>\n<\/div>\n\n<h3 class=\"wp-block-heading\">Robustnos\u0165 a odolnos\u0165 zariaden\u00ed v priemyselnom prostred\u00ed<\/h3>\n\n<div class=\"wp-block-columns is-layout-flex wp-container-core-columns-is-layout-28f84493 wp-block-columns-is-layout-flex\">\n<div class=\"wp-block-column is-layout-flow wp-block-column-is-layout-flow\" style=\"flex-basis:25%\">\n<figure class=\"wp-block-image aligncenter size-large is-resized\"><img decoding=\"async\" width=\"1024\" height=\"1024\" src=\"https:\/\/obera.fr\/wp-content\/uploads\/2025\/01\/image-choix-1024x1024.jpg\" alt=\"v&#xFD;ber obr&#xE1;zku\" class=\"wp-image-57754\" style=\"width:128px;height:auto\" srcset=\"https:\/\/obera.fr\/wp-content\/uploads\/2025\/01\/image-choix-1024x1024.jpg 1024w, https:\/\/obera.fr\/wp-content\/uploads\/2025\/01\/image-choix-300x300.jpg 300w, https:\/\/obera.fr\/wp-content\/uploads\/2025\/01\/image-choix-150x150.jpg 150w, https:\/\/obera.fr\/wp-content\/uploads\/2025\/01\/image-choix-768x768.jpg 768w, https:\/\/obera.fr\/wp-content\/uploads\/2025\/01\/image-choix-400x400.jpg 400w, https:\/\/obera.fr\/wp-content\/uploads\/2025\/01\/image-choix-600x600.jpg 600w, https:\/\/obera.fr\/wp-content\/uploads\/2025\/01\/image-choix.jpg 1200w\" sizes=\"(max-width: 1024px) 100vw, 1024px\" \/><\/figure>\n\n\n\n<p><\/p>\n<\/div>\n\n\n\n<div class=\"wp-block-column is-layout-flow wp-block-column-is-layout-flow\" style=\"flex-basis:50%\">\n<p><strong>Adiabatick\u00e9 chladi\u010de vzduchu<\/strong> s\u00fa zn\u00e1me svojou spo\u013eahlivos\u0165ou a robustnos\u0165ou v\u010faka ve\u013emi jednoduchej kon\u0161trukcii a obsluhe. V\u010faka tomu s\u00fa obzvl\u00e1\u0161\u0165 vhodn\u00e9 do n\u00e1ro\u010dn\u00fdch priemyseln\u00fdch prostred\u00ed, napr\u00edklad v metalurgickom priemysle, kde musia spo\u013eahlivo fungova\u0165 a <strong>odol\u00e1va\u0165 \u0161pecifick\u00fdm podmienkam tohto odvetvia.<\/strong> <\/p>\n\n\n\n<p><\/p>\n<\/div>\n\n\n\n<div class=\"wp-block-column is-layout-flow wp-block-column-is-layout-flow\" style=\"flex-basis:25%\"><\/div>\n<\/div>\n\n<h2 class=\"wp-block-heading\">Kontaktujte odborn\u00edka spolo\u010dnosti Obera, aby ste sa dozvedeli viac o funkci\u00e1ch a v\u00fdhod\u00e1ch tohto produktu pre va\u0161u diel\u0148u na obr\u00e1banie kovov.<\/h2>\n\n<p>V\u00fdber <strong>spr\u00e1vneho odparovacieho chladi\u010da pre va\u0161e pracovn\u00e9 prostredie<\/strong> je rozhoduj\u00faci pre zabezpe\u010denie pohodln\u00e9ho a bezpe\u010dn\u00e9ho pracovn\u00e9ho prostredia. Odborn\u00edk v\u00e1m pom\u00f4\u017ee ur\u010di\u0165 optim\u00e1lnu ve\u013ekos\u0165 spotrebi\u010da pod\u013ea ve\u013ekosti v\u00e1\u0161ho v\u00fdrobn\u00e9ho priestoru a \u0161pecifick\u00fdch vlastnost\u00ed va\u0161ich priemyseln\u00fdch procesov. V\u00fdber medzi pevn\u00fdm alebo prenosn\u00fdm modelom bude z\u00e1visie\u0165 od usporiadania va\u0161ej dielne a va\u0161ich po\u017eiadaviek na mobilitu. Mali by ste si tie\u017e vybra\u0165 n\u00e1dr\u017e so spr\u00e1vnou kapacitou, aby ste <strong>zaru\u010dili nepretr\u017eit\u00fd v\u00fdkon,<\/strong> najm\u00e4 v diel\u0148ach s intenz\u00edvnou v\u00fdrobou.   <\/p>\n\n<p>Pred n\u00e1kupom je vhodn\u00e9 vy\u017eiada\u0165 si podrobn\u00fa cenov\u00fa ponuku vr\u00e1tane ceny, dodacej lehoty a in\u0161tal\u00e1cie v\u00fdrobku.<\/p>\n","protected":false},"excerpt":{"rendered":"<p>Hutn\u00edcky sektor zah\u0155\u0148a \u0161irok\u00fa \u0161k\u00e1lu \u010dinnost\u00ed, od v\u00fdroby ocele a\u017e po zv\u00e1ra\u010dsk\u00e9 dielne. Vyzna\u010duje sa extr\u00e9mnymi teplotami, ktor\u00e9 vznikaj\u00fa pri taviacich procesoch, ako aj pri oper\u00e1ci\u00e1ch transform\u00e1cie kovov. Tieto n\u00e1ro\u010dn\u00e9 tepeln\u00e9 podmienky, ktor\u00e9 s\u00fa pre hutn\u00edcky priemysel charakteristick\u00e9, sa zhor\u0161uj\u00fa v lete, najm\u00e4 po\u010das hor\u00fa\u010dav.  <\/p>\n","protected":false},"author":13,"featured_media":79878,"comment_status":"open","ping_status":"closed","sticky":false,"template":"","format":"standard","meta":{"_acf_changed":false,"_seopress_robots_primary_cat":"none","_seopress_titles_title":"Le rafra\u00eechisseur d'air\u00a0: une solution efficace pour le secteur m\u00e9tallurgique","_seopress_titles_desc":"Dans la m\u00e9tallurgie, la chaleur impacte la productivit\u00e9. Optez pour un rafra\u00eechisseur d\u2019air efficace pour am\u00e9liorer le confort des ouvriers et pr\u00e9server les \u00e9quipements.","_seopress_robots_index":"","footnotes":""},"categories":[141],"tags":[],"class_list":["post-76390","post","type-post","status-publish","format-standard","has-post-thumbnail","hentry","category-nasa-rada","generate-columns","tablet-grid-50","mobile-grid-100","grid-parent","grid-50","no-featured-image-padding","resize-featured-image"],"acf":[],"_links":{"self":[{"href":"https:\/\/obera.fr\/sk\/wp-json\/wp\/v2\/posts\/76390","targetHints":{"allow":["GET"]}}],"collection":[{"href":"https:\/\/obera.fr\/sk\/wp-json\/wp\/v2\/posts"}],"about":[{"href":"https:\/\/obera.fr\/sk\/wp-json\/wp\/v2\/types\/post"}],"author":[{"embeddable":true,"href":"https:\/\/obera.fr\/sk\/wp-json\/wp\/v2\/users\/13"}],"replies":[{"embeddable":true,"href":"https:\/\/obera.fr\/sk\/wp-json\/wp\/v2\/comments?post=76390"}],"version-history":[{"count":2,"href":"https:\/\/obera.fr\/sk\/wp-json\/wp\/v2\/posts\/76390\/revisions"}],"predecessor-version":[{"id":77440,"href":"https:\/\/obera.fr\/sk\/wp-json\/wp\/v2\/posts\/76390\/revisions\/77440"}],"wp:featuredmedia":[{"embeddable":true,"href":"https:\/\/obera.fr\/sk\/wp-json\/wp\/v2\/media\/79878"}],"wp:attachment":[{"href":"https:\/\/obera.fr\/sk\/wp-json\/wp\/v2\/media?parent=76390"}],"wp:term":[{"taxonomy":"category","embeddable":true,"href":"https:\/\/obera.fr\/sk\/wp-json\/wp\/v2\/categories?post=76390"},{"taxonomy":"post_tag","embeddable":true,"href":"https:\/\/obera.fr\/sk\/wp-json\/wp\/v2\/tags?post=76390"}],"curies":[{"name":"wp","href":"https:\/\/api.w.org\/{rel}","templated":true}]}}