{"id":96277,"date":"2021-11-04T16:36:00","date_gmt":"2021-11-04T14:36:00","guid":{"rendered":"https:\/\/obera.fr\/nase-rada\/un-lycee-nous-fait-confiance\/"},"modified":"2025-05-06T10:42:33","modified_gmt":"2025-05-06T08:42:33","slug":"un-lycee-nous-fait-confiance","status":"publish","type":"post","link":"https:\/\/obera.fr\/sk\/nasa-rada\/un-lycee-nous-fait-confiance\/","title":{"rendered":"\u010eal\u0161ia stredn\u00e1 \u0161kola d\u00f4veruje spolo\u010dnosti OberA!"},"content":{"rendered":"\n<figure class=\"wp-block-image alignright size-large is-resized\"><img decoding=\"async\" width=\"1024\" height=\"768\" src=\"https:\/\/obera.fr\/wp-content\/uploads\/2021\/11\/1A1-1024x768.jpg\" alt=\"&#x10D;isti&#x10D;ka vzduchu lyc&#xE9;e joliot Curie\" class=\"wp-image-7511\" style=\"width:512px;height:384px\" srcset=\"https:\/\/obera.fr\/wp-content\/uploads\/2021\/11\/1A1-1024x768.jpg 1024w, https:\/\/obera.fr\/wp-content\/uploads\/2021\/11\/1A1-300x225.jpg 300w, https:\/\/obera.fr\/wp-content\/uploads\/2021\/11\/1A1-768x576.jpg 768w, https:\/\/obera.fr\/wp-content\/uploads\/2021\/11\/1A1-1536x1152.jpg 1536w, https:\/\/obera.fr\/wp-content\/uploads\/2021\/11\/1A1.jpg 2016w\" sizes=\"(max-width: 1024px) 100vw, 1024px\" \/><figcaption class=\"wp-element-caption\">Spolo\u010dnos\u0165 OberA vybavila Lyc\u00e9e joliot Curie<\/figcaption><\/figure>\n\n<p>Par\u00ed\u017eske l\u00fdceum Joliot Curie \u010delilo <strong>v\u00e1\u017enemu probl\u00e9mu<\/strong>. \u017diaci a zamestnanci \u0161koly nosia masky v\u0161ade okrem refekt\u00e1ra, ke\u010f \u017eiaci obeduj\u00fa. <\/p>\n\n<p>Spolo\u010dnos\u0165 OberA vybavila jed\u00e1le\u0148 <a href=\"https:\/\/obera.fr\/sk\/produits\/purificateurs-air\/epur-b01-cisticka-vzduchu-ecoprime\/\" data-type=\"page\" data-id=\"413\">\u010disti\u010dkou vzduchu ePUR030<\/a>. Antikovov\u00e1 konfigur\u00e1cia, ktor\u00e1 pozost\u00e1va z predfiltra G4 a vysoko\u00fa\u010dinnej hlavnej filtr\u00e1cie HEPA H13, <strong>chr\u00e1ni deti pred rizikom vysokej \u00farovne kontamin\u00e1cie<\/strong>, ke\u010f v \u010dase jedla nenosia masky. <\/p>\n\n<h2 class=\"wp-block-heading\">\u010casto kladen\u00e9 ot\u00e1zky<\/h2>\n\n<h3 class=\"wp-block-heading\"><strong>Nie je in\u0161talovan\u00e9 zariadenie pr\u00edli\u0161 hlu\u010dn\u00e9 pre refekt\u00e1r?<\/strong><\/h3>\n\n<p>V prev\u00e1dzke zariadenie produkuje maxim\u00e1lnu hladinu zvuku 65 dB. To zodpoved\u00e1 <strong>\u00farovni zvuku pri rozhovore<\/strong>. V\u0161etky \u010disti\u010dky vzduchu OberA s\u00fa <strong>vybaven\u00e9 regul\u00e1torom v\u00fdkonu<\/strong>, ktor\u00fd umo\u017e\u0148uje v pr\u00edpade potreby<strong>zn\u00ed\u017ei\u0165 \u00farove\u0148 hluku<\/strong> pri zachovan\u00ed vysok\u00e9ho sacieho v\u00fdkonu.  <\/p>\n\n<h3 class=\"wp-block-heading\"><strong>Je skuto\u010dne \u00fa\u010dinn\u00fd?<\/strong><\/h3>\n\n<p>\u010cisti\u010dky OberA anti-COVID \u010distia vyd\u00fdchan\u00fd vzduch pomocou vysoko\u00fa\u010dinnej filtr\u00e1cie HEPA certifikovanej pod\u013ea normy EN1822 (E11 a\u017e HEPA 14 Medical v z\u00e1vislosti od konfigur\u00e1cie). Mobiln\u00e1 \u010disti\u010dka vzduchu <strong>\u00fa\u010dinne filtruje a\u017e 99,995 % vzdu\u0161n\u00fdch<\/strong> aeros\u00f3lov\u00fdch <strong>v\u00edrusov<\/strong>. <\/p>\n\n<h3 class=\"wp-block-heading\"><strong>Bud\u00fa \u010disti\u010dky vzduchu u\u017eito\u010dn\u00e9 aj po pand\u00e9mii koronav\u00edrusu?<\/strong><\/h3>\n\n<p><a href=\"https:\/\/obera.fr\/sk\/produits\/purificateurs-air\/antivirusove-a-antibakterialne-cisticky-vzduchu-covid-19\/\" data-type=\"URL\" data-id=\"https:\/\/obera.fr\/produits\/purificateurs-air\/anti-covid-virus-bacteries\/\">Na\u0161e \u010disti\u010dky vzduchu proti v\u00edrusom <\/a>zachyt\u00e1vaj\u00fa nielen aeros\u00f3ly obsahuj\u00face v\u00edrusy, ale aj <strong>bakt\u00e9rie, vo\u013en\u00e9 alerg\u00e9ny a in\u00e9 mikroorganizmy,<\/strong> ktor\u00e9 sp\u00f4sobuj\u00fa sez\u00f3nne ochorenia, ako s\u00fa <strong>chr\u00edpka, prechladnutie a alergie<\/strong>.<\/p>\n\n<p>Mnoh\u00ed lek\u00e1ri s\u00fa toho ist\u00e9ho n\u00e1zoru: aj v obdob\u00ed po Korone bude, \u017eia\u013e, na\u010falej existova\u0165 to\u013eko in\u00fdch patog\u00e9nov, \u017ee potreba <strong>\u00fa\u010dinne filtrova\u0165 vzduch v interi\u00e9ri<\/strong> zostane zachovan\u00e1.<\/p>\n\n<p>V\u00fdsledkom je, \u017ee antiv\u00edrusov\u00e9 \u010disti\u010dky vzduchu s vysoko\u00fa\u010dinnou filtr\u00e1ciou HEPA <strong>sa v bud\u00facnosti pravdepodobne stan\u00fa pravidlom<\/strong>.<\/p>\n\n<h2 class=\"wp-block-heading\">Kontaktujte n\u00e1s<\/h2>\n\n<p>V pr\u00edpade podobn\u00e9ho projektu alebo akejko\u013evek inej ot\u00e1zky n\u00e1s nev\u00e1hajte kontaktova\u0165. Kontaktova\u0165 v\u00e1s bude obchodn\u00fd z\u00e1stupca, ktor\u00fd v\u00e1m pom\u00f4\u017ee vyrie\u0161i\u0165 va\u0161e probl\u00e9my s klimatiz\u00e1ciou.   <\/p>\n\n<div class=\"wp-block-buttons is-horizontal is-content-justification-center is-layout-flex wp-container-core-buttons-is-layout-03627597 wp-block-buttons-is-layout-flex\">\n<div class=\"wp-block-button has-custom-width wp-block-button__width-100\"><a class=\"wp-block-button__link wp-element-button\" href=\"https:\/\/obera.fr\/sk\/kontaktujte-nas\/\">Ve\u010d o tem<\/a><\/div>\n<\/div>\n","protected":false},"excerpt":{"rendered":"<p>Par\u00ed\u017eske l\u00fdceum Joliot Curie \u010delilo v\u00e1\u017enemu probl\u00e9mu. \u017diaci a zamestnanci \u0161koly nosia masky v\u0161ade okrem refekt\u00e1ra, ke\u010f \u017eiaci obeduj\u00fa. <\/p>\n","protected":false},"author":4,"featured_media":96128,"comment_status":"closed","ping_status":"closed","sticky":false,"template":"","format":"standard","meta":{"_acf_changed":false,"_seopress_robots_primary_cat":"none","_seopress_titles_title":"Spolo\u010dnos\u0165 OberA vybavila \u010fal\u0161iu stredn\u00fa \u0161kolu na boj proti v\u00edrusom a bakt\u00e9ri\u00e1m","_seopress_titles_desc":"Stredn\u00e1 \u0161kola Joliot Curie v Par\u00ed\u017ei vyzvala spolo\u010dnos\u0165 OberA na lie\u010dbu v\u00edrusov a bakt\u00e9ri\u00ed, aby ochr\u00e1nila svojich \u017eiakov a pedagogick\u00fdch pracovn\u00edkov pred Covid-19.","_seopress_robots_index":"","footnotes":""},"categories":[141],"tags":[142],"class_list":["post-96277","post","type-post","status-publish","format-standard","has-post-thumbnail","hentry","category-nasa-rada","tag-entete-male-sk","generate-columns","tablet-grid-50","mobile-grid-100","grid-parent","grid-50","no-featured-image-padding","resize-featured-image"],"acf":[],"_links":{"self":[{"href":"https:\/\/obera.fr\/sk\/wp-json\/wp\/v2\/posts\/96277","targetHints":{"allow":["GET"]}}],"collection":[{"href":"https:\/\/obera.fr\/sk\/wp-json\/wp\/v2\/posts"}],"about":[{"href":"https:\/\/obera.fr\/sk\/wp-json\/wp\/v2\/types\/post"}],"author":[{"embeddable":true,"href":"https:\/\/obera.fr\/sk\/wp-json\/wp\/v2\/users\/4"}],"replies":[{"embeddable":true,"href":"https:\/\/obera.fr\/sk\/wp-json\/wp\/v2\/comments?post=96277"}],"version-history":[{"count":1,"href":"https:\/\/obera.fr\/sk\/wp-json\/wp\/v2\/posts\/96277\/revisions"}],"predecessor-version":[{"id":96279,"href":"https:\/\/obera.fr\/sk\/wp-json\/wp\/v2\/posts\/96277\/revisions\/96279"}],"wp:featuredmedia":[{"embeddable":true,"href":"https:\/\/obera.fr\/sk\/wp-json\/wp\/v2\/media\/96128"}],"wp:attachment":[{"href":"https:\/\/obera.fr\/sk\/wp-json\/wp\/v2\/media?parent=96277"}],"wp:term":[{"taxonomy":"category","embeddable":true,"href":"https:\/\/obera.fr\/sk\/wp-json\/wp\/v2\/categories?post=96277"},{"taxonomy":"post_tag","embeddable":true,"href":"https:\/\/obera.fr\/sk\/wp-json\/wp\/v2\/tags?post=96277"}],"curies":[{"name":"wp","href":"https:\/\/api.w.org\/{rel}","templated":true}]}}