{"id":96862,"date":"2021-05-21T19:28:46","date_gmt":"2021-05-21T17:28:46","guid":{"rendered":"https:\/\/obera.fr\/nase-rada\/qualite-l-air-interieur-critere-essentiel-industrie\/"},"modified":"2025-05-06T13:58:24","modified_gmt":"2025-05-06T11:58:24","slug":"qualite-l-air-interieur-critere-essentiel-industrie","status":"publish","type":"post","link":"https:\/\/obera.fr\/sk\/nasa-rada\/qualite-l-air-interieur-critere-essentiel-industrie\/","title":{"rendered":"Kvalita vn\u00fatorn\u00e9ho vzduchu, z\u00e1kladn\u00e9 krit\u00e9rium v priemysle"},"content":{"rendered":"\n<p><strong>Zne\u010distenie ovzdu\u0161ia<\/strong> je vo Franc\u00fazsku ka\u017edoro\u010dne pr\u00ed\u010dinou takmer 50 000 \u00famrt\u00ed. Zatia\u013e \u010do zdravotn\u00e9 \u00fa\u010dinky vonkaj\u0161ieho zne\u010distenia, najm\u00e4 jemn\u00fdch \u010dast\u00edc, s\u00fa \u0161irokej verejnosti dobre zn\u00e1me, o zne\u010disten\u00ed v interi\u00e9roch sa hovor\u00ed menej. Pritom<strong>vystavenie zne\u010dis\u0165uj\u00facim l\u00e1tkam v dom\u00e1cnostiach a budov\u00e1ch<\/strong> je 10 a\u017e 50-kr\u00e1t vy\u0161\u0161ie ako vonku!  <\/p>\n\n<p>V priemysle je <strong>monitorovanie kvality vn\u00fatorn\u00e9ho vzduchu<\/strong> nevyhnutn\u00e9 na zabezpe\u010denie zdravia a bezpe\u010dnosti zamestnancov a optim\u00e1lnej prev\u00e1dzky podnikov.  <\/p>\n\n<p>Ak\u00e9 s\u00fa parametre kvality ovzdu\u0161ia a hlavn\u00e9 zdroje zne\u010distenia? Pre\u010do a ako m\u00f4\u017eeme <strong>zlep\u0161i\u0165 kvalitu vzduchu v interi\u00e9ri<\/strong>? Ak\u00e9 s\u00fa rie\u0161enia na <strong>anal\u00fdzu vzduchu v budove<\/strong>? Objavte na\u0161e vysvetlenia a rady pre zdrav\u00e9 pracovn\u00e9 prostredie.   <\/p>\n\n<h2 class=\"wp-block-heading\">\u010co je kvalita vzduchu v interi\u00e9ri?<\/h2>\n\n<p><strong>Kvalita vn\u00fatorn\u00e9ho vzduchu (IAQ)<\/strong> je sp\u00f4sob kontroly, \u010di vzduch v budove nepredstavuje <strong>riziko pre \u013eudsk\u00e9 zdravie alebo \u017eivotn\u00e9 prostredie<\/strong>. Pozrime sa na faktory, ktor\u00e9 ovplyv\u0148uj\u00fa kvalitu vzduchu, a na to, odkia\u013e poch\u00e1dzaj\u00fa. <\/p>\n\n<h3 class=\"wp-block-heading\">Parametre kvality ovzdu\u0161ia v budove<\/h3>\n\n<p><a href=\"https:\/\/obera.fr\/conseils\/mesure-de-la-qualite-de-l-air-interieur-interet-principe\/\" data-type=\"URL\" data-id=\"https:\/\/obera.fr\/conseils\/mesure-de-la-qualite-de-l-air-interieur-interet-principe\/\">Kvalita vn\u00fatorn\u00e9ho vzduchu sa meria<\/a> <strong>monitorovan\u00edm fyzik\u00e1lnych hodn\u00f4t<\/strong> (teplota, vlhkos\u0165, tlak at\u010f.) a <strong>koncentr\u00e1cie zne\u010dis\u0165uj\u00facich l\u00e1tok<\/strong>.<\/p>\n\n<h4 class=\"wp-block-heading\">Prchav\u00e9 zne\u010dis\u0165uj\u00face l\u00e1tky a tuh\u00e9 \u010dastice<\/h4>\n\n<p>Podnikate\u013esk\u00e9 priestory, najm\u00e4 priemyseln\u00e9 budovy, obsahuj\u00fa dve kateg\u00f3rie l\u00e1tok zne\u010dis\u0165uj\u00facich vn\u00fatorn\u00e9 ovzdu\u0161ie:<\/p>\n\n<ul class=\"wp-block-list\">\n<li><strong>plynn\u00e9 zne\u010dis\u0165uj\u00face l\u00e1tky<\/strong>: z\u00e1pach, chemick\u00e9 v\u00fdpary, prchav\u00e9 organick\u00e9 zl\u00fa\u010deniny (VOC) at\u010f;<\/li>\n\n\n\n<li><strong>zne\u010dis\u0165uj\u00face l\u00e1tky vo forme \u010dast\u00edc<\/strong>: prach, aeros\u00f3ly, biologick\u00e9 l\u00e1tky (v\u00edrusy, bakt\u00e9rie, sp\u00f3ry) at\u010f.<\/li>\n<\/ul>\n\n<p>Vystavenie zne\u010disten\u00e9mu ovzdu\u0161iu v interi\u00e9ri m\u00e1 <strong>\u0161kodliv\u00e9 \u00fa\u010dinky na zdravie a bezpe\u010dnos\u0165 zamestnancov<\/strong>. Niektor\u00e9 zne\u010dis\u0165uj\u00face l\u00e1tky a \u010dastice m\u00f4\u017eu sp\u00f4sobi\u0165 probl\u00e9my s d\u00fdchan\u00edm a dokonca aj rakovinu. <\/p>\n\n<figure class=\"wp-block-image aligncenter size-full is-resized\"><img decoding=\"async\" width=\"1384\" height=\"692\" src=\"https:\/\/obera.fr\/wp-content\/uploads\/2021\/05\/Effet-sur-la-sante-polluants.png\" alt=\"vplyv zne&#x10D;is&#x165;uj&#xFA;cich l&#xE1;tok na zdravie\" class=\"wp-image-5947\" style=\"width:692px;height:346px\" srcset=\"https:\/\/obera.fr\/wp-content\/uploads\/2021\/05\/Effet-sur-la-sante-polluants.png 1384w, https:\/\/obera.fr\/wp-content\/uploads\/2021\/05\/Effet-sur-la-sante-polluants-300x150.png 300w, https:\/\/obera.fr\/wp-content\/uploads\/2021\/05\/Effet-sur-la-sante-polluants-1024x512.png 1024w, https:\/\/obera.fr\/wp-content\/uploads\/2021\/05\/Effet-sur-la-sante-polluants-768x384.png 768w\" sizes=\"(max-width: 1384px) 100vw, 1384px\" \/><\/figure>\n\n<blockquote class=\"wp-block-quote is-layout-flow wp-block-quote-is-layout-flow\">\n<p>Zne\u010distenie ovzdu\u0161ia m\u00e1 okrem zdravotn\u00fdch \u00fa\u010dinkov aj <strong>rizik\u00e1 pre \u017eivotn\u00e9 prostredie<\/strong>. VOC sa podie\u013eaj\u00fa na tvorbe sklen\u00edkov\u00fdch plynov, ktor\u00e9 zhor\u0161uj\u00fa glob\u00e1lne otep\u013eovanie. <\/p>\n<\/blockquote>\n\n<h4 class=\"wp-block-heading\">Teplota a vlhkos\u0165<\/h4>\n\n<div class=\"wp-block-columns are-vertically-aligned-center is-layout-flex wp-container-core-columns-is-layout-28f84493 wp-block-columns-is-layout-flex\">\n<div class=\"wp-block-column is-vertically-aligned-center is-layout-flow wp-block-column-is-layout-flow\" style=\"flex-basis:30%\">\n<figure class=\"wp-block-image alignleft size-full\"><img decoding=\"async\" width=\"200\" height=\"115\" src=\"https:\/\/obera.fr\/wp-content\/uploads\/2022\/08\/Temperatures.jpg\" alt=\"teploty\" class=\"wp-image-14096\"\/><\/figure>\n<\/div>\n\n\n\n<div class=\"wp-block-column is-vertically-aligned-center is-layout-flow wp-block-column-is-layout-flow\" style=\"flex-basis:75%\">\n<p>Kvalita vn\u00fatorn\u00e9ho vzduchu z\u00e1vis\u00ed aj od jeho fyzik\u00e1lnych parametrov, najm\u00e4 od teploty a vlhkosti. Optim\u00e1lnu \u00farove\u0148 pohodlia zabezpe\u010duje teplota 20 a\u017e 27 \u00b0C a relat\u00edvna vlhkos\u0165 35 a\u017e 60 %. Naopak, <strong>pr\u00edli\u0161 vysok\u00e9 alebo pr\u00edli\u0161 n\u00edzke hodnoty ved\u00fa k zhor\u0161eniu pracovn\u00fdch podmienok<\/strong>.  <\/p>\n<\/div>\n<\/div>\n\n<div class=\"wp-block-columns are-vertically-aligned-center is-layout-flex wp-container-core-columns-is-layout-28f84493 wp-block-columns-is-layout-flex\">\n<div class=\"wp-block-column is-vertically-aligned-center is-layout-flow wp-block-column-is-layout-flow\" style=\"flex-basis:75%\">\n<p>Nadmern\u00e9 vykurovanie budov vedie k <strong>tepeln\u00e9mu zne\u010disteniu<\/strong>, ktor\u00e9 podporuje rozvoj biologick\u00fdch \u0161kodliv\u00edn a m\u00f4\u017ee znehodnoti\u0165 v\u00fdrobky. Podobne <strong>vodn\u00e1 para<\/strong> sp\u00f4sobuje tvorbu plesn\u00ed a kor\u00f3ziu kovov\u00fdch materi\u00e1lov. Napokon vlhkos\u0165 a teplota <strong>zhor\u0161uj\u00fa dr\u00e1\u017ediv\u00e9 \u00fa\u010dinky prchav\u00fdch organick\u00fdch zl\u00fa\u010den\u00edn<\/strong> (VOC).  <\/p>\n<\/div>\n\n\n\n<div class=\"wp-block-column is-vertically-aligned-center is-layout-flow wp-block-column-is-layout-flow\" style=\"flex-basis:30%\">\n<figure class=\"wp-block-image alignright size-full is-resized\"><img decoding=\"async\" width=\"200\" height=\"115\" src=\"https:\/\/obera.fr\/wp-content\/uploads\/2021\/05\/Humidite.jpg\" alt=\"vlhkos&#x165;\" class=\"wp-image-14100\" style=\"width:200px;height:115px\"\/><\/figure>\n<\/div>\n<\/div>\n\n<h3 class=\"wp-block-heading\">Zdroje zne\u010distenia vn\u00fatorn\u00e9ho ovzdu\u0161ia<\/h3>\n\n<p>Existuje mnoho pr\u00ed\u010din <strong>zlej kvality vn\u00fatorn\u00e9ho vzduchu v priemyseln\u00fdch budov\u00e1ch<\/strong>. Tri naj\u010dastej\u0161ie zdroje zne\u010distenia s\u00fa v\u0161ak : <\/p>\n\n<ul class=\"wp-block-list\">\n<li><strong>v\u00fdrobn\u00e9 procesy<\/strong>: pou\u017e\u00edvan\u00e9 v\u00fdrobky a spracovanie materi\u00e1lov (drevo, kov, plast at\u010f.) vytv\u00e1raj\u00fa ve\u013ek\u00e9 mno\u017estvo zne\u010dis\u0165uj\u00facich l\u00e1tok (v\u00fdpary, pary, olejov\u00e9 hmly at\u010f.);<\/li>\n<\/ul>\n\n<figure class=\"wp-block-image size-full is-resized\"><img decoding=\"async\" width=\"600\" height=\"115\" src=\"https:\/\/obera.fr\/wp-content\/uploads\/2022\/08\/Process-generant-des-poussieres.jpg\" alt=\"procesy vytv&#xE1;raj&#xFA;ce prach\" class=\"wp-image-14103\" style=\"width:450px;height:86px\" srcset=\"https:\/\/obera.fr\/wp-content\/uploads\/2022\/08\/Process-generant-des-poussieres.jpg 600w, https:\/\/obera.fr\/wp-content\/uploads\/2022\/08\/Process-generant-des-poussieres-300x58.jpg 300w\" sizes=\"(max-width: 600px) 100vw, 600px\" \/><\/figure>\n\n<ul class=\"wp-block-list\">\n<li><strong>manipul\u00e1cia a preprava materi\u00e1lov a tovaru<\/strong>: pohyb strojov (vysokozdvi\u017en\u00e9 voz\u00edky, n\u00e1kladn\u00e9 aut\u00e1) uvo\u013e\u0148uje prach, \u010dastice, benz\u00ednov\u00e9 v\u00fdpary at\u010f.<\/li>\n<\/ul>\n\n<figure class=\"wp-block-image size-full is-resized\"><img decoding=\"async\" width=\"600\" height=\"115\" src=\"https:\/\/obera.fr\/wp-content\/uploads\/2022\/08\/Mouvement-de-camions-et-chariots-elevateurs.jpg\" alt=\"pohyb n&#xE1;kladn&#xFD;ch vozidiel a vysokozdvi&#x17E;n&#xFD;ch voz&#xED;kov\" class=\"wp-image-14107\" style=\"width:450px;height:86px\" srcset=\"https:\/\/obera.fr\/wp-content\/uploads\/2022\/08\/Mouvement-de-camions-et-chariots-elevateurs.jpg 600w, https:\/\/obera.fr\/wp-content\/uploads\/2022\/08\/Mouvement-de-camions-et-chariots-elevateurs-300x58.jpg 300w\" sizes=\"(max-width: 600px) 100vw, 600px\" \/><\/figure>\n\n<ul class=\"wp-block-list\">\n<li><strong>pr\u00fadenie vonkaj\u0161ieho vzduchu<\/strong>: dvern\u00e9 otvory a tlakov\u00e9 rozdiely nas\u00e1vaj\u00fa a zachyt\u00e1vaj\u00fa zne\u010dis\u0165uj\u00face l\u00e1tky z prostredia vo vn\u00fatri budovy.<\/li>\n<\/ul>\n\n<figure class=\"wp-block-image size-full is-resized\"><img decoding=\"async\" width=\"600\" height=\"115\" src=\"https:\/\/obera.fr\/wp-content\/uploads\/2022\/08\/Portes-et-halls-ouverts.jpg\" alt=\"otvoren&#xE9; dvere a haly\" class=\"wp-image-14110\" style=\"width:450px;height:86px\" srcset=\"https:\/\/obera.fr\/wp-content\/uploads\/2022\/08\/Portes-et-halls-ouverts.jpg 600w, https:\/\/obera.fr\/wp-content\/uploads\/2022\/08\/Portes-et-halls-ouverts-300x58.jpg 300w\" sizes=\"(max-width: 600px) 100vw, 600px\" \/><\/figure>\n\n<h2 class=\"wp-block-heading\">Ako m\u00f4\u017eeme zlep\u0161i\u0165 kvalitu vzduchu v interi\u00e9ri?<\/h2>\n\n<p>Na <strong>zn\u00ed\u017eenie zne\u010distenia vn\u00fatorn\u00e9ho prostredia a jeho \u00fa\u010dinkov<\/strong> je potrebn\u00e9 zn\u00ed\u017ei\u0165 koncentr\u00e1ciu zne\u010dis\u0165uj\u00facich l\u00e1tok pomocou <a href=\"https:\/\/obera.fr\/sk\/nasa-rada\/kompletny-sprievodca-priemyselnou-upravou-vzduchu\/\" data-type=\"URL\" data-id=\"https:\/\/obera.fr\/conseils\/traitement-air-industriel-guide-complet\/\">priemyselnej \u00fapravy vzduchu<\/a> a\/alebo syst\u00e9mu vetrania budov. Teplotu mo\u017eno regulova\u0165 vykurovan\u00edm, klimatiz\u00e1ciou alebo chladen\u00edm a vlhkos\u0165 vysu\u0161ovan\u00edm alebo zvlh\u010dovan\u00edm vzduchu. <\/p>\n\n<h3 class=\"wp-block-heading\">Odstr\u00e1nenie zne\u010dis\u0165uj\u00facich l\u00e1tok a \u010dast\u00edc<\/h3>\n\n<p><strong>Priemyseln\u00e1 \u00faprava vzduchu<\/strong> zah\u0155\u0148a <strong>zachyt\u00e1vanie a filtrovanie zne\u010disten\u00e9ho vzduchu<\/strong>. Po vy\u010disten\u00ed od nebezpe\u010dn\u00fdch l\u00e1tok sa vy\u010disten\u00fd vzduch m\u00f4\u017ee vyp\u00fa\u0161\u0165a\u0165 mimo budovy bez rizika pre \u017eivotn\u00e9 prostredie alebo sa m\u00f4\u017ee znovu vh\u00e1\u0148a\u0165 do pracovn\u00e9ho priestoru. Existuj\u00fa <strong>dva typy rie\u0161enia<\/strong>: zachyt\u00e1vanie pri zdroji a \u010distenie v prostred\u00ed.  <\/p>\n\n<h4 class=\"wp-block-heading\">Zachytenie pri zdroji<\/h4>\n\n<div class=\"wp-block-columns are-vertically-aligned-center is-layout-flex wp-container-core-columns-is-layout-28f84493 wp-block-columns-is-layout-flex\">\n<div class=\"wp-block-column is-vertically-aligned-center is-layout-flow wp-block-column-is-layout-flow\" style=\"flex-basis:30%\">\n<figure class=\"wp-block-image aligncenter size-full is-resized\"><img decoding=\"async\" width=\"800\" height=\"800\" src=\"https:\/\/obera.fr\/wp-content\/uploads\/2021\/05\/Captation-a-la-source.jpg\" alt=\"zachytenie pri zdroji\" class=\"wp-image-5939\" style=\"width:200px;height:200px\" srcset=\"https:\/\/obera.fr\/wp-content\/uploads\/2021\/05\/Captation-a-la-source.jpg 800w, https:\/\/obera.fr\/wp-content\/uploads\/2021\/05\/Captation-a-la-source-300x300.jpg 300w, https:\/\/obera.fr\/wp-content\/uploads\/2021\/05\/Captation-a-la-source-150x150.jpg 150w, https:\/\/obera.fr\/wp-content\/uploads\/2021\/05\/Captation-a-la-source-768x768.jpg 768w\" sizes=\"(max-width: 800px) 100vw, 800px\" \/><\/figure>\n<\/div>\n\n\n\n<div class=\"wp-block-column is-vertically-aligned-center is-layout-flow wp-block-column-is-layout-flow\" style=\"flex-basis:80%\">\n<p>Zachyt\u00e1vanie pri zdroji zah\u0155\u0148a <strong>zachyt\u00e1vanie zne\u010dis\u0165uj\u00facich l\u00e1tok a \u010dast\u00edc pri zdroji, kde<\/strong> vznikaj\u00fa, aby sa zabr\u00e1nilo ich \u0161\u00edreniu po celej budove. Na to sa pou\u017e\u00edva <strong>syst\u00e9m zachyt\u00e1vania<\/strong> prisp\u00f4soben\u00fd pracovisku: ods\u00e1vac\u00ed digestor, ods\u00e1vacie rameno, ods\u00e1vacia kab\u00edna alebo st\u00f4l at\u010f. K jednotke na \u00fapravu vzduchu je mo\u017en\u00e9 pripoji\u0165 aj v\u00fdrobn\u00e9 stroje pomocou potrubia alebo r\u00farok.  <\/p>\n<\/div>\n<\/div>\n\n<h4 class=\"wp-block-heading\">O\u0161etrenie okolia<\/h4>\n\n<div class=\"wp-block-columns are-vertically-aligned-center is-layout-flex wp-container-core-columns-is-layout-28f84493 wp-block-columns-is-layout-flex\">\n<div class=\"wp-block-column is-vertically-aligned-center is-layout-flow wp-block-column-is-layout-flow\" style=\"flex-basis:30%\">\n<figure class=\"wp-block-image aligncenter size-full is-resized\"><img decoding=\"async\" width=\"800\" height=\"800\" src=\"https:\/\/obera.fr\/wp-content\/uploads\/2021\/05\/Traitement-en-ambiance.jpg\" alt=\"o&#x161;etrenie okolia\" class=\"wp-image-5940\" style=\"width:200px;height:200px\" srcset=\"https:\/\/obera.fr\/wp-content\/uploads\/2021\/05\/Traitement-en-ambiance.jpg 800w, https:\/\/obera.fr\/wp-content\/uploads\/2021\/05\/Traitement-en-ambiance-300x300.jpg 300w, https:\/\/obera.fr\/wp-content\/uploads\/2021\/05\/Traitement-en-ambiance-150x150.jpg 150w, https:\/\/obera.fr\/wp-content\/uploads\/2021\/05\/Traitement-en-ambiance-768x768.jpg 768w\" sizes=\"(max-width: 800px) 100vw, 800px\" \/><\/figure>\n<\/div>\n\n\n\n<div class=\"wp-block-column is-vertically-aligned-center is-layout-flow wp-block-column-is-layout-flow\" style=\"flex-basis:80%\">\n<p>Ak je <strong>zdroj zne\u010dis\u0165uj\u00facich l\u00e1tok rozpt\u00fdlen\u00fd alebo nepr\u00edstupn\u00fd<\/strong>, m\u00f4\u017eete sa rozhodn\u00fa\u0165 pre rie\u0161enia zachyt\u00e1vania v okol\u00ed. Stacion\u00e1rne alebo mobiln\u00e9 priemyseln\u00e9 \u010disti\u010dky vzduchu a vzduchotechnick\u00e9 jednotky m\u00f4\u017eu<strong>ods\u00e1va\u0165 a filtrova\u0165 zne\u010dis\u0165uj\u00face l\u00e1tky a \u010dastice pr\u00edtomn\u00e9 v budove<\/strong>. \u010casto pracuj\u00fa v spojen\u00ed so syst\u00e9mom riaden\u00e9ho mechanick\u00e9ho vetrania (CMV) alebo priemyseln\u00e9ho odpr\u00e1\u0161enia.  <\/p>\n<\/div>\n<\/div>\n\n<h3 class=\"wp-block-heading\">Chladenie vn\u00fatorn\u00e9ho vzduchu<\/h3>\n\n<p>Priemyseln\u00e9 chladi\u010de vzduchu <strong>zni\u017euj\u00fa teplotu v budov\u00e1ch<\/strong>. <a href=\"https:\/\/obera.fr\/sk\/nasa-rada\/adiabaticke-chladenie-prirodzeny-tepelny-komfort\/\">Adiabatick\u00e9 chladenie<\/a> je \u0161etrnej\u0161ie k \u017eivotn\u00e9mu prostrediu a je zalo\u017een\u00e9 na <strong><a href=\"https:\/\/obera.fr\/sk\/nasa-rada\/comment-rafraichissement-evaporation-ameliorer-production-industrielle\/\" data-type=\"post\" data-id=\"7081\">ochladzovan\u00ed vzduchu odparovan\u00edm vody<\/a><\/strong>na rovnakom princ\u00edpe ako morsk\u00fd v\u00e1nok. <a href=\"https:\/\/obera.fr\/sk\/nasa-rada\/faq-adiabaticke-chladice-vzduchu\/\" data-type=\"post\" data-id=\"7105\">Adiabatick\u00fd chladi\u010d vzduchu<\/a> spotrebuje a\u017e 10-kr\u00e1t menej elektrickej energie ako be\u017en\u00e1 klimatiz\u00e1cia.  <\/p>\n\n<div class=\"wp-block-buttons is-horizontal is-content-justification-center is-layout-flex wp-container-core-buttons-is-layout-03627597 wp-block-buttons-is-layout-flex\">\n<div class=\"wp-block-button\"><a class=\"wp-block-button__link wp-element-button\" href=\"https:\/\/obera.fr\/sk\/nasa-rada\/choisir-rafraichisseur-d-air-industriel-reguler-temperature\/\">Ako si vybra\u0165 priemyseln\u00fd chladi\u010d vzduchu na regul\u00e1ciu teploty v dielni?<\/a><\/div>\n<\/div>\n\n<p>Pre\u010d\u00edtajte si tie\u017e: <a href=\"https:\/\/obera.fr\/sk\/nasa-rada\/kde-mozem-pouzit-odparovaci-chladiaci-system\/\" data-type=\"post\" data-id=\"7093\">Kde m\u00f4\u017eem pou\u017ei\u0165 odparovacie chladenie<\/a>?<\/p>\n\n<h2 class=\"wp-block-heading\">Pre\u010do in\u0161talova\u0165 syst\u00e9m \u00fapravy vzduchu v interi\u00e9ri?<\/h2>\n\n<p>Udr\u017eiavanie dobrej kvality vzduchu v interi\u00e9ri je <strong>z\u00e1konnou povinnos\u0165ou zamestn\u00e1vate\u013eov<\/strong>. Pre <strong>podniky<\/strong> m\u00e1 aj <strong>mno\u017estvo v\u00fdhod<\/strong> vr\u00e1tane bezpe\u010dnosti zamestnancov, \u00faspory n\u00e1kladov na \u00fadr\u017ebu a vy\u0161\u0161ej produktivity. <\/p>\n\n<h3 class=\"wp-block-heading\">Dodr\u017eiavanie zdravotn\u00fdch predpisov<\/h3>\n\n<p>Monitorovan\u00edm kvality vzduchu v interi\u00e9ri m\u00f4\u017eete dodr\u017eiava\u0165<strong>franc\u00fazsky z\u00e1konn\u00edk pr\u00e1ce a platn\u00e9 zdravotn\u00e9 normy<\/strong>.<\/p>\n\n<h4 class=\"wp-block-heading\">Limitn\u00e9 hodnoty expoz\u00edcie pri pr\u00e1ci (OEL)<\/h4>\n\n<p>Franc\u00fazsky z\u00e1konn\u00edk pr\u00e1ce vy\u017eaduje, aby <strong><a href=\"https:\/\/obera.fr\/conseils\/reglementation-vlep-evaluation-risque-chimique-lieu-de-travail\/\" data-type=\"post\" data-id=\"6575\">dodr\u017eiava\u0165 limitn\u00e9 hodnoty vystavenia pri pr\u00e1ci<\/a><\/strong> (VLEP). Tie zodpovedaj\u00fa <strong>maxim\u00e1lnej \u00farovni zne\u010dis\u0165uj\u00facich l\u00e1tok alebo \u010dast\u00edc<\/strong>, ktor\u00fdm m\u00f4\u017eu by\u0165 zamestnanci vystaven\u00ed po\u010das svojej pr\u00e1ce bez ohrozenia zdravia. Ak sa VLEP nedodr\u017eiavaj\u00fa, pracovisko sa pozastav\u00ed, k\u00fdm sa nezaved\u00fa rie\u0161enia na obmedzenie expoz\u00edcie pracovn\u00edka.  <\/p>\n\n<h4 class=\"wp-block-heading\">Diagnostika kvality vzduchu v interi\u00e9ri<\/h4>\n\n<p><a href=\"https:\/\/obera.fr\/sk\/nasa-rada\/qai-diagnostic-qualite-de-l-air-interieur-batiments-industriels\/\">Diagnostika kvality vn\u00fatorn\u00e9ho ovzdu\u0161ia<\/a> zah\u0155\u0148a <strong>pos\u00fadenie \u00farovne zne\u010distenia v jednotliv\u00fdch obydliach alebo spolo\u010dn\u00fdch budov\u00e1ch<\/strong> s cie\u013eom zavies\u0165 vhodn\u00e9 rie\u0161enia. Cie\u013eom franc\u00fazskeho z\u00e1kona o n\u00e1rodn\u00fdch z\u00e1v\u00e4zkoch v oblasti \u017eivotn\u00e9ho prostredia, zn\u00e1meho ako &#8222;Grenelle 2&#8220;, je <strong>zlep\u0161i\u0165 kvalitu vn\u00fatorn\u00e9ho ovzdu\u0161ia v zariadeniach pr\u00edstupn\u00fdch verejnosti,<\/strong> najm\u00e4 de\u0165om. Od roku 2020 sa pod\u013ea neho vy\u017eaduje, aby \u0161koly, centr\u00e1 vo\u013en\u00e9ho \u010dasu a stredn\u00e9 \u0161koly vykon\u00e1vali hodnotenie kvality vn\u00fatorn\u00e9ho ovzdu\u0161ia. Od roku 2023 bude testovanie kvality vn\u00fatorn\u00e9ho prostredia povinn\u00e9 pre v\u0161etky zariadenia pr\u00edstupn\u00e9 verejnosti.   <\/p>\n\n<h3 class=\"wp-block-heading\">Zabezpe\u010denie zdravotnej bezpe\u010dnosti zamestnancov<\/h3>\n\n<p>Vystavenie zne\u010disten\u00e9mu ovzdu\u0161iu je zdrojom zdravotn\u00fdch probl\u00e9mov, najm\u00e4 d\u00fdchac\u00edch. Snaha o zdrav\u00e9 ovzdu\u0161ie pom\u00e1ha <strong>zn\u00ed\u017ei\u0165 po\u010det dn\u00ed pr\u00e1ceneschopnosti<\/strong>, \u010d\u00edm sa predch\u00e1dza absenci\u00e1m a naru\u0161eniu pr\u00e1ce. <\/p>\n\n<h3 class=\"wp-block-heading\">Zn\u00ed\u017eenie n\u00e1kladov na servis a \u00fadr\u017ebu<\/h3>\n\n<p>\u00daprava vzduchu v interi\u00e9ri obmedzuje usadzovanie prchav\u00fdch l\u00e1tok (\u010dast\u00edc, mastn\u00fdch v\u00fdparov) na va\u0161ich spotrebi\u010doch, v\u00fdrobkoch a podlah\u00e1ch budov. To v\u00e1m <strong>u\u0161etr\u00ed<\/strong> peniaze na <strong>\u00fadr\u017ebu<\/strong>. Navy\u0161e elimin\u00e1cia prachu <strong>zni\u017euje riziko por\u00fach a hav\u00e1ri\u00ed zariaden\u00ed<\/strong>.  <\/p>\n\n<p>Pokra\u010dujte \u010falej: V\u0161etko, \u010do potrebujete vedie\u0165 o \u00fadr\u017ebe priemyseln\u00e9ho chladi\u010da.<\/p>\n\n<h3 class=\"wp-block-heading\">Zlep\u0161enie produktivity a kvality v\u00fdrobkov<\/h3>\n\n<p>Kontrolovan\u00e1 kvalita vzduchu z h\u013eadiska zne\u010dis\u0165uj\u00facich l\u00e1tok, \u010dast\u00edc, teploty a vlhkosti zabezpe\u010duje <strong>plynul\u00fd priebeh v\u00fdroby,<\/strong> ako aj <strong>kvalitu hotov\u00fdch v\u00fdrobkov<\/strong>.<\/p>\n\n<h2 class=\"wp-block-heading\">Ako meriate kvalitu vzduchu v interi\u00e9ri?<\/h2>\n\n<p><a href=\"https:\/\/obera.fr\/sk\/nasa-rada\/analyza-kvality-vzduchu-v-interieri-nase-tipy\/\" data-type=\"URL\" data-id=\"https:\/\/obera.fr\/conseils\/analyse-qualite-l-air-interieur\/\">Anal\u00fdza kvality vzduchu v interi\u00e9ri<\/a> je nevyhnutn\u00e1 na zabezpe\u010denie s\u00faladu s limitn\u00fdmi hodnotami expoz\u00edcie na pracovisku (OELV) a na zaistenie zdravia a bezpe\u010dnosti va\u0161ich zamestnancov. Spolo\u010dnos\u0165 OBERA v\u00e1m pon\u00faka <strong>analyz\u00e1tory vzduchu,<\/strong> ktor\u00e9 nepretr\u017eite meraj\u00fa kvalitu vzduchu v interi\u00e9ri: <\/p>\n\n<ul class=\"wp-block-list\">\n<li><strong>\u00farove\u0148 plynn\u00fdch zne\u010dis\u0165uj\u00facich l\u00e1tok (<\/strong> prchav\u00e9 organick\u00e9 zl\u00fa\u010deniny, CO2 at\u010f.);<\/li>\n\n\n\n<li><strong>ve\u013ekos\u0165 a koncentr\u00e1cia \u010dast\u00edc<\/strong> (prachu, aeros\u00f3lov, v\u00edrusov at\u010f.);<\/li>\n\n\n\n<li><strong>teplotu a relat\u00edvnu vlhkos\u0165<\/strong> v budove.<\/li>\n<\/ul>\n\n<p><strong>Monitorovan\u00edm<\/strong> t\u00fdchto parametrov <strong>v re\u00e1lnom \u010dase<\/strong> m\u00f4\u017eeme r\u00fdchlo a vhodne reagova\u0165 na udr\u017eanie zdrav\u00e9ho pracovn\u00e9ho prostredia.<\/p>\n\n<blockquote class=\"wp-block-quote is-layout-flow wp-block-quote-is-layout-flow\">\n<p>Ako \u0161pecialisti na priemyseln\u00fa \u00fapravu vzduchu v\u00e1m m\u00f4\u017eeme pom\u00f4c\u0165 n\u00e1js\u0165 rie\u0161enia \u0161it\u00e9 na mieru pre va\u0161e pracovisko. <a href=\"https:\/\/obera.fr\/sk\/contact\/\" data-type=\"page\" data-id=\"124\">Nev\u00e1hajte n\u00e1s kontaktova\u0165 a po\u017eiadajte n\u00e1s o diagnostiku<\/a> <strong>kvality vn\u00fatorn\u00e9ho vzduchu vo<\/strong> va\u0161ej budove a \u0161t\u00fadiu va\u0161ich potrieb.<\/p>\n<\/blockquote>\n","protected":false},"excerpt":{"rendered":"<p>V priemysle je monitorovanie kvality vn\u00fatorn\u00e9ho vzduchu nevyhnutn\u00e9 na zabezpe\u010denie zdravia a bezpe\u010dnosti zamestnancov a optim\u00e1lnej prev\u00e1dzky podnikov. Objavte na\u0161e vysvetlenia a tipy pre zdrav\u00e9 pracovn\u00e9 prostredie.<\/p>\n","protected":false},"author":4,"featured_media":96774,"comment_status":"open","ping_status":"closed","sticky":false,"template":"","format":"standard","meta":{"_acf_changed":false,"_seopress_robots_primary_cat":"none","_seopress_titles_title":"Pr\u00edru\u010dka o kvalite vn\u00fatorn\u00e9ho vzduchu v priemyselnom prostred\u00ed","_seopress_titles_desc":"V priemysle je monitorovanie kvality vn\u00fatorn\u00e9ho vzduchu nevyhnutn\u00e9 na zabezpe\u010denie zdravia a bezpe\u010dnosti zamestnancov a optim\u00e1lnej prev\u00e1dzky podnikov.","_seopress_robots_index":"","footnotes":""},"categories":[141],"tags":[],"class_list":["post-96862","post","type-post","status-publish","format-standard","has-post-thumbnail","hentry","category-nasa-rada","generate-columns","tablet-grid-50","mobile-grid-100","grid-parent","grid-50","no-featured-image-padding","resize-featured-image"],"acf":[],"_links":{"self":[{"href":"https:\/\/obera.fr\/sk\/wp-json\/wp\/v2\/posts\/96862","targetHints":{"allow":["GET"]}}],"collection":[{"href":"https:\/\/obera.fr\/sk\/wp-json\/wp\/v2\/posts"}],"about":[{"href":"https:\/\/obera.fr\/sk\/wp-json\/wp\/v2\/types\/post"}],"author":[{"embeddable":true,"href":"https:\/\/obera.fr\/sk\/wp-json\/wp\/v2\/users\/4"}],"replies":[{"embeddable":true,"href":"https:\/\/obera.fr\/sk\/wp-json\/wp\/v2\/comments?post=96862"}],"version-history":[{"count":1,"href":"https:\/\/obera.fr\/sk\/wp-json\/wp\/v2\/posts\/96862\/revisions"}],"predecessor-version":[{"id":96864,"href":"https:\/\/obera.fr\/sk\/wp-json\/wp\/v2\/posts\/96862\/revisions\/96864"}],"wp:featuredmedia":[{"embeddable":true,"href":"https:\/\/obera.fr\/sk\/wp-json\/wp\/v2\/media\/96774"}],"wp:attachment":[{"href":"https:\/\/obera.fr\/sk\/wp-json\/wp\/v2\/media?parent=96862"}],"wp:term":[{"taxonomy":"category","embeddable":true,"href":"https:\/\/obera.fr\/sk\/wp-json\/wp\/v2\/categories?post=96862"},{"taxonomy":"post_tag","embeddable":true,"href":"https:\/\/obera.fr\/sk\/wp-json\/wp\/v2\/tags?post=96862"}],"curies":[{"name":"wp","href":"https:\/\/api.w.org\/{rel}","templated":true}]}}