{"id":134339,"date":"2025-11-04T11:42:40","date_gmt":"2025-11-04T09:42:40","guid":{"rendered":"https:\/\/obera.fr\/nase-rada\/merjenje-kakovosti-zraka-v-zaprtih-prostorih-pomen-in-nacelo\/"},"modified":"2025-11-27T21:41:56","modified_gmt":"2025-11-27T19:41:56","slug":"merjenje-kakovosti-zraka-v-zaprtih-prostorih-pomen-in-nacelo","status":"publish","type":"post","link":"https:\/\/obera.fr\/sl\/nas-nasvet\/merjenje-kakovosti-zraka-v-zaprtih-prostorih-pomen-in-nacelo\/","title":{"rendered":"Merjenje kakovosti zraka v zaprtih prostorih: pomen in na\u010delo"},"content":{"rendered":"\n<p>Po podatkih SZO bi v Franciji letno zabele\u017eili skoraj 50.000 smrti, povezanih z <strong>onesna\u017eenostjo zraka<\/strong>, kar je 10-krat ve\u010d kot prometnih nesre\u010d! Poleg tega se ocenjuje, da je zrak v zaprtih prostorih stanovanja ali poslovnih prostorov 5 do 10-krat bolj onesna\u017een kot zrak v zunanjem okolju.<\/p>\n\n<p><\/p>\n\n<p><strong>Kakovost zraka v podjetjih<\/strong> tako predstavlja klju\u010den izziv za zdravje delavcev, pa tudi za produktivnost podjetij. V tem kontekstu je vzpostavitev sistema za <strong>merjenje kakovosti zraka v zaprtih prostorih<\/strong> nujna. Katere parametre je treba upo\u0161tevati? Kak\u0161ne koristi prina\u0161a <g id=\"gid_2\">spremljanje kakovosti zraka<\/g> in kako ga uvesti v prakso? Odkrijte vse na\u0161e nasvete.    <\/p>\n\n<p><\/p>\n\n<h2 class=\"wp-block-heading\" id=\"quels-sont-les-parametres-de-la-qualite-de-l-air-interieur\">Kateri so parametri kakovosti zraka v zaprtih prostorih?<\/h2>\n\n<p>Ocena <a href=\"https:\/\/obera.fr\/sl\/nas-nasvet\/qualite-l-air-interieur-critere-essentiel-industrie\/\">kakovosti zraka v zaprtih prostorih<\/a> temelji na <strong>iskanju onesna\u017eeval in merjenju dolo\u010denih fizikalnih vrednosti<\/strong>, kot sta temperatura in relativna vla\u017enost. <\/p>\n\n<h3 class=\"wp-block-heading\" id=\"la-concentration-en-polluants-et-particules\">Koncentracija onesna\u017eeval in delcev<\/h3>\n\n<p>V pisarnah ali industrijskih objektih so zaposleni izpostavljeni dvema glavnima <strong>viroma onesna\u017eenosti zraka<\/strong>:<\/p>\n\n<ul class=\"wp-block-list\">\n<li><strong>Hlapne organske spojine (HOS),<\/strong> kot je formaldehid, plin, ki nastaja pri proizvodnji kemikalij in gradbenih materialov;<\/li>\n\n\n\n<li><strong>trdni ali teko\u010di delci<\/strong>, ki lebdijo v zraku, kot so prah, aerosoli in mikroorganizmi (virusi, bakterije, plesni itd.).<\/li>\n<\/ul>\n\n<p><strong>U\u010dinki na zdravje in okolje<\/strong> se pove\u010dujejo s koncentracijo onesna\u017eeval v zraku in \u010dasom izpostavljenosti.<\/p>\n\n<h3 class=\"wp-block-heading\" id=\"la-temperature-et-le-niveau-d-humidite\">Temperatura in raven vla\u017enosti<\/h3>\n\n<p>Merjenje kakovosti zraka v zaprtih prostorih vklju\u010duje tudi <strong>spremljanje temperature in relativne vla\u017enosti<\/strong>. Prekomerne vrednosti prispevajo k razmno\u017eevanju biolo\u0161kih onesna\u017eeval ter k propadanju materialov, kon\u010dnih izdelkov in delovnega okolja. Poleg tega temperatura in vla\u017enost poudarjata dra\u017eilne u\u010dinke hlapnih organskih spojin (HOS).  <\/p>\n\n<h2 class=\"wp-block-heading\" id=\"quel-est-l-interet-de-la-mesure-de-la-qualite-de-l-air-interieur\">Kak\u0161en je pomen merjenja kakovosti zraka v zaprtih prostorih?<\/h2>\n\n<p>Vzdr\u017eevanje zdravega zraka v zaprtih poslovnih prostorih je <strong>zakonska obveznost<\/strong> delodajalca. Zmanj\u0161anje ravni onesna\u017eenosti v pisarni prav tako pomeni <strong>pove\u010danje produktivnosti<\/strong> za podjetja. <\/p>\n\n<h3 class=\"wp-block-heading\" id=\"respecter-les-valeurs-limites-d-exposition-professionnelle-vlep\">Upo\u0161tevanje mejnih vrednosti poklicne izpostavljenosti (VLEP)<\/h3>\n\n<p>Mejne vrednosti poklicne izpostavljenosti (VLEP), ki jih dolo\u010da Zakon o delu, dolo\u010dajo <strong>najvi\u0161jo dovoljeno koncentracijo onesna\u017eeval in delcev<\/strong> za omejitev vplivov na zdravje zaposlenih. Prekomerne vrednosti povzro\u010dijo prekinitev dela, dokler se ne uvedejo ukrepi za omejitev izpostavljenosti zaposlenega. <\/p>\n\n<h3 class=\"wp-block-heading\" id=\"garantir-un-environnement-de-travail-sain-et-productif\">Zagotavljanje zdravega in produktivnega delovnega okolja<\/h3>\n\n<p>Poleg zakonske narave merjenje kakovosti zraka v zaprtih prostorih prina\u0161a \u0161tevilne <a href=\"https:\/\/obera.fr\/sl\/nas-nasvet\/comment-rafraichissement-evaporation-ameliorer-production-industrielle\/\">prednosti za podjetja<\/a>:<\/p>\n\n<ul class=\"wp-block-list\">\n<li><strong>Izbolj\u0161anje zdravja zaposlenih<\/strong> prispeva k zmanj\u0161anju absentizma in pogostosti bolni\u0161kih odsotnosti.<\/li>\n\n\n\n<li><strong>Zmanj\u0161anje usedlin delcev na napravah in tleh<\/strong> omogo\u010da prihranke pri \u010di\u0161\u010denju in vzdr\u017eevanju.<\/li>\n\n\n\n<li>Spremljanje ravni izpostavljenosti onesna\u017eevalom in delcem zagotavlja <strong>kakovost procesov in kon\u010dnih izdelkov<\/strong>.<\/li>\n<\/ul>\n\n<h2 class=\"wp-block-heading\" id=\"comment-mesurer-la-qualite-de-l-air-interieur\">Kako meriti kakovost zraka v zaprtih prostorih?<\/h2>\n\n<p><strong><a href=\"https:\/\/obera.fr\/sl\/nas-nasvet\/qai-diagnostic-qualite-de-l-air-interieur-batiments-industriels\/\">Diagnostika kakovosti zraka v zaprtih prostorih<\/a><\/strong> predstavlja prvo oceno ravni onesna\u017eenosti v va\u0161ih objektih. Nato je treba vzpostaviti redno spremljanje z uporabo <strong>specifi\u010dnih merilnih naprav<\/strong>. <\/p>\n\n<h3 class=\"wp-block-heading\" id=\"effectuer-un-diagnostic-qualite-de-l-air-interieur\">Izvedba diagnostike kakovosti zraka v zaprtih prostorih<\/h3>\n\n<p><strong>Diagnostika kakovosti zraka v zaprtih prostorih (QAI)<\/strong> je zakonska obveznost za objekte, ki sprejemajo otroke. Od leta 2023 bo obvezna v vseh javnih ustanovah. Kot strokovnjak na podro\u010dju <a href=\"https:\/\/obera.fr\/sl\/nas-nasvet\/traitement-air-industriel-guide-complet\/\">industrijske obdelave zraka<\/a>, OBERA izvaja diagnostiko, ki vklju\u010duje:  <\/p>\n\n<ul class=\"wp-block-list\">\n<li><strong>iskanje virov onesna\u017eenosti zraka<\/strong> v va\u0161ih prostorih;<\/li>\n\n\n\n<li><strong>merjenje koncentracije delcev in onesna\u017eeval (<\/strong> hlapnih organskih spojin, formaldehida itd.).<\/li>\n<\/ul>\n\n<h3 class=\"wp-block-heading\" id=\"utiliser-un-appareil-de-mesure-de-la-qualite-de-l-air-interieur\">Uporaba merilne naprave za kakovost zraka v zaprtih prostorih<\/h3>\n\n<p><a href=\"https:\/\/obera.fr\/sl\/nas-nasvet\/analyse-qualite-l-air-interieur\/\">Merjenje kakovosti zraka v zaprtih prostorih<\/a> se izvaja z napravami, ki so sposobne zaznati vrsto in koncentracijo onesna\u017eeval. Na\u0161a ponudba <strong>industrijskih in profesionalnih analizatorjev zraka<\/strong> zagotavlja neprekinjeno spremljanje parametrov kakovosti zraka v zaprtih prostorih: <\/p>\n\n<ul class=\"wp-block-list\">\n<li><strong>koncentracija plinastih onesna\u017eeval<\/strong>: hlapnih organskih spojin (HOS) in ogljikovega dioksida (CO2) ;<\/li>\n\n\n\n<li><strong>koncentracija in velikost delcev<\/strong>: prah in drobni delci PM 2,5 in PM 10 ;<\/li>\n\n\n\n<li><strong>temperatura in relativna vla\u017enost<\/strong>.<\/li>\n<\/ul>\n\n<p>Podatki se prena\u0161ajo neposredno na ra\u010dunalnik, kjer so vrednosti prikazane v obliki grafikonov. <strong>Analiza v realnem \u010dasu<\/strong> omogo\u010da hitro in u\u010dinkovito ukrepanje v primeru meritev, ki niso v skladu z VLEP. <\/p>\n\n<p>Za ve\u010d <strong>informacij o merjenju kakovosti zraka v zaprtih prostorih<\/strong> nas prosimo kontaktirajte. Vabimo vas tudi, da si ogledate na\u0161e nasvete o vzpostavitvi sistema za industrijsko obdelavo zraka. <\/p>\n\n<blockquote class=\"wp-block-quote is-layout-flow wp-block-quote-is-layout-flow\">\n<p>Preberite tudi: Vodnik po <a href=\"https:\/\/obera.fr\/sl\/nas-nasvet\/rafraichissement-adiabatique-confort-thermique-naturel\/\">adiabatnem hlajenju in naravnem toplotnem ugodju<\/a>.<\/p>\n<\/blockquote>\n","protected":false},"excerpt":{"rendered":"<p>Po podatkih SZO naj bi v Franciji letno zabele\u017eili skoraj 50.000 smrti, povezanih z onesna\u017eenostjo zraka, kar je 10-krat ve\u010d kot prometnih nesre\u010d! Poleg tega se ocenjuje, da je zrak v zaprtih prostorih stanovanja ali poslovnih prostorov 5 do 10-krat bolj onesna\u017een kot zrak v zunanjem okolju.<\/p>\n","protected":false},"author":13,"featured_media":0,"comment_status":"open","ping_status":"closed","sticky":false,"template":"","format":"standard","meta":{"_acf_changed":false,"_seopress_robots_primary_cat":"none","_seopress_titles_title":"Merjenje kakovosti zraka v zaprtih prostorih: pomen in na\u010delo","_seopress_titles_desc":"Po podatkih SZO naj bi v Franciji letno zabele\u017eili skoraj 50.000 smrti, povezanih z onesna\u017eenostjo zraka, kar je 10-krat ve\u010d kot prometnih nesre\u010d!","_seopress_robots_index":"","footnotes":""},"categories":[138],"tags":[],"class_list":["post-134339","post","type-post","status-publish","format-standard","hentry","category-nas-nasvet","generate-columns","tablet-grid-50","mobile-grid-100","grid-parent","grid-50","no-featured-image-padding"],"acf":[],"_links":{"self":[{"href":"https:\/\/obera.fr\/sl\/wp-json\/wp\/v2\/posts\/134339","targetHints":{"allow":["GET"]}}],"collection":[{"href":"https:\/\/obera.fr\/sl\/wp-json\/wp\/v2\/posts"}],"about":[{"href":"https:\/\/obera.fr\/sl\/wp-json\/wp\/v2\/types\/post"}],"author":[{"embeddable":true,"href":"https:\/\/obera.fr\/sl\/wp-json\/wp\/v2\/users\/13"}],"replies":[{"embeddable":true,"href":"https:\/\/obera.fr\/sl\/wp-json\/wp\/v2\/comments?post=134339"}],"version-history":[{"count":1,"href":"https:\/\/obera.fr\/sl\/wp-json\/wp\/v2\/posts\/134339\/revisions"}],"predecessor-version":[{"id":134340,"href":"https:\/\/obera.fr\/sl\/wp-json\/wp\/v2\/posts\/134339\/revisions\/134340"}],"wp:attachment":[{"href":"https:\/\/obera.fr\/sl\/wp-json\/wp\/v2\/media?parent=134339"}],"wp:term":[{"taxonomy":"category","embeddable":true,"href":"https:\/\/obera.fr\/sl\/wp-json\/wp\/v2\/categories?post=134339"},{"taxonomy":"post_tag","embeddable":true,"href":"https:\/\/obera.fr\/sl\/wp-json\/wp\/v2\/tags?post=134339"}],"curies":[{"name":"wp","href":"https:\/\/api.w.org\/{rel}","templated":true}]}}