{"id":145493,"date":"2025-12-08T13:27:24","date_gmt":"2025-12-08T11:27:24","guid":{"rendered":"https:\/\/obera.fr\/nase-rada\/89-francozov-podcenjuje-onesnazenost-zraka-na-delovnem-mestu\/"},"modified":"2026-04-22T14:30:22","modified_gmt":"2026-04-22T12:30:22","slug":"89-francozov-podcenjuje-onesnazenost-zraka-na-delovnem-mestu","status":"publish","type":"post","link":"https:\/\/obera.fr\/sl\/presse\/89-francozov-podcenjuje-onesnazenost-zraka-na-delovnem-mestu\/","title":{"rendered":"89 % Francozov podcenjuje onesna\u017eenost zraka na delovnem mestu"},"content":{"rendered":"\n\n<div class=\"kpis-band\">\n  <div class=\"kpis-grid\">\n    <div class=\"kpi\">\n      <span class=\"kpi-val\">89 %<\/span>\n      <span class=\"kpi-label\">podcenjujejo onesna\u017eenost zraka v zaprtih prostorih na delovnem mestu<\/span>\n    <\/div>\n    <div class=\"kpi\">\n      <span class=\"kpi-val\">22 %<\/span>\n      <span class=\"kpi-label\">jih le ve, da je kakovost zraka zakonska obveznost delodajalca<\/span>\n    <\/div>\n    <div class=\"kpi\">\n      <span class=\"kpi-val\">5.601<\/span>\n      <span class=\"kpi-label\">anketiranih oseb v \u0161estih glavnih sektorjih dejavnosti<\/span>\n    <\/div>\n  <\/div>\n<\/div>\n\n<div class=\"article-body\">\n\n  <!-- M\u00e9ta -->\n  <div class=\"meta-bar\">\n    <span class=\"tag-cp\">Sporo\u010dilo za javnost<\/span>\n    <span class=\"meta-date\">8. december 2025 \u2014 Pariz<\/span>\n  <\/div>\n  <h1>89 % Francozov podcenjuje onesna\u017eenost zraka na delovnem mestu&#8230;<\/h1>\n\n  <!-- Intro -->\n  <p><em>Kaj menite o kakovosti zraka na va\u0161em delovnem mestu?<\/em> To je vpra\u0161anje, ki ga je podjetje <strong>OberA postavilo 5.601 osebam<\/strong> v \u0161estih glavnih sektorjih dejavnosti*. Raziskava ka\u017ee, da ve\u010dina zaposlenih podcenjuje onesna\u017eenost zraka v zaprtih prostorih, slabo pozna tveganja za svoje zdravje in v veliki meri ne pozna zakonskih obveznosti svojega delodajalca. <\/p>\n\n  <!-- \u2500\u2500 SECTION 1 \u2014 Perception de la qualit\u00e9 de l'air \u2500\u2500 -->\n  <h2>Francozi, ki slabo ocenjujejo kakovost zraka<\/h2>\n\n  <div class=\"stat-highlight\">\n    <span class=\"big-num\">57 %<\/span>\n    <div class=\"stat-text\">\n      <strong>menijo, da je zrak na njihovem delovnem mestu pozimi \u00bbzelo\u00ab ali \u00bbprecej\u00ab dobre kakovosti<\/strong>\n      <p>Dale\u010d od resni\u010dnosti \u2014 vse \u0161tudije se strinjajo, da lahko kakovost zraka v zaprtih prostorih predstavlja pomembna tveganja za zdravje, tudi brez vonja ali o\u010ditnih nev\u0161e\u010dnosti.<\/p>\n    <\/div>\n  <\/div>\n\n  <p>Skoraj 1 od 3 oseb (29 %) kljub temu meni, da je zrak na njihovem delovnem mestu slab, kar ka\u017ee, da je nelagodje \u017ee zaznavno v mnogih okoljih. Predvsem pa <strong>14 % izjavlja, da si tega vpra\u0161anja nikoli ni zastavilo<\/strong>, kar potrjuje veliko razhajanje med zaznavanjem zaposlenih in realnostjo izzivov kakovosti zraka pri delu. <\/p>\n\n  <div class=\"data-table-wrap\">\n    <div class=\"data-table-title\">Pozimi, bi rekli, da je kakovost zraka v va\u0161em delovnem okolju:<\/div>\n    <table class=\"data\">\n      <thead><tr><th>Odgovor<\/th><th>Rezultat<\/th><\/tr><\/thead>\n      <tbody>\n        <tr><td>Zelo dobra<\/td><td><div class=\"pct-bar-cell\"><div class=\"pct-bar\"><div class=\"pct-bar-fill\" style=\"width:21%\"><\/div><\/div><span class=\"pct-val\">21 %<\/span><\/div><\/td><\/tr>\n        <tr><td>Precej dobra<\/td><td><div class=\"pct-bar-cell\"><div class=\"pct-bar\"><div class=\"pct-bar-fill\" style=\"width:36%\"><\/div><\/div><span class=\"pct-val pct-top\">36 %<\/span><\/div><\/td><\/tr>\n        <tr><td>Precej slaba<\/td><td><div class=\"pct-bar-cell\"><div class=\"pct-bar\"><div class=\"pct-bar-fill\" style=\"width:23%\"><\/div><\/div><span class=\"pct-val\">23 %<\/span><\/div><\/td><\/tr>\n        <tr><td>Zelo slaba<\/td><td><div class=\"pct-bar-cell\"><div class=\"pct-bar\"><div class=\"pct-bar-fill\" style=\"width:6%\"><\/div><\/div><span class=\"pct-val\">6 %<\/span><\/div><\/td><\/tr>\n        <tr><td>Ne vem \/ nikoli si nisem zastavil vpra\u0161anja<\/td><td><div class=\"pct-bar-cell\"><div class=\"pct-bar\"><div class=\"pct-bar-fill\" style=\"width:14%;background:#E5E7EB\"><\/div><\/div><span class=\"pct-val\">14 %<\/span><\/div><\/td><\/tr>\n      <\/tbody>\n    <\/table>\n  <\/div>\n\n  <!-- \u2500\u2500 SECTION 2 \u2014 Syst\u00e8mes existants \u2500\u2500 -->\n  <h2>\u010cemu slu\u017eijo obstoje\u010di sistemi v podjetju?<\/h2>\n\n  <div class=\"stat-highlight\">\n    <span class=\"big-num\">65 %<\/span>\n    <div class=\"stat-text\">\n      <strong>zmotno menijo, da njihovi sistemi ogrevanja, klimatizacije ali mehanskega prezra\u010devanja filtrirajo ali \u010distijo zrak<\/strong>\n      <p>Ve\u010dina te opreme ni zasnovana za odstranjevanje onesna\u017eeval brez namenske naprave za obdelavo.<\/p>\n    <\/div>\n  <\/div>\n\n  <p>Bolj realisti\u010dno, <strong>23 % meni, da \u00bble ogrevajo ali hladijo\u00ab<\/strong>, 12 % pa priznava, da ne ve, kako to deluje, kar ka\u017ee na splo\u0161no nejasnost glede dejanske vloge teh naprav.<\/p>\n\n  <div class=\"data-table-wrap\">\n    <div class=\"data-table-title\">Po va\u0161em mnenju sistemi, prisotni na va\u0161em delovnem mestu (ogrevanje, klimatizacija, mehansko prezra\u010devanje):<\/div>\n    <table class=\"data\">\n      <thead><tr><th>Odgovor<\/th><th>Rezultat<\/th><\/tr><\/thead>\n      <tbody>\n        <tr><td>\u010cistijo zrak in ga delajo bolj zdravega<\/td><td><div class=\"pct-bar-cell\"><div class=\"pct-bar\"><div class=\"pct-bar-fill\" style=\"width:34%\"><\/div><\/div><span class=\"pct-val pct-top\">34 %<\/span><\/div><\/td><\/tr>\n        <tr><td>Malo filtrirajo zrak, vendar to ni njihova glavna funkcija<\/td><td><div class=\"pct-bar-cell\"><div class=\"pct-bar\"><div class=\"pct-bar-fill\" style=\"width:31%\"><\/div><\/div><span class=\"pct-val\">31 %<\/span><\/div><\/td><\/tr>\n        <tr><td>Le ogrevajo \/ hladijo zrak, ne da bi ga \u010distili<\/td><td><div class=\"pct-bar-cell\"><div class=\"pct-bar\"><div class=\"pct-bar-fill\" style=\"width:23%\"><\/div><\/div><span class=\"pct-val\">23 %<\/span><\/div><\/td><\/tr>\n        <tr><td>Ne vem, kako to deluje<\/td><td><div class=\"pct-bar-cell\"><div class=\"pct-bar\"><div class=\"pct-bar-fill\" style=\"width:12%;background:#E5E7EB\"><\/div><\/div><span class=\"pct-val\">12 %<\/span><\/div><\/td><\/tr>\n      <\/tbody>\n    <\/table>\n  <\/div>\n\n  <!-- \u2500\u2500 SECTION 3 \u2014 Contr\u00f4les \u2500\u2500 -->\n  <h2>Zelo naklju\u010dne kontrole<\/h2>\n\n  <div class=\"stats-duo\">\n    <div class=\"stat-card\">\n      <span class=\"num\"><span class=\"accent\">60 %<\/span><\/span>\n      <span class=\"lbl\">ne ve, ali se kakovost zraka meri v njihovih prostorih (29 % \u00bbne, nikoli\u00ab + 31 % \u00bbnikoli obve\u0161\u010deni\u00ab)<\/span>\n    <\/div>\n    <div class=\"stat-card\">\n      <span class=\"num\"><span class=\"accent\">14 %<\/span><\/span>\n      <span class=\"lbl\">jih le navaja <strong>redno kontrolo<\/strong> kakovosti zraka<\/span>\n    <\/div>\n  <\/div>\n\n  <p>Skoraj vsak drugi zaposleni ne ve, ali se kakovost zraka meri v njegovih prostorih: 29 % jih odgovori \u00bbne, nikoli\u00ab in 31 % jih izjavi, da nikoli niso bili obve\u0161\u010deni, da se to lahko meri. <strong>Le 14 % jih navaja redno kontrolo<\/strong>, \u010deprav se merjenje CO\u2082, delcev ali HOS zdaj \u0161teje za klju\u010dno orodje za zagotavljanje zdravega in produktivnega delovnega okolja.<\/p>\n\n  <div class=\"data-table-wrap\">\n    <div class=\"data-table-title\">Ali veste, ali se kakovost zraka (CO\u2082, fini delci, dim, HOS, industrijski prah\u2026) meri ali kontrolira v va\u0161em delovnem okolju?<\/div>\n    <table class=\"data\">\n      <thead><tr><th>Odgovor<\/th><th>Rezultat<\/th><\/tr><\/thead>\n      <tbody>\n        <tr><td>Da, redno<\/td><td><div class=\"pct-bar-cell\"><div class=\"pct-bar\"><div class=\"pct-bar-fill\" style=\"width:14%\"><\/div><\/div><span class=\"pct-val\">14 %<\/span><\/div><\/td><\/tr>\n        <tr><td>Da, vendar zelo ob\u010dasno<\/td><td><div class=\"pct-bar-cell\"><div class=\"pct-bar\"><div class=\"pct-bar-fill\" style=\"width:26%\"><\/div><\/div><span class=\"pct-val\">26 %<\/span><\/div><\/td><\/tr>\n        <tr><td>Ne, nikoli<\/td><td><div class=\"pct-bar-cell\"><div class=\"pct-bar\"><div class=\"pct-bar-fill\" style=\"width:29%\"><\/div><\/div><span class=\"pct-val pct-top\">29 %<\/span><\/div><\/td><\/tr>\n        <tr><td>Ne vem \/ nisem vedel, da se to lahko meri<\/td><td><div class=\"pct-bar-cell\"><div class=\"pct-bar\"><div class=\"pct-bar-fill\" style=\"width:31%;background:#E5E7EB\"><\/div><\/div><span class=\"pct-val\">31 %<\/span><\/div><\/td><\/tr>\n      <\/tbody>\n    <\/table>\n  <\/div>\n\n  <!-- \u2500\u2500 SECTION 4 \u2014 Priorit\u00e9 en entreprise \u2500\u2500 -->\n  <h2>Podjetja, ki jih to malo skrbi<\/h2>\n\n  <div class=\"stat-highlight\">\n    <span class=\"big-num\">12 %<\/span>\n    <div class=\"stat-text\">\n      <strong>jih le meni, da je kakovost zraka v zaprtih prostorih resni\u010dna prioriteta v njihovem podjetju<\/strong>\n      <p>37 % jih o tem skoraj nikoli ne govori, 27 % pa sploh ne ve, kako se tema obravnava \u2014 kar pomeni skoraj 2 od 3 zaposlenih v negotovosti.<\/p>\n    <\/div>\n  <\/div>\n\n  <p>V ve\u010dini podjetij kakovost zraka v zaprtih prostorih ostaja dale\u010d za varnostjo ali ergonomijo: <strong>le 12 % Francozov meni, da gre za resni\u010dno prioriteto<\/strong>. Nasprotno, 37 % jih o tem skoraj nikoli ne govori, 27 % pa sploh ne ve, kako se tema obravnava, kar pomeni skoraj 2 od 3 zaposlenih v negotovosti. <\/p>\n\n  <div class=\"data-table-wrap\">\n    <div class=\"data-table-title\">Po va\u0161em mnenju je v va\u0161em podjetju kakovost zraka v zaprtih prostorih pozimi obravnavana kot\u2026<\/div>\n    <table class=\"data\">\n      <thead><tr><th>Odgovor<\/th><th>Rezultat<\/th><\/tr><\/thead>\n      <tbody>\n        <tr><td>Pomembna prioriteta, enako kot varnost ali ergonomija<\/td><td><div class=\"pct-bar-cell\"><div class=\"pct-bar\"><div class=\"pct-bar-fill\" style=\"width:12%\"><\/div><\/div><span class=\"pct-val\">12 %<\/span><\/div><\/td><\/tr>\n        <tr><td>Tema, o kateri se v\u010dasih govori, vendar brez vidnih ukrepov<\/td><td><div class=\"pct-bar-cell\"><div class=\"pct-bar\"><div class=\"pct-bar-fill\" style=\"width:24%\"><\/div><\/div><span class=\"pct-val\">24 %<\/span><\/div><\/td><\/tr>\n        <tr><td>Tema, o kateri se skoraj nikoli ne govori<\/td><td><div class=\"pct-bar-cell\"><div class=\"pct-bar\"><div class=\"pct-bar-fill\" style=\"width:37%\"><\/div><\/div><span class=\"pct-val pct-top\">37 %<\/span><\/div><\/td><\/tr>\n        <tr><td>Sploh ne vem, kako se to obravnava<\/td><td><div class=\"pct-bar-cell\"><div class=\"pct-bar\"><div class=\"pct-bar-fill\" style=\"width:27%;background:#E5E7EB\"><\/div><\/div><span class=\"pct-val\">27 %<\/span><\/div><\/td><\/tr>\n      <\/tbody>\n    <\/table>\n  <\/div>\n\n  <!-- \u2500\u2500 SECTION 5 \u2014 D\u00e9finition d'un air sain \u2500\u2500 -->\n  <h2>Kaj je zdrav zrak?<\/h2>\n\n  <div class=\"stat-highlight\">\n    <span class=\"big-num\">64 %<\/span>\n    <div class=\"stat-text\">\n      <strong>menijo, da lahko kakovost zraka ocenijo na podlagi preprostih subjektivnih vtisov<\/strong>\n      <p>Odsotnost vonja, vidnega dima ali prito\u017eb \u2014 brez objektivnih meritev. Le 25 % jih navaja merjenje onesna\u017eeval kot dober pokazatelj. <\/p>\n    <\/div>\n  <\/div>\n\n  <p>To razhajanje ustvarja la\u017een ob\u010dutek varnosti v mnogih delovnih okoljih, \u010deprav se kakovost zraka v zaprtih prostorih <strong>natan\u010dno meri s senzorji in namenskimi diagnostikami<\/strong> ter predstavlja velik izziv za zdravje in uspe\u0161nost v podjetju.<\/p>\n\n  <div class=\"data-table-wrap\">\n    <div class=\"data-table-title\">Kateri je po va\u0161em mnenju najbolj\u0161i pokazatelj, ali je zrak v va\u0161ih prostorih zdrav?<\/div>\n    <table class=\"data\">\n      <thead><tr><th>Pokazatelj<\/th><th>Rezultat<\/th><\/tr><\/thead>\n      <tbody>\n        <tr><td>\u010ce ni neprijetnega vonja<\/td><td><div class=\"pct-bar-cell\"><div class=\"pct-bar\"><div class=\"pct-bar-fill\" style=\"width:34%\"><\/div><\/div><span class=\"pct-val pct-top\">34 %<\/span><\/div><\/td><\/tr>\n        <tr><td>Merjenje dolo\u010denih onesna\u017eeval (CO\u2082, HOS, delci itd.) z ustrezno napravo<\/td><td><div class=\"pct-bar-cell\"><div class=\"pct-bar\"><div class=\"pct-bar-fill\" style=\"width:25%\"><\/div><\/div><span class=\"pct-val\">25 %<\/span><\/div><\/td><\/tr>\n        <tr><td>\u010ce ni vidnega dima ali prahu<\/td><td><div class=\"pct-bar-cell\"><div class=\"pct-bar\"><div class=\"pct-bar-fill\" style=\"width:23%\"><\/div><\/div><span class=\"pct-val\">23 %<\/span><\/div><\/td><\/tr>\n        <tr><td>Ne vem<\/td><td><div class=\"pct-bar-cell\"><div class=\"pct-bar\"><div class=\"pct-bar-fill\" style=\"width:11%;background:#E5E7EB\"><\/div><\/div><span class=\"pct-val\">11 %<\/span><\/div><\/td><\/tr>\n        <tr><td>\u010ce se nih\u010de ne prito\u017euje (brez glavobolov, brez nelagodja)<\/td><td><div class=\"pct-bar-cell\"><div class=\"pct-bar\"><div class=\"pct-bar-fill\" style=\"width:7%;background:#E5E7EB\"><\/div><\/div><span class=\"pct-val\">7 %<\/span><\/div><\/td><\/tr>\n      <\/tbody>\n    <\/table>\n  <\/div>\n\n  <!-- \u2500\u2500 SECTION 6 \u2014 Connaissance des param\u00e8tres \u2500\u2500 -->\n  <h2>Pomanjkanje znanja o vpra\u0161anju<\/h2>\n\n  <p>Zelo malo Francozov pozna parametre, ki se uporabljajo za merjenje kakovosti zraka v zaprtih prostorih. Medtem ko sta temperatura (91 %) in relativna vla\u017enost (76 %) splo\u0161no prepoznani, <strong>le 64 % jih navaja CO\u2082, 38 % fine delce in komaj 5 % pozna HOS<\/strong>, \u010deprav so ta onesna\u017eevala v sredi\u0161\u010du profesionalnih diagnostik kakovosti zraka. Skoraj 1 od 10 anketirancev celo izjavi, da ne pozna nobenega merilnega parametra.  <\/p>\n\n  <div class=\"data-table-wrap\">\n    <div class=\"data-table-title\">Katere od teh parametrov poznate kot tiste, ki se uporabljajo za merjenje kakovosti zraka v zaprtih prostorih? (mo\u017enih je ve\u010d odgovorov)<\/div>\n    <table class=\"data\">\n      <thead><tr><th>Parameter<\/th><th>Rezultat<\/th><\/tr><\/thead>\n      <tbody>\n        <tr><td>Temperatura<\/td><td><div class=\"pct-bar-cell\"><div class=\"pct-bar\"><div class=\"pct-bar-fill\" style=\"width:91%\"><\/div><\/div><span class=\"pct-val pct-top\">91 %<\/span><\/div><\/td><\/tr>\n        <tr><td>Relativna vla\u017enost<\/td><td><div class=\"pct-bar-cell\"><div class=\"pct-bar\"><div class=\"pct-bar-fill\" style=\"width:76%\"><\/div><\/div><span class=\"pct-val pct-top\">76 %<\/span><\/div><\/td><\/tr>\n        <tr><td>CO\u2082 (ogljikov dioksid)<\/td><td><div class=\"pct-bar-cell\"><div class=\"pct-bar\"><div class=\"pct-bar-fill\" style=\"width:64%\"><\/div><\/div><span class=\"pct-val\">64 %<\/span><\/div><\/td><\/tr>\n        <tr><td>Fini delci (PM2,5 \/ PM10)<\/td><td><div class=\"pct-bar-cell\"><div class=\"pct-bar\"><div class=\"pct-bar-fill\" style=\"width:38%\"><\/div><\/div><span class=\"pct-val\">38 %<\/span><\/div><\/td><\/tr>\n        <tr><td>Noben od teh izrazov mi ni znan<\/td><td><div class=\"pct-bar-cell\"><div class=\"pct-bar\"><div class=\"pct-bar-fill\" style=\"width:9%;background:#E5E7EB\"><\/div><\/div><span class=\"pct-val\">9 %<\/span><\/div><\/td><\/tr>\n        <tr><td>HOS (hlapne organske spojine)<\/td><td><div class=\"pct-bar-cell\"><div class=\"pct-bar\"><div class=\"pct-bar-fill\" style=\"width:5%;background:#E5E7EB\"><\/div><\/div><span class=\"pct-val\">5 %<\/span><\/div><\/td><\/tr>\n      <\/tbody>\n    <\/table>\n  <\/div>\n\n  <!-- \u2500\u2500 SECTION 7 \u2014 Pollution sous-estim\u00e9e \u2500\u2500 -->\n  <h2>Zelo podcenjena onesna\u017eenost zraka v zaprtih prostorih<\/h2>\n\n  <div class=\"stat-highlight\">\n    <span class=\"big-num\">89 %<\/span>\n    <div class=\"stat-text\">\n      <strong>podcenjujejo onesna\u017eenost zraka v zaprtih prostorih v profesionalnih okoljih ali nimajo pojma o njeni ravni<\/strong>\n      <p>Le 11 % jih ve, da je lahko 5- do 10-krat bolj onesna\u017een kot zunanji zrak, kar potrjujejo podatki OQEI.<\/p>\n    <\/div>\n  <\/div>\n\n  <p>Podrobneje, <strong>63 % jih meni, da je zrak v zaprtih prostorih manj, enako ali le malo bolj onesna\u017een kot zunaj<\/strong>, 26 % pa si tega vpra\u0161anja nikoli ni zastavilo. To veliko razhajanje med zaznavanjem in realnostjo ponazarja, kako nevidno tveganje ostaja onesna\u017eenost zraka v zaprtih prostorih, \u010deprav je prepoznana kot pomemben izziv za javno zdravje in prepre\u010devanje v podjetjih. <\/p>\n\n  <div class=\"data-table-wrap\">\n    <div class=\"data-table-title\">Po va\u0161em mnenju je zrak v zaprtih prostorih v delovnih okoljih:<\/div>\n    <table class=\"data\">\n      <thead><tr><th>Zaznana raven onesna\u017eenosti<\/th><th>Rezultat<\/th><\/tr><\/thead>\n      <tbody>\n        <tr><td>Malo bolj onesna\u017een, vendar ne toliko<\/td><td><div class=\"pct-bar-cell\"><div class=\"pct-bar\"><div class=\"pct-bar-fill\" style=\"width:28%\"><\/div><\/div><span class=\"pct-val pct-top\">28 %<\/span><\/div><\/td><\/tr>\n        <tr><td>Ne vem \/ Nikoli si nisem zastavil vpra\u0161anja<\/td><td><div class=\"pct-bar-cell\"><div class=\"pct-bar\"><div class=\"pct-bar-fill\" style=\"width:26%;background:#E5E7EB\"><\/div><\/div><span class=\"pct-val\">26 %<\/span><\/div><\/td><\/tr>\n        <tr><td>Pribli\u017eno enako onesna\u017een<\/td><td><div class=\"pct-bar-cell\"><div class=\"pct-bar\"><div class=\"pct-bar-fill\" style=\"width:23%\"><\/div><\/div><span class=\"pct-val\">23 %<\/span><\/div><\/td><\/tr>\n        <tr><td>Manj onesna\u017een kot zunanji zrak<\/td><td><div class=\"pct-bar-cell\"><div class=\"pct-bar\"><div class=\"pct-bar-fill\" style=\"width:12%;background:#E5E7EB\"><\/div><\/div><span class=\"pct-val\">12 %<\/span><\/div><\/td><\/tr>\n        <tr><td><strong>5- do 10-krat bolj onesna\u017een<\/strong> (resni\u010dnost)<\/td><td><div class=\"pct-bar-cell\"><div class=\"pct-bar\"><div class=\"pct-bar-fill\" style=\"width:11%\"><\/div><\/div><span class=\"pct-val pct-top\">11 %<\/span><\/div><\/td><\/tr>\n      <\/tbody>\n    <\/table>\n  <\/div>\n\n  <!-- \u2500\u2500 SECTION 8 \u2014 Obligation l\u00e9gale \u2500\u2500 -->\n  <h2>Kaj pa zakon?<\/h2>\n\n  <div class=\"stats-duo\">\n    <div class=\"stat-card\">\n      <span class=\"num\"><span class=\"accent\">22 %<\/span><\/span>\n      <span class=\"lbl\">jasno ve, da je kakovost zraka <strong>zakonska obveznost<\/strong> za delodajalca<\/span>\n    <\/div>\n    <div class=\"stat-card\">\n      <span class=\"num\"><span class=\"accent\">49 %<\/span><\/span>\n      <span class=\"lbl\">ne ve ali meni, da to ni zakonska obveznost<\/span>\n    <\/div>\n  <\/div>\n\n  <p>Ti rezultati razkrivajo tudi resni\u010dno zmedo glede delovnega prava: <strong>le 22 % anketirancev jasno ve, da je vzdr\u017eevanje zdravega zraka v zaprtih prostorih zakonska obveznost za delodajalca<\/strong>. Res je, 29 % jih meni, da je to \u00bbverjetno res\u00ab, vendar skoraj 1 od 2 zaposlenih (49 %) tega ne ve ali meni, da to ni obveznost. <\/p>\n\n  <div class=\"data-table-wrap\">\n    <div class=\"data-table-title\">Ali je po va\u0161em mnenju vzdr\u017eevanje zdravega zraka v zaprtih prostorih zakonska obveznost za delodajalca?<\/div>\n    <table class=\"data\">\n      <thead><tr><th>Odgovor<\/th><th>Rezultat<\/th><\/tr><\/thead>\n      <tbody>\n        <tr><td>Verjetno res<\/td><td><div class=\"pct-bar-cell\"><div class=\"pct-bar\"><div class=\"pct-bar-fill\" style=\"width:29%\"><\/div><\/div><span class=\"pct-val\">29 %<\/span><\/div><\/td><\/tr>\n        <tr><td>Da, to je popolnoma res<\/td><td><div class=\"pct-bar-cell\"><div class=\"pct-bar\"><div class=\"pct-bar-fill\" style=\"width:22%\"><\/div><\/div><span class=\"pct-val pct-top\">22 %<\/span><\/div><\/td><\/tr>\n        <tr><td>Ne vem, ali je resni\u010dno ali napa\u010dno<\/td><td><div class=\"pct-bar-cell\"><div class=\"pct-bar\"><div class=\"pct-bar-fill\" style=\"width:25%;background:#E5E7EB\"><\/div><\/div><span class=\"pct-val\">25 %<\/span><\/div><\/td><\/tr>\n        <tr><td>Verjetno napa\u010dno, mislim, da to ni obveznost<\/td><td><div class=\"pct-bar-cell\"><div class=\"pct-bar\"><div class=\"pct-bar-fill\" style=\"width:15%;background:#E5E7EB\"><\/div><\/div><span class=\"pct-val\">15 %<\/span><\/div><\/td><\/tr>\n        <tr><td>Popolnoma napa\u010dno<\/td><td><div class=\"pct-bar-cell\"><div class=\"pct-bar\"><div class=\"pct-bar-fill\" style=\"width:9%;background:#E5E7EB\"><\/div><\/div><span class=\"pct-val\">9 %<\/span><\/div><\/td><\/tr>\n      <\/tbody>\n    <\/table>\n  <\/div>\n\n  <div class=\"section-divider\"><\/div>\n\n  <!-- \u2500\u2500 CITATION \u2500\u2500 -->\n  <blockquote class=\"quote-block\">\n    <p class=\"quote-text\">\u201eTa raziskava poudarja klju\u010dno to\u010dko: vrzel med tem, kar priporo\u010dajo strokovnjaki \u2013 strukturirano in redno spremljanje kakovosti zraka v zaprtih prostorih \u2013 in realnostjo na terenu, kjer nadzor ostaja v veliki meri marginalen, celo neviden za zaposlene. Kljub temu Zakon o delovnih razmerjih jasno nalaga delodajalcu, da zagotavlja zdrav zrak in prepre\u010duje tveganja, povezana z onesna\u017eenostjo v zaprtih prostorih (zlasti \u010dleni L4121-1 in R4222-1). To razhajanje med pravnim okvirom in zaznavanjem zaposlenih ka\u017ee, da kakovost zraka ostaja resni\u010dna slepa pega v kulturi prepre\u010devanja v podjetjih.\u201c<\/p>\n    <p class=\"quote-author\">\n        <span class=\"quote-author-name\">Thibaut SAMSEL<\/span>\n        <span class=\"quote-author-title\">Direktor in ustanovitelj podjetja OberA<\/span>\n    <\/p>\n  <\/blockquote>\n\n  <!-- \u2500\u2500 M\u00c9THODOLOGIE \u2500\u2500 -->\n  <div class=\"methodo-box\">\n    <h3>* Metodologija<\/h3>\n    <p>Raziskava je bila izvedena na reprezentativnem vzorcu <strong>5.601 oseb<\/strong>, ki prebivajo v Franciji, starih 18 let in ve\u010d. Anketa je bila izvedena na spletu novembra 2025 prek panela anketirancev BuzzPress (27.700 oseb je bilo anketiranih elektronsko po e-po\u0161ti ter na Facebooku in LinkedInu). <\/p>\n    <p>Odgovori so bili zbrani in ponderirani glede na vnaprej dolo\u010dene kvote, ki so zagotavljale reprezentativnost vzorca, na podlagi administrativnih podatkov in podatkov, zbranih s strani INSEE.<\/p>\n    <p><strong>Profili podjetij:<\/strong> Storitve za posameznike (28 %) \u00b7 Storitve za podjetja (23 %) \u00b7 Javni\/parajavni sektor (19 %) \u00b7 Industrija\/proizvodnja (16 %) \u00b7 Gradbeni\u0161tvo\/gradbeni\u0161tvo (7 %) \u00b7 Transport\/logistika (6 %)<\/p>\n  <\/div>\n\n<\/div><!-- \/.article-body -->\n\n\n<h2 class=\"wp-block-heading has-text-align-left\">Pisali so o nas!<\/h2>\n\n<div class=\"wp-block-columns are-vertically-aligned-center is-layout-flex wp-container-core-columns-is-layout-8bffabeb wp-block-columns-is-layout-flex\" style=\"margin-top:var(--wp--preset--spacing--30);margin-bottom:var(--wp--preset--spacing--30);padding-top:0;padding-bottom:0\">\n<div class=\"wp-block-column is-vertically-aligned-center is-layout-flow wp-block-column-is-layout-flow\">\n<figure class=\"wp-block-image size-full\"><a href=\"https:\/\/presseagence.fr\/paris-sondage-qvct-4-francais-sur-5-ignorent-comment-detecter-un-air-vraiment-sain\/\" target=\"_blank\" rel=\" noreferrer noopener\"><img decoding=\"async\" width=\"463\" height=\"153\" src=\"https:\/\/obera.fr\/wp-content\/uploads\/2026\/02\/logo_de_presse_agence.jpg\" alt=\"logotip presse agence\" class=\"wp-image-143848\" srcset=\"https:\/\/obera.fr\/wp-content\/uploads\/2026\/02\/logo_de_presse_agence.jpg 463w, https:\/\/obera.fr\/wp-content\/uploads\/2026\/02\/logo_de_presse_agence-300x99.jpg 300w\" sizes=\"(max-width: 463px) 100vw, 463px\" \/><\/a><figcaption class=\"wp-element-caption\"><em>PRESSE AGENCE<\/em><\/figcaption><\/figure>\n<\/div>\n\n\n\n<div class=\"wp-block-column is-vertically-aligned-center is-layout-flow wp-block-column-is-layout-flow\">\n<figure class=\"wp-block-image size-large\"><a href=\"https:\/\/xn--horizonviesant-okb.com\/4-francais-sur-5-ignorent-comment-detecter-un-air-vraiment-sain\/\" target=\"_blank\" rel=\" noreferrer noopener\"><img decoding=\"async\" width=\"1024\" height=\"207\" src=\"https:\/\/obera.fr\/wp-content\/uploads\/2026\/02\/loog-horizonviesante-1024x207.png\" alt=\"logotip horizonviesante\" class=\"wp-image-143849\" srcset=\"https:\/\/obera.fr\/wp-content\/uploads\/2026\/02\/loog-horizonviesante-1024x207.png 1024w, https:\/\/obera.fr\/wp-content\/uploads\/2026\/02\/loog-horizonviesante-300x61.png 300w, https:\/\/obera.fr\/wp-content\/uploads\/2026\/02\/loog-horizonviesante-768x156.png 768w, https:\/\/obera.fr\/wp-content\/uploads\/2026\/02\/loog-horizonviesante.png 1229w\" sizes=\"(max-width: 1024px) 100vw, 1024px\" \/><\/a><figcaption class=\"wp-element-caption\"><em>HORIZON VIE ET SANTE<\/em><\/figcaption><\/figure>\n<\/div>\n\n\n\n<div class=\"wp-block-column is-vertically-aligned-center has-contrast-background-color has-background is-layout-constrained wp-block-column-is-layout-constrained\">\n<figure class=\"wp-block-image size-full\"><a href=\"https:\/\/www.news-eco.com\/communique\/au-travail-lair-semble-correct-mais-la-plupart-se-trompent\/\" target=\"_blank\" rel=\" noreferrer noopener\"><img decoding=\"async\" width=\"215\" height=\"42\" src=\"https:\/\/obera.fr\/wp-content\/uploads\/2026\/02\/news-eco-logo2.png\" alt=\"logotip news eco2\" class=\"wp-image-143850\"\/><\/a><\/figure>\n<\/div>\n\n\n\n<div class=\"wp-block-column is-vertically-aligned-center is-layout-flow wp-block-column-is-layout-flow\">\n<figure class=\"wp-block-image size-full\"><a href=\"https:\/\/www.lyftvnews.com\/t9528-au-travail-lair-a-lair-sain-mais-89-des-francais-se-trompent#10372\" target=\"_blank\" rel=\" noreferrer noopener\"><img decoding=\"async\" width=\"900\" height=\"900\" src=\"https:\/\/obera.fr\/wp-content\/uploads\/2026\/02\/logo-lyftv.jpg\" alt=\"logotip lyftv\" class=\"wp-image-143851\" srcset=\"https:\/\/obera.fr\/wp-content\/uploads\/2026\/02\/logo-lyftv.jpg 900w, https:\/\/obera.fr\/wp-content\/uploads\/2026\/02\/logo-lyftv-300x300.jpg 300w, https:\/\/obera.fr\/wp-content\/uploads\/2026\/02\/logo-lyftv-150x150.jpg 150w, https:\/\/obera.fr\/wp-content\/uploads\/2026\/02\/logo-lyftv-768x768.jpg 768w\" sizes=\"(max-width: 900px) 100vw, 900px\" \/><\/a><figcaption class=\"wp-element-caption\"><em>LYF TV NEWS<\/em><\/figcaption><\/figure>\n<\/div>\n\n\n\n<div class=\"wp-block-column is-vertically-aligned-center is-layout-flow wp-block-column-is-layout-flow\">\n<figure class=\"wp-block-image size-full\"><a href=\"https:\/\/communiques.categorynet.com\/sante\/525169-4-francais-sur-5-ignorent-comment-detecter-un-air-vraiment-s\/\" target=\"_blank\" rel=\" noreferrer noopener\"><img decoding=\"async\" width=\"201\" height=\"41\" src=\"https:\/\/obera.fr\/wp-content\/uploads\/2026\/02\/cropped-cn-1.webp\" alt=\"obrezan cn 1\" class=\"wp-image-143852\"\/><\/a><figcaption class=\"wp-element-caption\"><em>CATEGORYNET<\/em><\/figcaption><\/figure>\n<\/div>\n<\/div>\n\n<div class=\"wp-block-columns are-vertically-aligned-center is-layout-flex wp-container-core-columns-is-layout-28f84493 wp-block-columns-is-layout-flex\">\n<div class=\"wp-block-column is-vertically-aligned-center is-layout-flow wp-block-column-is-layout-flow\">\n<figure class=\"wp-block-image size-full\"><a href=\"https:\/\/www.esteval.fr\/article.44169.etudes-89-pourcents-des-francais-sous-estiment-la-pollution-de-l-air-sur-leur-lieu-de-travail\" target=\"_blank\" rel=\" noreferrer noopener\"><img decoding=\"async\" width=\"200\" height=\"200\" src=\"https:\/\/obera.fr\/wp-content\/uploads\/2026\/02\/logo_esteval_200_200.jpg\" alt=\"logotip esteval 200 200\" class=\"wp-image-143853\" srcset=\"https:\/\/obera.fr\/wp-content\/uploads\/2026\/02\/logo_esteval_200_200.jpg 200w, https:\/\/obera.fr\/wp-content\/uploads\/2026\/02\/logo_esteval_200_200-150x150.jpg 150w\" sizes=\"(max-width: 200px) 100vw, 200px\" \/><\/a><figcaption class=\"wp-element-caption\"><em>ESTEVAL<\/em><\/figcaption><\/figure>\n<\/div>\n\n\n\n<div class=\"wp-block-column is-vertically-aligned-center is-layout-flow wp-block-column-is-layout-flow\">\n<figure class=\"wp-block-image size-full\"><img decoding=\"async\" width=\"700\" height=\"350\" src=\"https:\/\/obera.fr\/wp-content\/uploads\/2026\/02\/therm-presse01.jpg\" alt=\"therm presse01\" class=\"wp-image-143854\" srcset=\"https:\/\/obera.fr\/wp-content\/uploads\/2026\/02\/therm-presse01.jpg 700w, https:\/\/obera.fr\/wp-content\/uploads\/2026\/02\/therm-presse01-300x150.jpg 300w\" sizes=\"(max-width: 700px) 100vw, 700px\" \/><figcaption class=\"wp-element-caption\"><em>THERMPRESSE<\/em><\/figcaption><\/figure>\n<\/div>\n\n\n\n<div class=\"wp-block-column is-vertically-aligned-center is-layout-flow wp-block-column-is-layout-flow\">\n<figure class=\"wp-block-image size-full\"><a href=\"https:\/\/terre-futur.com\/un-angle-mort-sanitaire-qui-persiste-dans-les-entreprises-francaises\/\" target=\"_blank\" rel=\" noreferrer noopener\"><img decoding=\"async\" width=\"512\" height=\"512\" src=\"https:\/\/obera.fr\/wp-content\/uploads\/2026\/02\/terrefutur_logo.jpg\" alt=\"logotip terrefutur\" class=\"wp-image-143855\" srcset=\"https:\/\/obera.fr\/wp-content\/uploads\/2026\/02\/terrefutur_logo.jpg 512w, https:\/\/obera.fr\/wp-content\/uploads\/2026\/02\/terrefutur_logo-300x300.jpg 300w, https:\/\/obera.fr\/wp-content\/uploads\/2026\/02\/terrefutur_logo-150x150.jpg 150w\" sizes=\"(max-width: 512px) 100vw, 512px\" \/><\/a><figcaption class=\"wp-element-caption\"><em>TERRE FUTUR<\/em><\/figcaption><\/figure>\n<\/div>\n\n\n\n<div class=\"wp-block-column is-vertically-aligned-center is-layout-flow wp-block-column-is-layout-flow\">\n<figure class=\"wp-block-image size-full\"><a href=\"https:\/\/portaildocumentaire.inrs.fr\/blog-view\/25\/veille-qualite-de-lair-interieur\/2038\/bulletin-de-veille-qualite-de-lair-interieur-janvier-2026\" target=\"_blank\" rel=\" noreferrer noopener\"><img decoding=\"async\" width=\"366\" height=\"138\" src=\"https:\/\/obera.fr\/wp-content\/uploads\/2026\/02\/logoinrs.png\" alt=\"logotip inrs\" class=\"wp-image-143856\" srcset=\"https:\/\/obera.fr\/wp-content\/uploads\/2026\/02\/logoinrs.png 366w, https:\/\/obera.fr\/wp-content\/uploads\/2026\/02\/logoinrs-300x113.png 300w\" sizes=\"(max-width: 366px) 100vw, 366px\" \/><\/a><figcaption class=\"wp-element-caption\"><em>DOKUMENTACIJSKI PORTAL INRS<\/em><\/figcaption><\/figure>\n<\/div>\n<\/div>\n","protected":false},"excerpt":{"rendered":"<p>Onesna\u017eenost, ki je lahko 5- do 10-krat vi\u0161ja kot zunaj. Le 22 % zaposlenih ve, da je vzdr\u017eevanje zdravega zraka v zaprtih prostorih zakonska obveznost za delodajalca<\/p>\n","protected":false},"author":4,"featured_media":0,"comment_status":"open","ping_status":"closed","sticky":false,"template":"","format":"standard","meta":{"_acf_changed":false,"_seopress_robots_primary_cat":"980","_seopress_titles_title":"\u0160tudija: Onesna\u017eenost zraka na delovnih mestih","_seopress_titles_desc":"","_seopress_robots_index":"","footnotes":""},"categories":[989],"tags":[],"class_list":["post-145493","post","type-post","status-publish","format-standard","hentry","category-mediji","generate-columns","tablet-grid-50","mobile-grid-100","grid-parent","grid-50","no-featured-image-padding"],"acf":[],"_links":{"self":[{"href":"https:\/\/obera.fr\/sl\/wp-json\/wp\/v2\/posts\/145493","targetHints":{"allow":["GET"]}}],"collection":[{"href":"https:\/\/obera.fr\/sl\/wp-json\/wp\/v2\/posts"}],"about":[{"href":"https:\/\/obera.fr\/sl\/wp-json\/wp\/v2\/types\/post"}],"author":[{"embeddable":true,"href":"https:\/\/obera.fr\/sl\/wp-json\/wp\/v2\/users\/4"}],"replies":[{"embeddable":true,"href":"https:\/\/obera.fr\/sl\/wp-json\/wp\/v2\/comments?post=145493"}],"version-history":[{"count":3,"href":"https:\/\/obera.fr\/sl\/wp-json\/wp\/v2\/posts\/145493\/revisions"}],"predecessor-version":[{"id":154255,"href":"https:\/\/obera.fr\/sl\/wp-json\/wp\/v2\/posts\/145493\/revisions\/154255"}],"wp:attachment":[{"href":"https:\/\/obera.fr\/sl\/wp-json\/wp\/v2\/media?parent=145493"}],"wp:term":[{"taxonomy":"category","embeddable":true,"href":"https:\/\/obera.fr\/sl\/wp-json\/wp\/v2\/categories?post=145493"},{"taxonomy":"post_tag","embeddable":true,"href":"https:\/\/obera.fr\/sl\/wp-json\/wp\/v2\/tags?post=145493"}],"curies":[{"name":"wp","href":"https:\/\/api.w.org\/{rel}","templated":true}]}}