{"id":145715,"date":"2026-01-20T15:01:12","date_gmt":"2026-01-20T13:01:12","guid":{"rendered":"https:\/\/obera.fr\/nase-rada\/ali-francozi-pozimi-na-svojem-delovnem-mestu-dihajo-zdravo\/"},"modified":"2026-04-22T14:31:18","modified_gmt":"2026-04-22T12:31:18","slug":"ali-francozi-pozimi-na-svojem-delovnem-mestu-dihajo-zdravo","status":"publish","type":"post","link":"https:\/\/obera.fr\/sl\/mediji\/ali-francozi-pozimi-na-svojem-delovnem-mestu-dihajo-zdravo\/","title":{"rendered":"Ali Francozi pozimi na svojem delovnem mestu dihajo zdravo?"},"content":{"rendered":"\n<div class=\"kpis-band\">\n  <div class=\"kpis-grid\">\n    <div class=\"kpi\">\n      <span class=\"kpi-val\">78 %<\/span>\n      <span class=\"kpi-label\">jih je pozimi na delovnem mestu \u017ee ob\u010dutilo zatohlo ozra\u010dje<\/span>\n    <\/div>\n    <div class=\"kpi\">\n      <span class=\"kpi-val\">83 %<\/span>\n      <span class=\"kpi-label\">jih meni, da morajo podjetja storiti ve\u010d za kakovost zraka<\/span>\n    <\/div>\n    <div class=\"kpi\">\n      <span class=\"kpi-val\">4.102<\/span>\n      <span class=\"kpi-label\">vpra\u0161anih v Franciji \u2014 reprezentativna anketa<\/span>\n    <\/div>\n  <\/div>\n<\/div>\n\n<div class=\"article-body\">\n\n  <!-- M\u00e9ta -->\n  <div class=\"meta-bar\">\n    <span class=\"tag-cp\">Sporo\u010dilo za javnost<\/span>\n    <span class=\"meta-date\">20. januar 2026<\/span>\n  <\/div>\n  <h1>Ali Francozi pozimi na svojem delovnem mestu dihajo zdravo? <\/h1>\n\n  <!-- Intro -->\n  <p><strong>OberA razkriva rezultate nove raziskave*, izvedene med 4.102 osebami<\/strong>, ki osvetljuje vztrajno neskladje med toplotnim ugojem in kakovostjo zraka na delovnem mestu: idealne temperature so predmet \u0161tevilnih razprav, zimsko prezra\u010devanje je redko, naprave za \u010di\u0161\u010denje zraka manjkajo, vla\u017enost je slabo nadzorovana in obstajajo pomisleki glede pravilnih ukrepov proti virusom. \u0160tudija prav tako poudarja mo\u010dna pri\u010dakovanja do delodajalcev: velika ve\u010dina zahteva konkretne ukrepe za bolj zdrav zrak v zaprtih prostorih v podjetjih in javnih prostorih. <\/p>\n\n  <!-- \u2500\u2500 SECTION 1 \u2014 Temp\u00e9rature \u2500\u2500 -->\n  <h2>Slabo uravnavana temperatura na delovnih mestih?<\/h2>\n\n  <p>Ob\u010dutek prevelikega mraza ali vro\u010dine na delovnem mestu lahko postane resna te\u017eava. Vendar pa na to temo nimajo vsi enake vizije o idealni temperaturi. Po podatkih INRS so merila za toplotno ugodje med 21 in 23 \u00b0C, to obmo\u010dje pa ima najraje le <strong>41 %<\/strong> vpra\u0161anih.   Nekateri dajejo prednost bolj var\u010dnim nastavitvam pri 19 \u00b0C ali manj (21 %), kar je blizu smernicam za energetsko u\u010dinkovitost, ki se poudarjajo v javni komunikaciji.<\/p>\n\n  <div class=\"data-table-wrap\">\n    <div class=\"data-table-title\">Kak\u0161no temperaturo imate pozimi najraje na svojem delovnem mestu?<\/div>\n    <table class=\"data\">\n      <thead><tr><th>Temperatura<\/th><th>Rezultat<\/th><\/tr><\/thead>\n      <tbody>\n        <tr><td>17 \u00b0C<\/td><td><div class=\"pct-bar-cell\"><div class=\"pct-bar\"><div class=\"pct-bar-fill\" style=\"width:2%\"><\/div><\/div><span class=\"pct-val\">2 %<\/span><\/div><\/td><\/tr>\n        <tr><td>18 \u00b0C<\/td><td><div class=\"pct-bar-cell\"><div class=\"pct-bar\"><div class=\"pct-bar-fill\" style=\"width:11%\"><\/div><\/div><span class=\"pct-val\">11 %<\/span><\/div><\/td><\/tr>\n        <tr><td>19 \u00b0C<\/td><td><div class=\"pct-bar-cell\"><div class=\"pct-bar\"><div class=\"pct-bar-fill\" style=\"width:19%\"><\/div><\/div><span class=\"pct-val\">19 %<\/span><\/div><\/td><\/tr>\n        <tr><td>20 \u00b0C<\/td><td><div class=\"pct-bar-cell\"><div class=\"pct-bar\"><div class=\"pct-bar-fill\" style=\"width:21%\"><\/div><\/div><span class=\"pct-val pct-top\">21 %<\/span><\/div><\/td><\/tr>\n        <tr><td>21 \u00b0C<\/td><td><div class=\"pct-bar-cell\"><div class=\"pct-bar\"><div class=\"pct-bar-fill\" style=\"width:18%\"><\/div><\/div><span class=\"pct-val\">18 %<\/span><\/div><\/td><\/tr>\n        <tr><td>22 \u00b0C<\/td><td><div class=\"pct-bar-cell\"><div class=\"pct-bar\"><div class=\"pct-bar-fill\" style=\"width:12%\"><\/div><\/div><span class=\"pct-val\">12 %<\/span><\/div><\/td><\/tr>\n        <tr><td>23 \u00b0C<\/td><td><div class=\"pct-bar-cell\"><div class=\"pct-bar\"><div class=\"pct-bar-fill\" style=\"width:11%\"><\/div><\/div><span class=\"pct-val\">11 %<\/span><\/div><\/td><\/tr>\n        <tr><td>Ve\u010d kot 24 \u00b0C<\/td><td><div class=\"pct-bar-cell\"><div class=\"pct-bar\"><div class=\"pct-bar-fill\" style=\"width:5%\"><\/div><\/div><span class=\"pct-val\">5 %<\/span><\/div><\/td><\/tr>\n        <tr><td>Ne vem<\/td><td><div class=\"pct-bar-cell\"><div class=\"pct-bar\"><div class=\"pct-bar-fill\" style=\"width:1%;background:#E5E7EB\"><\/div><\/div><span class=\"pct-val\">1 %<\/span><\/div><\/td><\/tr>\n      <\/tbody>\n    <\/table>\n  <\/div>\n\n  <!-- \u2500\u2500 SECTION 2 \u2014 Chaleur vs air renouvel\u00e9 \u2500\u2500 -->\n  <h2>Francozi imajo raje toploto kot sve\u017e zrak<\/h2>\n\n  <div class=\"stat-highlight\">\n    <span class=\"big-num\">48 %<\/span>\n    <div class=\"stat-text\">\n      <strong>ima raje toplo okolje, tudi \u010de se zrak redko obnavlja<\/strong>\n      <p>V primerjavi z 41 %, ki dajejo prednost rednemu obnavljanju zraka, \u010detudi na ra\u010dun hladnej\u0161ega okolja.<\/p>\n    <\/div>\n  <\/div>\n\n  <p>\u010ce bi morali izbirati, ima skoraj vsak drugi Francoz raje toplo okolje, tudi \u010de se zrak redko obnavlja (48 %), v primerjavi z 41 %, ki dajejo prednost rednemu obnavljanju zraka, \u010detudi na ra\u010dun hladnej\u0161ega okolja. Nazadnje se 11 % vpra\u0161anih ni opredelilo. Ti rezultati potrjujejo pomen toplotnega ugodja pri dojemanju zdravega okolja, \u010deprav javna priporo\u010dila poudarjajo pomen vsakodnevnega prezra\u010devanja, tudi pozimi.  <\/p>\n\n  <div class=\"data-table-wrap\">\n    <div class=\"data-table-title\">Kaj bi izbrali, \u010de bi morali?<\/div>\n    <table class=\"data\">\n      <thead><tr><th>Odgovor<\/th><th>Rezultat<\/th><\/tr><\/thead>\n      <tbody>\n        <tr><td>Toplo okolje, tudi \u010de se zrak redko obnavlja<\/td><td><div class=\"pct-bar-cell\"><div class=\"pct-bar\"><div class=\"pct-bar-fill\" style=\"width:48%\"><\/div><\/div><span class=\"pct-val pct-top\">48 %<\/span><\/div><\/td><\/tr>\n        <tr><td>Nekoliko hladnej\u0161e okolje, vendar z rednim prezra\u010devanjem<\/td><td><div class=\"pct-bar-cell\"><div class=\"pct-bar\"><div class=\"pct-bar-fill\" style=\"width:41%\"><\/div><\/div><span class=\"pct-val\">41 %<\/span><\/div><\/td><\/tr>\n        <tr><td>Ne vem \/ odvisno<\/td><td><div class=\"pct-bar-cell\"><div class=\"pct-bar\"><div class=\"pct-bar-fill\" style=\"width:11%;background:#E5E7EB\"><\/div><\/div><span class=\"pct-val\">11 %<\/span><\/div><\/td><\/tr>\n      <\/tbody>\n    <\/table>\n  <\/div>\n\n  <!-- \u2500\u2500 SECTION 3 \u2014 Humidit\u00e9 \u2500\u2500 -->\n  <h2>Francozi so zaskrbljeni zaradi vlage \u2026 vendar brez pravega nadzora<\/h2>\n\n  <div class=\"stats-duo\">\n    <div class=\"stat-card\">\n      <span class=\"num\"><span class=\"accent\">90 %<\/span><\/span>\n      <span class=\"lbl\">jih skrbi vla\u017enost zraka na delovnem mestu<\/span>\n    <\/div>\n    <div class=\"stat-card\">\n      <span class=\"num\"><span class=\"accent\">8 %<\/span><\/span>\n      <span class=\"lbl\">jih le navaja, da se vla\u017enost v njihovem podjetju dejansko <strong>meri<\/strong><\/span>\n    <\/div>\n  <\/div>\n\n  <p>Vla\u017enost zraka na delovnem mestu je zelo raz\u0161irjena skrb: <strong>90 % vpra\u0161anih to skrbi<\/strong>, vendar jih le 8 % navaja, da se vla\u017enost dejansko meri za ugotavljanje njene stopnje. Nasprotno pa <strong>82 % vpra\u0161anih izjavlja, da nimajo jasnega spremljanja<\/strong> (31 % jih ne ve, ali se meritve izvajajo, 51 % pa jih trdi, da je ne meri nih\u010de). Relativna vla\u017enost pa je priznan parameter udobja in zdravja, s priporo\u010dili obi\u010dajno okoli 40\u201360 % za omejitev nelagodja in neravnovesij.  <\/p>\n\n  <div class=\"data-table-wrap\">\n    <div class=\"data-table-title\">Ali vas skrbi vla\u017enost zraka na va\u0161em delovnem mestu?<\/div>\n    <table class=\"data\">\n      <thead><tr><th>Odgovor<\/th><th>Rezultat<\/th><\/tr><\/thead>\n      <tbody>\n        <tr><td>Da, meri se njena stopnja<\/td><td><div class=\"pct-bar-cell\"><div class=\"pct-bar\"><div class=\"pct-bar-fill\" style=\"width:8%\"><\/div><\/div><span class=\"pct-val\">8 %<\/span><\/div><\/td><\/tr>\n        <tr><td>Da, vendar ne vem, ali se meri<\/td><td><div class=\"pct-bar-cell\"><div class=\"pct-bar\"><div class=\"pct-bar-fill\" style=\"width:31%\"><\/div><\/div><span class=\"pct-val\">31 %<\/span><\/div><\/td><\/tr>\n        <tr><td>Da, vendar je nih\u010de ne meri<\/td><td><div class=\"pct-bar-cell\"><div class=\"pct-bar\"><div class=\"pct-bar-fill\" style=\"width:51%\"><\/div><\/div><span class=\"pct-val pct-top\">51 %<\/span><\/div><\/td><\/tr>\n        <tr><td>Ne, to me ne skrbi<\/td><td><div class=\"pct-bar-cell\"><div class=\"pct-bar\"><div class=\"pct-bar-fill\" style=\"width:10%;background:#E5E7EB\"><\/div><\/div><span class=\"pct-val\">10 %<\/span><\/div><\/td><\/tr>\n      <\/tbody>\n    <\/table>\n  <\/div>\n\n  <!-- \u2500\u2500 SECTION 4 \u2014 Microbes \u2500\u2500 -->\n  <h2>Kak\u0161na je re\u0161itev proti mikrobom sodelavcev?<\/h2>\n\n  <div class=\"stat-highlight\">\n    <span class=\"big-num\">31 %<\/span>\n    <div class=\"stat-text\">\n      <strong>izbere najpopolnej\u0161o strategijo: kratka prezra\u010devanja + \u010distilec zraka<\/strong>\n      <p>Preostalih 50 % se porazdeli med posamezne ukrepe \u2014 odpiranje oken (21 %) ali samo \u010distilec (29 %) \u2014 19 % pa jih ne ve ali ne stori ni\u010desar.<\/p>\n    <\/div>\n  <\/div>\n\n  <p>Z zimo so mikrobi v zraku. Vendar pa odgovori ka\u017eejo na mo\u010dno obotavljanje glede pravilnih refleksov, ki bi jih bilo treba sprejeti. Le relativna manj\u0161ina <strong>31 % izbere najpopolnej\u0161o strategijo: kratka prezra\u010devanja + \u010distilec<\/strong>. Priporo\u010dila so vendarle jasna: prezra\u010devanje, tudi pozimi z ve\u010dkratnim odpiranjem oken za nekaj minut, zmanj\u0161uje kopi\u010denje aerosolov.    Kot dopolnilo je koristna tudi filtracija HEPA.<\/p>\n\n  <div class=\"data-table-wrap\">\n    <div class=\"data-table-title\">Kateri je po va\u0161em mnenju najbolj\u0161i odgovor za zmanj\u0161anje tveganj, povezanih z respiratornimi mikrobi v zraku (aerosoli):<\/div>\n    <table class=\"data\">\n      <thead><tr><th>Odgovor<\/th><th>Rezultat<\/th><\/tr><\/thead>\n      <tbody>\n        <tr><td>Izvajati kratka redna prezra\u010devanja in uporabljati \u010distilec zraka<\/td><td><div class=\"pct-bar-cell\"><div class=\"pct-bar\"><div class=\"pct-bar-fill\" style=\"width:31%\"><\/div><\/div><span class=\"pct-val pct-top\">31 %<\/span><\/div><\/td><\/tr>\n        <tr><td>Uporabiti \u010distilec zraka (tipa HEPA, z aktivnim ogljem, nasi\u010denostni, regenerativni)<\/td><td><div class=\"pct-bar-cell\"><div class=\"pct-bar\"><div class=\"pct-bar-fill\" style=\"width:29%\"><\/div><\/div><span class=\"pct-val\">29 %<\/span><\/div><\/td><\/tr>\n        <tr><td>Odpreti okno, tudi \u010de je zunanji zrak zelo hladen in morda onesna\u017een<\/td><td><div class=\"pct-bar-cell\"><div class=\"pct-bar\"><div class=\"pct-bar-fill\" style=\"width:21%\"><\/div><\/div><span class=\"pct-val\">21 %<\/span><\/div><\/td><\/tr>\n        <tr><td>Ne vem<\/td><td><div class=\"pct-bar-cell\"><div class=\"pct-bar\"><div class=\"pct-bar-fill\" style=\"width:11%;background:#E5E7EB\"><\/div><\/div><span class=\"pct-val\">11 %<\/span><\/div><\/td><\/tr>\n        <tr><td>Ne storiti ni\u010desar<\/td><td><div class=\"pct-bar-cell\"><div class=\"pct-bar\"><div class=\"pct-bar-fill\" style=\"width:8%;background:#E5E7EB\"><\/div><\/div><span class=\"pct-val\">8 %<\/span><\/div><\/td><\/tr>\n      <\/tbody>\n    <\/table>\n  <\/div>\n\n  <!-- \u2500\u2500 SECTION 5 \u2014 A\u00e9ration \u2500\u2500 -->\n  <h2>Stop zaprtim oknom!<\/h2>\n\n  <div class=\"stats-duo\">\n    <div class=\"stat-card\">\n      <span class=\"num\"><span class=\"accent\">22 %<\/span><\/span>\n      <span class=\"lbl\">jih le pozimi odpre okna vsaj enkrat na dan<\/span>\n    <\/div>\n    <div class=\"stat-card\">\n      <span class=\"num\"><span class=\"accent\">54 %<\/span><\/span>\n      <span class=\"lbl\">to po\u010dne redkeje \u2014 od tega <strong>19 % nikoli<\/strong><\/span>\n    <\/div>\n  <\/div>\n\n  <p>Prezra\u010devanje pri delu se zdi precej nezadostno in slabo obvladovano: <strong>le 22 % vpra\u0161anih izjavlja, da odprejo okna vsaj enkrat na dan<\/strong> (7 % ve\u010dkrat, 15 % enkrat), medtem ko 54 % to po\u010dne redkeje (21 % nekajkrat na teden, 14 % redko, 19 % nikoli). Predvsem pa <strong>24 % vpra\u0161anih odgovarja, da ne vedo ali nimajo oken<\/strong>, kar ka\u017ee na pomanjkanje smernic in te\u017eave pri izvajanju pravilnih ukrepov. <\/p>\n\n  <div class=\"data-table-wrap\">\n    <div class=\"data-table-title\">Kako pogosto so pozimi odprta okna v va\u0161em delovnem prostoru?<\/div>\n    <table class=\"data\">\n      <thead><tr><th>Pogostost<\/th><th>Rezultat<\/th><\/tr><\/thead>\n      <tbody>\n        <tr><td>Ve\u010dkrat na dan<\/td><td><div class=\"pct-bar-cell\"><div class=\"pct-bar\"><div class=\"pct-bar-fill\" style=\"width:7%\"><\/div><\/div><span class=\"pct-val\">7 %<\/span><\/div><\/td><\/tr>\n        <tr><td>Enkrat na dan<\/td><td><div class=\"pct-bar-cell\"><div class=\"pct-bar\"><div class=\"pct-bar-fill\" style=\"width:15%\"><\/div><\/div><span class=\"pct-val\">15 %<\/span><\/div><\/td><\/tr>\n        <tr><td>Nekajkrat na teden<\/td><td><div class=\"pct-bar-cell\"><div class=\"pct-bar\"><div class=\"pct-bar-fill\" style=\"width:21%\"><\/div><\/div><span class=\"pct-val\">21 %<\/span><\/div><\/td><\/tr>\n        <tr><td>Redko<\/td><td><div class=\"pct-bar-cell\"><div class=\"pct-bar\"><div class=\"pct-bar-fill\" style=\"width:14%\"><\/div><\/div><span class=\"pct-val\">14 %<\/span><\/div><\/td><\/tr>\n        <tr><td>Nikoli<\/td><td><div class=\"pct-bar-cell\"><div class=\"pct-bar\"><div class=\"pct-bar-fill\" style=\"width:19%\"><\/div><\/div><span class=\"pct-val pct-top\">19 %<\/span><\/div><\/td><\/tr>\n        <tr><td>Ne vem \/ ni oken<\/td><td><div class=\"pct-bar-cell\"><div class=\"pct-bar\"><div class=\"pct-bar-fill\" style=\"width:24%;background:#E5E7EB\"><\/div><\/div><span class=\"pct-val\">24 %<\/span><\/div><\/td><\/tr>\n      <\/tbody>\n    <\/table>\n  <\/div>\n\n  <!-- \u2500\u2500 SECTION 6 \u2014 Air confin\u00e9 \u2500\u2500 -->\n  <h2>Slab zrak pri delu?<\/h2>\n\n  <div class=\"stat-highlight\">\n    <span class=\"big-num\">78 %<\/span>\n    <div class=\"stat-text\">\n      <strong>Francozov je pozimi na delovnem mestu \u017ee ob\u010dutilo zatohlo ozra\u010dje<\/strong>\n      <p>31 % pogosto in 47 % v\u010dasih \u2014 v primerjavi s samo 17 %, ki ne zaznajo ni\u010desar (14 % redko, 3 % nikoli).<\/p>\n    <\/div>\n  <\/div>\n\n  <p>Kdo \u0161e ni ob\u010dutil zatohlega zraka na svojem delovnem mestu? <strong>78 % Francozov to opa\u017ea<\/strong> (31 % pogosto in 47 % v\u010dasih). Kakovost zraka v zaprtih prostorih ostaja slabo vodena in slabo razumljena: ko se zrak zdi zatohl, mnogi ne vedo, katere vzvode aktivirati (prezra\u010devanje, kratka in redna zra\u010denja, filtracija). CO\u2082 pa je uporaben pokazatelj nezadostno obnovljenega zraka, preprosti ukrepi (zra\u010denje\/prezra\u010devanje) pa zmanj\u0161ujejo kopi\u010denje onesna\u017eeval in aerosolov.  <\/p>\n\n  <div class=\"data-table-wrap\">\n    <div class=\"data-table-title\">Ali ste pozimi pri delu \u017ee kdaj ob\u010dutili, da je zrak zatohl?<\/div>\n    <table class=\"data\">\n      <thead><tr><th>Odgovor<\/th><th>Rezultat<\/th><\/tr><\/thead>\n      <tbody>\n        <tr><td>Da, pogosto<\/td><td><div class=\"pct-bar-cell\"><div class=\"pct-bar\"><div class=\"pct-bar-fill\" style=\"width:31%\"><\/div><\/div><span class=\"pct-val pct-top\">31 %<\/span><\/div><\/td><\/tr>\n        <tr><td>Da, v\u010dasih<\/td><td><div class=\"pct-bar-cell\"><div class=\"pct-bar\"><div class=\"pct-bar-fill\" style=\"width:47%\"><\/div><\/div><span class=\"pct-val pct-top\">47 %<\/span><\/div><\/td><\/tr>\n        <tr><td>Ne, redko<\/td><td><div class=\"pct-bar-cell\"><div class=\"pct-bar\"><div class=\"pct-bar-fill\" style=\"width:14%;background:#E5E7EB\"><\/div><\/div><span class=\"pct-val\">14 %<\/span><\/div><\/td><\/tr>\n        <tr><td>Ne, nikoli<\/td><td><div class=\"pct-bar-cell\"><div class=\"pct-bar\"><div class=\"pct-bar-fill\" style=\"width:3%;background:#E5E7EB\"><\/div><\/div><span class=\"pct-val\">3 %<\/span><\/div><\/td><\/tr>\n        <tr><td>Ne vem<\/td><td><div class=\"pct-bar-cell\"><div class=\"pct-bar\"><div class=\"pct-bar-fill\" style=\"width:5%;background:#E5E7EB\"><\/div><\/div><span class=\"pct-val\">5 %<\/span><\/div><\/td><\/tr>\n      <\/tbody>\n    <\/table>\n  <\/div>\n\n  <!-- \u2500\u2500 SECTION 7 \u2014 Maladie au bureau \u2500\u2500 -->\n  <h2>Slabo ravnanje v primeru bolezni<\/h2>\n\n  <div class=\"stats-duo\">\n    <div class=\"stat-card\">\n      <span class=\"num\"><span class=\"accent\">43 %<\/span><\/span>\n      <span class=\"lbl\">jih izjavlja, da pridejo bolni na delo kljub ka\u0161lju ali prehladu<\/span>\n    <\/div>\n    <div class=\"stat-card\">\n      <span class=\"num\"><span class=\"accent\">25 %<\/span><\/span>\n      <span class=\"lbl\">jih le v primeru bolezni ostane doma<\/span>\n    <\/div>\n  <\/div>\n\n  <p>Ko ima sodelavec ka\u0161elj ali prehlad, situacija ostaja ve\u010dinoma slabo obvladovana: <strong>43 % vpra\u0161anih izjavlja, da pridejo bolni na delo<\/strong>, v primerjavi s samo 25 %, ki ostanejo doma. Kultura prezentizma je v Franciji \u0161e vedno preve\u010d prisotna \u2014 Dares poudarja, da se ve\u010d kot vsak \u010detrti bolni\u0161ki dan (27 %) odrazi v prisotnosti na delovnem mestu. Ti rezultati govorijo v prid operativnim navodilom v podjetjih (delo na daljavo, \u010de je mogo\u010de, vrnitev z masko ob simptomih, okrepljeno zra\u010denje\/prezra\u010devanje).  <\/p>\n\n  <div class=\"data-table-wrap\">\n    <div class=\"data-table-title\">Kaj se najpogosteje zgodi, ko je sodelavec bolan (ka\u0161elj\/prehlad)?<\/div>\n    <table class=\"data\">\n      <thead><tr><th>Odgovor<\/th><th>Rezultat<\/th><\/tr><\/thead>\n      <tbody>\n        <tr><td>Vseeno pride (zaradi obveznosti)<\/td><td><div class=\"pct-bar-cell\"><div class=\"pct-bar\"><div class=\"pct-bar-fill\" style=\"width:43%\"><\/div><\/div><span class=\"pct-val pct-top\">43 %<\/span><\/div><\/td><\/tr>\n        <tr><td>Odvisno od ekip \/ obdobja<\/td><td><div class=\"pct-bar-cell\"><div class=\"pct-bar\"><div class=\"pct-bar-fill\" style=\"width:29%\"><\/div><\/div><span class=\"pct-val\">29 %<\/span><\/div><\/td><\/tr>\n        <tr><td>Ostane doma<\/td><td><div class=\"pct-bar-cell\"><div class=\"pct-bar\"><div class=\"pct-bar-fill\" style=\"width:25%\"><\/div><\/div><span class=\"pct-val\">25 %<\/span><\/div><\/td><\/tr>\n        <tr><td>Ne vem<\/td><td><div class=\"pct-bar-cell\"><div class=\"pct-bar\"><div class=\"pct-bar-fill\" style=\"width:3%;background:#E5E7EB\"><\/div><\/div><span class=\"pct-val\">3 %<\/span><\/div><\/td><\/tr>\n      <\/tbody>\n    <\/table>\n  <\/div>\n\n  <!-- \u2500\u2500 SECTION 8 \u2014 R\u00e9flexes face \u00e0 un coll\u00e8gue malade \u2500\u2500 -->\n  <h2>Kaj Francozi dejansko storijo ob bolnem sodelavcu?<\/h2>\n\n  <p>Od pandemije covida so se nekateri refleksi zasidrali v kolektivne navade. Tako so ob bolnem sodelavcu najpogosteje navedeni ukrepi <strong>higiena rok\/razku\u017eevanje (53 %)<\/strong> in ohranjanje razdalje (41 %). Po drugi strani pa se veliko manj izvajajo najbolj strukturni ukrepi v zaprtih prostorih: okrepljeno zra\u010denje (27 %) in no\u0161enje maske (18 %). \u0160e bolj zaskrbljujo\u010de: <strong>37 % Francozov navaja odgovore neukrepanja<\/strong> (25 % jih ne spremeni svojega vedenja, 12 % pa ne stori popolnoma ni\u010desar).   <\/p>\n\n  <div class=\"data-table-wrap\">\n    <div class=\"data-table-title\">Kaj najpogosteje storite, ko je sodelavec bolan (ka\u0161elj\/prehlad)? (najve\u010d 3 izbire) <\/div>\n    <table class=\"data\">\n      <thead><tr><th>Ukrep<\/th><th>Rezultat<\/th><\/tr><\/thead>\n      <tbody>\n        <tr><td>Pogosteje si umivam\/razku\u017eujem roke in razku\u017eim svoje delovno mesto<\/td><td><div class=\"pct-bar-cell\"><div class=\"pct-bar\"><div class=\"pct-bar-fill\" style=\"width:53%\"><\/div><\/div><span class=\"pct-val pct-top\">53 %<\/span><\/div><\/td><\/tr>\n        <tr><td>Ohranjam razdaljo in omejim neposredne stike<\/td><td><div class=\"pct-bar-cell\"><div class=\"pct-bar\"><div class=\"pct-bar-fill\" style=\"width:41%\"><\/div><\/div><span class=\"pct-val\">41 %<\/span><\/div><\/td><\/tr>\n        <tr><td>Ve\u010d zra\u010dim (odprem okno, ko je mogo\u010de)<\/td><td><div class=\"pct-bar-cell\"><div class=\"pct-bar\"><div class=\"pct-bar-fill\" style=\"width:27%\"><\/div><\/div><span class=\"pct-val\">27 %<\/span><\/div><\/td><\/tr>\n        <tr><td>Ni\u010d ne spremenim \/ se sprijaznim<\/td><td><div class=\"pct-bar-cell\"><div class=\"pct-bar\"><div class=\"pct-bar-fill\" style=\"width:25%;background:#E5E7EB\"><\/div><\/div><span class=\"pct-val\">25 %<\/span><\/div><\/td><\/tr>\n        <tr><td>Nosim masko (vsaj na sestankih\/v bli\u017eini)<\/td><td><div class=\"pct-bar-cell\"><div class=\"pct-bar\"><div class=\"pct-bar-fill\" style=\"width:18%\"><\/div><\/div><span class=\"pct-val\">18 %<\/span><\/div><\/td><\/tr>\n        <tr><td>Izogibam se sestankom v \u017eivo \/ prosim za video klic<\/td><td><div class=\"pct-bar-cell\"><div class=\"pct-bar\"><div class=\"pct-bar-fill\" style=\"width:18%\"><\/div><\/div><span class=\"pct-val\">18 %<\/span><\/div><\/td><\/tr>\n        <tr><td>Sodelavca prosim, naj gre domov \/ dela od doma (\u010de je mogo\u010de)<\/td><td><div class=\"pct-bar-cell\"><div class=\"pct-bar\"><div class=\"pct-bar-fill\" style=\"width:16%\"><\/div><\/div><span class=\"pct-val\">16 %<\/span><\/div><\/td><\/tr>\n        <tr><td>Prosim, da grem domov delat od doma (\u010de je mogo\u010de)<\/td><td><div class=\"pct-bar-cell\"><div class=\"pct-bar\"><div class=\"pct-bar-fill\" style=\"width:12%\"><\/div><\/div><span class=\"pct-val\">12 %<\/span><\/div><\/td><\/tr>\n        <tr><td>Ne storim popolnoma ni\u010desar<\/td><td><div class=\"pct-bar-cell\"><div class=\"pct-bar\"><div class=\"pct-bar-fill\" style=\"width:12%;background:#E5E7EB\"><\/div><\/div><span class=\"pct-val\">12 %<\/span><\/div><\/td><\/tr>\n        <tr><td>To sporo\u010dim vodji\/kadrovski slu\u017ebi (\u010de situacija predstavlja te\u017eavo)<\/td><td><div class=\"pct-bar-cell\"><div class=\"pct-bar\"><div class=\"pct-bar-fill\" style=\"width:6%\"><\/div><\/div><span class=\"pct-val\">6 %<\/span><\/div><\/td><\/tr>\n        <tr><td>Drugo<\/td><td><div class=\"pct-bar-cell\"><div class=\"pct-bar\"><div class=\"pct-bar-fill\" style=\"width:3%;background:#E5E7EB\"><\/div><\/div><span class=\"pct-val\">3 %<\/span><\/div><\/td><\/tr>\n      <\/tbody>\n    <\/table>\n  <\/div>\n\n  <!-- \u2500\u2500 SECTION 9 \u2014 Attentes envers les entreprises \u2500\u2500 -->\n  <h2>8 od 10 Francozov \u017eeli ukrepe s strani podjetij in javnih mest<\/h2>\n\n  <div class=\"stat-highlight\">\n    <span class=\"big-num\">83 %<\/span>\n    <div class=\"stat-text\">\n      <strong>jih meni, da je treba storiti ve\u010d za zagotavljanje zgledne kakovosti zraka v podjetjih in javnih prostorih<\/strong>\n      <p>Od tega jih 56 % meni, da \u201eje treba storiti \u0161e vse\u201c \u2014 zahteva, ki je v nasprotju s \u0161e vedno neenakomernimi praksami na terenu.<\/p>\n    <\/div>\n  <\/div>\n\n  <p>Francozi izra\u017eajo zelo mo\u010dna pri\u010dakovanja do podjetij in javnih prostorov: <strong>83 % jih meni, da je treba storiti ve\u010d za zagotavljanje zgledne kakovosti zraka<\/strong>, od tega jih 56 % meni, da \u201eje treba storiti \u0161e vse\u201c. Ta zahteva je povezana tudi s pomanjkanjem smernic: del zaposlenih ne ve, kako se kakovost zraka meri ali upravlja, medtem ko oblasti priporo\u010dajo preproste in u\u010dinkovite ukrepe, kot sta redno zra\u010denje in spremljanje kazalnikov (npr. CO\u2082). <\/p>\n\n  <div class=\"data-table-wrap\">\n    <div class=\"data-table-title\">Ali menite, da bi morala podjetja in vsa javna mesta vlo\u017eiti ve\u010d truda v zagotavljanje zgledne kakovosti zraka?<\/div>\n    <table class=\"data\">\n      <thead><tr><th>Odgovor<\/th><th>Rezultat<\/th><\/tr><\/thead>\n      <tbody>\n        <tr><td>Da, vsekakor, treba je storiti \u0161e vse<\/td><td><div class=\"pct-bar-cell\"><div class=\"pct-bar\"><div class=\"pct-bar-fill\" style=\"width:56%\"><\/div><\/div><span class=\"pct-val pct-top\">56 %<\/span><\/div><\/td><\/tr>\n        <tr><td>Da, vendar \u017ee zdaj po\u010dnejo veliko<\/td><td><div class=\"pct-bar-cell\"><div class=\"pct-bar\"><div class=\"pct-bar-fill\" style=\"width:27%\"><\/div><\/div><span class=\"pct-val\">27 %<\/span><\/div><\/td><\/tr>\n        <tr><td>Ne, to ni njihova vloga<\/td><td><div class=\"pct-bar-cell\"><div class=\"pct-bar\"><div class=\"pct-bar-fill\" style=\"width:11%;background:#E5E7EB\"><\/div><\/div><span class=\"pct-val\">11 %<\/span><\/div><\/td><\/tr>\n        <tr><td>Ne vem \/ se ne \u017eelim opredeliti<\/td><td><div class=\"pct-bar-cell\"><div class=\"pct-bar\"><div class=\"pct-bar-fill\" style=\"width:6%;background:#E5E7EB\"><\/div><\/div><span class=\"pct-val\">6 %<\/span><\/div><\/td><\/tr>\n      <\/tbody>\n    <\/table>\n  <\/div>\n\n  <div class=\"section-divider\"><\/div>\n\n  <!-- \u2500\u2500 CITATION \u2500\u2500 -->\n  <blockquote class=\"quote-block\">\n    <p class=\"quote-text\">\u201eRezultati te raziskave ka\u017eejo na nevaren refleks: pogosto dajemo prednost toploti na ra\u010dun zdravega zraka. Pozimi pa se ne spomnimo vedno odpreti oken tako pogosto, kot bi bilo treba. Zato postanejo sistemi za \u010di\u0161\u010denje zraka klju\u010dni: u\u010dinkovito dopolnjujejo prezra\u010devanje in omogo\u010dajo dolgoro\u010dno zmanj\u0161anje obremenitve z delci in aerosoli v delovnih prostorih, ne da bi pri tem \u017ertvovali udobje. Nenehno se sre\u010dujemo s podjetji, ki podcenjujejo potrebo po izbolj\u0161anju in upravljanju kakovosti zraka za svoje zaposlene. To je ozave\u0161\u010denost, ki je vendarle klju\u010dnega pomena.\u201c<\/p>\n    <p class=\"quote-author\">\n        <span class=\"quote-author-name\">Thibaut SAMSEL<\/span>\n        <span class=\"quote-author-title\">Direktor in ustanovitelj podjetja OberA<\/span>\n    <\/p>\n  <\/blockquote>\n\n  <!-- \u2500\u2500 M\u00c9THODOLOGIE \u2500\u2500 -->\n  <div class=\"methodo-box\">\n    <h2>* Metodologija<\/h2>\n    <p>Raziskava je bila izvedena na reprezentativnem vzorcu <strong>4.102 oseb<\/strong> s prebivali\u0161\u010dem v Franciji, starih 18 let in ve\u010d. Spletna anketa je bila izvedena januarja 2026 prek panela respondentov BuzzPress (27.700 oseb, anketiranih elektronsko po e-po\u0161ti ter na dru\u017ebenih omre\u017ejih Facebook in LinkedIn). <\/p>\n    <p>Odgovori so zbrani in ute\u017eeni glede na vnaprej dolo\u010dene kvote, namenjene zagotavljanju reprezentativnosti vzorca, na podlagi administrativnih podatkov in podatkov, ki jih je zbral INSEE.<\/p>\n    <p><strong>Profili podjetij:<\/strong> Storitve za posameznike (27 %) \u00b7 Storitve za podjetja (24 %) \u00b7 Javni\/parajavni sektor (18 %) \u00b7 Industrija\/proizvodnja (16 %) \u00b7 Gradbeni\u0161tvo (8 %) \u00b7 Transport\/logistika (6 %)<\/p>\n  <\/div>\n\n<\/div><!-- \/.article-body -->\n\n\n<h2 class=\"wp-block-heading has-text-align-center\">Pisali so o nas!<\/h2>\n\n<div class=\"wp-block-columns are-vertically-aligned-center is-layout-flex wp-container-core-columns-is-layout-28f84493 wp-block-columns-is-layout-flex\">\n<div class=\"wp-block-column is-vertically-aligned-center is-layout-flow wp-block-column-is-layout-flow\">\n<figure class=\"wp-block-image aligncenter size-large\"><img decoding=\"async\" width=\"1024\" height=\"538\" src=\"https:\/\/obera.fr\/wp-content\/uploads\/2026\/02\/logo_de_doctissimo-1024x538.jpg\" alt=\"logotip doctissimo\" class=\"wp-image-143878\" srcset=\"https:\/\/obera.fr\/wp-content\/uploads\/2026\/02\/logo_de_doctissimo-1024x538.jpg 1024w, https:\/\/obera.fr\/wp-content\/uploads\/2026\/02\/logo_de_doctissimo-300x158.jpg 300w, https:\/\/obera.fr\/wp-content\/uploads\/2026\/02\/logo_de_doctissimo-768x403.jpg 768w, https:\/\/obera.fr\/wp-content\/uploads\/2026\/02\/logo_de_doctissimo.jpg 1200w\" sizes=\"(max-width: 1024px) 100vw, 1024px\" \/><figcaption class=\"wp-element-caption\"><a href=\"https:\/\/www.doctissimo.fr\/famille\/travail\/sante-et-travail\/43-des-francais-vont-travailler-malades-et-les-virus-sinvitent-en-salle-de-reunion-603072.htm\" data-type=\"link\" data-id=\"https:\/\/www.doctissimo.fr\/famille\/travail\/sante-et-travail\/43-des-francais-vont-travailler-malades-et-les-virus-sinvitent-en-salle-de-reunion-603072.htm\" target=\"_blank\" rel=\"noreferrer noopener nofollow\">Oglejte si \u010dlanek<\/a><\/figcaption><\/figure>\n<\/div>\n\n\n\n<div class=\"wp-block-column is-vertically-aligned-center is-layout-flow wp-block-column-is-layout-flow\">\n<figure class=\"wp-block-image aligncenter size-large\"><img decoding=\"async\" width=\"1024\" height=\"1024\" src=\"https:\/\/obera.fr\/wp-content\/uploads\/2026\/02\/bfm_tv_logo-1024x1024.png\" alt=\"logotip bfm tv\" class=\"wp-image-143879\" srcset=\"https:\/\/obera.fr\/wp-content\/uploads\/2026\/02\/bfm_tv_logo-1024x1024.png 1024w, https:\/\/obera.fr\/wp-content\/uploads\/2026\/02\/bfm_tv_logo-300x300.png 300w, https:\/\/obera.fr\/wp-content\/uploads\/2026\/02\/bfm_tv_logo-150x150.png 150w, https:\/\/obera.fr\/wp-content\/uploads\/2026\/02\/bfm_tv_logo-768x768.png 768w, https:\/\/obera.fr\/wp-content\/uploads\/2026\/02\/bfm_tv_logo.png 1200w\" sizes=\"(max-width: 1024px) 100vw, 1024px\" \/><figcaption class=\"wp-element-caption\"><a href=\"https:\/\/www.bfmtv.com\/sante\/video-selon-une-etude-43-des-francais-vont-travailler-en-etant-malades_VN-202601270111.html\" target=\"_blank\" rel=\"noreferrer noopener nofollow\">Oglejte si \u010dlanek<\/a><\/figcaption><\/figure>\n<\/div>\n\n\n\n<div class=\"wp-block-column is-vertically-aligned-center is-layout-flow wp-block-column-is-layout-flow\">\n<figure class=\"wp-block-image aligncenter size-full\"><img decoding=\"async\" width=\"640\" height=\"360\" src=\"https:\/\/obera.fr\/wp-content\/uploads\/2026\/02\/laprovence-logo-media.jpg\" alt=\"logotip medija laprovence\" class=\"wp-image-143880\" srcset=\"https:\/\/obera.fr\/wp-content\/uploads\/2026\/02\/laprovence-logo-media.jpg 640w, https:\/\/obera.fr\/wp-content\/uploads\/2026\/02\/laprovence-logo-media-300x169.jpg 300w\" sizes=\"(max-width: 640px) 100vw, 640px\" \/><figcaption class=\"wp-element-caption\"><a href=\"https:\/\/www.laprovence.com\/article\/societe\/40354383352299\/peur-detre-mal-vu-a-leuro-pres-sans-teletravail-43-des-francais-vont-travailler-en-etant-malades\" data-type=\"link\" data-id=\"https:\/\/www.laprovence.com\/article\/societe\/40354383352299\/peur-detre-mal-vu-a-leuro-pres-sans-teletravail-43-des-francais-vont-travailler-en-etant-malades\" target=\"_blank\" rel=\"noreferrer noopener nofollow\">Oglejte si \u010dlanek<\/a><\/figcaption><\/figure>\n<\/div>\n\n\n\n<div class=\"wp-block-column is-vertically-aligned-center is-layout-flow wp-block-column-is-layout-flow\">\n<figure class=\"wp-block-image aligncenter size-full\"><img decoding=\"async\" width=\"512\" height=\"512\" src=\"https:\/\/obera.fr\/wp-content\/uploads\/2026\/02\/corsematin-logo.png\" alt=\"logotip corsematin\" class=\"wp-image-143881\" srcset=\"https:\/\/obera.fr\/wp-content\/uploads\/2026\/02\/corsematin-logo.png 512w, https:\/\/obera.fr\/wp-content\/uploads\/2026\/02\/corsematin-logo-300x300.png 300w, https:\/\/obera.fr\/wp-content\/uploads\/2026\/02\/corsematin-logo-150x150.png 150w\" sizes=\"(max-width: 512px) 100vw, 512px\" \/><\/figure>\n<\/div>\n\n\n\n<div class=\"wp-block-column is-vertically-aligned-center is-layout-flow wp-block-column-is-layout-flow\">\n<figure class=\"wp-block-image aligncenter size-full\"><img decoding=\"async\" width=\"500\" height=\"500\" src=\"https:\/\/obera.fr\/wp-content\/uploads\/2026\/02\/demotivteur-logo.jpg\" alt=\"logotip demotivteur\" class=\"wp-image-143882\" srcset=\"https:\/\/obera.fr\/wp-content\/uploads\/2026\/02\/demotivteur-logo.jpg 500w, https:\/\/obera.fr\/wp-content\/uploads\/2026\/02\/demotivteur-logo-300x300.jpg 300w, https:\/\/obera.fr\/wp-content\/uploads\/2026\/02\/demotivteur-logo-150x150.jpg 150w\" sizes=\"(max-width: 500px) 100vw, 500px\" \/><figcaption class=\"wp-element-caption\"><a href=\"https:\/\/www.demotivateur.fr\/lifestyle\/43-des-francais-vont-travailler-en-etant-malades-selon-une-enquete-47039\" data-type=\"link\" data-id=\"https:\/\/www.demotivateur.fr\/lifestyle\/43-des-francais-vont-travailler-en-etant-malades-selon-une-enquete-47039\" target=\"_blank\" rel=\"noreferrer noopener nofollow\">Oglejte si \u010dlanek<\/a><\/figcaption><\/figure>\n<\/div>\n<\/div>\n\n<div class=\"wp-block-columns are-vertically-aligned-center is-layout-flex wp-container-core-columns-is-layout-28f84493 wp-block-columns-is-layout-flex\">\n<div class=\"wp-block-column is-vertically-aligned-center is-layout-flow wp-block-column-is-layout-flow\">\n<figure class=\"wp-block-image aligncenter size-full\"><img decoding=\"async\" width=\"1024\" height=\"443\" src=\"https:\/\/obera.fr\/wp-content\/uploads\/2026\/02\/logo-msn.png\" alt=\"logotip msn\" class=\"wp-image-143883\" srcset=\"https:\/\/obera.fr\/wp-content\/uploads\/2026\/02\/logo-msn.png 1024w, https:\/\/obera.fr\/wp-content\/uploads\/2026\/02\/logo-msn-300x130.png 300w, https:\/\/obera.fr\/wp-content\/uploads\/2026\/02\/logo-msn-768x332.png 768w\" sizes=\"(max-width: 1024px) 100vw, 1024px\" \/><figcaption class=\"wp-element-caption\"><a href=\"https:\/\/www.msn.com\/fr-ch\/actualite\/other\/pr%C3%A8s-d-un-salari%C3%A9-sur-deux-va-travailler-malgr%C3%A9-des-signes-de-maladie\/ar-AA1V3q6q\" data-type=\"link\" data-id=\"https:\/\/www.doctissimo.fr\/famille\/travail\/sante-et-travail\/43-des-francais-vont-travailler-malades-et-les-virus-sinvitent-en-salle-de-reunion-603072.htm\" target=\"_blank\" rel=\"noreferrer noopener nofollow\">Oglejte si \u010dlanek<\/a><\/figcaption><\/figure>\n<\/div>\n\n\n\n<div class=\"wp-block-column is-vertically-aligned-center is-layout-flow wp-block-column-is-layout-flow\">\n<figure class=\"wp-block-image aligncenter size-large\"><img decoding=\"async\" width=\"1024\" height=\"349\" src=\"https:\/\/obera.fr\/wp-content\/uploads\/2026\/02\/logo-orange-1024x349.jpg\" alt=\"logotip orange\" class=\"wp-image-143884\" srcset=\"https:\/\/obera.fr\/wp-content\/uploads\/2026\/02\/logo-orange-1024x349.jpg 1024w, https:\/\/obera.fr\/wp-content\/uploads\/2026\/02\/logo-orange-300x102.jpg 300w, https:\/\/obera.fr\/wp-content\/uploads\/2026\/02\/logo-orange-768x262.jpg 768w, https:\/\/obera.fr\/wp-content\/uploads\/2026\/02\/logo-orange-1536x523.jpg 1536w, https:\/\/obera.fr\/wp-content\/uploads\/2026\/02\/logo-orange.jpg 1659w\" sizes=\"(max-width: 1024px) 100vw, 1024px\" \/><figcaption class=\"wp-element-caption\"><a href=\"https:\/\/actu.orange.fr\/videos\/france\/selon-une-etude-43-des-francais-vont-travailler-en-etant-malades-CNT000002mZ3oz.html\" target=\"_blank\" rel=\"noreferrer noopener nofollow\">Oglejte si \u010dlanek<\/a><\/figcaption><\/figure>\n<\/div>\n\n\n\n<div class=\"wp-block-column is-vertically-aligned-center is-layout-flow wp-block-column-is-layout-flow\">\n<figure class=\"wp-block-image aligncenter size-full\"><img decoding=\"async\" width=\"259\" height=\"195\" src=\"https:\/\/obera.fr\/wp-content\/uploads\/2026\/02\/logo-maxiflash.png\" alt=\"logotip maxiflash\" class=\"wp-image-143885\"\/><figcaption class=\"wp-element-caption\"><a href=\"https:\/\/haguenau.maxi-flash.com\/etude-les-francais-travaillent-meme-malades\/\" data-type=\"link\" data-id=\"https:\/\/www.laprovence.com\/article\/societe\/40354383352299\/peur-detre-mal-vu-a-leuro-pres-sans-teletravail-43-des-francais-vont-travailler-en-etant-malades\" target=\"_blank\" rel=\"noreferrer noopener nofollow\">Oglejte si \u010dlanek<\/a><\/figcaption><\/figure>\n<\/div>\n\n\n\n<div class=\"wp-block-column is-vertically-aligned-center is-layout-flow wp-block-column-is-layout-flow\">\n<figure class=\"wp-block-image aligncenter size-full\"><img decoding=\"async\" width=\"368\" height=\"108\" src=\"https:\/\/obera.fr\/wp-content\/uploads\/2026\/02\/logo_echo_mardi.png\" alt=\"logotip echo mardi\" class=\"wp-image-143886\" srcset=\"https:\/\/obera.fr\/wp-content\/uploads\/2026\/02\/logo_echo_mardi.png 368w, https:\/\/obera.fr\/wp-content\/uploads\/2026\/02\/logo_echo_mardi-300x88.png 300w\" sizes=\"(max-width: 368px) 100vw, 368px\" \/><figcaption class=\"wp-element-caption\"><a href=\"https:\/\/www.echodumardi.com\/actualite\/43-des-francais-declarent-aller-travailler-meme-en-etant-malades\/amp\/\" data-type=\"link\" data-id=\"https:\/\/www.echodumardi.com\/actualite\/43-des-francais-declarent-aller-travailler-meme-en-etant-malades\/amp\/\" target=\"_blank\" rel=\"noreferrer noopener nofollow\">Oglejte si \u010dlanek<\/a><\/figcaption><\/figure>\n<\/div>\n\n\n\n<div class=\"wp-block-column is-vertically-aligned-center is-layout-flow wp-block-column-is-layout-flow\">\n<p class=\"has-text-align-center\">In \u0161e ve\u010d &#8230;<\/p>\n<\/div>\n<\/div>\n","protected":false},"excerpt":{"rendered":"<p>OberA razkriva rezultate nove raziskave*, izvedene med 4.102 osebami, ki osvetljuje vztrajno neskladje med toplotnim ugojem in kakovostjo zraka na delovnem mestu: idealne temperature so zelo sporne, zimsko prezra\u010devanje je redko, naprave za \u010di\u0161\u010denje zraka manjkajo, vla\u017enost je slabo nadzorovana in obstajajo pomisleki glede pravilnih ukrepov proti virusom. \u0160tudija prav tako poudarja mo\u010dna pri\u010dakovanja do delodajalcev: velika ve\u010dina zahteva konkretne ukrepe za bolj zdrav zrak v zaprtih prostorih v podjetjih in javnih prostorih. <\/p>\n","protected":false},"author":13,"featured_media":0,"comment_status":"open","ping_status":"closed","sticky":false,"template":"","format":"standard","meta":{"_acf_changed":false,"_seopress_robots_primary_cat":"none","_seopress_titles_title":"\u0160tudija o kakovosti zraka pri delu pozimi \u2013 OberA","_seopress_titles_desc":"OberA razkriva rezultate nove raziskave, izvedene med 4.102 osebami, ki osvetljuje razkorak med toplotnim udobjem in kakovostjo zraka pri delu","_seopress_robots_index":"","footnotes":""},"categories":[989],"tags":[139],"class_list":["post-145715","post","type-post","status-publish","format-standard","hentry","category-mediji","tag-entete-small-sl","generate-columns","tablet-grid-50","mobile-grid-100","grid-parent","grid-50","no-featured-image-padding"],"acf":[],"_links":{"self":[{"href":"https:\/\/obera.fr\/sl\/wp-json\/wp\/v2\/posts\/145715","targetHints":{"allow":["GET"]}}],"collection":[{"href":"https:\/\/obera.fr\/sl\/wp-json\/wp\/v2\/posts"}],"about":[{"href":"https:\/\/obera.fr\/sl\/wp-json\/wp\/v2\/types\/post"}],"author":[{"embeddable":true,"href":"https:\/\/obera.fr\/sl\/wp-json\/wp\/v2\/users\/13"}],"replies":[{"embeddable":true,"href":"https:\/\/obera.fr\/sl\/wp-json\/wp\/v2\/comments?post=145715"}],"version-history":[{"count":4,"href":"https:\/\/obera.fr\/sl\/wp-json\/wp\/v2\/posts\/145715\/revisions"}],"predecessor-version":[{"id":154259,"href":"https:\/\/obera.fr\/sl\/wp-json\/wp\/v2\/posts\/145715\/revisions\/154259"}],"wp:attachment":[{"href":"https:\/\/obera.fr\/sl\/wp-json\/wp\/v2\/media?parent=145715"}],"wp:term":[{"taxonomy":"category","embeddable":true,"href":"https:\/\/obera.fr\/sl\/wp-json\/wp\/v2\/categories?post=145715"},{"taxonomy":"post_tag","embeddable":true,"href":"https:\/\/obera.fr\/sl\/wp-json\/wp\/v2\/tags?post=145715"}],"curies":[{"name":"wp","href":"https:\/\/api.w.org\/{rel}","templated":true}]}}