{"id":42425,"date":"2023-04-26T15:38:09","date_gmt":"2023-04-26T13:38:09","guid":{"rendered":"https:\/\/obera.fr\/non-classifiee\/znizanje-vrednosti-tlv-za-prah-od-1-julija-2023\/"},"modified":"2025-04-25T09:48:45","modified_gmt":"2025-04-25T07:48:45","slug":"evolution-des-valeurs-limites-dexposition-des-poussieres","status":"publish","type":"post","link":"https:\/\/obera.fr\/sl\/conseils\/evolution-des-valeurs-limites-dexposition-des-poussieres\/","title":{"rendered":"Zni\u017eanje vrednosti TLV za prah od 1. julija 2023"},"content":{"rendered":"\n<p>1. januarja 2022 so bile \u017ee spremenjene <strong>vrednosti ELV za <\/strong> <strong>prah, za katerega se \u0161teje, da nima posebnih u\u010dinkov<\/strong>. Vendar bodo zdaj ponovno zni\u017eane, da bi bolje za\u0161\u010ditili zdravje delavcev, ki so izpostavljeni tem snovem. Od<strong> 1. julija 2023<\/strong> bodo torej v Franciji <strong>zni\u017eane <\/strong> <strong>mejne vrednosti za poklicno izpostavljenost<\/strong> (MVO) za prah, za katerega se \u0161teje, da nima posebnih u\u010dinkov.  <\/p>\n\n<p>Prah, za katerega se \u0161teje, da nima posebnih u\u010dinkov, je prah, ki ni razvr\u0161\u010den kot rakotvoren, mutagen ali <a href=\"https:\/\/obera.fr\/sl\/nas-nasvet\/kaj-so-cmr-in-kateri-izdelki-so-rakotvorni-mutageni-in-strupeni-za-razmnozevanje\/\">strupen za razmno\u017eevanje (<strong>CMR<\/strong>)<\/a>. Vendar <strong>to ne pomeni, da so ne\u0161kodljivi za zdravje<\/strong> delavcev. Prah, ki velja za prah brez posebnih u\u010dinkov, lahko namre\u010d povzro\u010di <strong>dra\u017eenje dihal<\/strong> in<strong> zdravstvene te\u017eave,<\/strong> kot so <strong>plju\u010dne bolezni<\/strong>.  <\/p>\n\n<div class=\"wp-block-buttons is-horizontal is-content-justification-center is-layout-flex wp-container-core-buttons-is-layout-03627597 wp-block-buttons-is-layout-flex\">\n<div class=\"wp-block-button has-custom-width wp-block-button__width-100\"><a class=\"wp-block-button__link wp-element-button\" href=\"https:\/\/obera.fr\/sl\/pisite-nam\/\">Ve\u010d o tem<\/a><\/div>\n<\/div>\n\n<figure class=\"wp-block-image alignright size-full is-resized\"><img decoding=\"async\" width=\"500\" height=\"500\" src=\"https:\/\/obera.fr\/wp-content\/uploads\/2024\/09\/vlep.png\" alt=\"polkrog z razli&#x10D;nimi barvami, od temno zelene do rde&#x10D;e, in iglo, ki ka&#x17E;e na eno barvo\" class=\"wp-image-33979\" style=\"width:301px;height:auto\" srcset=\"https:\/\/obera.fr\/wp-content\/uploads\/2024\/09\/vlep.png 500w, https:\/\/obera.fr\/wp-content\/uploads\/2024\/09\/vlep-300x300.png 300w, https:\/\/obera.fr\/wp-content\/uploads\/2024\/09\/vlep-150x150.png 150w, https:\/\/obera.fr\/wp-content\/uploads\/2024\/09\/vlep-24x24.png 24w, https:\/\/obera.fr\/wp-content\/uploads\/2024\/09\/vlep-48x48.png 48w, https:\/\/obera.fr\/wp-content\/uploads\/2024\/09\/vlep-96x96.png 96w\" sizes=\"(max-width: 500px) 100vw, 500px\" \/><\/figure>\n\n<h2 class=\"wp-block-heading\">Kaj je VLEP?<\/h2>\n\n<p>OELV je <a href=\"https:\/\/obera.fr\/sl\/nas-nasvet\/kaj-je-mejna-vrednost-poklicne-izpostavljenosti-ali-oel\/\">mejna vrednost poklicne izpostavljenosti<\/a>, ki dolo\u010da najve\u010djo dovoljeno koncentracijo snovi v zraku, ki ga delavec vdihava v dolo\u010denem obdobju. OEL se uporabljajo za za\u0161\u010dito <strong>zdravja delavcev<\/strong> pred \u0161kodljivimi u\u010dinki nekaterih snovi. <\/p>\n\n<p>Obstajata dve vrsti mejnih vrednosti za poklicno izpostavljenost (OELV):  <\/p>\n\n<h3 class=\"wp-block-heading\">Kratkoro\u010dni VLEP<\/h3>\n\n<p>Kratkoro\u010dna OELV je mejna vrednost, ki dolo\u010da <strong>najve\u010djo koli\u010dino snovi, ki<\/strong> ji je delavec lahko izpostavljen v kratkem obdobju, obi\u010dajno 15 minut. Ta mejna vrednost se uporablja za za\u0161\u010dito delavcev pred takoj\u0161njimi u\u010dinki izpostavljenosti snovi, kot so <strong>dra\u017eenje ali alergijske reakcije<\/strong>. <\/p>\n\n<h3 class=\"wp-block-heading\">Dolgoro\u010dni VLEP<\/h3>\n\n<p>Dolgoro\u010dna <strong>OELV<\/strong> pa je mejna vrednost, ki dolo\u010da <strong>najve\u010djo koli\u010dino snovi, ki<\/strong> ji je delavec lahko izpostavljen v dalj\u0161em obdobju, obi\u010dajno 8 ur na dan in 40 ur na teden. Ta mejna vrednost se uporablja za <strong>za\u0161\u010dito delavcev pred dolgoro\u010dnimi u\u010dinki <\/strong>izpostavljenosti snovi, kot so bolezni dihal ali rak. <\/p>\n\n<p>VLEP vzpostavijo organi javnega zdravja, da bi za\u0161\u010ditili zdravje delavcev pred<strong> \u0161kodljivimi u\u010dinki nekaterih snovi<\/strong>. Za delodajalce je pomembno, da se zavedajo <a href=\"https:\/\/obera.fr\/sl\/nas-nasvet\/kaksna-so-tveganja-neskladnosti-s-programom-vlep\/\">vrednosti TLV, ki veljajo za njihove dejavnosti,<\/a> in uvedejo potrebne preventivne ukrepe za zagotavljanje <strong>zdravja in varnosti svojih delavcev<\/strong>. <\/p>\n\n<h2 class=\"wp-block-heading\">Kaj to pomeni?<\/h2>\n\n<p>Zadevna podjetja bodo morala <strong>pred 1. julijem 2023<\/strong> sprejeti potrebne ukrepe, s katerimi bodo zagotovila, da bodo njihovi delavci za\u0161\u010diteni pred \u0161kodljivimi u\u010dinki teh prahov. To lahko vklju\u010duje izvajanje preventivnih ukrepov, kot so prezra\u010devanje,<strong>odsesavanje pri viru<\/strong> ali v okolju, zagotavljanje<strong>osebne za\u0161\u010ditne opreme<\/strong>ali omejevanje izpostavljenosti prahu. <\/p>\n\n<figure class=\"wp-block-image aligncenter size-large is-resized\"><img decoding=\"async\" width=\"1024\" height=\"293\" src=\"https:\/\/obera.fr\/wp-content\/uploads\/2023\/04\/vlep-en-mgm3-1-1024x293.png\" alt=\"Spremembe v programu VLEP Julij 2023\" class=\"wp-image-22450\" style=\"width:768px;height:220px\" srcset=\"https:\/\/obera.fr\/wp-content\/uploads\/2023\/04\/vlep-en-mgm3-1-1024x293.png 1024w, https:\/\/obera.fr\/wp-content\/uploads\/2023\/04\/vlep-en-mgm3-1-300x86.png 300w, https:\/\/obera.fr\/wp-content\/uploads\/2023\/04\/vlep-en-mgm3-1-768x219.png 768w, https:\/\/obera.fr\/wp-content\/uploads\/2023\/04\/vlep-en-mgm3-1.png 1400w\" sizes=\"(max-width: 1024px) 100vw, 1024px\" \/><\/figure>\n\n<div class=\"wp-block-buttons is-horizontal is-content-justification-center is-layout-flex wp-container-core-buttons-is-layout-03627597 wp-block-buttons-is-layout-flex\">\n<div class=\"wp-block-button has-custom-width wp-block-button__width-100\"><a class=\"wp-block-button__link wp-element-button\" href=\"https:\/\/obera.fr\/sl\/pisite-nam\/\">Ve\u010d o tem<\/a><\/div>\n<\/div>\n\n<h2 class=\"wp-block-heading\">Kako izpolnjujete zahteve VLEP?<\/h2>\n\n<p>Oprema dru\u017ebe OberA je namenjena <strong>obdelavi zraka v okolju<\/strong> ali neposredno pri viru in odstranjevanju \u0161kodljivih snovi, da se izpolnijo mejne vrednosti VLEP in za\u0161\u010diti zdravje zaposlenih. Te naprave se lahko uporabljajo v <strong>razli\u010dnih vrstah delovnih okolij,<\/strong> kot so delavnice, tovarne, laboratoriji itd. <\/p>\n\n<p>Z upo\u0161tevanjem omejitev VLEP oprema dru\u017ebe OberA pomaga<strong>izbolj\u0161ati produktivnost zaposlenih<\/strong>. Dolgotrajna izpostavljenost \u0161kodljivim snovem lahko povzro\u010di utrujenost, glavobol, dra\u017eenje ali te\u017eave z dihanjem, kar lahko negativno vpliva na u\u010dinkovitost delavcev. Z varovanjem zdravja zaposlenih naprave OberA pomagajo <strong>izbolj\u0161ati njihovo po\u010dutje in u\u010dinkovitost pri delu<\/strong>.  <\/p>\n\n<p>S skladnostjo z mejnimi vrednostmi VLEP oprema dru\u017ebe OberA<strong>prepre\u010duje prekinitve dela zaradi zdravstvenih te\u017eav, ki<\/strong> so posledica izpostavljenosti \u0161kodljivim snovem. To pomaga zmanj\u0161ati stro\u0161ke podjetij in zagotoviti neprekinjeno poslovanje. <\/p>\n\n<div class=\"wp-block-buttons is-content-justification-center is-layout-flex wp-container-core-buttons-is-layout-a89b3969 wp-block-buttons-is-layout-flex\">\n<div class=\"wp-block-button\"><a class=\"wp-block-button__link wp-element-button\" href=\"https:\/\/obera.fr\/sl\/produits\/\">Oglejte si na\u0161e izdelke<\/a><\/div>\n<\/div>\n","protected":false},"excerpt":{"rendered":"<p>Od 1. januarja 2022 so bile vrednosti TLV za prah, za katerega se \u0161teje, da nima posebnih u\u010dinkov, \u017ee spremenjene. Vendar bodo te vrednosti ponovno spremenjene navzdol od 1. julija 2023, ko bodo v Franciji zni\u017eane vrednosti TLV za prah, za katerega se \u0161teje, da nima posebnih u\u010dinkov. <\/p>\n","protected":false},"author":4,"featured_media":89595,"comment_status":"closed","ping_status":"closed","sticky":false,"template":"","format":"standard","meta":{"_acf_changed":false,"_seopress_robots_primary_cat":"1","_seopress_titles_title":"Zni\u017eanje vrednosti TLV za prah od 1. julija 2023","_seopress_titles_desc":"Od 1. julija 2023 se bodo vrednosti TLV za prah, za katerega se \u0161teje, da nima posebnih u\u010dinkov, zni\u017eale, da se zagotovi ve\u010dja za\u0161\u010dita za izvajalce.","_seopress_robots_index":"","footnotes":""},"categories":[138],"tags":[139],"class_list":["post-42425","post","type-post","status-publish","format-standard","has-post-thumbnail","hentry","category-nas-nasvet","tag-entete-small-sl","generate-columns","tablet-grid-50","mobile-grid-100","grid-parent","grid-50","no-featured-image-padding","resize-featured-image"],"acf":[],"_links":{"self":[{"href":"https:\/\/obera.fr\/sl\/wp-json\/wp\/v2\/posts\/42425","targetHints":{"allow":["GET"]}}],"collection":[{"href":"https:\/\/obera.fr\/sl\/wp-json\/wp\/v2\/posts"}],"about":[{"href":"https:\/\/obera.fr\/sl\/wp-json\/wp\/v2\/types\/post"}],"author":[{"embeddable":true,"href":"https:\/\/obera.fr\/sl\/wp-json\/wp\/v2\/users\/4"}],"replies":[{"embeddable":true,"href":"https:\/\/obera.fr\/sl\/wp-json\/wp\/v2\/comments?post=42425"}],"version-history":[{"count":4,"href":"https:\/\/obera.fr\/sl\/wp-json\/wp\/v2\/posts\/42425\/revisions"}],"predecessor-version":[{"id":89638,"href":"https:\/\/obera.fr\/sl\/wp-json\/wp\/v2\/posts\/42425\/revisions\/89638"}],"wp:featuredmedia":[{"embeddable":true,"href":"https:\/\/obera.fr\/sl\/wp-json\/wp\/v2\/media\/89595"}],"wp:attachment":[{"href":"https:\/\/obera.fr\/sl\/wp-json\/wp\/v2\/media?parent=42425"}],"wp:term":[{"taxonomy":"category","embeddable":true,"href":"https:\/\/obera.fr\/sl\/wp-json\/wp\/v2\/categories?post=42425"},{"taxonomy":"post_tag","embeddable":true,"href":"https:\/\/obera.fr\/sl\/wp-json\/wp\/v2\/tags?post=42425"}],"curies":[{"name":"wp","href":"https:\/\/api.w.org\/{rel}","templated":true}]}}