{"id":45522,"date":"2020-11-20T16:38:52","date_gmt":"2020-11-20T14:38:52","guid":{"rendered":"https:\/\/obera.fr\/non-classifiee\/kakovost-zraka-spreminjajoca-se-druzba\/"},"modified":"2025-05-07T11:04:05","modified_gmt":"2025-05-07T09:04:05","slug":"qualite-air-evolution-societe","status":"publish","type":"post","link":"https:\/\/obera.fr\/sl\/nas-nasvet\/qualite-air-evolution-societe\/","title":{"rendered":"Kakovost zraka: spremembe v dru\u017ebi"},"content":{"rendered":"\n<h2 class=\"wp-block-heading\" id=\"evolution-future-de-la-reglementation\">Prihodnji regulativni razvoj<\/h2>\n\n<p><em><strong>O onesna\u017eenosti z drobnimi delci se vse pogosteje govori v novicah. Veliko sli\u0161imo o onesna\u017eenosti zraka v mestih, o najvi\u0161jih vrednostih onesna\u017eenosti z drobnimi delci&#8230; <\/strong><\/em><\/p>\n\n<p><em><strong>Evropski standardi trenutno ne dolo\u010dajo nobenih predpisov o ultrafinih delcih. Vendar pa \u0161kandali zdaj izpodbijajo ta trend.   <\/strong><\/em><\/p>\n\n<h2 class=\"wp-block-heading\" id=\"focus-sur-les-particules-les-plus-fines\">Osredoto\u010dite se na najfinej\u0161e delce<\/h2>\n\n<h3 class=\"wp-block-heading\" id=\"fos-sur-mer\">Fos-sur-mer<\/h3>\n\n<p>Leta 2017 je bilo v mestu Fos-sur-mer dvakrat ve\u010d plju\u010dnih oku\u017eb, rakavih obolenj in bolezni srca kot kjer koli drugje v Franciji. Mesto se nahaja na enem od glavnih evropskih industrijskih obmo\u010dij, ki vklju\u010duje rafinerije, skladi\u0161\u010da nafte in ogromno jeklarno&#8230; <\/p>\n\n<p>Po analizi emisij delcev so znanstveniki ugotovili, da so rezultati v mejah normale za delce, ve\u010dje od PM 2,5. Vendar pa se je izkazalo, da te tovarne proizvajajo veliko \u0161tevilo delcev PM 1, pa tudi hlapnih organskih spojin (HOS) in CMR, zaradi \u010desar so njihove emisije izjemno strupene. \u017dal so meritve koncentracij delcev PM 1 opravljene \u0161ele pred kratkim. Znanstvena skupnost se strinja, da so glavni vzrok za izrazito pove\u010danje \u0161tevila bolezni na tem obmo\u010dju.   <\/p>\n\n<p>Zdru\u017eenje za obrambo in za\u0161\u010dito obalnega pasu golfskega igri\u0161\u010da Fos sur Mer se je lotilo tega vpra\u0161anja, da bi predlagalo re\u0161itve za izbolj\u0161anje kakovosti zraka, spremljalo emisije onesna\u017eeval v ozra\u010dje in pravno ukrepalo.<\/p>\n\n<h3 class=\"wp-block-heading\" id=\"les-pics-de-pollution-aux-particules-ultrafines-dans-les-villes\">Onesna\u017eenost z ultrafinimi delci je v mestih najve\u010dja<\/h3>\n\n<p>V ve\u010djih mestih v Franciji in po svetu se redno pojavljajo konice onesna\u017eenosti z ultrafinimi delci. Po navedbah francoskega ministrstva za zdravje naj ljudje \u010dim bolj zmanj\u0161ajo svojo telesno dejavnost, se izogibajo odhodom v naravo, se posvetujejo z zdravnikom, \u010de se pojavijo simptomi&#8230; <\/p>\n\n<p>V tovarnah, delavnicah in skladi\u0161\u010dih, v katerih se onesna\u017eevala, ki nastajajo pri proizvodnji in ravnanju, ne zajemajo (ali pa se zajemajo slabo), pa prihaja do onesna\u017eevanja, ki je podobno najve\u010djemu onesna\u017eenju v ve\u010djih mestih. Teoreti\u010dno bi morala enaka priporo\u010dila veljati tudi za zaposlene, kar bi povzro\u010dilo znaten padec produktivnosti. <\/p>\n\n<h2 class=\"wp-block-heading\" id=\"aujourd-hui-il-y-a-peu-d-obligations-relatives-aux-particules-ultrafines-mais-qu-en-est-il-de-demain\">Danes je obveznosti v zvezi z ultrafinimi delci malo, kaj pa bo jutri?<\/h2>\n\n<p>Tovrstni \u0161kandali, stopnja umrljivosti, povezana z onesna\u017eenostjo ozra\u010dja, porast bolezni, ki jih povzro\u010dajo drobni delci, itd. spodbujajo oblasti k ve\u010dji pazljivosti. Tako je tudi v na\u0161ih mestih, z omejitvami za najbolj onesna\u017eujo\u010da vozila, zdravstvenimi in socialnimi ukrepi itd. <\/p>\n\n<p>Zato so bili varnostni predpisi v zvezi z drobnimi delci poostreni. Danes se merijo tako premer kot sestava onesna\u017eeval. Poleg tega so se pove\u010dale kazni za poklicne bolezni.  <\/p>\n","protected":false},"excerpt":{"rendered":"<p>O onesna\u017eenosti z drobnimi delci se vse pogosteje govori v novicah. Veliko sli\u0161imo o onesna\u017eenosti zraka v urbanih obmo\u010djih in o najvi\u0161jih vrednostih onesna\u017eenosti z drobnimi delci&#8230; Preberite, kako se kakovost zraka spreminja v na\u0161i dru\u017ebi. <\/p>\n","protected":false},"author":4,"featured_media":81409,"comment_status":"closed","ping_status":"closed","sticky":false,"template":"","format":"standard","meta":{"_acf_changed":false,"_seopress_robots_primary_cat":"none","_seopress_titles_title":"Kakovost zraka: spremembe v dru\u017ebi","_seopress_titles_desc":"O onesna\u017eenosti z drobnimi delci se vse pogosteje govori v novicah. Veliko sli\u0161imo o onesna\u017eenosti zraka v mestih. ","_seopress_robots_index":"","footnotes":""},"categories":[138],"tags":[],"class_list":["post-45522","post","type-post","status-publish","format-standard","has-post-thumbnail","hentry","category-nas-nasvet","generate-columns","tablet-grid-50","mobile-grid-100","grid-parent","grid-50","no-featured-image-padding","resize-featured-image"],"acf":[],"_links":{"self":[{"href":"https:\/\/obera.fr\/sl\/wp-json\/wp\/v2\/posts\/45522","targetHints":{"allow":["GET"]}}],"collection":[{"href":"https:\/\/obera.fr\/sl\/wp-json\/wp\/v2\/posts"}],"about":[{"href":"https:\/\/obera.fr\/sl\/wp-json\/wp\/v2\/types\/post"}],"author":[{"embeddable":true,"href":"https:\/\/obera.fr\/sl\/wp-json\/wp\/v2\/users\/4"}],"replies":[{"embeddable":true,"href":"https:\/\/obera.fr\/sl\/wp-json\/wp\/v2\/comments?post=45522"}],"version-history":[{"count":3,"href":"https:\/\/obera.fr\/sl\/wp-json\/wp\/v2\/posts\/45522\/revisions"}],"predecessor-version":[{"id":99636,"href":"https:\/\/obera.fr\/sl\/wp-json\/wp\/v2\/posts\/45522\/revisions\/99636"}],"wp:featuredmedia":[{"embeddable":true,"href":"https:\/\/obera.fr\/sl\/wp-json\/wp\/v2\/media\/81409"}],"wp:attachment":[{"href":"https:\/\/obera.fr\/sl\/wp-json\/wp\/v2\/media?parent=45522"}],"wp:term":[{"taxonomy":"category","embeddable":true,"href":"https:\/\/obera.fr\/sl\/wp-json\/wp\/v2\/categories?post=45522"},{"taxonomy":"post_tag","embeddable":true,"href":"https:\/\/obera.fr\/sl\/wp-json\/wp\/v2\/tags?post=45522"}],"curies":[{"name":"wp","href":"https:\/\/api.w.org\/{rel}","templated":true}]}}