{"id":67646,"date":"2021-05-20T17:28:46","date_gmt":"2021-05-20T15:28:46","guid":{"rendered":"https:\/\/obera.fr\/nase-rada\/mesure-de-la-qualite-de-l-air-interieur-interet-principe\/"},"modified":"2025-05-07T09:39:12","modified_gmt":"2025-05-07T07:39:12","slug":"mesure-de-la-qualite-de-l-air-interieur-interet-principe","status":"publish","type":"post","link":"https:\/\/obera.fr\/sl\/nas-nasvet\/mesure-de-la-qualite-de-l-air-interieur-interet-principe\/","title":{"rendered":"Merjenje kakovosti zraka v zaprtih prostorih: zanimanje in na\u010dela"},"content":{"rendered":"\n<p>Po podatkih Svetovne zdravstvene organizacije v Franciji zaradi <strong>onesna\u017eenega zraka<\/strong> vsako leto umre skoraj 50.000 ljudi, kar je desetkrat ve\u010d kot v prometnih nesre\u010dah! Poleg tega se ocenjuje, da je zrak v domu ali podjetju od 5- do 10-krat bolj onesna\u017een kot zunaj. <\/p>\n\n<p><strong>Kakovost zraka v podjetjih<\/strong> je zato klju\u010dnega pomena ne le za zdravje delavcev, temve\u010d tudi za produktivnost podjetij. Zato je nujno vzpostaviti sistem za <strong>merjenje kakovosti zraka v zaprtih prostorih<\/strong>. Katere parametre je treba upo\u0161tevati? Kak\u0161ne so prednosti <strong>spremljanja kakovosti zraka<\/strong> in kako se ga lotiti? Preberite vse na\u0161e nasvete.    <\/p>\n\n<h2 class=\"wp-block-heading\" id=\"quels-sont-les-parametres-de-la-qualite-de-l-air-interieur\">Kateri so parametri kakovosti zraka v zaprtih prostorih?<\/h2>\n\n<p><a href=\"https:\/\/obera.fr\/sl\/nas-nasvet\/qualite-l-air-interieur-critere-essentiel-industrie\/\" data-type=\"URL\" data-id=\"https:\/\/obera.fr\/conseils\/qualite-l-air-interieur-critere-essentiel-industrie\/\">Kakovost zraka v prostoru<\/a> se ocenjuje z <strong>iskanjem onesna\u017eeval in merjenjem fizikalnih vrednosti,<\/strong> kot sta temperatura in relativna vla\u017enost.<\/p>\n\n<h3 class=\"wp-block-heading\" id=\"la-concentration-en-polluants-et-particules\">Koncentracija onesna\u017eeval in delcev<\/h3>\n\n<p>V pisarni ali industrijskih stavbah so zaposleni izpostavljeni dvema glavnima<strong> viroma onesna\u017eevanja zraka<\/strong>:<\/p>\n\n<ul class=\"wp-block-list\">\n<li><strong>Hlapne organske spojine (HOS),<\/strong> kot je formaldehid, plin, ki nastaja pri proizvodnji kemikalij in gradbenih materialov;<\/li>\n\n\n\n<li><strong>trdni ali teko\u010di delci,<\/strong> suspendirani v zraku, kot so prah, aerosoli in mikroorganizmi (virusi, bakterije, plesni itd.).<\/li>\n<\/ul>\n\n<p><strong>U\u010dinki na zdravje in okolje<\/strong> se pove\u010dujejo s koncentracijo onesna\u017eeval v zraku in \u010dasom izpostavljenosti.<\/p>\n\n<h3 class=\"wp-block-heading\" id=\"la-temperature-et-le-niveau-d-humidite\">Temperatura in vla\u017enost<\/h3>\n\n<p>Kakovost zraka v prostoru se meri tudi s <strong>spremljanjem temperature in relativne vla\u017enosti<\/strong>. Previsoke vrednosti prispevajo k \u0161irjenju biolo\u0161kih onesna\u017eevalcev ter razgradnji materialov, kon\u010dnih izdelkov in delovnega okolja. Poleg tega temperatura in vla\u017enost poudarjata dra\u017eilne u\u010dinke hlapnih organskih spojin (HOS).  <\/p>\n\n<h2 class=\"wp-block-heading\" id=\"quel-est-l-interet-de-la-mesure-de-la-qualite-de-l-air-interieur\">Zakaj meriti kakovost zraka v zaprtih prostorih?<\/h2>\n\n<p>Ohranjanje zdravega zraka v delovnih prostorih je <strong>zakonska obveznost<\/strong> delodajalcev. Zmanj\u0161anje ravni onesna\u017eenosti v pisarnah pomeni tudi<strong> pove\u010danje produktivnosti<\/strong> v podjetjih. <\/p>\n\n<h3 class=\"wp-block-heading\" id=\"respecter-les-valeurs-limites-d-exposition-professionnelle-vlep\">Upo\u0161tevanje mejnih vrednosti za poklicno izpostavljenost (OEL)<\/h3>\n\n<p>Mejne vrednosti poklicne izpostavljenosti (OELV), ki jih dolo\u010da francoski zakonik o delu, dolo\u010dajo <strong>najvi\u0161jo raven koncentracije onesna\u017eeval in delcev<\/strong>, da bi omejili u\u010dinke na zdravje zaposlenih. Zaradi previsokih vrednosti je treba za\u010dasno prekiniti delo, dokler se ne izvedejo ukrepi za omejitev izpostavljenosti delavca. <\/p>\n\n<h3 class=\"wp-block-heading\" id=\"garantir-un-environnement-de-travail-sain-et-productif\">Zagotavljanje zdravega in produktivnega delovnega okolja<\/h3>\n\n<p>Merjenje kakovosti zraka v zaprtih prostorih ima poleg zakonskih zahtev tudi \u0161tevilne <a href=\"https:\/\/obera.fr\/sl\/nas-nasvet\/kako-lahko-hlajenje-z-izhlapevanjem-izboljsa-industrijsko-proizvodnjo\/\" data-type=\"URL\" data-id=\"https:\/\/obera.fr\/conseils\/comment-rafraichissement-evaporation-ameliorer-production-industrielle\/\">prednosti za ustanove<\/a>:<\/p>\n\n<ul class=\"wp-block-list\">\n<li><strong>Izbolj\u0161anje zdravja zaposlenih<\/strong> pomaga omejiti odsotnost z dela in pogostost bolni\u0161kega dopusta.<\/li>\n\n\n\n<li><strong>Zmanj\u0161anje usedlin delcev na napravah in tleh<\/strong> pomeni prihranek pri servisiranju in vzdr\u017eevanju.<\/li>\n\n\n\n<li>Spremljanje ravni izpostavljenosti onesna\u017eevalom in delcem zagotavlja <strong>kakovost postopkov in kon\u010dnih izdelkov<\/strong>.<\/li>\n<\/ul>\n\n<h2 class=\"wp-block-heading\" id=\"comment-mesurer-la-qualite-de-l-air-interieur\">Kako merite kakovost zraka v prostoru?<\/h2>\n\n<p>Spletna stran <strong><a href=\"https:\/\/obera.fr\/sl\/nas-nasvet\/diagnostika-kakovosti-zraka-v-zaprtih-prostorih-za-industrijske-stavbe\/\" data-type=\"URL\" data-id=\"https:\/\/obera.fr\/conseils\/qai-diagnostic-qualite-de-l-air-interieur-batiments-industriels\/\">diagnosticiranje kakovosti zraka v zaprtih prostorih<\/a><\/strong> je za\u010detna ocena stopnje onesna\u017eenosti v va\u0161ih stavbah. Nato je treba izvajati redno spremljanje s <strong>posebno merilno opremo<\/strong>. <\/p>\n\n<h3 class=\"wp-block-heading\" id=\"effectuer-un-diagnostic-qualite-de-l-air-interieur\">Izvedba diagnoze kakovosti zraka v zaprtih prostorih<\/h3>\n\n<p><strong>Testiranje kakovosti zraka v zaprtih prostorih (IAQ)<\/strong> je predpisana zahteva za stavbe, ki jih uporabljajo otroci. Od leta 2023 bo obvezno v vseh ustanovah, ki so odprte za javnost. OBERA kot strokovnjak na podro\u010dju <a href=\"https:\/\/obera.fr\/sl\/nas-nasvet\/celovit-vodnik-po-industrijski-obdelavi-zraka\/\" data-type=\"post\" data-id=\"1420\">industrijske obdelave zraka<\/a> izvaja diagnostiko, ki vklju\u010duje :  <\/p>\n\n<ul class=\"wp-block-list\">\n<li><strong>ugotavljanje virov onesna\u017eevanja zraka<\/strong> v va\u0161ih prostorih;<\/li>\n\n\n\n<li><strong>merjenje koncentracije delcev in onesna\u017eeval (<\/strong> hlapnih organskih spojin, formaldehida itd.).<\/li>\n<\/ul>\n\n<h3 class=\"wp-block-heading\" id=\"utiliser-un-appareil-de-mesure-de-la-qualite-de-l-air-interieur\">Uporaba naprave za merjenje kakovosti zraka v prostoru<\/h3>\n\n<p><a href=\"https:\/\/obera.fr\/sl\/nas-nasvet\/analiza-kakovosti-zraka-v-zaprtih-prostorih-nasi-nasveti\/\" data-type=\"URL\" data-id=\"https:\/\/obera.fr\/conseils\/analyse-qualite-l-air-interieur\/\">Kakovost zraka v zaprtih prostorih se meri<\/a> z opremo, s katero je mogo\u010de zaznati vrsto in koncentracijo onesna\u017eeval. Na\u0161a ponudba<strong>industrijskih in profesionalnih analizatorjev zraka<\/strong> zagotavlja neprekinjeno spremljanje parametrov kakovosti zraka v zaprtih prostorih: <\/p>\n\n<ul class=\"wp-block-list\">\n<li><strong>koncentracija plinastih onesna\u017eeval<\/strong>: hlapnih organskih spojin (HOS) in ogljikovega dioksida (CO2) ;<\/li>\n\n\n\n<li><strong>koncentracija in velikost delcev<\/strong>: prah in drobni delci PM 2,5 in PM 10 ;<\/li>\n\n\n\n<li><strong>temperaturo in relativno vla\u017enost<\/strong>.<\/li>\n<\/ul>\n\n<p>Podatki se prenesejo neposredno v ra\u010dunalnik, kjer se vrednosti prika\u017eejo v grafi\u010dni obliki.<strong>Analiza v realnem \u010dasu<\/strong> omogo\u010da hitro in u\u010dinkovito ukrepanje v primeru meritev, ki niso skladne z vrednostmi TLV. <\/p>\n\n<p>\u010ce \u017eelite ve\u010d<strong>informacij o merjenju kakovosti zraka v zaprtih prostorih<\/strong>, se obrnite na nas. Preberite tudi na\u0161e nasvete o vzpostavitvi sistema za \u010di\u0161\u010denje zraka v industriji. <\/p>\n\n<blockquote class=\"wp-block-quote is-layout-flow wp-block-quote-is-layout-flow\">\n<p>Preberite tudi: Vodnik po <a href=\"https:\/\/obera.fr\/sl\/nas-nasvet\/rafraichissement-adiabatique-confort-thermique-naturel\/\" data-type=\"URL\" data-id=\"https:\/\/obera.fr\/conseils\/rafraichissement-adiabatique-confort-thermique-naturel\/\">adiabatnem hlajenju in naravnem toplotnem ugodju<\/a>.<\/p>\n<\/blockquote>\n","protected":false},"excerpt":{"rendered":"<p>Kakovost zraka na delovnem mestu je klju\u010dnega pomena ne le za zdravje delavcev, temve\u010d tudi za njihovo produktivnost. Zato je treba vzpostaviti sistem za merjenje kakovosti zraka v zaprtih prostorih. Preberite vse na\u0161e nasvete o tej temi.  <\/p>\n","protected":false},"author":4,"featured_media":89670,"comment_status":"open","ping_status":"closed","sticky":false,"template":"","format":"standard","meta":{"_acf_changed":false,"_seopress_robots_primary_cat":"none","_seopress_titles_title":"Pourquoi est-il important de mesurer la qualit\u00e9 de l'air int\u00e9rieur ?","_seopress_titles_desc":"La qualit\u00e9 de l'air en entreprise constitue un enjeu crucial, pour la sant\u00e9 des travailleurs, mais aussi pour la productivit\u00e9 des \u00e9tablissements. La mesure de la qualit\u00e9 de l'air s'av\u00e8re incontournable.","_seopress_robots_index":"","footnotes":""},"categories":[138],"tags":[],"class_list":["post-67646","post","type-post","status-publish","format-standard","has-post-thumbnail","hentry","category-nas-nasvet","generate-columns","tablet-grid-50","mobile-grid-100","grid-parent","grid-50","no-featured-image-padding","resize-featured-image"],"acf":[],"_links":{"self":[{"href":"https:\/\/obera.fr\/sl\/wp-json\/wp\/v2\/posts\/67646","targetHints":{"allow":["GET"]}}],"collection":[{"href":"https:\/\/obera.fr\/sl\/wp-json\/wp\/v2\/posts"}],"about":[{"href":"https:\/\/obera.fr\/sl\/wp-json\/wp\/v2\/types\/post"}],"author":[{"embeddable":true,"href":"https:\/\/obera.fr\/sl\/wp-json\/wp\/v2\/users\/4"}],"replies":[{"embeddable":true,"href":"https:\/\/obera.fr\/sl\/wp-json\/wp\/v2\/comments?post=67646"}],"version-history":[{"count":2,"href":"https:\/\/obera.fr\/sl\/wp-json\/wp\/v2\/posts\/67646\/revisions"}],"predecessor-version":[{"id":98411,"href":"https:\/\/obera.fr\/sl\/wp-json\/wp\/v2\/posts\/67646\/revisions\/98411"}],"wp:featuredmedia":[{"embeddable":true,"href":"https:\/\/obera.fr\/sl\/wp-json\/wp\/v2\/media\/89670"}],"wp:attachment":[{"href":"https:\/\/obera.fr\/sl\/wp-json\/wp\/v2\/media?parent=67646"}],"wp:term":[{"taxonomy":"category","embeddable":true,"href":"https:\/\/obera.fr\/sl\/wp-json\/wp\/v2\/categories?post=67646"},{"taxonomy":"post_tag","embeddable":true,"href":"https:\/\/obera.fr\/sl\/wp-json\/wp\/v2\/tags?post=67646"}],"curies":[{"name":"wp","href":"https:\/\/api.w.org\/{rel}","templated":true}]}}