{"id":109454,"date":"2025-06-12T10:23:50","date_gmt":"2025-06-12T08:23:50","guid":{"rendered":"https:\/\/obera.fr\/nase-rada\/local-compresseur-surchauffe\/"},"modified":"2025-06-16T14:50:02","modified_gmt":"2025-06-16T12:50:02","slug":"local-compresseur-surchauffe","status":"publish","type":"post","link":"https:\/\/obera.fr\/sq\/keshilla-jone-sq\/local-compresseur-surchauffe\/","title":{"rendered":"Mbinxehja e dhom\u00ebs s\u00eb kompresorit: si e kursyen prodhimin zgjidhjet e OberA-s?"},"content":{"rendered":"\n<h2 class=\"wp-block-heading\">V\u00ebzhgimi: Nj\u00eb dhom\u00eb kompresor\u00ebsh prej 100 m\u00b2 e pap\u00ebrdorshme gjat\u00eb motit t\u00eb nxeht\u00eb<\/h2>\n\n<p>Me ver\u00ebn q\u00eb po afronte, nj\u00eb klient industrial na kontaktoi urgjentisht. Dhoma e tyre e kompresor\u00ebve <strong>prej 100 m\u00b2<\/strong> po shnd\u00ebrrohej n\u00eb furr\u00eb sapo temperaturat e jashtme kalonin 30\u00b0C. Si rezultat, <strong>kompresor\u00ebt po fikeshin<\/strong> p\u00ebr shkak t\u00eb nxeht\u00ebsis\u00eb s\u00eb ambientit, duke e \u00e7uar prodhimin n\u00eb nj\u00eb ndales\u00eb.  <\/p>\n\n<p>Ky \u00ebsht\u00eb nj\u00eb rast tipik: n\u00eb industri, dhomat teknike shpesh jan\u00eb t\u00eb ajrosura dob\u00ebt, pa aj\u00ebr t\u00eb kondicionuar t\u00eb dedikuar. Megjithat\u00eb, ato strehojn\u00eb pajisje kritike q\u00eb gjenerojn\u00eb sasi t\u00eb m\u00ebdha nxeht\u00ebsie. <\/p>\n\n<p><\/p>\n\n<div class=\"wp-block-columns is-layout-flex wp-container-core-columns-is-layout-28f84493 wp-block-columns-is-layout-flex\">\n<div class=\"wp-block-column is-layout-flow wp-block-column-is-layout-flow\">\n<figure class=\"wp-block-image aligncenter size-full is-resized\"><img decoding=\"async\" width=\"1000\" height=\"1000\" src=\"https:\/\/obera.fr\/wp-content\/uploads\/2025\/06\/panneau-indication-local-compresseur.webp\" alt=\"paneli i treguesve t&#xEB; dhom&#xEB;s s&#xEB; kompresorit\" class=\"wp-image-109536\" style=\"width:364px;height:auto\" srcset=\"https:\/\/obera.fr\/wp-content\/uploads\/2025\/06\/panneau-indication-local-compresseur.webp 1000w, https:\/\/obera.fr\/wp-content\/uploads\/2025\/06\/panneau-indication-local-compresseur-300x300.webp 300w, https:\/\/obera.fr\/wp-content\/uploads\/2025\/06\/panneau-indication-local-compresseur-150x150.webp 150w, https:\/\/obera.fr\/wp-content\/uploads\/2025\/06\/panneau-indication-local-compresseur-768x768.webp 768w\" sizes=\"(max-width: 1000px) 100vw, 1000px\" \/><\/figure>\n<\/div>\n\n\n\n<div class=\"wp-block-column is-layout-flow wp-block-column-is-layout-flow\">\n<figure class=\"wp-block-image aligncenter size-large is-resized\"><img decoding=\"async\" width=\"683\" height=\"1024\" src=\"https:\/\/obera.fr\/wp-content\/uploads\/2025\/06\/chatgpt-image-12-juin-2025-12_16_27-683x1024.png\" alt=\"Dhoma e kompresor&#xEB;ve\" class=\"wp-image-109513\" style=\"width:376px;height:auto\" srcset=\"https:\/\/obera.fr\/wp-content\/uploads\/2025\/06\/chatgpt-image-12-juin-2025-12_16_27-683x1024.png 683w, https:\/\/obera.fr\/wp-content\/uploads\/2025\/06\/chatgpt-image-12-juin-2025-12_16_27-200x300.png 200w, https:\/\/obera.fr\/wp-content\/uploads\/2025\/06\/chatgpt-image-12-juin-2025-12_16_27-768x1152.png 768w, https:\/\/obera.fr\/wp-content\/uploads\/2025\/06\/chatgpt-image-12-juin-2025-12_16_27.png 1024w\" sizes=\"(max-width: 683px) 100vw, 683px\" \/><\/figure>\n<\/div>\n<\/div>\n<div class=\"gb-container gb-container-9290c18d\">\n\n<h2 class=\"wp-block-heading\">P\u00ebrgjigja e OberA-s: Ftoh\u00ebsit tan\u00eb adiabatik\u00eb celular\u00eb me IC.<\/h2>\n\n\n\n<p>P\u00ebr t\u00eb rivendosur shpejt nj\u00eb temperatur\u00eb t\u00eb kontrolluar, ne rekomanduam marrjen me qira t\u00eb nj\u00eb ftoh\u00ebsi IC 22, <strong>ftoh\u00ebsi adiabatik celular i patentuar OberA<\/strong> , <strong>i prodhuar n\u00eb Franc\u00eb<\/strong> , i projektuar posa\u00e7\u00ebrisht p\u00ebr mjedise industriale.<\/p>\n\n<\/div>\n<div class=\"wp-block-columns is-layout-flex wp-container-core-columns-is-layout-28f84493 wp-block-columns-is-layout-flex\">\n<div class=\"wp-block-column is-layout-flow wp-block-column-is-layout-flow\" style=\"flex-basis:50%\">\n<div class=\"wp-block-buttons is-layout-flex wp-block-buttons-is-layout-flex\">\n<div class=\"wp-block-button\"><a class=\"wp-block-button__link has-text-align-center wp-element-button\" href=\"https:\/\/obera.fr\/location-appareil-industriel\/\">Shikoni ofertat tona p\u00ebr qira t\u00eb ftoh\u00ebsve t\u00eb ajrit  <\/a><\/div>\n<\/div>\n<\/div>\n<\/div>\n\n<p><\/p>\n\n<p><\/p>\n\n<div class=\"wp-block-columns is-layout-flex wp-container-core-columns-is-layout-28f84493 wp-block-columns-is-layout-flex\">\n<div class=\"wp-block-column is-layout-flow wp-block-column-is-layout-flow\" style=\"flex-basis:50%\">\n<h2 class=\"wp-block-heading\">Pse \u00ebsht\u00eb IC22 ideal p\u00ebr nj\u00eb dhom\u00eb kompresori?<\/h2>\n\n\n\n<ul class=\"wp-block-list\">\n<li> <strong>Efikasitet ftohjeje 22 kW<\/strong><\/li>\n\n\n\n<li><strong>Rrjedhje ajri prej 4,500 m\u00b3\/or\u00eb<\/strong> p\u00ebr t\u00eb qarkulluar ajrin e ndenjur<\/li>\n\n\n\n<li><strong>Instalimi pa punime nd\u00ebrtimi<\/strong> : Plug &amp; Play, gati p\u00ebr p\u00ebrdorim brenda pak minutash<\/li>\n\n\n\n<li><strong>Ftohje e lokalizuar<\/strong> e mundur rreth kompresor\u00ebve<\/li>\n\n\n\n<li><strong>Funksionim 100% me aj\u00ebr \u2013 pa ftoh\u00ebs<\/strong><\/li>\n<\/ul>\n\n\n\n<p>Ndryshe nga kondicioneri konvencional i ajrit, <a href=\"https:\/\/obera.fr\/conseils\/le-principe-de-fonctionnement-du-refroidissement-adiabatique-air-eau-evaporation\/\">ftoh\u00ebsi adiabatik funksionon me an\u00eb t\u00eb avullimit t\u00eb ujit<\/a> , gj\u00eb q\u00eb e b\u00ebn at\u00eb t\u00eb dyja:<\/p>\n\n\n\n<ul class=\"wp-block-list\">\n<li>M\u00eb ekonomike p\u00ebr t\u2019u p\u00ebrdorur<\/li>\n\n\n\n<li>M\u00eb ekologjike<\/li>\n\n\n\n<li>M\u00eb i q\u00ebndruesh\u00ebm n\u00eb kushte industriale<\/li>\n<\/ul>\n<\/div>\n\n\n\n<div class=\"wp-block-column is-layout-flow wp-block-column-is-layout-flow\" style=\"flex-basis:50%\">\n<h2 class=\"wp-block-heading\">Rezultati: Temperatura u rikthye, Kompresor\u00ebt u rifilluan<\/h2>\n\n\n\n<p>IC 22 u dor\u00ebzua dhe u instalua n\u00eb m\u00eb pak se 48 or\u00eb.<\/p>\n\n\n\n<p>Temperatura e dhom\u00ebs ulet n\u00ebn 30\u00b0C<br\/> Nuk ka nd\u00ebrprerje t\u00eb kompresorit q\u00eb nga instalimi<br\/> Prodhimi rifilloi pa modifikim t\u00eb ambienteve<\/p>\n\n\n\n<p><\/p>\n\n\n\n<h2 class=\"wp-block-heading\">Pse nuk duhet t\u2019i neglizhoni dhomat e kompresor\u00ebve?<\/h2>\n\n\n\n<ul class=\"wp-block-list\">\n<li>K\u00ebto jan\u00eb <strong>zona me ngarkes\u00eb t\u00eb lart\u00eb termike<\/strong> .<\/li>\n\n\n\n<li>Ventilimi konvencional \u00ebsht\u00eb <strong>i pamjaftuesh\u00ebm n\u00eb ver\u00eb<\/strong> .<\/li>\n\n\n\n<li>Nj\u00eb mbyllje e kompresorit do t\u00eb thot\u00eb <strong>nj\u00eb mbyllje e prodhimit<\/strong> \u2014 dhe p\u00ebr k\u00ebt\u00eb arsye nj\u00eb kosto.<\/li>\n<\/ul>\n<\/div>\n<\/div>\n\n<figure class=\"wp-block-image aligncenter size-large is-resized\"><img decoding=\"async\" width=\"788\" height=\"1024\" src=\"https:\/\/obera.fr\/wp-content\/uploads\/2025\/05\/ic22-made-in-france-1-788x1024.png\" alt=\"ic22 i prodhuar n&#xEB; Franc&#xEB;\" class=\"wp-image-103987\" style=\"width:350px;height:auto\" srcset=\"https:\/\/obera.fr\/wp-content\/uploads\/2025\/05\/ic22-made-in-france-1-788x1024.png 788w, https:\/\/obera.fr\/wp-content\/uploads\/2025\/05\/ic22-made-in-france-1-231x300.png 231w, https:\/\/obera.fr\/wp-content\/uploads\/2025\/05\/ic22-made-in-france-1-768x998.png 768w, https:\/\/obera.fr\/wp-content\/uploads\/2025\/05\/ic22-made-in-france-1.png 1000w\" sizes=\"(max-width: 788px) 100vw, 788px\" \/><figcaption class=\"wp-element-caption\"><strong>Modeli IC 22<\/strong><\/figcaption><\/figure>\n\n<h2 class=\"wp-block-heading\">OberA: Zgjidhje Betoni p\u00ebr Industrin\u00eb<\/h2>\n\n<p>IC22 yn\u00eb \u00ebsht\u00eb nj\u00eb zgjidhje <strong>100% mobile, 100% industriale<\/strong> , e projektuar dhe prodhuar n\u00eb Franc\u00eb, p\u00ebr t\u00eb p\u00ebrmbushur kufizimet reale t\u00eb vendeve tuaja.<\/p>\n\n<h3 class=\"wp-block-heading\">A po p\u00ebrjetoni mbinxehje n\u00eb dhom\u00ebn e kompresor\u00ebve?<\/h3>\n\n<p>Na kontaktoni: ekipet tona mund t\u00eb p\u00ebrgjigjen shpejt, kudo n\u00eb Franc\u00eb. Me OberA, ju mbani kontrollin e pajisjeve tuaja &#8211; edhe n\u00eb temperatura deri n\u00eb 40\u00b0C. <\/p>\n\n<div class=\"wp-block-buttons is-content-justification-center is-layout-flex wp-container-core-buttons-is-layout-a89b3969 wp-block-buttons-is-layout-flex\">\n<div class=\"wp-block-button\"><a class=\"wp-block-button__link has-text-align-center wp-element-button\" href=\"https:\/\/obera.fr\/sq\/contact\/\">Na kontaktoni<\/a><\/div>\n<\/div>\n\n<p><\/p>\n","protected":false},"excerpt":{"rendered":"<p>Me ver\u00ebn q\u00eb po afronte, nj\u00eb klient industrial na kontaktoi urgjentisht. Dhoma e tyre e kompresor\u00ebve prej 100 m\u00b2 po shnd\u00ebrrohej n\u00eb furr\u00eb sapo temperaturat e jashtme u rrit\u00ebn mbi 30\u00b0C. <\/p>\n","protected":false},"author":13,"featured_media":112197,"comment_status":"open","ping_status":"closed","sticky":false,"template":"","format":"standard","meta":{"_acf_changed":false,"_seopress_robots_primary_cat":"none","_seopress_titles_title":"Local compresseur surchauff\u00e9 : solution mobile OberA IC22 efficace","_seopress_titles_desc":"Local \u00e0 40\u00b0C ? L\u2019IC22 OberA, rafra\u00eechisseur adiabatique mobile, baisse la temp\u00e9rature en 48h sans travaux. Production relanc\u00e9e, z\u00e9ro arr\u00eat de compresseur.","_seopress_robots_index":"","footnotes":""},"categories":[312],"tags":[],"class_list":["post-109454","post","type-post","status-publish","format-standard","has-post-thumbnail","hentry","category-keshilla-jone-sq","generate-columns","tablet-grid-50","mobile-grid-100","grid-parent","grid-50","no-featured-image-padding","resize-featured-image"],"acf":[],"_links":{"self":[{"href":"https:\/\/obera.fr\/sq\/wp-json\/wp\/v2\/posts\/109454","targetHints":{"allow":["GET"]}}],"collection":[{"href":"https:\/\/obera.fr\/sq\/wp-json\/wp\/v2\/posts"}],"about":[{"href":"https:\/\/obera.fr\/sq\/wp-json\/wp\/v2\/types\/post"}],"author":[{"embeddable":true,"href":"https:\/\/obera.fr\/sq\/wp-json\/wp\/v2\/users\/13"}],"replies":[{"embeddable":true,"href":"https:\/\/obera.fr\/sq\/wp-json\/wp\/v2\/comments?post=109454"}],"version-history":[{"count":12,"href":"https:\/\/obera.fr\/sq\/wp-json\/wp\/v2\/posts\/109454\/revisions"}],"predecessor-version":[{"id":110338,"href":"https:\/\/obera.fr\/sq\/wp-json\/wp\/v2\/posts\/109454\/revisions\/110338"}],"wp:featuredmedia":[{"embeddable":true,"href":"https:\/\/obera.fr\/sq\/wp-json\/wp\/v2\/media\/112197"}],"wp:attachment":[{"href":"https:\/\/obera.fr\/sq\/wp-json\/wp\/v2\/media?parent=109454"}],"wp:term":[{"taxonomy":"category","embeddable":true,"href":"https:\/\/obera.fr\/sq\/wp-json\/wp\/v2\/categories?post=109454"},{"taxonomy":"post_tag","embeddable":true,"href":"https:\/\/obera.fr\/sq\/wp-json\/wp\/v2\/tags?post=109454"}],"curies":[{"name":"wp","href":"https:\/\/api.w.org\/{rel}","templated":true}]}}