{"id":118507,"date":"2025-06-30T15:30:10","date_gmt":"2025-06-30T13:30:10","guid":{"rendered":"https:\/\/obera.fr\/nase-rada\/rafraichisseur-garage\/"},"modified":"2025-07-16T11:05:45","modified_gmt":"2025-07-16T09:05:45","slug":"rafraichisseur-garage","status":"publish","type":"post","link":"https:\/\/obera.fr\/sq\/automobil-dhe-kamion\/rafraichisseur-garage\/","title":{"rendered":"Nxeht\u00ebsia n\u00eb garazhet e makinave: nj\u00eb sfid\u00eb e p\u00ebrditshme q\u00eb m\u00eb n\u00eb fund u p\u00ebrballua fal\u00eb ftoh\u00ebsve OberA"},"content":{"rendered":"\n<div class=\"wp-block-columns is-layout-flex wp-container-core-columns-is-layout-28f84493 wp-block-columns-is-layout-flex\">\n<div class=\"wp-block-column is-layout-flow wp-block-column-is-layout-flow\" style=\"flex-basis:66.66%\">\n<p><strong>Sektori i automobilave po mbinxehet<\/strong> , dhe nxeht\u00ebsia n\u00eb garazhe dhe punishte<br\/> b\u00ebhet nj\u00eb problem p\u00ebr profesionist\u00ebt n\u00eb k\u00ebt\u00eb sektor.<br\/><br\/>\u00c7do ver\u00eb n\u00eb punishte, nxeht\u00ebsia b\u00ebhet shpejt nj\u00eb <strong>penges\u00eb e madhe p\u00ebr mekanik\u00ebt<\/strong> , duke ndikuar n\u00eb sh\u00ebndetin, sigurin\u00eb dhe produktivitetin e tyre.<br\/><br\/>N\u00eb Franc\u00eb, episodet e nxeht\u00ebsis\u00eb ekstreme po b\u00ebhen gjithnj\u00eb e m\u00eb t\u00eb shpeshta dhe intensive. Sipas M\u00e9t\u00e9o France, <strong>vendi ka p\u00ebrjetuar tet\u00eb nga dhjet\u00eb verat m\u00eb t\u00eb nxehta<\/strong> q\u00eb nga viti 1900 n\u00eb 20 vitet e fundit. <\/p>\n<\/div>\n\n\n\n<div class=\"wp-block-column is-layout-flow wp-block-column-is-layout-flow\" style=\"flex-basis:33.33%\">\n<figure class=\"wp-block-image aligncenter size-full is-resized\"><img decoding=\"async\" width=\"612\" height=\"612\" src=\"https:\/\/obera.fr\/wp-content\/uploads\/2025\/06\/istockphoto-629496278-612x612-1.jpg\" alt=\"Garazh makinash\" class=\"wp-image-118791\" style=\"width:326px;height:auto\" srcset=\"https:\/\/obera.fr\/wp-content\/uploads\/2025\/06\/istockphoto-629496278-612x612-1.jpg 612w, https:\/\/obera.fr\/wp-content\/uploads\/2025\/06\/istockphoto-629496278-612x612-1-300x300.jpg 300w, https:\/\/obera.fr\/wp-content\/uploads\/2025\/06\/istockphoto-629496278-612x612-1-150x150.jpg 150w\" sizes=\"(max-width: 612px) 100vw, 612px\" \/><\/figure>\n<\/div>\n<\/div>\n\n<h2 class=\"wp-block-heading\">Temperatura ekstreme n\u00eb punishte t\u00eb izoluara dob\u00ebt<\/h2>\n\n<p><a href=\"https:\/\/obera.fr\/sq\/nase-rada\/rafraichisseur-production-automobile\/\">Garazhet dhe punishtet e automobilave shpesh jan\u00eb t\u00eb ajrosura dob\u00ebt,<\/a> pjes\u00ebrisht t\u00eb hapura, me pajisje q\u00eb gjenerojn\u00eb temperatura t\u00eb larta, si\u00e7 jan\u00eb motor\u00ebt e nxeht\u00eb, ashensor\u00ebt hidraulik\u00eb, kompresor\u00ebt etj.<br\/> Gjat\u00eb nj\u00eb vale t\u00eb nxehti, <strong>temperatura e ambientit mund t\u00eb arrij\u00eb leht\u00ebsisht 35 deri n\u00eb 45\u00b0C<\/strong> n\u00eb nj\u00eb punishte t\u00eb mbyllur ose me dyert e hapura, duke lejuar q\u00eb temperaturat e jashtme mbyt\u00ebs t\u00eb vijn\u00eb e t\u00eb shkojn\u00eb.<br\/><br\/> K\u00ebto temperatura t\u00eb larta kan\u00eb pasoja konkrete p\u00ebr mekanik\u00ebn e makinave:  <\/p>\n\n<ul class=\"wp-block-list\">\n<li><strong>Probleme sh\u00ebndet\u00ebsore<\/strong> \u2192 goditja nga nxeht\u00ebsia, dehidratimi dhe gjendja e keqe b\u00ebhen t\u00eb p\u00ebrs\u00ebritura<\/li>\n\n\n\n<li><strong>Ulja e p\u00ebrqendrimit<\/strong> \u2192 nxeht\u00ebsia shkakton nj\u00eb rrezik n\u00eb rritje t\u00eb gabimeve teknike<\/li>\n\n\n\n<li><strong>Ndikimi n\u00eb performanc\u00ebn e p\u00ebrgjithshme<\/strong> \u2192 r\u00ebnie n\u00eb rit\u00ebm, humbje e efikasitetit, paaft\u00ebsi e p\u00ebrkohshme p\u00ebr t\u00eb punuar<\/li>\n\n\n\n<li><strong>Pasojat p\u00ebr ekipet<\/strong> \u2192 rritje e nd\u00ebrrimit t\u00eb lojtar\u00ebve, z\u00ebvend\u00ebsime t\u00eb shpeshta<\/li>\n<\/ul>\n\n<p><\/p>\n\n<h2 class=\"wp-block-heading\">Nj\u00eb zgjidhje konkrete dhe e miratuar: Ftoh\u00ebs ajri industrial\u00eb OberA<\/h2>\n\n<p>OberA ofron zgjidhjen m\u00eb efikase, t\u00eb q\u00ebndrueshme dhe t\u00eb leht\u00eb p\u00ebr t\u2019u instaluar p\u00ebr ftohje. Gama jon\u00eb e ftoh\u00ebsve IC \u00ebsht\u00eb <strong>e p\u00ebrshtatshme n\u00eb m\u00ebnyr\u00eb t\u00eb p\u00ebrkryer p\u00ebr mjediset e automobilave,<\/strong> si\u00e7 jan\u00eb garazhet dhe punishtet e mir\u00ebmbajtjes, riparimit dhe prodhimit. <\/p>\n\n<p><br\/>I p\u00ebrshtatsh\u00ebm p\u00ebr t\u00eb gjitha sip\u00ebrfaqet q\u00eb variojn\u00eb nga 80 deri n\u00eb 400m\u00b2, IC-t\u00eb tona i ofrojn\u00eb sektorit tuaj:<br\/><\/p>\n\n<ul class=\"wp-block-list\">\n<li>Nj\u00eb risi teknologjike e bazuar n\u00eb nj\u00eb parim historik dhe natyror: avullimi i ujit<\/li>\n\n\n\n<li>Nj\u00eb kosto operative 15 her\u00eb m\u00eb e ul\u00ebt se kondicioneri<\/li>\n\n\n\n<li>Nj\u00eb gam\u00eb e plot\u00eb p\u00ebr t\u00eb p\u00ebrmbushur t\u00eb gjitha nevojat dhe kufizimet tuaja<\/li>\n\n\n\n<li>Nj\u00eb gjurm\u00eb shum\u00eb e ul\u00ebt karboni (pa ftoh\u00ebs) pa \u00e7liruar aj\u00ebr t\u00eb nxeht\u00eb (pa efektin e &#8220;ishullit t\u00eb nxeht\u00ebsis\u00eb&#8221;)<\/li>\n\n\n\n<li>Nj\u00eb gam\u00eb produktesh cil\u00ebsore t\u00eb prodhuara n\u00eb Franc\u00eb<\/li>\n\n\n\n<li>Nj\u00eb zgjidhje praktike, e adaptueshme dhe e l\u00ebvizshme &#8220;Plug and play&#8221;.<\/li>\n\n\n\n<li>Mir\u00ebmbajtje e shpejt\u00eb dhe ekonomike<\/li>\n\n\n\n<li>Nj\u00eb garanci 5-vje\u00e7are<br\/><\/li>\n<\/ul>\n\n<p>Fal\u00eb inovacionit t\u00eb patentuar &#8220;Pureflow&#8221;, OberA <strong>kombinon ftohjen dhe pastrimin<\/strong> , p\u00ebr t\u00eb garantuar cil\u00ebsi superiore t\u00eb ajrit n\u00eb garazhet dhe punishtet tuaja t\u00eb automobilave.<\/p>\n\n<p><\/p>\n\n<div class=\"wp-block-columns is-layout-flex wp-container-core-columns-is-layout-28f84493 wp-block-columns-is-layout-flex\">\n<div class=\"wp-block-column is-layout-flow wp-block-column-is-layout-flow\">\n<h3 class=\"wp-block-heading has-text-align-center\">IC 12<\/h3>\n\n\n\n<figure class=\"wp-block-image aligncenter size-full is-resized\"><a href=\"https:\/\/obera.fr\/produits\/rafraichisseurs-air\/rafraichisseurs-par-evaporation-ic\/\"><img decoding=\"async\" width=\"1200\" height=\"1200\" src=\"https:\/\/obera.fr\/wp-content\/uploads\/2025\/04\/img-ic-12.png\" alt=\"img ic 12\" class=\"wp-image-87231\" style=\"object-fit:cover;width:300px;height:300px\" srcset=\"https:\/\/obera.fr\/wp-content\/uploads\/2025\/04\/img-ic-12.png 1200w, https:\/\/obera.fr\/wp-content\/uploads\/2025\/04\/img-ic-12-300x300.png 300w, https:\/\/obera.fr\/wp-content\/uploads\/2025\/04\/img-ic-12-1024x1024.png 1024w, https:\/\/obera.fr\/wp-content\/uploads\/2025\/04\/img-ic-12-150x150.png 150w, https:\/\/obera.fr\/wp-content\/uploads\/2025\/04\/img-ic-12-768x768.png 768w\" sizes=\"(max-width: 1200px) 100vw, 1200px\" \/><\/a><\/figure>\n<\/div>\n\n\n\n<div class=\"wp-block-column is-layout-flow wp-block-column-is-layout-flow\">\n<h3 class=\"wp-block-heading has-text-align-center\">IC 22<\/h3>\n\n\n\n<figure class=\"wp-block-image aligncenter size-full is-resized\"><a href=\"https:\/\/obera.fr\/produits\/rafraichisseurs-air\/rafraichisseurs-par-evaporation-ic\/\"><img decoding=\"async\" width=\"1200\" height=\"1200\" src=\"https:\/\/obera.fr\/wp-content\/uploads\/2025\/04\/img-ic-22.png\" alt=\"img ic 22\" class=\"wp-image-87254\" style=\"object-fit:cover;width:300px;height:300px\" srcset=\"https:\/\/obera.fr\/wp-content\/uploads\/2025\/04\/img-ic-22.png 1200w, https:\/\/obera.fr\/wp-content\/uploads\/2025\/04\/img-ic-22-300x300.png 300w, https:\/\/obera.fr\/wp-content\/uploads\/2025\/04\/img-ic-22-1024x1024.png 1024w, https:\/\/obera.fr\/wp-content\/uploads\/2025\/04\/img-ic-22-150x150.png 150w, https:\/\/obera.fr\/wp-content\/uploads\/2025\/04\/img-ic-22-768x768.png 768w\" sizes=\"(max-width: 1200px) 100vw, 1200px\" \/><\/a><\/figure>\n<\/div>\n\n\n\n<div class=\"wp-block-column is-layout-flow wp-block-column-is-layout-flow\">\n<h3 class=\"wp-block-heading has-text-align-center\">IC 30<\/h3>\n\n\n\n<figure class=\"wp-block-image aligncenter size-full is-resized\"><a href=\"https:\/\/obera.fr\/produits\/rafraichisseurs-air\/rafraichisseurs-par-evaporation-ic\/\"><img decoding=\"async\" width=\"1200\" height=\"1200\" src=\"https:\/\/obera.fr\/wp-content\/uploads\/2025\/04\/img-ic-30.png\" alt=\"img ic 30\" class=\"wp-image-87278\" style=\"object-fit:cover;width:300px;height:300px\" srcset=\"https:\/\/obera.fr\/wp-content\/uploads\/2025\/04\/img-ic-30.png 1200w, https:\/\/obera.fr\/wp-content\/uploads\/2025\/04\/img-ic-30-300x300.png 300w, https:\/\/obera.fr\/wp-content\/uploads\/2025\/04\/img-ic-30-1024x1024.png 1024w, https:\/\/obera.fr\/wp-content\/uploads\/2025\/04\/img-ic-30-150x150.png 150w, https:\/\/obera.fr\/wp-content\/uploads\/2025\/04\/img-ic-30-768x768.png 768w\" sizes=\"(max-width: 1200px) 100vw, 1200px\" \/><\/a><\/figure>\n<\/div>\n<\/div>\n\n<div class=\"wp-block-buttons is-content-justification-center is-layout-flex wp-container-core-buttons-is-layout-a89b3969 wp-block-buttons-is-layout-flex\">\n<div class=\"wp-block-button\"><a class=\"wp-block-button__link has-text-align-center wp-element-button\" href=\"https:\/\/obera.fr\/sq\/produits\/rafraichisseurs-air\/\"><strong>Zbuloni ftoh\u00ebsit tan\u00eb<\/strong><\/a><\/div>\n<\/div>\n\n<div style=\"height:81px\" aria-hidden=\"true\" class=\"wp-block-spacer\"><\/div>\n\n<h2 class=\"wp-block-heading\">Garazh Volkswagen Fabris n\u00eb Irmstett (67)<\/h2>\n\n<div class=\"wp-block-columns is-layout-flex wp-container-core-columns-is-layout-28f84493 wp-block-columns-is-layout-flex\">\n<div class=\"wp-block-column is-layout-flow wp-block-column-is-layout-flow\" style=\"flex-basis:80%\">\n<p><\/p>\n\n\n\n<p>E vendosur n\u00eb Bas-Rhin, <strong>garazhi Volkswagen Fabris<\/strong> u p\u00ebrball, si \u00e7do vit, me nj\u00eb rritje t\u00eb ndjeshme t\u00eb temperatur\u00ebs n\u00eb punishten e tij.<br\/> P\u00ebr t\u00eb p\u00ebrmir\u00ebsuar komoditetin e mekanik\u00ebs s\u00eb tij, ne i ofruam nj\u00eb prov\u00eb t\u00eb modelit ton\u00eb IC 12 p\u00ebr disa dit\u00eb, me q\u00ebllim q\u00eb t\u00eb provonim <strong>efektivitetin e zgjidhjes son\u00eb t\u00eb ftohjes Made In France<\/strong> .<\/p>\n\n\n\n<p><\/p>\n\n\n\n<h3 class=\"wp-block-heading\">Rezultate t\u00eb menj\u00ebhershme<\/h3>\n\n\n\n<blockquote class=\"wp-block-quote is-layout-flow wp-block-quote-is-layout-flow\">\n<p>\u201c\u00cbsht\u00eb e thjesht\u00eb, mekanik\u00ebt e mi nuk e besuan, por pas disa minutash p\u00ebrdorimi, pam\u00eb q\u00eb temperatura ra ndjesh\u00ebm. Ne <strong>arrit\u00ebm t\u00eb fitonim n\u00eb rehati,<\/strong> por edhe n\u00eb efikasitet. Atmosfera n\u00eb punishte \u00ebsht\u00eb m\u00eb e relaksuar dhe e favorshme p\u00ebr pun\u00eb, n\u00eb kushte shum\u00eb m\u00eb t\u00eb p\u00ebrmir\u00ebsuara.\u201d  <br\/><br\/>Z. Fabris, pronar i garazhit FABRIS.<\/p>\n<\/blockquote>\n<\/div>\n\n\n\n<div class=\"wp-block-column is-layout-flow wp-block-column-is-layout-flow\" style=\"flex-basis:50%\"><style>.kb-gallery-id-118196_6fa53f-8e .kadence-blocks-gallery-item .kb-gal-image-radius, .kb-gallery-id-118196_6fa53f-8e .kb-slide-item .kb-gal-image-radius img{border-radius:0px 0px 0px 0px;;}.kb-gallery-wrap-id-118196_6fa53f-8e.wp-block-kadence-advancedgallery{overflow:visible;}.kb-gallery-wrap-id-118196_6fa53f-8e.wp-block-kadence-advancedgallery .kt-blocks-carousel{overflow:visible;}<\/style><div class=\"kb-gallery-wrap-id-118196_6fa53f-8e alignnone wp-block-kadence-advancedgallery\"><div class=\"kb-gallery-ul kb-gallery-non-static kb-gallery-type-slider kb-gallery-id-118196_6fa53f-8e kb-gallery-caption-style-bottom-hover kb-gallery-filter-none\" data-image-filter=\"none\" data-lightbox-caption=\"true\"><div class=\"kt-blocks-carousel splide kt-carousel-container-dotstyle-dark kt-carousel-arrowstyle-whiteondark kt-carousel-dotstyle-dark kb-slider-group-arrow kb-slider-arrow-position-center\" data-slider-anim-speed=\"400\" data-slider-scroll=\"1\" data-slider-arrows=\"true\" data-slider-fade=\"true\" data-slider-dots=\"true\" data-slider-type=\"slider\" data-slider-hover-pause=\"false\" data-slider-auto=\"\" data-slider-speed=\"7000\" data-show-pause-button=\"false\"><div class=\"splide__track\"><ul class=\"kt-blocks-carousel-init kb-blocks-slider splide__list\"><li class=\"kb-slide-item kb-gallery-slide-item splide__slide\"><div class=\"kadence-blocks-gallery-item\"><div class=\"kadence-blocks-gallery-item-inner\"><figure class=\"kb-gallery-figure kadence-blocks-gallery-item-hide-caption\"><div class=\"kb-gal-image-radius\"><div class=\"kb-gallery-image-contain kadence-blocks-gallery-intrinsic kb-gallery-image-ratio-land32 kb-has-image-ratio-land32\" ><img decoding=\"async\" src=\"https:\/\/obera.fr\/wp-content\/uploads\/2025\/06\/raf-ic-12-secteur-automobile.3-1024x1024.png\" width=\"1024\" height=\"1024\" alt=\"raf ic 12 secteur automobile\" data-full-image=\"https:\/\/obera.fr\/wp-content\/uploads\/2025\/06\/raf-ic-12-secteur-automobile.3.png\" data-light-image=\"https:\/\/obera.fr\/wp-content\/uploads\/2025\/06\/raf-ic-12-secteur-automobile.3.png\" data-id=\"118287\" class=\"wp-image-118287 skip-lazy\" srcset=\"https:\/\/obera.fr\/wp-content\/uploads\/2025\/06\/raf-ic-12-secteur-automobile.3-1024x1024.png 1024w, https:\/\/obera.fr\/wp-content\/uploads\/2025\/06\/raf-ic-12-secteur-automobile.3-300x300.png 300w, https:\/\/obera.fr\/wp-content\/uploads\/2025\/06\/raf-ic-12-secteur-automobile.3-150x150.png 150w, https:\/\/obera.fr\/wp-content\/uploads\/2025\/06\/raf-ic-12-secteur-automobile.3-768x768.png 768w, https:\/\/obera.fr\/wp-content\/uploads\/2025\/06\/raf-ic-12-secteur-automobile.3.png 1200w\" sizes=\"(max-width: 1024px) 100vw, 1024px\" \/><\/div><\/div><\/figure><\/div><\/div><\/li><li class=\"kb-slide-item kb-gallery-slide-item splide__slide\"><div class=\"kadence-blocks-gallery-item\"><div class=\"kadence-blocks-gallery-item-inner\"><figure class=\"kb-gallery-figure kadence-blocks-gallery-item-hide-caption\"><div class=\"kb-gal-image-radius\"><div class=\"kb-gallery-image-contain kadence-blocks-gallery-intrinsic kb-gallery-image-ratio-land32 kb-has-image-ratio-land32\" ><img decoding=\"async\" src=\"https:\/\/obera.fr\/wp-content\/uploads\/2025\/06\/raf-ic-12-secteur-automobile.2-1024x1024.png\" width=\"1024\" height=\"1024\" alt=\"raf ic 12 secteur\" data-full-image=\"https:\/\/obera.fr\/wp-content\/uploads\/2025\/06\/raf-ic-12-secteur-automobile.2.png\" data-light-image=\"https:\/\/obera.fr\/wp-content\/uploads\/2025\/06\/raf-ic-12-secteur-automobile.2.png\" data-id=\"118313\" class=\"wp-image-118313 skip-lazy\" srcset=\"https:\/\/obera.fr\/wp-content\/uploads\/2025\/06\/raf-ic-12-secteur-automobile.2-1024x1024.png 1024w, https:\/\/obera.fr\/wp-content\/uploads\/2025\/06\/raf-ic-12-secteur-automobile.2-300x300.png 300w, https:\/\/obera.fr\/wp-content\/uploads\/2025\/06\/raf-ic-12-secteur-automobile.2-150x150.png 150w, https:\/\/obera.fr\/wp-content\/uploads\/2025\/06\/raf-ic-12-secteur-automobile.2-768x768.png 768w, https:\/\/obera.fr\/wp-content\/uploads\/2025\/06\/raf-ic-12-secteur-automobile.2.png 1200w\" sizes=\"(max-width: 1024px) 100vw, 1024px\" \/><\/div><\/div><\/figure><\/div><\/div><\/li><li class=\"kb-slide-item kb-gallery-slide-item splide__slide\"><div class=\"kadence-blocks-gallery-item\"><div class=\"kadence-blocks-gallery-item-inner\"><figure class=\"kb-gallery-figure kadence-blocks-gallery-item-hide-caption\"><div class=\"kb-gal-image-radius\"><div class=\"kb-gallery-image-contain kadence-blocks-gallery-intrinsic kb-gallery-image-ratio-land32 kb-has-image-ratio-land32\" ><img decoding=\"async\" src=\"https:\/\/obera.fr\/wp-content\/uploads\/2025\/06\/raf-ic-12-secteur-automobile-1024x1024.png\" width=\"1024\" height=\"1024\" alt=\"raf ic 12 secteur garage\" data-full-image=\"https:\/\/obera.fr\/wp-content\/uploads\/2025\/06\/raf-ic-12-secteur-automobile.png\" data-light-image=\"https:\/\/obera.fr\/wp-content\/uploads\/2025\/06\/raf-ic-12-secteur-automobile.png\" data-id=\"118337\" class=\"wp-image-118337 skip-lazy\" srcset=\"https:\/\/obera.fr\/wp-content\/uploads\/2025\/06\/raf-ic-12-secteur-automobile-1024x1024.png 1024w, https:\/\/obera.fr\/wp-content\/uploads\/2025\/06\/raf-ic-12-secteur-automobile-300x300.png 300w, https:\/\/obera.fr\/wp-content\/uploads\/2025\/06\/raf-ic-12-secteur-automobile-150x150.png 150w, https:\/\/obera.fr\/wp-content\/uploads\/2025\/06\/raf-ic-12-secteur-automobile-768x768.png 768w, https:\/\/obera.fr\/wp-content\/uploads\/2025\/06\/raf-ic-12-secteur-automobile.png 1200w\" sizes=\"(max-width: 1024px) 100vw, 1024px\" \/><\/div><\/div><\/figure><\/div><\/div><\/li><li class=\"kb-slide-item kb-gallery-slide-item splide__slide\"><div class=\"kadence-blocks-gallery-item\"><div class=\"kadence-blocks-gallery-item-inner\"><figure class=\"kb-gallery-figure kadence-blocks-gallery-item-hide-caption\"><div class=\"kb-gal-image-radius\"><div class=\"kb-gallery-image-contain kadence-blocks-gallery-intrinsic kb-gallery-image-ratio-land32 kb-has-image-ratio-land32\" ><img decoding=\"async\" src=\"https:\/\/obera.fr\/wp-content\/uploads\/2025\/06\/raf-ic-12-secteur-automobile.4-1024x1024.png\" width=\"1024\" height=\"1024\" alt=\"raf ic 12\" data-full-image=\"https:\/\/obera.fr\/wp-content\/uploads\/2025\/06\/raf-ic-12-secteur-automobile.4.png\" data-light-image=\"https:\/\/obera.fr\/wp-content\/uploads\/2025\/06\/raf-ic-12-secteur-automobile.4.png\" data-id=\"118361\" class=\"wp-image-118361 skip-lazy\" srcset=\"https:\/\/obera.fr\/wp-content\/uploads\/2025\/06\/raf-ic-12-secteur-automobile.4-1024x1024.png 1024w, https:\/\/obera.fr\/wp-content\/uploads\/2025\/06\/raf-ic-12-secteur-automobile.4-300x300.png 300w, https:\/\/obera.fr\/wp-content\/uploads\/2025\/06\/raf-ic-12-secteur-automobile.4-150x150.png 150w, https:\/\/obera.fr\/wp-content\/uploads\/2025\/06\/raf-ic-12-secteur-automobile.4-768x768.png 768w, https:\/\/obera.fr\/wp-content\/uploads\/2025\/06\/raf-ic-12-secteur-automobile.4.png 1200w\" sizes=\"(max-width: 1024px) 100vw, 1024px\" \/><\/div><\/div><\/figure><\/div><\/div><\/li><li class=\"kb-slide-item kb-gallery-slide-item splide__slide\"><div class=\"kadence-blocks-gallery-item\"><div class=\"kadence-blocks-gallery-item-inner\"><figure class=\"kb-gallery-figure kadence-blocks-gallery-item-hide-caption\"><div class=\"kb-gal-image-radius\"><div class=\"kb-gallery-image-contain kadence-blocks-gallery-intrinsic kb-gallery-image-ratio-land32 kb-has-image-ratio-land32\" ><img decoding=\"async\" src=\"https:\/\/obera.fr\/wp-content\/uploads\/2025\/06\/raf-ic-12-secteur-automobile.1-1024x1024.png\" width=\"1024\" height=\"1024\" alt=\"raf ic 12 secteur auto\" data-full-image=\"https:\/\/obera.fr\/wp-content\/uploads\/2025\/06\/raf-ic-12-secteur-automobile.1.png\" data-light-image=\"https:\/\/obera.fr\/wp-content\/uploads\/2025\/06\/raf-ic-12-secteur-automobile.1.png\" data-id=\"118387\" class=\"wp-image-118387 skip-lazy\" srcset=\"https:\/\/obera.fr\/wp-content\/uploads\/2025\/06\/raf-ic-12-secteur-automobile.1-1024x1024.png 1024w, https:\/\/obera.fr\/wp-content\/uploads\/2025\/06\/raf-ic-12-secteur-automobile.1-300x300.png 300w, https:\/\/obera.fr\/wp-content\/uploads\/2025\/06\/raf-ic-12-secteur-automobile.1-150x150.png 150w, https:\/\/obera.fr\/wp-content\/uploads\/2025\/06\/raf-ic-12-secteur-automobile.1-768x768.png 768w, https:\/\/obera.fr\/wp-content\/uploads\/2025\/06\/raf-ic-12-secteur-automobile.1.png 1200w\" sizes=\"(max-width: 1024px) 100vw, 1024px\" \/><\/div><\/div><\/figure><\/div><\/div><\/li><\/ul><\/div><\/div><\/div><\/div><\/div>\n<\/div>\n\n<p><br\/>Pas suksesit t\u00eb zgjidhjes son\u00eb, Garage Volkswagen Fabris vendosi t\u00eb blinte <strong>dy ftoh\u00ebs OberA<\/strong> , nj\u00eb hap i madh p\u00ebrpara p\u00ebr komoditetin e mekanik\u00ebve t\u00eb saj gjat\u00eb k\u00ebtyre episodeve t\u00eb p\u00ebrs\u00ebritura t\u00eb nxeht\u00ebsis\u00eb s\u00eb lart\u00eb.<\/p>\n\n<p><\/p>\n\n<h2 class=\"wp-block-heading\">A jeni mekanik apo punoni n\u00eb sektorin e automobilave? Zbuloni p\u00ebrfitimet konkrete t\u00eb ajrit m\u00eb t\u00eb past\u00ebr n\u00eb punishte<\/h2>\n\n<p>Luftimi i nxeht\u00ebsis\u00eb n\u00eb nj\u00eb punishte mekanike nuk \u00ebsht\u00eb m\u00eb nj\u00eb mund\u00ebsi: \u00ebsht\u00eb nj\u00eb <strong>\u00e7\u00ebshtje sh\u00ebndet\u00ebsore, performance dhe mir\u00ebqenieje n\u00eb pun\u00eb.<\/strong><\/p>\n\n<ul class=\"wp-block-list\">\n<li>Ashtu si Garage Fabris, TESTONI ose MERRNI ME QIRA gam\u00ebn ton\u00eb t\u00eb ftoh\u00ebsve IC<\/li>\n\n\n\n<li>Na kontaktoni tani p\u00ebr nj\u00eb diagnoz\u00eb t\u00eb shpejt\u00eb t\u00eb nevojave tuaja p\u00ebr ftohje industriale.<\/li>\n<\/ul>\n\n<p><\/p>\n\n<p>Komoditeti i punonj\u00ebsve tuaj nuk pret, veproni tani me zgjidhjet e OberA!<\/p>\n\n<div style=\"height:51px\" aria-hidden=\"true\" class=\"wp-block-spacer\"><\/div>\n\n<div class=\"wp-block-buttons is-content-justification-center is-layout-flex wp-container-core-buttons-is-layout-a89b3969 wp-block-buttons-is-layout-flex\">\n<div class=\"wp-block-button\"><a class=\"wp-block-button__link has-text-align-center wp-element-button\" href=\"https:\/\/obera.fr\/sq\/contact\/\"><strong><strong>Na kontaktoni<\/strong><\/strong><\/a><\/div>\n\n\n\n<div class=\"wp-block-button\"><a class=\"wp-block-button__link has-text-align-center wp-element-button\" href=\"https:\/\/obera.fr\/sq\/location-appareil-industriel\/\"><strong><strong>Merrni me qira pajisjet tona<\/strong><\/strong><\/a><\/div>\n<\/div>\n","protected":false},"excerpt":{"rendered":"<p>Sektori i automobilave po mbinxehet, dhe nxeht\u00ebsia n\u00eb garazhe dhe punishte<br \/>\n b\u00ebhet nj\u00eb problem p\u00ebr profesionist\u00ebt n\u00eb k\u00ebt\u00eb sektor.<\/p>\n","protected":false},"author":13,"featured_media":120434,"comment_status":"open","ping_status":"closed","sticky":false,"template":"","format":"standard","meta":{"_acf_changed":false,"_seopress_robots_primary_cat":"none","_seopress_titles_title":"Ftoh\u00ebs OberA: Nuk ka m\u00eb ngrohje n\u00eb garazhet e makinave","_seopress_titles_desc":"OberA ofron nj\u00eb zgjidhje efektive p\u00ebr ngrohjen n\u00eb punishte: rehati, siguri dhe performanc\u00eb e rikthyer fal\u00eb ftoh\u00ebsve t\u00eb ajrit industrial\u00eb.","_seopress_robots_index":"","footnotes":""},"categories":[590],"tags":[443],"class_list":["post-118507","post","type-post","status-publish","format-standard","has-post-thumbnail","hentry","category-automobil-dhe-kamion","tag-pije-freskuese","generate-columns","tablet-grid-50","mobile-grid-100","grid-parent","grid-50","no-featured-image-padding","resize-featured-image"],"acf":[],"_links":{"self":[{"href":"https:\/\/obera.fr\/sq\/wp-json\/wp\/v2\/posts\/118507","targetHints":{"allow":["GET"]}}],"collection":[{"href":"https:\/\/obera.fr\/sq\/wp-json\/wp\/v2\/posts"}],"about":[{"href":"https:\/\/obera.fr\/sq\/wp-json\/wp\/v2\/types\/post"}],"author":[{"embeddable":true,"href":"https:\/\/obera.fr\/sq\/wp-json\/wp\/v2\/users\/13"}],"replies":[{"embeddable":true,"href":"https:\/\/obera.fr\/sq\/wp-json\/wp\/v2\/comments?post=118507"}],"version-history":[{"count":6,"href":"https:\/\/obera.fr\/sq\/wp-json\/wp\/v2\/posts\/118507\/revisions"}],"predecessor-version":[{"id":122876,"href":"https:\/\/obera.fr\/sq\/wp-json\/wp\/v2\/posts\/118507\/revisions\/122876"}],"wp:featuredmedia":[{"embeddable":true,"href":"https:\/\/obera.fr\/sq\/wp-json\/wp\/v2\/media\/120434"}],"wp:attachment":[{"href":"https:\/\/obera.fr\/sq\/wp-json\/wp\/v2\/media?parent=118507"}],"wp:term":[{"taxonomy":"category","embeddable":true,"href":"https:\/\/obera.fr\/sq\/wp-json\/wp\/v2\/categories?post=118507"},{"taxonomy":"post_tag","embeddable":true,"href":"https:\/\/obera.fr\/sq\/wp-json\/wp\/v2\/tags?post=118507"}],"curies":[{"name":"wp","href":"https:\/\/api.w.org\/{rel}","templated":true}]}}