{"id":120230,"date":"2025-07-07T10:00:00","date_gmt":"2025-07-07T08:00:00","guid":{"rendered":"https:\/\/obera.fr\/nase-rada\/proteger-tailleurs-pierre\/"},"modified":"2025-07-08T14:09:04","modified_gmt":"2025-07-08T12:09:04","slug":"proteger-tailleurs-pierre","status":"publish","type":"post","link":"https:\/\/obera.fr\/sq\/keshilla-jone-sq\/proteger-tailleurs-pierre\/","title":{"rendered":"Mbrojtja e gur\u00ebgdhend\u00ebsve: nj\u00eb \u00e7\u00ebshtje jet\u00ebsore, nj\u00eb mision p\u00ebr OberA-n\u00eb"},"content":{"rendered":"\n<p>N\u00eb bot\u00ebn e v\u00ebshtir\u00eb t\u00eb prerjes s\u00eb gur\u00ebve, bukuria e pun\u00ebs shpesh vjen me nj\u00eb rrezik t\u00eb paduksh\u00ebm, por shum\u00eb real: pluhurin e im\u00ebt. T\u00eb thithura vazhdimisht, k\u00ebto grimca mund t\u00eb shkaktojn\u00eb s\u00ebmundje serioze t\u00eb frym\u00ebmarrjes, p\u00ebrfshir\u00eb silikoz\u00ebn e frikshme. N\u00eb <strong>OberA<\/strong> , ne e b\u00ebjm\u00eb mbrojtjen e artizan\u00ebve nj\u00eb p\u00ebrpar\u00ebsi, duke kombinuar teknologjin\u00eb, ekspertiz\u00ebn dhe pun\u00ebn n\u00eb terren.    <\/p>\n\n<h2 class=\"wp-block-heading\">Rreziqet e pluhurit t\u00eb im\u00ebt: nj\u00eb realitet q\u00eb nuk duhet n\u00ebnvler\u00ebsuar  <\/h2>\n\n<p>Gjat\u00eb operacioneve t\u00eb prerjes, l\u00ebmimit ose lustrimit t\u00eb gur\u00ebve, pluhuri q\u00eb p\u00ebrmban silic\u00eb kristalore \u00e7lirohet n\u00eb aj\u00ebr. Me sy t\u00eb lir\u00eb, duket i pad\u00ebmsh\u00ebm. Megjithat\u00eb, ekspozimi i zgjatur mund t\u00eb \u00e7oj\u00eb n\u00eb patologji kronike, duke rrezikuar sh\u00ebndetin edhe t\u00eb gur\u00ebgdhend\u00ebsve m\u00eb me p\u00ebrvoj\u00eb.    <\/p>\n\n<h2 class=\"wp-block-heading\">OberA: ekspertiz\u00eb n\u00eb sh\u00ebrbim t\u00eb parandalimit  <\/h2>\n\n<p>Q\u00eb nga fillimi yn\u00eb, <strong>OberA<\/strong> ka zhvilluar zgjidhje parandaluese t\u00eb p\u00ebrshtatura p\u00ebr t\u00eb p\u00ebrmbushur nevojat specifike t\u00eb industris\u00eb s\u00eb gur\u00ebve. Qasja jon\u00eb bazohet n\u00eb tre shtylla:   <\/p>\n\n<ul class=\"wp-block-list\">\n<li><strong>Analiz\u00eb e detajuar e nevojave n\u00eb terren<\/strong> : \u00e7do punishte dhe \u00e7do kantier nd\u00ebrtimi \u00ebsht\u00eb i ndrysh\u00ebm. Ekspert\u00ebt tan\u00eb udh\u00ebtojn\u00eb n\u00eb vendndodhjen tuaj p\u00ebr t\u00eb vler\u00ebsuar rreziqet dhe p\u00ebr t\u00eb p\u00ebrshtatur masat mbrojt\u00ebse sa m\u00eb sakt\u00eb q\u00eb t\u00eb jet\u00eb e mundur.   <\/li>\n\n\n\n<li><strong>Pajisje mbrojt\u00ebse inovative<\/strong> : maska \u200b\u200brespiratore me filtrim t\u00eb p\u00ebrforcuar, sisteme nxjerrjeje t\u00eb burimit, kabina pune t\u00eb mbyllura&#8230; Ne zgjedhim dhe personalizojm\u00eb mjetet m\u00eb t\u00eb mira p\u00ebr t\u00eb garantuar mbrojtje efektive dhe t\u00eb rehatshme.  <\/li>\n\n\n\n<li><strong>Trajnim dhe mb\u00ebshtetje<\/strong> : meqen\u00ebse pajisjet e mira nuk vlejn\u00eb asgj\u00eb pa veprimet e duhura, ne i trajnojm\u00eb ekipet p\u00ebr p\u00ebrdorimin optimal t\u00eb pajisjeve, me monitorim t\u00eb rregullt.  <\/li>\n<\/ul>\n\n<h2 class=\"wp-block-heading\">Nj\u00eb kultur\u00eb sigurie e integruar n\u00eb artizanat  <\/h2>\n\n<p>N\u00eb <strong>OberA<\/strong> , ne besojm\u00eb se \u00ebsht\u00eb e mundur t\u00eb ruhet fisnik\u00ebria e profesionit, duke mbrojtur ata q\u00eb e ushtrojn\u00eb at\u00eb. Siguria nuk duhet t\u00eb jet\u00eb kurr\u00eb penges\u00eb p\u00ebr performanc\u00ebn ose pasionin. P\u00ebrkundrazi, \u00ebsht\u00eb nj\u00eb zgjatim natyror i tyre. Duke integruar zgjidhje diskrete, t\u00eb forta dhe t\u00eb p\u00ebrshtatura, ne ndihmojm\u00eb q\u00eb \u00e7do seminar t\u00eb jet\u00eb nj\u00eb hap\u00ebsir\u00eb \u200b\u200bp\u00ebr kreativitet, por edhe p\u00ebr besim.     <\/p>\n\n<p><strong>Artizan\u00eb, menaxher\u00eb punishtesh, kompani trash\u00ebgimie ose nd\u00ebrtimi<\/strong> , zgjidhni nj\u00eb partner q\u00eb ju kupton dhe ju mbron. <strong>OberA<\/strong> , mjesht\u00ebria e parandalimit, n\u00eb zem\u00ebr t\u00eb njohurive tuaja.<\/p>\n\n<p><\/p>\n","protected":false},"excerpt":{"rendered":"<p>N\u00eb bot\u00ebn k\u00ebrkuese t\u00eb prerjes s\u00eb gur\u00ebve, bukuria e gjestit shpesh shoq\u00ebrohet nga nj\u00eb rrezik i paduksh\u00ebm, por shum\u00eb real: pluhuri i im\u00ebt.  <\/p>\n","protected":false},"author":13,"featured_media":139397,"comment_status":"open","ping_status":"closed","sticky":false,"template":"","format":"standard","meta":{"_acf_changed":false,"_seopress_robots_primary_cat":"none","_seopress_titles_title":"Prot\u00e9ger les tailleurs de pierre : la mission pr\u00e9vention d\u2019OberA","_seopress_titles_desc":"Silicose, poussi\u00e8res fines : OberA agit pour la sant\u00e9 des tailleurs de pierre avec des solutions sur-mesure, innovantes et ancr\u00e9es dans le terrain.","_seopress_robots_index":"","footnotes":""},"categories":[312],"tags":[],"class_list":["post-120230","post","type-post","status-publish","format-standard","has-post-thumbnail","hentry","category-keshilla-jone-sq","generate-columns","tablet-grid-50","mobile-grid-100","grid-parent","grid-50","no-featured-image-padding","resize-featured-image"],"acf":[],"_links":{"self":[{"href":"https:\/\/obera.fr\/sq\/wp-json\/wp\/v2\/posts\/120230","targetHints":{"allow":["GET"]}}],"collection":[{"href":"https:\/\/obera.fr\/sq\/wp-json\/wp\/v2\/posts"}],"about":[{"href":"https:\/\/obera.fr\/sq\/wp-json\/wp\/v2\/types\/post"}],"author":[{"embeddable":true,"href":"https:\/\/obera.fr\/sq\/wp-json\/wp\/v2\/users\/13"}],"replies":[{"embeddable":true,"href":"https:\/\/obera.fr\/sq\/wp-json\/wp\/v2\/comments?post=120230"}],"version-history":[{"count":1,"href":"https:\/\/obera.fr\/sq\/wp-json\/wp\/v2\/posts\/120230\/revisions"}],"predecessor-version":[{"id":120231,"href":"https:\/\/obera.fr\/sq\/wp-json\/wp\/v2\/posts\/120230\/revisions\/120231"}],"wp:featuredmedia":[{"embeddable":true,"href":"https:\/\/obera.fr\/sq\/wp-json\/wp\/v2\/media\/139397"}],"wp:attachment":[{"href":"https:\/\/obera.fr\/sq\/wp-json\/wp\/v2\/media?parent=120230"}],"wp:term":[{"taxonomy":"category","embeddable":true,"href":"https:\/\/obera.fr\/sq\/wp-json\/wp\/v2\/categories?post=120230"},{"taxonomy":"post_tag","embeddable":true,"href":"https:\/\/obera.fr\/sq\/wp-json\/wp\/v2\/tags?post=120230"}],"curies":[{"name":"wp","href":"https:\/\/api.w.org\/{rel}","templated":true}]}}