{"id":42461,"date":"2023-04-26T15:38:09","date_gmt":"2023-04-26T13:38:09","guid":{"rendered":"https:\/\/obera.fr\/non-classifiee\/ulja-e-tlv-ve-te-pluhurit-duke-filluar-nga-1-korriku-2023\/"},"modified":"2025-04-25T09:48:47","modified_gmt":"2025-04-25T07:48:47","slug":"evolution-des-valeurs-limites-dexposition-des-poussieres","status":"publish","type":"post","link":"https:\/\/obera.fr\/sq\/conseils\/evolution-des-valeurs-limites-dexposition-des-poussieres\/","title":{"rendered":"Reduktimi i OEL-ve t\u00eb pluhurit nga 1 korriku 2023"},"content":{"rendered":"\n<p>Q\u00eb nga 1 janari 2022, <strong>OEL<\/strong> p\u00ebr <strong>pluhurat q\u00eb dihet se nuk kan\u00eb efekte specifike<\/strong> tashm\u00eb jan\u00eb modifikuar. Megjithat\u00eb, k\u00ebto do t\u00eb rishikohen s\u00ebrish n\u00eb r\u00ebnie p\u00ebr t\u00eb mbrojtur m\u00eb mir\u00eb sh\u00ebndetin e pun\u00ebtor\u00ebve t\u00eb ekspozuar ndaj k\u00ebtyre substancave. Prandaj, nga <strong>1 korriku 2023<\/strong> , <strong>vlerat kufi t\u00eb ekspozimit n\u00eb pun\u00eb<\/strong> (OELV) p\u00ebr pluhurat q\u00eb konsiderohen se nuk kan\u00eb efekte specifike do t\u00eb <strong>ulen<\/strong> n\u00eb Franc\u00eb.  <\/p>\n\n<p>Pluhurat q\u00eb dihet se nuk kan\u00eb efekte specifike jan\u00eb pluhurat q\u00eb nuk klasifikohen si kancerogjen\u00eb, mutagjen\u00eb ose <a href=\"https:\/\/obera.fr\/sq\/keshilla-jone\/cfare-jane-cmr-dhe-cilat-produkte-jane-kancerogjene-mutagjene-dhe-reprotoksike\/\">toksik\u00eb p\u00ebr riprodhim ( <strong>CMR<\/strong> )<\/a> . Megjithat\u00eb, <strong>kjo nuk do t\u00eb thot\u00eb se ato jan\u00eb t\u00eb sigurta p\u00ebr sh\u00ebndetin e pun\u00ebtor\u00ebve<\/strong> . N\u00eb fakt, pluhurat q\u00eb dihet se nuk kan\u00eb efekte specifike mund t\u00eb shkaktojn\u00eb <strong>acarim t\u00eb frym\u00ebmarrjes<\/strong> dhe <strong>probleme sh\u00ebndet\u00ebsore<\/strong> , t\u00eb tilla si <strong>s\u00ebmundjet e mushk\u00ebrive<\/strong> .  <\/p>\n\n<div class=\"wp-block-buttons is-horizontal is-content-justification-center is-layout-flex wp-container-core-buttons-is-layout-03627597 wp-block-buttons-is-layout-flex\">\n<div class=\"wp-block-button has-custom-width wp-block-button__width-100\"><a class=\"wp-block-button__link wp-element-button\" href=\"https:\/\/obera.fr\/sq\/na-kontaktoni\/\">M\u00ebsoni m\u00eb shum\u00eb<\/a><\/div>\n<\/div>\n\n<figure class=\"wp-block-image alignright size-full is-resized\"><img decoding=\"async\" width=\"500\" height=\"500\" src=\"https:\/\/obera.fr\/wp-content\/uploads\/2024\/09\/vlep.png\" alt=\"gjysm&#xEB;rreth me ngjyra t&#xEB; ndryshme, duke filluar nga jeshile e err&#xEB;t n&#xEB; t&#xEB; kuqe dhe nj&#xEB; gjilp&#xEB;r&#xEB; q&#xEB; tregon nj&#xEB; ngjyr&#xEB;\" class=\"wp-image-33979\" style=\"width:301px;height:auto\" srcset=\"https:\/\/obera.fr\/wp-content\/uploads\/2024\/09\/vlep.png 500w, https:\/\/obera.fr\/wp-content\/uploads\/2024\/09\/vlep-300x300.png 300w, https:\/\/obera.fr\/wp-content\/uploads\/2024\/09\/vlep-150x150.png 150w, https:\/\/obera.fr\/wp-content\/uploads\/2024\/09\/vlep-24x24.png 24w, https:\/\/obera.fr\/wp-content\/uploads\/2024\/09\/vlep-48x48.png 48w, https:\/\/obera.fr\/wp-content\/uploads\/2024\/09\/vlep-96x96.png 96w\" sizes=\"(max-width: 500px) 100vw, 500px\" \/><\/figure>\n\n<h2 class=\"wp-block-heading\">\u00c7far\u00eb \u00ebsht\u00eb nj\u00eb OEL?<\/h2>\n\n<p>Nj\u00eb OEL \u00ebsht\u00eb nj\u00eb vler\u00eb <a href=\"https:\/\/obera.fr\/sq\/keshilla-jone\/cfare-eshte-nje-limit-i-ekspozimit-profesional-ose-oel\/\">kufi e ekspozimit n\u00eb pun\u00eb<\/a> q\u00eb p\u00ebrcakton p\u00ebrqendrimin maksimal t\u00eb lejuar t\u00eb nj\u00eb substance n\u00eb ajrin e thithur nga nj\u00eb pun\u00ebtor gjat\u00eb nj\u00eb periudhe t\u00eb caktuar. OEL-t\u00eb p\u00ebrdoren p\u00ebr t\u00eb mbrojtur <strong>sh\u00ebndetin e pun\u00ebtor\u00ebve<\/strong> nga efektet e d\u00ebmshme t\u00eb substancave t\u00eb caktuara. <\/p>\n\n<p>Ekzistojn\u00eb dy lloje t\u00eb vlerave kufitare t\u00eb ekspozimit n\u00eb pun\u00eb (OELV):  <\/p>\n\n<h3 class=\"wp-block-heading\">OEL afatshkurt\u00ebr<\/h3>\n\n<p>OEL afatshkurt\u00ebr \u00ebsht\u00eb nj\u00eb vler\u00eb kufi q\u00eb p\u00ebrcakton <strong>sasin\u00eb maksimale t\u00eb nj\u00eb l\u00ebnde<\/strong> ndaj s\u00eb cil\u00ebs nj\u00eb pun\u00ebtor mund t\u00eb ekspozohet p\u00ebr nj\u00eb periudh\u00eb t\u00eb shkurt\u00ebr kohe, zakonisht 15 minuta. Kjo vler\u00eb kufi p\u00ebrdoret p\u00ebr t\u00eb mbrojtur pun\u00ebtorin nga efektet e menj\u00ebhershme t\u00eb ekspozimit ndaj nj\u00eb substance, t\u00eb tilla si <strong>acarimet ose reaksionet alergjike<\/strong> . <\/p>\n\n<h3 class=\"wp-block-heading\">OEL afatgjat\u00eb<\/h3>\n\n<p><strong>OEL<\/strong> afatgjat\u00eb, nga ana tjet\u00ebr, \u00ebsht\u00eb nj\u00eb vler\u00eb kufi q\u00eb p\u00ebrcakton <strong>sasin\u00eb maksimale t\u00eb nj\u00eb l\u00ebnde<\/strong> ndaj s\u00eb cil\u00ebs pun\u00ebtori mund t\u00eb ekspozohet p\u00ebr nj\u00eb periudh\u00eb m\u00eb t\u00eb gjat\u00eb, p\u00ebrgjith\u00ebsisht 8 or\u00eb n\u00eb dit\u00eb dhe 40 or\u00eb n\u00eb jav\u00eb. Kjo vler\u00eb kufi p\u00ebrdoret p\u00ebr <strong>t\u00eb mbrojtur punonj\u00ebsin kund\u00ebr efekteve afatgjata<\/strong> t\u00eb ekspozimit ndaj nj\u00eb substance, t\u00eb tilla si s\u00ebmundjet e frym\u00ebmarrjes ose kanceret. <\/p>\n\n<p>OEL-t\u00eb jan\u00eb krijuar nga autoritetet e sh\u00ebndetit publik p\u00ebr t\u00eb mbrojtur sh\u00ebndetin e pun\u00ebtor\u00ebve nga <strong>efektet e d\u00ebmshme t\u00eb substancave t\u00eb caktuara<\/strong> . \u00cbsht\u00eb e r\u00ebnd\u00ebsishme q\u00eb pun\u00ebdh\u00ebn\u00ebsit t\u00eb njohin <a href=\"https:\/\/obera.fr\/sq\/keshilla-jone\/cilat-jane-rreziqet-e-mosperputhjes-me-vlep\/\">OEL-t\u00eb e zbatueshme p\u00ebr aktivitetet e tyre<\/a> dhe t\u00eb vendosin masat e nevojshme parandaluese p\u00ebr t\u00eb garantuar <strong>sigurin\u00eb dhe sh\u00ebndetin e pun\u00ebtor\u00ebve t\u00eb tyre<\/strong> . <\/p>\n\n<h2 class=\"wp-block-heading\">\u00c7far\u00eb n\u00ebnkupton kjo?<\/h2>\n\n<p>Kompanit\u00eb e prekura do t\u00eb duhet t\u00eb marrin masat e nevojshme <strong>p\u00ebrpara dat\u00ebs 1 korrik 2023,<\/strong> p\u00ebr t\u00eb siguruar q\u00eb pun\u00ebtor\u00ebt e tyre t\u00eb mbrohen nga efektet e d\u00ebmshme t\u00eb k\u00ebtij pluhuri. Kjo mund t\u00eb p\u00ebrfshij\u00eb zbatimin e masave parandaluese, t\u00eb tilla si ventilimi, <strong>nxjerrja n\u00eb burim<\/strong> ose n\u00eb mjedis, sigurimi i <strong>pajisjeve mbrojt\u00ebse personale<\/strong> , apo edhe kufizimi i ekspozimit ndaj pluhurit. <\/p>\n\n<figure class=\"wp-block-image aligncenter size-large is-resized\"><img decoding=\"async\" width=\"1024\" height=\"293\" src=\"https:\/\/obera.fr\/wp-content\/uploads\/2023\/04\/vlep-en-mgm3-1-1024x293.png\" alt=\"Evolucioni i VLEP-ve korrik 2023\" class=\"wp-image-22450\" style=\"width:768px;height:220px\" srcset=\"https:\/\/obera.fr\/wp-content\/uploads\/2023\/04\/vlep-en-mgm3-1-1024x293.png 1024w, https:\/\/obera.fr\/wp-content\/uploads\/2023\/04\/vlep-en-mgm3-1-300x86.png 300w, https:\/\/obera.fr\/wp-content\/uploads\/2023\/04\/vlep-en-mgm3-1-768x219.png 768w, https:\/\/obera.fr\/wp-content\/uploads\/2023\/04\/vlep-en-mgm3-1.png 1400w\" sizes=\"(max-width: 1024px) 100vw, 1024px\" \/><\/figure>\n\n<div class=\"wp-block-buttons is-horizontal is-content-justification-center is-layout-flex wp-container-core-buttons-is-layout-03627597 wp-block-buttons-is-layout-flex\">\n<div class=\"wp-block-button has-custom-width wp-block-button__width-100\"><a class=\"wp-block-button__link wp-element-button\" href=\"https:\/\/obera.fr\/sq\/na-kontaktoni\/\">M\u00ebsoni m\u00eb shum\u00eb<\/a><\/div>\n<\/div>\n\n<h2 class=\"wp-block-heading\">Si t\u00eb pajtoheni me OEL?<\/h2>\n\n<p>Pajisjet OberA jan\u00eb krijuar p\u00ebr <strong>t\u00eb trajtuar ajrin e ambientit<\/strong> ose drejtp\u00ebrdrejt n\u00eb burim dhe p\u00ebr t\u00eb eliminuar substancat e d\u00ebmshme, n\u00eb m\u00ebnyr\u00eb q\u00eb t\u00eb respektojn\u00eb pragjet e VLEP dhe t\u00eb mbrojn\u00eb sh\u00ebndetin e punonj\u00ebsve. K\u00ebto pajisje mund t\u00eb p\u00ebrdoren n\u00eb <strong>lloje t\u00eb ndryshme ambientesh pune<\/strong> , si punishte, fabrika, laborator\u00eb, etj. <\/p>\n\n<p>Duke qen\u00eb n\u00eb p\u00ebrputhje me VLEP, pajisjet OberA ndihmojn\u00eb <strong>n\u00eb p\u00ebrmir\u00ebsimin e produktivitetit t\u00eb punonj\u00ebsve<\/strong> . N\u00eb t\u00eb v\u00ebrtet\u00eb, ekspozimi i zgjatur ndaj substancave t\u00eb d\u00ebmshme mund t\u00eb shkaktoj\u00eb lodhje, dhimbje koke, acarim ose v\u00ebshtir\u00ebsi n\u00eb frym\u00ebmarrje, t\u00eb cilat mund t\u00eb ndikojn\u00eb negativisht n\u00eb performanc\u00ebn e punonj\u00ebsve. Duke mbrojtur sh\u00ebndetin e punonj\u00ebsve, pajisjet OberA kontribuojn\u00eb n\u00eb <strong>p\u00ebrmir\u00ebsimin e mir\u00ebqenies dhe efikasitetit t\u00eb tyre n\u00eb pun\u00eb<\/strong> .  <\/p>\n\n<p>S\u00eb fundi, duke respektuar VLEP, pajisjet OberA ndihmojn\u00eb n\u00eb <strong>shmangien e nd\u00ebrprerjeve t\u00eb pun\u00ebs q\u00eb lidhen me problemet sh\u00ebndet\u00ebsore<\/strong> t\u00eb shkaktuara nga ekspozimi ndaj substancave t\u00eb d\u00ebmshme. Kjo ndihmon n\u00eb uljen e kostove p\u00ebr bizneset dhe garanton vazhdim\u00ebsin\u00eb e biznesit. <\/p>\n\n<div class=\"wp-block-buttons is-content-justification-center is-layout-flex wp-container-core-buttons-is-layout-a89b3969 wp-block-buttons-is-layout-flex\">\n<div class=\"wp-block-button\"><a class=\"wp-block-button__link wp-element-button\" href=\"https:\/\/obera.fr\/sq\/produits\/\">Shikoni produktet tona<\/a><\/div>\n<\/div>\n","protected":false},"excerpt":{"rendered":"<p>Q\u00eb nga 1 janari 2022, OEL p\u00ebr pluhurat q\u00eb dihet se nuk kan\u00eb efekte specifike tashm\u00eb jan\u00eb modifikuar. Sidoqoft\u00eb, k\u00ebto do t\u00eb rishikohen p\u00ebrs\u00ebri n\u00eb r\u00ebnie nga 1 korriku 2023, OEL p\u00ebr pluhurin q\u00eb dihet se nuk ka efekte specifike do t\u00eb ulen n\u00eb Franc\u00eb. <\/p>\n","protected":false},"author":4,"featured_media":89577,"comment_status":"closed","ping_status":"closed","sticky":false,"template":"","format":"standard","meta":{"_acf_changed":false,"_seopress_robots_primary_cat":"1","_seopress_titles_title":"Reduktimi i OEL-ve t\u00eb pluhurit nga 1 korriku 2023","_seopress_titles_desc":"Q\u00eb nga 1 korriku 2023, OEL p\u00ebr pluhurat q\u00eb dihet se nuk kan\u00eb efekte specifike do t\u00eb ulen p\u00ebr t\u00eb mbrojtur m\u00eb tej operator\u00ebt.","_seopress_robots_index":"","footnotes":""},"categories":[312],"tags":[116],"class_list":["post-42461","post","type-post","status-publish","format-standard","has-post-thumbnail","hentry","category-keshilla-jone-sq","tag-koka-e-vogel","generate-columns","tablet-grid-50","mobile-grid-100","grid-parent","grid-50","no-featured-image-padding","resize-featured-image"],"acf":[],"_links":{"self":[{"href":"https:\/\/obera.fr\/sq\/wp-json\/wp\/v2\/posts\/42461","targetHints":{"allow":["GET"]}}],"collection":[{"href":"https:\/\/obera.fr\/sq\/wp-json\/wp\/v2\/posts"}],"about":[{"href":"https:\/\/obera.fr\/sq\/wp-json\/wp\/v2\/types\/post"}],"author":[{"embeddable":true,"href":"https:\/\/obera.fr\/sq\/wp-json\/wp\/v2\/users\/4"}],"replies":[{"embeddable":true,"href":"https:\/\/obera.fr\/sq\/wp-json\/wp\/v2\/comments?post=42461"}],"version-history":[{"count":4,"href":"https:\/\/obera.fr\/sq\/wp-json\/wp\/v2\/posts\/42461\/revisions"}],"predecessor-version":[{"id":89642,"href":"https:\/\/obera.fr\/sq\/wp-json\/wp\/v2\/posts\/42461\/revisions\/89642"}],"wp:featuredmedia":[{"embeddable":true,"href":"https:\/\/obera.fr\/sq\/wp-json\/wp\/v2\/media\/89577"}],"wp:attachment":[{"href":"https:\/\/obera.fr\/sq\/wp-json\/wp\/v2\/media?parent=42461"}],"wp:term":[{"taxonomy":"category","embeddable":true,"href":"https:\/\/obera.fr\/sq\/wp-json\/wp\/v2\/categories?post=42461"},{"taxonomy":"post_tag","embeddable":true,"href":"https:\/\/obera.fr\/sq\/wp-json\/wp\/v2\/tags?post=42461"}],"curies":[{"name":"wp","href":"https:\/\/api.w.org\/{rel}","templated":true}]}}