{"id":45570,"date":"2020-11-20T18:06:03","date_gmt":"2020-11-20T16:06:03","guid":{"rendered":"https:\/\/obera.fr\/non-classifiee\/cfare-eshte-nje-limit-i-ekspozimit-profesional-ose-oel\/"},"modified":"2025-05-07T11:09:28","modified_gmt":"2025-05-07T09:09:28","slug":"valeur-limite-exposition-professionnelle-ou-vlep","status":"publish","type":"post","link":"https:\/\/obera.fr\/sq\/keshilla-jone-sq\/valeur-limite-exposition-professionnelle-ou-vlep\/","title":{"rendered":"\u00c7far\u00eb \u00ebsht\u00eb nj\u00eb Vler\u00eb Kufizuese e Ekspozimit n\u00eb Pun\u00eb ose OEL?"},"content":{"rendered":"\n<p>Kjo \u00ebsht\u00eb nj\u00eb vler\u00eb referimi q\u00eb na lejon t\u00eb vler\u00ebsojm\u00eb nivelin e ekspozimit n\u00eb aj\u00ebr q\u00eb nj\u00eb person mund t\u00eb thith\u00eb gjat\u00eb nj\u00eb periudhe t\u00eb caktuar kohore. Ato shprehen n\u00eb form\u00ebn e nj\u00eb p\u00ebrqendrimi n\u00eb aj\u00ebr p\u00ebr nj\u00eb substanc\u00eb kimike t\u00eb caktuar dhe p\u00ebr nj\u00eb koh\u00eb rregullatore. Konsiderohet se vet\u00ebm ekspozimi ndaj p\u00ebrqendrimeve m\u00eb t\u00eb larta ose gjat\u00eb nj\u00eb periudhe m\u00eb t\u00eb gjat\u00eb kohore do t\u00eb ket\u00eb pasoja sh\u00ebndet\u00ebsore.  <\/p>\n\n<h2 class=\"wp-block-heading\">Si p\u00ebrcaktohen OEL-et?<\/h2>\n\n<p>Q\u00eb nga Direktiva 98\/24\/KE, OEL-t\u00eb jan\u00eb vendosur n\u00eb baz\u00eb t\u00eb nj\u00eb vler\u00ebsimi shkencor t\u00eb marr\u00ebdh\u00ebnies midis efekteve sh\u00ebndet\u00ebsore t\u00eb substancave t\u00eb rrezikshme dhe nivelit t\u00eb ekspozimit n\u00eb pun\u00eb. P\u00ebr t\u00eb vendosur OEL-t\u00eb, periudha referuese \u00ebsht\u00eb ose 8 or\u00eb p\u00ebr OEL-t\u00eb 8-or\u00ebshe ose 15 minuta p\u00ebr OEL-t\u00eb afatshkurtra. <\/p>\n\n<h2 class=\"wp-block-heading\">Cilat jan\u00eb llojet e ndryshme t\u00eb OEL-ve?<\/h2>\n\n<p>Do t\u00eb dallojm\u00eb dy <a href=\"https:\/\/obera.fr\/sq\/keshilla-jone-sq\/reglementation-vlep-evaluation-risque-chimique-lieu-de-travail\/\" data-type=\"post\" data-id=\"6575\">lloje t\u00eb vlerave kufitare rregullatore<\/a> :<\/p>\n\n<ul class=\"wp-block-list\">\n<li>VLEP-i lidh\u00ebs, i cili edhe n\u00eb nivele t\u00eb ul\u00ebta ekspozimi, p\u00ebrb\u00ebn<strong>  nj\u00eb rrezik p\u00ebr sh\u00ebndetin. Ato e ekspozojn\u00eb pun\u00ebdh\u00ebn\u00ebsin ndaj sanksioneve n\u00eb rast mosrespektimi t\u00eb rregullave.   <\/strong>Ato p\u00ebrcaktohen me dekret n\u00eb K\u00ebshillin e Shtetit dhe p\u00ebrfshihen n\u00eb Kodin e Pun\u00ebs.<\/li>\n\n\n\n<li><strong>V\u00ebler\u00ebt minimale t\u00eb ekspozimit (OEL)<\/strong> tregues bazohen vet\u00ebm n\u00eb studime mjek\u00ebsore t\u00eb cilat lejojn\u00eb p\u00ebrcaktimin e nj\u00eb pragu t\u00eb qart\u00eb n\u00ebn t\u00eb cilin substanca nuk do t\u00eb paraqiste rrezik p\u00ebr sh\u00ebndetin.<\/li>\n<\/ul>\n\n<h2 class=\"wp-block-heading\">Si kontrollohen OEL-t\u00eb?<\/h2>\n\n<div class=\"wp-block-columns are-vertically-aligned-center is-layout-flex wp-container-core-columns-is-layout-28f84493 wp-block-columns-is-layout-flex\">\n<div class=\"wp-block-column is-vertically-aligned-center is-layout-flow wp-block-column-is-layout-flow\" style=\"flex-basis:33.33%\">\n<figure class=\"wp-block-image aligncenter size-medium is-resized\"><img decoding=\"async\" src=\"https:\/\/obera.fr\/wp-content\/uploads\/2020\/08\/compteur-de-particules-300x300.png\" alt=\"Num&#xEB;ruesi i grimcave Trotec PC220 - Num&#xEB;ruesi i grimcave\" class=\"wp-image-714\" width=\"150\" height=\"150\" srcset=\"https:\/\/obera.fr\/wp-content\/uploads\/2020\/08\/compteur-de-particules-300x300.png 300w, https:\/\/obera.fr\/wp-content\/uploads\/2020\/08\/compteur-de-particules-150x150.png 150w, https:\/\/obera.fr\/wp-content\/uploads\/2020\/08\/compteur-de-particules.png 433w\" sizes=\"(max-width: 150px) 100vw, 150px\" \/><\/figure>\n<\/div>\n\n\n\n<div class=\"wp-block-column is-vertically-aligned-center is-layout-flow wp-block-column-is-layout-flow\" style=\"flex-basis:66.66%\">\n<p>Kontrolli i VLEP b\u00ebhet nga sistemet e analizuesve t\u00eb ajrit. Qoft\u00eb nj\u00eb kuti, nj\u00eb sond\u00eb apo nj\u00eb analizues ajri, pajisja duhet t\u00eb vendoset n\u00eb vendin p\u00ebrkat\u00ebs, ku ka prani t\u00eb ndot\u00ebsve. K\u00ebto pajisje t\u00eb ndryshme do t\u00eb analizojn\u00eb ajrin dhe do t\u00eb p\u00ebrcaktojn\u00eb sasin\u00eb dhe llojin e ndot\u00ebsve t\u00eb pranish\u00ebm n\u00eb ajrin e hap\u00ebsir\u00ebs suaj t\u00eb pun\u00ebs. Rezultatet e kontrolleve atmosferike regjistrohen m\u00eb pas n\u00eb nj\u00eb baz\u00eb t\u00eb dh\u00ebnash komb\u00ebtare ( <strong>baza e t\u00eb dh\u00ebnave SCOLA<\/strong> ) e cila do t&#8217;u lejoj\u00eb autoriteteve publike t\u00eb p\u00ebrdorin k\u00ebto statistika.   <\/p>\n<\/div>\n<\/div>\n\n<p>Rezultatet e matjeve dhe kontrolleve atmosferike i komunikohen mjekut t\u00eb pun\u00ebs dhe <strong>CHSCT-s\u00eb<\/strong> . Ato kontribuojn\u00eb n\u00eb vler\u00ebsimin e rreziqeve t\u00eb shkaktuara nga ekspozimi ndaj agjent\u00ebve kimik\u00eb dhe b\u00ebjn\u00eb t\u00eb mundur p\u00ebrcaktimin e masave t\u00eb p\u00ebrshtatshme parandaluese. <\/p>\n\n<h3 class=\"wp-block-heading\">Kush mund t&#8217;i kontrolloj\u00eb OEL-t\u00eb?<\/h3>\n\n<p>N\u00eb p\u00ebrgjith\u00ebsi, kushdo q\u00eb ka nj\u00eb analizues ajri mund t\u00eb kontrolloj\u00eb OEL-t\u00eb e pranishme n\u00eb ambientet e tyre. Megjithat\u00eb, n\u00eb syt\u00eb e ligjit, \u00e7eku juaj nuk do t\u00eb ket\u00eb vler\u00eb sepse nuk jeni t\u00eb akredituar. Prandaj \u00ebsht\u00eb thelb\u00ebsore t\u00eb p\u00ebrfshihen organizatat e miratuara nga COFRAC (Komiteti Francez i Akreditimit). K\u00ebto organe, t\u00eb pavarura nga kompanit\u00eb n\u00eb t\u00eb cilat kryhen k\u00ebto kontrolle teknike, jan\u00eb t\u00eb akredituara p\u00ebr p\u00ebrcaktimin e <strong>strategjis\u00eb s\u00eb matjes<\/strong> , mostrave dhe analizave.   <\/p>\n\n<h2 class=\"wp-block-heading\">Si t\u00eb parandalohet ekspozimi ndaj agjent\u00ebve kimik\u00eb t\u00eb rreziksh\u00ebm dhe CMR-ve n\u00eb vendin e pun\u00ebs?<\/h2>\n\n<div class=\"wp-block-columns are-vertically-aligned-center is-layout-flex wp-container-core-columns-is-layout-28f84493 wp-block-columns-is-layout-flex\">\n<div class=\"wp-block-column is-vertically-aligned-center is-layout-flow wp-block-column-is-layout-flow\" style=\"flex-basis:25%\">\n<figure class=\"wp-block-image aligncenter size-full\"><img decoding=\"async\" width=\"150\" height=\"150\" src=\"https:\/\/obera.fr\/wp-content\/uploads\/2020\/11\/CMR.jpg\" alt=\"Flet&#xEB; e t&#xEB; Dh&#xEB;nave t&#xEB; Siguris&#xEB; - Substanc&#xEB; Kimike\" class=\"wp-image-1832\"\/><\/figure>\n<\/div>\n\n\n\n<div class=\"wp-block-column is-vertically-aligned-center is-layout-flow wp-block-column-is-layout-flow\" style=\"flex-basis:75%\">\n<p>Sipas dekretit dhe urdhrave t\u00eb 15 dhjetorit 2009, pun\u00ebdh\u00ebn\u00ebsi duhet t\u00eb kryej\u00eb, t\u00eb pakt\u00ebn nj\u00eb her\u00eb n\u00eb vit dhe gjat\u00eb \u00e7do ndryshimi q\u00eb ka t\u00eb ngjar\u00eb t\u00eb ket\u00eb pasoja n\u00eb ekspozimin e punonj\u00ebsve, nj\u00eb vler\u00ebsim t\u00eb rrezikut duke matur cil\u00ebsin\u00eb e ajrit.<\/p>\n<\/div>\n<\/div>\n\n<h2 class=\"wp-block-heading\">A \u00ebsht\u00eb e detyrueshme pajtueshm\u00ebria me OEL-t\u00eb?<\/h2>\n\n<p>Po. Tejkalimi i nj\u00eb OEL-je rregullatore detyruese duhet t\u00eb rezultoj\u00eb n\u00eb: <\/p>\n\n<ul class=\"wp-block-list\">\n<li>Kur b\u00ebhet fjal\u00eb p\u00ebr nj\u00eb agjent kimik, p\u00ebrve\u00e7 CMR 1A ose 1B, ose pluhur total dhe t\u00eb thithsh\u00ebm, zbatimi i menj\u00ebhersh\u00ebm i <strong>masave mbrojt\u00ebse<\/strong> (nenet R. 4412-28 dhe R. 4412-29),<\/li>\n\n\n\n<li>N\u00eb rastin e nj\u00eb agjenti kimik t\u00eb klasifikuar si CMR kategoria 1A ose 1B, <strong>puna duhet t\u00eb nd\u00ebrpritet<\/strong> n\u00eb vendet e pun\u00ebs p\u00ebrkat\u00ebse derisa t\u00eb zbatohen masa p\u00ebr t\u00eb siguruar mbrojtjen e punonj\u00ebsve (nenet R. 4412-77 dhe R. 4412-78).<\/li>\n<\/ul>\n\n<p>Tejkalimi i nj\u00eb OEL-je rregullatore treguese duhet t\u00eb \u00e7oj\u00eb n\u00eb nj\u00eb <strong>vler\u00ebsim t\u00eb ri t\u00eb rrezikut<\/strong> , me q\u00ebllim p\u00ebrcaktimin e masave t\u00eb p\u00ebrshtatshme parandaluese dhe mbrojt\u00ebse.<\/p>\n\n<h2 class=\"wp-block-heading\">\u00c7far\u00eb duhet b\u00ebr\u00eb n\u00ebse tejkalohen OEL-t\u00eb n\u00eb kompani?<\/h2>\n\n<div class=\"wp-block-columns is-layout-flex wp-container-core-columns-is-layout-28f84493 wp-block-columns-is-layout-flex\">\n<div class=\"wp-block-column is-layout-flow wp-block-column-is-layout-flow\" style=\"flex-basis:33.33%\">\n<figure class=\"wp-block-image aligncenter size-full is-resized\"><img decoding=\"async\" src=\"https:\/\/obera.fr\/wp-content\/uploads\/2022\/07\/VLEP.jpg\" alt=\"vlep\" class=\"wp-image-13688\" width=\"200\" height=\"200\" srcset=\"https:\/\/obera.fr\/wp-content\/uploads\/2022\/07\/VLEP.jpg 400w, https:\/\/obera.fr\/wp-content\/uploads\/2022\/07\/VLEP-300x300.jpg 300w, https:\/\/obera.fr\/wp-content\/uploads\/2022\/07\/VLEP-150x150.jpg 150w\" sizes=\"(max-width: 200px) 100vw, 200px\" \/><\/figure>\n<\/div>\n\n\n\n<div class=\"wp-block-column is-vertically-aligned-center is-layout-flow wp-block-column-is-layout-flow\" style=\"flex-basis:75%\">\n<p>N\u00ebse VLEP n\u00eb fjal\u00eb \u00ebsht\u00eb <strong>nj\u00eb k\u00ebrkes\u00eb rregullatore detyruese<\/strong> , zbatimi i menj\u00ebhersh\u00ebm i masave parandaluese p\u00ebr <strong>ACD<\/strong> (Agjent\u00eb Kimik\u00eb t\u00eb Rreziksh\u00ebm) dhe mbyllja e plot\u00eb e stacioneve t\u00eb pun\u00ebs n\u00eb fjal\u00eb, deri n\u00eb zbatimin e masave dhe mbrojtjeve t\u00eb duhura p\u00ebr <strong><a href=\"https:\/\/obera.fr\/sq\/keshilla-jone-sq\/substances-cmr-risque-exposition-au-travail-quelle-reglementation-prevention\/\" data-type=\"post\" data-id=\"6581\">CMR<\/a><\/strong> .<\/p>\n\n\n\n<p>  N\u00ebse VLEP-i p\u00ebrkat\u00ebs \u00ebsht\u00eb <strong>rregullator tregues<\/strong> , pun\u00ebdh\u00ebn\u00ebsi kryen nj\u00eb vler\u00ebsim t\u00eb rrezikut me q\u00ebllim p\u00ebrcaktimin e masave t\u00eb duhura parandaluese dhe mbrojt\u00ebse.<\/p>\n<\/div>\n<\/div>\n\n<blockquote class=\"wp-block-quote is-layout-flow wp-block-quote-is-layout-flow\">\n<p>Lexoni gjithashtu: <a href=\"https:\/\/obera.fr\/sq\/keshilla-jone-sq\/vlep-quels-risques-cas-de-non-respect-reglementation\/\" data-type=\"post\" data-id=\"1816\">Cilat jan\u00eb rreziqet n\u00eb rast t\u00eb mosrespektimit t\u00eb VLEP-ve?<\/a><\/p>\n<\/blockquote>\n\n<p>Inspektori ose kontrollori i pun\u00ebs mund t&#8217;i k\u00ebrkoj\u00eb gjithashtu kompanis\u00eb q\u00eb t\u00eb kryej\u00eb nj\u00eb kontroll rregullator VLEP nga nj\u00eb organ i akredituar.<\/p>\n\n<p>Organi i akredituar do t\u00eb p\u00ebrcaktoj\u00eb strategjin\u00eb e tij t\u00eb marrjes s\u00eb mostrave, e cila do t\u00eb p\u00ebrfaq\u00ebsoj\u00eb t\u00eb gjith\u00eb periudh\u00ebn gjat\u00eb s\u00eb cil\u00ebs punonj\u00ebsi \u00ebsht\u00eb i ekspozuar, me q\u00ebllim zbatimin e veprimeve korrigjuese t\u00eb cilat m\u00eb pas do t\u00eb monitorohen periodikisht.<\/p>\n\n<p>Gjat\u00eb fushat\u00ebs s\u00eb par\u00eb t\u00eb matjeve (t\u00eb pakt\u00ebn tre matje p\u00ebr GEH &#8211; grup ekspozimi homogjen), n\u00ebse t\u00eb gjitha rezultatet jan\u00eb m\u00eb pak se 10% e OEL-s\u00eb s\u00eb caktuar, rreziku i tejkalimit \u00ebsht\u00eb zero dhe p\u00ebr k\u00ebt\u00eb arsye nuk \u00ebsht\u00eb e detyrueshme t\u00eb kryhen dy fushatat e tjera.<\/p>\n\n<p>N\u00ebse tejkalohen vlerat paraprake t\u00eb pun\u00ebs (OEL), duhet t\u00eb zbatohen veprime korrigjuese sa m\u00eb shpejt t\u00eb jet\u00eb e mundur dhe m\u00eb pas vler\u00ebsimi fillestar duhet t\u00eb p\u00ebrs\u00ebritet.<\/p>\n\n<p>N\u00ebse matja rezulton n\u00eb nj\u00eb rezultat midis 10% t\u00eb OEL-s\u00eb dhe <a href=\"https:\/\/obera.fr\/sq\/keshilla-jone-sq\/vlep-cobalt-et-composes-valeurs-limites-exposition-professionnelle\/\" data-type=\"post\" data-id=\"6351\">OEL-s\u00eb<\/a> , fushata e matjes vazhdon. N\u00eb fund t\u00eb fushat\u00ebs s\u00eb tret\u00eb t\u00eb matjes, rezultatet e marra analizohen, ende n\u00eb baz\u00eb t\u00eb llogaritjeve statistikore. Prandaj, \u00ebsht\u00eb e mundur t\u00eb nxirret p\u00ebrfundimi i probabilitetit t\u00eb tejkalimit t\u00eb k\u00ebtyre VLEP-ve dhe zbatimit t\u00eb parimeve t\u00eb p\u00ebrgjithshme t\u00eb parandalimit.  <\/p>\n\n<p>Pun\u00ebdh\u00ebn\u00ebsi \u00ebsht\u00eb i detyruar t\u00eb b\u00ebj\u00eb nj\u00eb inventar t\u00eb t\u00eb gjitha produkteve kimike q\u00eb trajtohen brenda institucionit t\u00eb tij, t\u00eb vler\u00ebsoj\u00eb rrezikun dhe t\u00eb trajnoj\u00eb punonj\u00ebsit e tij. Duhet t\u00eb formalizoj\u00eb rezultatet sipas operatorit n\u00eb form\u00ebn e nj\u00eb flete ekspozimi nominale e cila rendit t\u00eb gjitha matjet dhe rezultatet. K\u00ebto formular\u00eb i jepen mjekut t\u00eb pun\u00ebs. T\u00eb gjitha garazhet, pastrimet kimike, punishtet e zdrukth\u00ebtaris\u00eb, nd\u00ebrmarrjet e vogla dhe t\u00eb mesme, grupet e m\u00ebdha, kompanit\u00eb e pastrimit etj. preken nga k\u00ebto tekste.   <\/p>\n\n<h2 class=\"wp-block-heading\">Me \u00e7far\u00eb rreziqesh p\u00ebrballet nj\u00eb pun\u00ebdh\u00ebn\u00ebs n\u00ebse nuk i p\u00ebrmbush k\u00ebto detyrime?<\/h2>\n\n<p>Pun\u00ebdh\u00ebn\u00ebsi ka nj\u00eb p\u00ebrgjegj\u00ebsi t\u00eb madhe. Ai rrezikon nj\u00eb njoftim zyrtar nga inspektorati i pun\u00ebs, por mbi t\u00eb gjitha, n\u00ebse deklarohet nj\u00eb s\u00ebmundje profesionale, do t\u00eb ket\u00eb p\u00ebrgjegj\u00ebsi civile dhe penale p\u00ebr t\u00eb. <\/p>\n\n<p><strong>Lista e agjent\u00ebve kimik\u00eb me nj\u00eb vler\u00eb kufitare rregullatore t\u00eb ekspozimit n\u00eb pun\u00eb (neni R. 4412-149 i kodit t\u00eb pun\u00ebs)  <\/strong><\/p>\n\n<div class=\"wp-block-columns is-layout-flex wp-container-core-columns-is-layout-28f84493 wp-block-columns-is-layout-flex\">\n<div class=\"wp-block-column is-layout-flow wp-block-column-is-layout-flow\">\n<p>2-Butoksietil acetat<\/p>\n\n\n\n<p>2-Etoksietil acetat<\/p>\n\n\n\n<p>Acetat izopentili<\/p>\n\n\n\n<p>2-Metoksietil acetat<\/p>\n\n\n\n<p>2-Metoksi-1-metiletil acetat<\/p>\n\n\n\n<p>1-metilbutil acetat<\/p>\n\n\n\n<p>Acetat pentil<\/p>\n\n\n\n<p>Acetat vinili<\/p>\n\n\n\n<p>Aceton Acetonitril<\/p>\n\n\n\n<p>Acid hidrokianik<\/p>\n\n\n\n<p>Akrilat etili<\/p>\n\n\n\n<p>Akrilat metil<\/p>\n\n\n\n<p>Azbesti<\/p>\n\n\n\n<p>Amoniak anhidrik<\/p>\n\n\n\n<p>Azid natriumi<\/p>\n\n\n\n<p>Benzeni Bisfenol A (shtypni. Inh.)<\/p>\n\n\n\n<p>Pije<\/p>\n\n\n\n<p>Bromin<\/p>\n\n\n\n<p>Bromometani (1)<\/p>\n\n\n\n<p>2-Butoksietanol<\/p>\n\n\n\n<p>Klor<\/p>\n\n\n\n<p>Klorobenzen<\/p>\n\n\n\n<p>Klorur hidrogjeni<\/p>\n\n\n\n<p>Klorur vinili<\/p>\n\n\n\n<p><a href=\"https:\/\/obera.fr\/sq\/keshilla-jone-sq\/vlep-chrome-hexavalent-valeurs-limites-exposition-professionnelle-contraignantes\/\" data-type=\"post\" data-id=\"6418\">Kromi gjasht\u00ebvalent dhe p\u00ebrb\u00ebrjet e tij t\u00eb Cr (2014)<\/a><\/p>\n\n\n\n<p>Kumene<\/p>\n\n\n\n<p>Cikloheksan<\/p>\n\n\n\n<p>Ciklohexanon<\/p>\n\n\n\n<p>1,2-diklorobenzen<\/p>\n\n\n\n<p>Diklorometan<\/p>\n\n\n\n<p>Dietilamin\u00eb.<\/p>\n\n\n\n<p>N,N-Dimetilaketamide<\/p>\n\n\n\n<p>Triklorometan Trietilamin\u00eb<\/p>\n\n\n\n<p>1,2,3-Trimetilbenzen<\/p>\n\n\n\n<p>1,2,4-Trimetilbenzen<\/p>\n<\/div>\n\n\n\n<div class=\"wp-block-column is-layout-flow wp-block-column-is-layout-flow\">\n<p>Dimetilamin\u00eb<\/p>\n\n\n\n<p>Dimetilformamid<\/p>\n\n\n\n<p>1,4-Dioksan<\/p>\n\n\n\n<p>Etanolamin\u00eb<\/p>\n\n\n\n<p>2-Etoksietanol Etilamin\u00eb.<\/p>\n\n\n\n<p>Etilbenzen<\/p>\n\n\n\n<p>Fibra qeramike kancerogjene zjarrduruese<\/p>\n\n\n\n<p>Fluoridi i hidrogjenit<\/p>\n\n\n\n<p>n-Heptan<\/p>\n\n\n\n<p>2-Heptanon<\/p>\n\n\n\n<p>3-Heptanon<\/p>\n\n\n\n<p>n-Heksan<\/p>\n\n\n\n<p>Fosfor hidrogjeni<\/p>\n\n\n\n<p>Metil izocianat<\/p>\n\n\n\n<p>Merkuri dhe komponimet inorganike bivalente<\/p>\n\n\n\n<p>Metil metakrilat<\/p>\n\n\n\n<p>Metanol<\/p>\n\n\n\n<p>2-Metoksietanol (2-metoksimetiletoksi)-propanol<\/p>\n\n\n\n<p>1-Metoksi-2-propanol<\/p>\n\n\n\n<p>Metil etil keton<\/p>\n\n\n\n<p>Metil izobutil keton<\/p>\n\n\n\n<p>Morfolin\u00eb<\/p>\n\n\n\n<p>Dietil eter<\/p>\n\n\n\n<p>tert-Butil metil eter n-Pentan<\/p>\n\n\n\n<p>Fenol<\/p>\n\n\n\n<p>Fosgjen<\/p>\n\n\n\n<p>Fosfor (pentaklorur) Plumb metalik dhe p\u00ebrb\u00ebrjet e tij, si Pb<\/p>\n\n\n\n<p><a href=\"https:\/\/obera.fr\/sq\/keshilla-jone-sq\/vlep-filtration-de-poussiere-reglementation\/\" data-type=\"post\" data-id=\"6346\">Pluhurat q\u00eb dihet se nuk kan\u00eb efekt specifik<\/a><\/p>\n\n\n\n<p>Silica kristalore (shih \u00a7 2.2.3 ED 984) kristobalit kuarc tridimit<\/p>\n\n\n\n<p>Sulfotep<\/p>\n\n\n\n<p>Disulfidi i karbonit<\/p>\n\n\n\n<p>Sulfur hidrogjeni<\/p>\n\n\n\n<p>Tetrakloroetilen<\/p>\n\n\n\n<p>Tetrahidrofuran<\/p>\n\n\n\n<p>Toluen<\/p>\n\n\n\n<p>1,2,4-Triklorobenzen<\/p>\n<\/div>\n<\/div>\n\n<blockquote class=\"wp-block-quote is-layout-flow wp-block-quote-is-layout-flow\">\n<p>Lexoni gjithashtu: <a href=\"https:\/\/obera.fr\/sq\/keshilla-jone-sq\/valeurs-limites-d-exposition-professionnelle-styrene\/\" data-type=\"post\" data-id=\"6412\">Vlerat kufitare t\u00eb ekspozimit n\u00eb pun\u00eb dhe stirenit t\u00eb detyrueshme<\/a><\/p>\n<\/blockquote>\n","protected":false},"excerpt":{"rendered":"<p>Kjo \u00ebsht\u00eb nj\u00eb vler\u00eb referimi q\u00eb na lejon t\u00eb vler\u00ebsojm\u00eb nivelin e ekspozimit n\u00eb aj\u00ebr q\u00eb nj\u00eb person mund t\u00eb thith\u00eb gjat\u00eb nj\u00eb periudhe t\u00eb caktuar kohore. Ato shprehen n\u00eb form\u00ebn e nj\u00eb p\u00ebrqendrimi n\u00eb aj\u00ebr p\u00ebr nj\u00eb substanc\u00eb kimike t\u00eb caktuar dhe p\u00ebr nj\u00eb koh\u00eb rregullatore.   <\/p>\n","protected":false},"author":4,"featured_media":93865,"comment_status":"closed","ping_status":"closed","sticky":false,"template":"","format":"standard","meta":{"_acf_changed":false,"_seopress_robots_primary_cat":"none","_seopress_titles_title":"\u00c7far\u00eb \u00ebsht\u00eb nj\u00eb Vler\u00eb Kufizuese e Ekspozimit n\u00eb Pun\u00eb (VLNP)?","_seopress_titles_desc":"Kjo \u00ebsht\u00eb nj\u00eb vler\u00eb referimi q\u00eb na lejon t\u00eb vler\u00ebsojm\u00eb nivelin e ekspozimit n\u00eb aj\u00ebr q\u00eb nj\u00eb person mund t\u00eb thith\u00eb gjat\u00eb nj\u00eb periudhe t\u00eb caktuar kohore.","_seopress_robots_index":"","footnotes":""},"categories":[312],"tags":[116],"class_list":["post-45570","post","type-post","status-publish","format-standard","has-post-thumbnail","hentry","category-keshilla-jone-sq","tag-koka-e-vogel","generate-columns","tablet-grid-50","mobile-grid-100","grid-parent","grid-50","no-featured-image-padding","resize-featured-image"],"acf":[],"_links":{"self":[{"href":"https:\/\/obera.fr\/sq\/wp-json\/wp\/v2\/posts\/45570","targetHints":{"allow":["GET"]}}],"collection":[{"href":"https:\/\/obera.fr\/sq\/wp-json\/wp\/v2\/posts"}],"about":[{"href":"https:\/\/obera.fr\/sq\/wp-json\/wp\/v2\/types\/post"}],"author":[{"embeddable":true,"href":"https:\/\/obera.fr\/sq\/wp-json\/wp\/v2\/users\/4"}],"replies":[{"embeddable":true,"href":"https:\/\/obera.fr\/sq\/wp-json\/wp\/v2\/comments?post=45570"}],"version-history":[{"count":3,"href":"https:\/\/obera.fr\/sq\/wp-json\/wp\/v2\/posts\/45570\/revisions"}],"predecessor-version":[{"id":99764,"href":"https:\/\/obera.fr\/sq\/wp-json\/wp\/v2\/posts\/45570\/revisions\/99764"}],"wp:featuredmedia":[{"embeddable":true,"href":"https:\/\/obera.fr\/sq\/wp-json\/wp\/v2\/media\/93865"}],"wp:attachment":[{"href":"https:\/\/obera.fr\/sq\/wp-json\/wp\/v2\/media?parent=45570"}],"wp:term":[{"taxonomy":"category","embeddable":true,"href":"https:\/\/obera.fr\/sq\/wp-json\/wp\/v2\/categories?post=45570"},{"taxonomy":"post_tag","embeddable":true,"href":"https:\/\/obera.fr\/sq\/wp-json\/wp\/v2\/tags?post=45570"}],"curies":[{"name":"wp","href":"https:\/\/api.w.org\/{rel}","templated":true}]}}