{"id":67528,"date":"2021-09-04T19:00:00","date_gmt":"2021-09-04T17:00:00","guid":{"rendered":"https:\/\/obera.fr\/nase-rada\/purificateurs-air-efficaces-coronavirus\/"},"modified":"2025-05-07T08:59:03","modified_gmt":"2025-05-07T06:59:03","slug":"purificateurs-air-efficaces-coronavirus","status":"publish","type":"post","link":"https:\/\/obera.fr\/sq\/keshilla-jone-sq\/purificateurs-air-efficaces-coronavirus\/","title":{"rendered":"Udh\u00ebzuesi p\u00ebr efektivitetin e pastruesve t\u00eb ajrit kund\u00ebr viruseve, COVID-19, koronavirusit dhe baktereve"},"content":{"rendered":"\n<p>Duke u shfaqur n\u00eb fund t\u00eb vitit 2019, <strong>virusi COVID-19 \u00ebsht\u00eb p\u00ebrhapur n\u00eb Franc\u00eb<\/strong> dhe nuk duket gati t\u00eb zhduket. N\u00eb t\u00eb v\u00ebrtet\u00eb, po shfaqen variante t\u00eb SARS-CoV-2 si Omicron. N\u00eb p\u00ebrgjigje t\u00eb p\u00ebrhapjes s\u00eb k\u00ebtij virusi, SARS-CoV-2, \u00ebsht\u00eb e domosdoshme t\u00eb thyhen zinxhir\u00ebt e transmetimit me \u00e7do kusht. Sh\u00ebndeti i t\u00eb gjith\u00ebve \u00ebsht\u00eb n\u00eb rrezik, madje edhe jeta e disave, n\u00eb raste ekstreme. Rreziku i infeksionit n\u00eb pun\u00eb, n\u00eb shkoll\u00eb, n\u00eb nd\u00ebrtesa publike dhe p\u00ebrgjith\u00ebsisht n\u00eb t\u00eb gjitha vendet e hapura p\u00ebr publikun \u00ebsht\u00eb i konsideruesh\u00ebm.      <\/p>\n\n<p>Udh\u00ebrr\u00ebfyesi yn\u00eb b\u00ebn nj\u00eb turne t\u00eb <strong>zgjidhjeve OBERA p\u00ebr kontrollin dhe pastrimin e ajrit<\/strong> . Siguroni sigurin\u00eb sh\u00ebndet\u00ebsore t\u00eb ambienteve tuaja duke ofruar aj\u00ebr t\u00eb pastruar p\u00ebr klient\u00ebt dhe punonj\u00ebsit tuaj me nj\u00eb pastrues ajri efektiv kund\u00ebr COVID-19. <\/p>\n\n\n<h2 class=\"wp-block-heading\">Si t\u00eb pastrohet ajri i ambienteve t\u00eb biznesit dhe ambienteve publike nga viruset dhe bakteret?<\/h2>\n\n<div class=\"wp-block-columns is-layout-flex wp-container-core-columns-is-layout-28f84493 wp-block-columns-is-layout-flex\">\n<div class=\"wp-block-column is-layout-flow wp-block-column-is-layout-flow\" style=\"flex-basis:45%\">\n<p>Shk\u00ebmbimi efikas i ajrit redukton shkall\u00ebn e p\u00ebrqendrimit t\u00eb aerosolit n\u00eb dhoma. <strong>Ekspert\u00ebt rekomandojn\u00eb ventilim t\u00eb rregullt dhe t\u00eb fuqish\u00ebm<\/strong> p\u00ebr t\u00eb reduktuar rrezikun e transmetimit t\u00eb viruseve dhe baktereve brenda nj\u00eb dhome.  <\/p>\n\n\n\n<p>Megjithat\u00eb, jo t\u00eb gjitha hap\u00ebsirat e brendshme kan\u00eb ventilim t\u00eb mjaftuesh\u00ebm. Ky \u00ebsht\u00eb rasti p\u00ebr disa zyra, salla konferencash, klasa, dyqane, pun\u00ebtori ose depo. <\/p>\n\n\n\n<p><a href=\"https:\/\/obera.fr\/conseils\/purifier-air-contre-covid-locaux-entreprise-tertiaires\/\" data-type=\"post\" data-id=\"6745\">Pastruesit e ajrit OBERA jan\u00eb <strong>zgjidhja ideale p\u00ebr trajtimin e ajrit t\u00eb brendsh\u00ebm p\u00ebr hap\u00ebsira t\u00eb mbyllura ose t\u00eb ajrosura dob\u00ebt<\/strong><\/a> .<\/p>\n\n\n\n<p>Megjithat\u00eb, p\u00ebrdorimi i nj\u00eb pastruesi ajri COVID-19 \u00ebsht\u00eb shum\u00eb i dobish\u00ebm n\u00eb dhomat me dritare. N\u00eb fakt, thjesht hapja e dritareve siguron vet\u00ebm ajrim t\u00eb pjessh\u00ebm. P\u00ebrve\u00e7 k\u00ebsaj, n\u00eb dim\u00ebr, kjo shkakton nj\u00eb r\u00ebnie t\u00eb shpejt\u00eb t\u00eb temperatur\u00ebs s\u00eb nj\u00eb dhome.    <\/p>\n\n\n\n<p><strong>Vet\u00ebm ajrimi i detyruar nga nj\u00eb pastrues ajri COVID-19<\/strong> garanton dekontaminim efektiv t\u00eb ajrit t\u00eb ambientit. Ajri i filtruar n\u00eb k\u00ebt\u00eb m\u00ebnyr\u00eb pastrohet nga shumica e viruseve dhe baktereve. <\/p>\n<\/div>\n\n\n\n<div class=\"wp-block-column is-layout-flow wp-block-column-is-layout-flow\" style=\"flex-basis:55%\">\n<figure class=\"wp-block-embed is-type-video is-provider-youtube wp-block-embed-youtube wp-embed-aspect-4-3 wp-has-aspect-ratio\"><div class=\"wp-block-embed__wrapper\">\nhttps:\/\/www.youtube.com\/watch?v=A6eb1_zlk6g\n<\/div><\/figure>\n<\/div>\n<\/div>\n\n<h2 class=\"wp-block-heading\">A ndihmon matja e niveleve t\u00eb CO2 duke p\u00ebrdorur nj\u00eb sensor CO2 n\u00eb luftimin e transmetimit t\u00eb COVID-19?<\/h2>\n\n<figure class=\"wp-block-image alignright size-full\"><img decoding=\"async\" width=\"300\" height=\"212\" src=\"https:\/\/obera.fr\/wp-content\/uploads\/2021\/11\/Capteur_CO2_OBCARE.png\" alt=\"sensori i paqart&#xEB; CO2\" class=\"wp-image-7611\"\/><figcaption class=\"wp-element-caption\">sensori CO2 OBCARE<\/figcaption><\/figure>\n\n<p>Nj\u00eb nivel i lart\u00eb i CO2 (dioksidit t\u00eb karbonit) n\u00eb ajrin e ambientit tregon nj\u00eb rrezik t\u00eb lart\u00eb t\u00eb transmetimit t\u00eb viruseve dhe baktereve. <strong>Ne nxjerrim CO2 dhe ajri i nxjerr\u00eb nga mushk\u00ebrit\u00eb tona \u00ebsht\u00eb i ngarkuar me aerosole<\/strong> . K\u00ebto mund t\u00eb infektohen nga viruset dhe bakteret q\u00eb gjenden n\u00eb traktin ton\u00eb t\u00eb frym\u00ebmarrjes. Duke qen\u00eb se ato mbeten pezull n\u00eb ajrin e ambientit, rreziku i transmetimit t\u00eb COVID-19 \u00ebsht\u00eb i konsideruesh\u00ebm.  <\/p>\n\n<p>Matja e nivelit t\u00eb CO2 n\u00eb ajrin e ambientit \u00ebsht\u00eb nj\u00eb tregues i mir\u00eb i sasis\u00eb s\u00eb ajrit t\u00eb konsumuar dhe rrjedhimisht i kontaminuar. <a href=\"https:\/\/obera.fr\/conseils\/mesure-capteur-co2-lutter-contre-transmission-virus-covid-19\/\">Nj\u00eb sensor CO2 i vendosur si\u00e7 duhet<\/a> do t\u00eb tregoj\u00eb nivelin e rrezikut t\u00eb transmetimit t\u00eb patogjenit p\u00ebrmes frym\u00ebmarrjes. <strong>Prandaj \u00ebsht\u00eb e r\u00ebnd\u00ebsishme p\u00ebr sh\u00ebndetin t\u00eb monitorohet niveli i CO2 brenda nj\u00eb dhome.<\/strong><\/p>\n\n<h2 class=\"wp-block-heading\">\u00c7far\u00eb na m\u00ebson studimi i ajrit n\u00eb luft\u00ebn kund\u00ebr transmetimit t\u00eb COVID-19?<\/h2>\n\n<p>Sot \u00ebsht\u00eb e pamundur t\u00eb matet leht\u00ebsisht dhe sakt\u00eb niveli i COVID-19 n\u00eb aj\u00ebr. N\u00eb t\u00eb kund\u00ebrt, matja e nivelit t\u00eb CO2 tregon p\u00ebrqindjen e ajrit t\u00eb nxjerr\u00eb n\u00eb ajrin e ambientit. <strong>Nj\u00eb p\u00ebrqendrim i CO2 prej 1200 ppm (pjes\u00eb p\u00ebr milion) tregon se gati 2% e ajrit n\u00eb dhom\u00eb \u00ebsht\u00eb nxjerr\u00eb<\/strong> . Sa m\u00eb i lart\u00eb t\u00eb jet\u00eb niveli i CO2 n\u00eb nj\u00eb dhom\u00eb, aq m\u00eb shum\u00eb ajri \u00ebsht\u00eb &#8220;frym\u00ebruar&#8221; dhe \u00ebsht\u00eb potencialisht i ndotur nga viruset dhe bakteret.  <\/p>\n\n<p>P\u00ebr m\u00eb tep\u00ebr, nj\u00eb ekip shkencor franko-italian ka nxjerr\u00eb n\u00eb pah <strong>nj\u00eb lidhje t\u00eb fort\u00eb midis SARS-CoV-2 dhe grimcave t\u00eb ndotjes<\/strong> . Virusi COVID gjen nj\u00eb mikprit\u00ebs t\u00eb p\u00ebrsosur n\u00eb k\u00ebt\u00eb t\u00eb fundit. E transportojn\u00eb dhe e mbrojn\u00eb nga rrezet UV, duke i zgjatur k\u00ebshtu jet\u00ebgjat\u00ebsin\u00eb.    <a href=\"https:\/\/obera.fr\/conseils\/etude-de-l-air-lutte-contre-le-covid\/\">Prandaj, lidhja \u00ebsht\u00eb krijuar midis cil\u00ebsis\u00eb s\u00eb dob\u00ebt t\u00eb ajrit dhe transmetimit t\u00eb COVID-19.<\/a><\/p>\n\n<h2 class=\"wp-block-heading\">Pastruesit tan\u00eb t\u00eb ajrit jan\u00eb 99,5% efektiv kund\u00ebr COVID-19. Krahasoni para se t\u00eb blini! <\/h2>\n\n<div class=\"wp-block-columns is-layout-flex wp-container-core-columns-is-layout-28f84493 wp-block-columns-is-layout-flex\">\n<div class=\"wp-block-column is-layout-flow wp-block-column-is-layout-flow\" style=\"flex-basis:50%\">\n<p><strong>Pastruesit e ajrit OBERA trajtojn\u00eb n\u00eb m\u00ebnyr\u00eb efektive ajrin<\/strong> dhe kapin viruset dhe bakteret. Ato lejojn\u00eb dekontaminimin e ambienteve nga 10 deri n\u00eb 1000 m\u00b2 duke p\u00ebrdorur filtra HEPA me efikasitet t\u00eb lart\u00eb. Nj\u00eb pastrues ajri mund t\u00eb trajtoj\u00eb ekuivalentin e rekomanduar prej 4 deri n\u00eb 6 ndryshime t\u00eb v\u00ebllimit t\u00eb ajrit n\u00eb nj\u00eb dhom\u00eb n\u00eb or\u00eb.  <\/p>\n<\/div>\n\n\n\n<div class=\"wp-block-column is-layout-flow wp-block-column-is-layout-flow\" style=\"flex-basis:50%\">\n<p><strong>Pastruesit e ajrit COVID-19<\/strong> trajtojn\u00eb ajrin e ndenjur duke p\u00ebrdorur nj\u00eb filt\u00ebr HEPA me efikasitet t\u00eb lart\u00eb, t\u00eb certifikuar sipas EN 1822 (EPA E11 deri n\u00eb HEPA 14 Medical n\u00eb var\u00ebsi t\u00eb konfigurimit). Pastruesi i l\u00ebvizsh\u00ebm i ajrit filtron n\u00eb m\u00ebnyr\u00eb efektive deri n\u00eb 99,995% t\u00eb viruseve t\u00eb ajrit p\u00ebrmes aerosoleve n\u00eb aj\u00ebr.   <\/p>\n<\/div>\n<\/div>\n\n<div class=\"wp-block-buttons is-horizontal is-content-justification-center is-layout-flex wp-container-core-buttons-is-layout-03627597 wp-block-buttons-is-layout-flex\">\n<div class=\"wp-block-button\"><a class=\"wp-block-button__link wp-element-button\" href=\"https:\/\/obera.fr\/conseils\/comparer-prix-achat-purificateurs-air-anti-virus-covid-19\/\">Krahasoni modelet tona t\u00eb sigurta p\u00ebr COVID p\u00ebrpara se t\u00eb blini<\/a><\/div>\n<\/div>\n\n<hr class=\"wp-block-separator has-css-opacity\"\/>\n\n<h3 class=\"wp-block-heading\">Zbuloni gam\u00ebn ton\u00eb t\u00eb pastruesve t\u00eb ajrit COVID-19<\/h3>\n\n<p>Rinovimi i ajrit t\u00eb brendsh\u00ebm 5 her\u00eb n\u00eb or\u00eb sipas rekomandimeve t\u00eb HCSP (K\u00ebshilli i Lart\u00eb i Sh\u00ebndetit Publik) garanton nj\u00eb dhom\u00eb t\u00eb sh\u00ebndetshme. <strong>Prandaj, ambientet tuaja mund t\u00eb p\u00ebrdoren pavar\u00ebsisht nga qarkullimi i virusit SARS-CoV-2 dhe varianteve t\u00eb tij<\/strong> . Zgjidhni <a href=\"https:\/\/obera.fr\/sq\/produits\/purificateurs-air\/pastrues-ajri-kunder-virusit-covid-19-dhe-baktereve\/\">modelin e pastruesit t\u00eb ajrit COVID-19,<\/a> performanca e t\u00eb cilit korrespondon me zon\u00ebn q\u00eb do t\u00eb trajtohet: <\/p>\n\n<div class=\"wp-block-columns are-vertically-aligned-top is-layout-flex wp-container-core-columns-is-layout-28f84493 wp-block-columns-is-layout-flex\">\n<div class=\"wp-block-column is-vertically-aligned-top is-layout-flow wp-block-column-is-layout-flow\" style=\"flex-basis:33.33%\">\n<figure class=\"wp-block-image aligncenter size-thumbnail\"><a href=\"https:\/\/obera.fr\/sq\/produits\/purificateurs-air\/industriel-epur\/\"><img decoding=\"async\" width=\"150\" height=\"150\" src=\"https:\/\/obera.fr\/wp-content\/uploads\/2020\/09\/gamme-epur-150x150.jpg\" alt=\"gam&#xEB;n oberA ePUR\" class=\"wp-image-1016\" srcset=\"https:\/\/obera.fr\/wp-content\/uploads\/2020\/09\/gamme-epur-150x150.jpg 150w, https:\/\/obera.fr\/wp-content\/uploads\/2020\/09\/gamme-epur-300x300.jpg 300w, https:\/\/obera.fr\/wp-content\/uploads\/2020\/09\/gamme-epur.jpg 350w\" sizes=\"(max-width: 150px) 100vw, 150px\" \/><\/a><figcaption class=\"wp-element-caption\">gam\u00ebn oberA ePUR<\/figcaption><\/figure>\n\n\n\n<p>EPUR05, i cili filtron ajrin n\u00eb hap\u00ebsira deri n\u00eb 60 m\u00b2, shpejt\u00ebsia e rrjedh\u00ebs s\u00eb rregullueshme nga 0 n\u00eb 100%. EPUR 30, i aft\u00eb p\u00ebr t\u00eb trajtuar dhoma deri n\u00eb 400 m\u00b2, shpejt\u00ebsia e rrjedh\u00ebs s\u00eb rregullueshme nga 0 n\u00eb 100%. S\u00eb fundi, ePUR 100, i aft\u00eb p\u00ebr t\u00eb trajtuar ambiente deri n\u00eb 700 m\u00b2, shpejt\u00ebsia e rrjedh\u00ebs s\u00eb rregullueshme nga 0 n\u00eb 100%; <\/p>\n<\/div>\n\n\n\n<div class=\"wp-block-column is-vertically-aligned-top is-layout-flow wp-block-column-is-layout-flow\" style=\"flex-basis:33.33%\">\n<figure class=\"wp-block-image aligncenter size-large\"><a href=\"https:\/\/obera.fr\/sq\/produits\/purificateurs-air\/pastrues-ajri-i-pluhurit-ecoprime-epur-b01\/\"><img decoding=\"async\" width=\"150\" height=\"150\" src=\"https:\/\/obera.fr\/wp-content\/uploads\/2020\/09\/epur-b01-ecoprime-150x150-1.png\" alt=\"Kolektor pluhuri - ajri\" class=\"wp-image-1007\"\/><\/a><figcaption class=\"wp-element-caption\">Epur B01 Ecoprime<\/figcaption><\/figure>\n\n\n\n<p class=\"has-text-align-center\">EcoPrime, p\u00ebr dhoma deri n\u00eb 20 m\u00b2, norma rrjedh\u00ebse e rregullueshme nga 0 n\u00eb 100%<\/p>\n<\/div>\n\n\n\n<div class=\"wp-block-column is-vertically-aligned-top is-layout-flow wp-block-column-is-layout-flow\" style=\"flex-basis:33.33%\">\n<figure class=\"wp-block-image aligncenter size-thumbnail\"><a href=\"https:\/\/obera.fr\/sq\/produits\/purificateurs-air\/pastrues-ajri-kunder-virusit-covid-19-dhe-baktereve\/virbox-anti-virus-pastrues-ajri\/\"><img decoding=\"async\" width=\"150\" height=\"150\" src=\"https:\/\/obera.fr\/wp-content\/uploads\/2021\/04\/Virbox_2021-removebg-preview-150x150.png\" alt=\"Virbox 2021 removebg parapamje\" class=\"wp-image-5383\" srcset=\"https:\/\/obera.fr\/wp-content\/uploads\/2021\/04\/Virbox_2021-removebg-preview-150x150.png 150w, https:\/\/obera.fr\/wp-content\/uploads\/2021\/04\/Virbox_2021-removebg-preview.png 300w\" sizes=\"(max-width: 150px) 100vw, 150px\" \/><\/a><figcaption class=\"wp-element-caption\">VIRBOX<\/figcaption><\/figure>\n\n\n\n<p class=\"has-text-align-center\">Virbox 750 dhe 1500, t\u00eb p\u00ebrshtatshme p\u00ebr hap\u00ebsira nga 200 deri n\u00eb 400 m\u00b2, sensor opsional <sub>CO2<\/sub> , norm\u00eb rrjedhjeje e rregullueshme nga 0 n\u00eb 100%.<\/p>\n<\/div>\n<\/div>\n\n<p><strong>Pajisjet p\u00ebrshtaten leht\u00ebsisht n\u00eb ambientet tuaja<\/strong> , pa instalim t\u00eb r\u00ebnd\u00eb ose shtrimin e tubave. Sapo t\u00eb aktivizohet pastruesi juaj i ajrit COVID-19, ju thithni aj\u00ebr cil\u00ebsor, t\u00eb filtruar dhe t\u00eb pastruar nga viruset dhe bakteret. <\/p>\n\n<h3 class=\"wp-block-heading\">Si funksionon nj\u00eb sistem pastrues ajri OBERA COVID-19<\/h3>\n\n<p>Pastruesit e ajrit kan\u00eb nj\u00eb sistem p\u00ebr filtrimin e ajrit t\u00eb ambientit. Grimcat e pezulluara dhe aerosolet, viruset dhe bakteret, notojn\u00eb n\u00eb aj\u00ebr p\u00ebr or\u00eb t\u00eb gjata. Ata p\u00ebrfundojn\u00eb duke u grumbulluar s\u00eb bashku, duke r\u00ebn\u00eb n\u00eb dysheme ose duke u vendosur n\u00eb mobilje. <strong>Pastruesit e ajrit kapin ajrin e ndotur sip\u00ebr tyre<\/strong> . Ajri i thithur m\u00eb pas filtrohet, n\u00eb var\u00ebsi t\u00eb pajisjes, duke p\u00ebrdorur filtra grimcash me efikasitet t\u00eb lart\u00eb. I rikthyer n\u00eb dhom\u00eb pas dekontaminimit, ajri \u00e7lirohet nga grimcat q\u00eb potencialisht bartin viruse ose baktere. Dhoma juaj p\u00ebrfiton k\u00ebshtu nga efikasiteti i rinovimit t\u00eb vazhduesh\u00ebm t\u00eb ajrit t\u00eb saj t\u00eb ambientit.     <\/p>\n\n<h2 class=\"wp-block-heading\">Pastruesi i ajrit H14 VIRBOX, arma m\u00eb e mir\u00eb e OBERA-s kund\u00ebr koronavirusit<\/h2>\n\n<p><a href=\"https:\/\/obera.fr\/sq\/produits\/purificateurs-air\/pastrues-ajri-kunder-virusit-covid-19-dhe-baktereve\/virbox-anti-virus-pastrues-ajri\/\">Virbox \u00ebsht\u00eb nj\u00eb pastrues ajri COVID-19<\/a> i krijuar posa\u00e7\u00ebrisht p\u00ebr trajtimin e viruseve. P\u00ebr sa i p\u00ebrket performanc\u00ebs, <strong>ai filtron t\u00eb pakt\u00ebn 99,995% t\u00eb viruseve dhe baktereve nga ajri i ambientit<\/strong> . L\u00ebviz leht\u00ebsisht nga dhoma n\u00eb dhom\u00eb, duke p\u00ebrfshir\u00eb portat e dyerve. Shum\u00ebfunksionale, mund t\u00eb p\u00ebrdoret gjithashtu si mb\u00ebshtetje komunikimi.   <\/p>\n\n<h3 class=\"wp-block-heading\">Koncepti i ventilimit me ose pa pastrues<\/h3>\n\n<figure class=\"wp-block-gallery has-nested-images columns-default is-cropped wp-block-gallery-1 is-layout-flex wp-block-gallery-is-layout-flex\">\n<figure class=\"wp-block-image size-large\"><img decoding=\"async\" width=\"480\" height=\"270\" data-id=\"2081\" src=\"https:\/\/obera.fr\/wp-content\/uploads\/2020\/11\/obera-covid-0001.jpg\" alt=\"Koncepti i ventilimit me ose pa pastrues\" class=\"wp-image-2081\" srcset=\"https:\/\/obera.fr\/wp-content\/uploads\/2020\/11\/obera-covid-0001.jpg 480w, https:\/\/obera.fr\/wp-content\/uploads\/2020\/11\/obera-covid-0001-300x169.jpg 300w\" sizes=\"(max-width: 480px) 100vw, 480px\" \/><figcaption class=\"wp-element-caption\">Koncepti i ventilimit me pastrues<\/figcaption><\/figure>\n\n\n\n<figure class=\"wp-block-image size-large\"><img decoding=\"async\" width=\"480\" height=\"271\" data-id=\"2080\" src=\"https:\/\/obera.fr\/wp-content\/uploads\/2020\/11\/obera-covid-0002.jpg\" alt=\"Koncepti i ventilimit me ose pa pastrues\" class=\"wp-image-2080\" srcset=\"https:\/\/obera.fr\/wp-content\/uploads\/2020\/11\/obera-covid-0002.jpg 480w, https:\/\/obera.fr\/wp-content\/uploads\/2020\/11\/obera-covid-0002-300x169.jpg 300w\" sizes=\"(max-width: 480px) 100vw, 480px\" \/><figcaption class=\"wp-element-caption\">Koncepti i ventilimit pa pastrues  <\/figcaption><\/figure>\n<\/figure>\n\n<p>Duke p\u00ebrdorur nj\u00eb pastrues OBERA, aerosolet mund t\u00eb kapen dhe filtrohen shum\u00eb m\u00eb af\u00ebr vendit t\u00eb prodhimit. P\u00ebr ta b\u00ebr\u00eb k\u00ebt\u00eb, pjesa e sip\u00ebrme e pajisjes thith aerosole n\u00eb lart\u00ebsin\u00eb e sakt\u00eb n\u00eb t\u00eb cil\u00ebn njer\u00ebzit i l\u00ebshojn\u00eb ato. <\/p>\n\n<h2 class=\"wp-block-heading\">Si t\u00eb sigurohet siguria kund\u00ebr koronavirusit n\u00eb \u00e7erdhe, kopshte, shkolla, shkolla t\u00eb mesme dhe shkolla t\u00eb mesme?<\/h2>\n\n<div class=\"wp-block-columns is-layout-flex wp-container-core-columns-is-layout-28f84493 wp-block-columns-is-layout-flex\">\n<div class=\"wp-block-column is-layout-flow wp-block-column-is-layout-flow\" style=\"flex-basis:50%\">\n<p>F\u00ebmij\u00ebt dhe adoleshent\u00ebt jan\u00eb m\u00eb rezistent ndaj COVID-19, por jan\u00eb nj\u00eb vektor transmetimi. \u00c7do f\u00ebmij\u00eb apo adoleshent takohet me dhjet\u00ebra miq \u00e7do dit\u00eb p\u00ebrpara se t\u00eb kthehet n\u00eb sht\u00ebpi. <strong>Ekziston nj\u00eb v\u00ebshtir\u00ebsi e v\u00ebrtet\u00eb n\u00eb zbatimin e gjesteve penguese<\/strong> n\u00eb shkolla, ve\u00e7an\u00ebrisht n\u00eb mesin e m\u00eb t\u00eb rinjve. Kur kontaminimi ndodh n\u00eb shkoll\u00eb, ai p\u00ebrfaq\u00ebson nj\u00eb rrezik transmetimi te prind\u00ebrit, v\u00ebllez\u00ebrit e motrat dhe gjysh\u00ebrit e f\u00ebmij\u00ebs n\u00eb fjal\u00eb. Cil\u00ebsia e ajrit t\u00eb pastruar n\u00eb k\u00ebt\u00eb m\u00ebnyr\u00eb do t\u00eb ruaj\u00eb sh\u00ebndetin e student\u00ebve.   <\/p>\n<\/div>\n\n\n\n<div class=\"wp-block-column is-layout-flow wp-block-column-is-layout-flow\" style=\"flex-basis:50%\">\n<p><a href=\"https:\/\/obera.fr\/conseils\/purificateurs-d-air-contre-covid-19-creches-maternelles-ecoles-colleges-lycees\/\">Instalimi i pastruesve t\u00eb ajrit COVID-19 n\u00eb nj\u00eb klas\u00eb<\/a> ose sall\u00eb ngr\u00ebnieje ofron nj\u00eb mund\u00ebsi reale p\u00ebr t\u00eb thyer zinxhir\u00ebt e transmetimit. K\u00ebto jan\u00eb, n\u00eb thelb, hap\u00ebsira t\u00eb mbyllura ku ajrimi nuk \u00ebsht\u00eb gjithmon\u00eb i mjaftuesh\u00ebm. <strong>Prandaj, niveli i p\u00ebrqendrimit t\u00eb SARS-CoV-2 n\u00eb aj\u00ebr mund t\u00eb jet\u00eb i r\u00ebnd\u00ebsish\u00ebm<\/strong> . Nj\u00eb pastrues ajri COVID-19 mund t\u00eb filtroj\u00eb n\u00eb m\u00ebnyr\u00eb efektive ajrin e ambientit.  <\/p>\n<\/div>\n<\/div>\n\n<figure class=\"wp-block-image aligncenter size-large\"><img decoding=\"async\" width=\"1024\" height=\"768\" src=\"https:\/\/obera.fr\/wp-content\/uploads\/2021\/05\/image_ecole-covid-1024x768.jpg\" alt=\"Covid ventilimi i shkoll&#xEB;s\" class=\"wp-image-5610\" srcset=\"https:\/\/obera.fr\/wp-content\/uploads\/2021\/05\/image_ecole-covid-1024x768.jpg 1024w, https:\/\/obera.fr\/wp-content\/uploads\/2021\/05\/image_ecole-covid-300x225.jpg 300w, https:\/\/obera.fr\/wp-content\/uploads\/2021\/05\/image_ecole-covid-768x576.jpg 768w, https:\/\/obera.fr\/wp-content\/uploads\/2021\/05\/image_ecole-covid-1536x1152.jpg 1536w, https:\/\/obera.fr\/wp-content\/uploads\/2021\/05\/image_ecole-covid.jpg 2016w\" sizes=\"(max-width: 1024px) 100vw, 1024px\" \/><figcaption class=\"wp-element-caption\">Ventilimi i ajrit n\u00eb klas\u00eb<\/figcaption><\/figure>\n\n<h2 class=\"wp-block-heading\">Coronavirus dhe CHR: Si ta trajtojm\u00eb COVID-19 n\u00eb kafene, hotele dhe restorante?<\/h2>\n\n<p>Rihapja e kafeneve dhe restoranteve n\u00eb Franc\u00eb ka k\u00ebnaqur shum\u00eb. Megjithat\u00eb, <strong>k\u00ebto jan\u00eb vende me rrezik t\u00eb lart\u00eb t\u00eb transmetimit t\u00eb koronavirusit nga aerosol\u00ebt<\/strong> . Ventilimi nuk \u00ebsht\u00eb i leht\u00eb dhe klient\u00ebt e ulur nuk mbajn\u00eb maska. Vende komoditeti nga natyra, diskutimet po shkojn\u00eb mir\u00eb dhe distancimi fizik \u00ebsht\u00eb i paefektsh\u00ebm. Kur kollitet ose thjesht flet, nj\u00eb person q\u00eb mban virusin SARS-Cov-2 projekton pika t\u00eb p\u00ebshtym\u00ebs. K\u00ebto aerosole t\u00eb kontaminuara notojn\u00eb lirsh\u00ebm n\u00eb ajrin e ambientit t\u00eb dhom\u00ebs p\u00ebr or\u00eb t\u00eb gjata.     <\/p>\n\n<p><a href=\"https:\/\/obera.fr\/sq\/keshilla-jone-sq\/le-covid-19-et-la-restauration\/\">Vet\u00ebm nj\u00eb pastrues ajri COVID-19 n\u00eb dhom\u00eb<\/a> lejon <strong>dekontaminim efektiv duke ulur n\u00eb m\u00ebnyr\u00eb drastike nivelin e koronavirusit<\/strong> n\u00eb ajrin e ambientit. Instalimi i nj\u00eb sensori CO2 ju lejon t\u00eb dini se kur duhet t\u00eb rinovoni ajrin. Duke kombinuar filtrimin me performanc\u00eb t\u00eb lart\u00eb, ventilimin natyral dhe distanc\u00ebn, ju minimizoni shum\u00eb rrezikun e transmetimit t\u00eb viruseve dhe baktereve. Mbroni sh\u00ebndetin e klient\u00ebve dhe punonj\u00ebsve tuaj me nj\u00eb pastrues ajri COVID-19.   <\/p>\n\n<div class=\"wp-block-buttons is-horizontal is-content-justification-center is-layout-flex wp-container-core-buttons-is-layout-03627597 wp-block-buttons-is-layout-flex\">\n<div class=\"wp-block-button\"><a class=\"wp-block-button__link wp-element-button\" href=\"https:\/\/obera.fr\/sq\/contact\/\">Na kontaktoni p\u00ebr m\u00eb shum\u00eb informacion<\/a><\/div>\n<\/div>\n\n<p>Shihni gjithashtu faqen &#8221; <a href=\"https:\/\/obera.fr\/sq\/ils-parlent-de-nous-presse-media\/\" data-type=\"page\" data-id=\"8386\">Ata flasin p\u00ebr ne<\/a> &#8221; n\u00eb artikujt e shtypit dhe videot e paraqitjeve tona n\u00eb TV.<\/p>\n","protected":false},"excerpt":{"rendered":"<p>Udh\u00ebrr\u00ebfyesi yn\u00eb b\u00ebn nj\u00eb turne n\u00eb zgjidhjet e OberA p\u00ebr kontrollin dhe pastrimin e ajrit. Siguroni sigurin\u00eb sh\u00ebndet\u00ebsore t\u00eb ambienteve tuaja duke ofruar aj\u00ebr t\u00eb pastruar p\u00ebr klient\u00ebt dhe punonj\u00ebsit tuaj me nj\u00eb pastrues ajri efektiv kund\u00ebr COVID-19. <\/p>\n","protected":false},"author":4,"featured_media":97547,"comment_status":"open","ping_status":"closed","sticky":false,"template":"","format":"standard","meta":{"_acf_changed":false,"_seopress_robots_primary_cat":"none","_seopress_titles_title":"Guide des meilleurs purificateurs d'air contre le Covid-19","_seopress_titles_desc":"Le guide pour assurer la s\u00e9curit\u00e9 sanitaire de vos locaux, professionnels ou \u00e0 l'\u00e9cole, avec un purificateur d\u2019air efficace contre le COVID-19","_seopress_robots_index":"","footnotes":""},"categories":[312],"tags":[116],"class_list":["post-67528","post","type-post","status-publish","format-standard","has-post-thumbnail","hentry","category-keshilla-jone-sq","tag-koka-e-vogel","generate-columns","tablet-grid-50","mobile-grid-100","grid-parent","grid-50","no-featured-image-padding","resize-featured-image"],"acf":[],"_links":{"self":[{"href":"https:\/\/obera.fr\/sq\/wp-json\/wp\/v2\/posts\/67528","targetHints":{"allow":["GET"]}}],"collection":[{"href":"https:\/\/obera.fr\/sq\/wp-json\/wp\/v2\/posts"}],"about":[{"href":"https:\/\/obera.fr\/sq\/wp-json\/wp\/v2\/types\/post"}],"author":[{"embeddable":true,"href":"https:\/\/obera.fr\/sq\/wp-json\/wp\/v2\/users\/4"}],"replies":[{"embeddable":true,"href":"https:\/\/obera.fr\/sq\/wp-json\/wp\/v2\/comments?post=67528"}],"version-history":[{"count":2,"href":"https:\/\/obera.fr\/sq\/wp-json\/wp\/v2\/posts\/67528\/revisions"}],"predecessor-version":[{"id":97670,"href":"https:\/\/obera.fr\/sq\/wp-json\/wp\/v2\/posts\/67528\/revisions\/97670"}],"wp:featuredmedia":[{"embeddable":true,"href":"https:\/\/obera.fr\/sq\/wp-json\/wp\/v2\/media\/97547"}],"wp:attachment":[{"href":"https:\/\/obera.fr\/sq\/wp-json\/wp\/v2\/media?parent=67528"}],"wp:term":[{"taxonomy":"category","embeddable":true,"href":"https:\/\/obera.fr\/sq\/wp-json\/wp\/v2\/categories?post=67528"},{"taxonomy":"post_tag","embeddable":true,"href":"https:\/\/obera.fr\/sq\/wp-json\/wp\/v2\/tags?post=67528"}],"curies":[{"name":"wp","href":"https:\/\/api.w.org\/{rel}","templated":true}]}}