{"id":95811,"date":"2022-10-13T10:03:01","date_gmt":"2022-10-13T08:03:01","guid":{"rendered":"https:\/\/obera.fr\/nase-rada\/quelle-est-la-fonction-dun-pre-separateur\/"},"modified":"2025-05-06T10:17:51","modified_gmt":"2025-05-06T08:17:51","slug":"quelle-est-la-fonction-dun-pre-separateur","status":"publish","type":"post","link":"https:\/\/obera.fr\/sq\/keshilla-jone-sq\/quelle-est-la-fonction-dun-pre-separateur\/","title":{"rendered":"Cili \u00ebsht\u00eb funksioni i nj\u00eb para-ndar\u00ebsi?"},"content":{"rendered":"\n<h2 class=\"wp-block-heading\">Cili \u00ebsht\u00eb funksioni i nj\u00eb para-ndar\u00ebsi dhe cilat jan\u00eb llojet e ndryshme t\u00eb para-ndar\u00ebsve?<\/h2>\n\n<p>Nj\u00eb <strong>parafiltrim<\/strong> ose <strong>parandar\u00ebs<\/strong> ka funksionin e mbrojtjes s\u00eb vet\u00eb <strong>filtrit kryesor<\/strong> t\u00eb nj\u00eb <a href=\"https:\/\/obera.fr\/sq\/keshilla-jone-sq\/aspiration-industrielle-solutions-professionnels\/\">instalimi thith\u00ebs<\/a> . P\u00ebrdorimi i nj\u00eb para-ndar\u00ebsi rrit <strong>sigurin\u00eb<\/strong> dhe zgjat <strong>jet\u00ebgjat\u00ebsin\u00eb<\/strong> e filtrit kryesor. <\/p>\n\n<p>Ndikimet kryesore t\u00eb m\u00ebposhtme n\u00eb jet\u00ebgjat\u00ebsin\u00eb e filtrit mund t\u00eb shmangen dhe\/ose zvog\u00eblohen k\u00ebshtu:<\/p>\n\n<ul class=\"wp-block-list\">\n<li>V\u00ebllim i lart\u00eb deri n\u00eb shum\u00eb i lart\u00eb pluhuri<\/li>\n\n\n\n<li>Substanca g\u00ebrryese<\/li>\n\n\n\n<li>Ndarja e grimcave t\u00eb nxehta, inkandeshente ose edhe e shk\u00ebndijave.<\/li>\n<\/ul>\n\n<p>Meqen\u00ebse nj\u00eb para-ndar\u00ebs k\u00ebrkon pak ose aspak mir\u00ebmbajtje, p\u00ebrdorimi i tij shpesh i ul ndjesh\u00ebm kostot operative t\u00eb kolektorit t\u00eb pluhurit.<\/p>\n\n<h2 class=\"wp-block-heading\">Ndar\u00ebs ciklonik<\/h2>\n\n<h3 class=\"wp-block-heading\">Kur m\u00eb duhet nj\u00eb ndar\u00ebs ciklonesh?<\/h3>\n\n<div class=\"wp-block-columns is-layout-flex wp-container-core-columns-is-layout-28f84493 wp-block-columns-is-layout-flex\">\n<div class=\"wp-block-column is-layout-flow wp-block-column-is-layout-flow\" style=\"flex-basis:33.33%\">\n<figure class=\"wp-block-image aligncenter size-full\"><img decoding=\"async\" width=\"558\" height=\"352\" src=\"https:\/\/obera.fr\/wp-content\/uploads\/2022\/10\/Preseparateur-cyclone.jpg\" alt=\"para-ndar&#xEB;s cikloni\" class=\"wp-image-15090\" srcset=\"https:\/\/obera.fr\/wp-content\/uploads\/2022\/10\/Preseparateur-cyclone.jpg 558w, https:\/\/obera.fr\/wp-content\/uploads\/2022\/10\/Preseparateur-cyclone-300x189.jpg 300w\" sizes=\"(max-width: 558px) 100vw, 558px\" \/><\/figure>\n<\/div>\n\n\n\n<div class=\"wp-block-column is-vertically-aligned-center is-layout-flow wp-block-column-is-layout-flow\" style=\"flex-basis:66.66%\">\n<p>Ndar\u00ebsit ciklonik\u00eb funksionojn\u00eb mbi nj\u00eb baz\u00eb thjesht mekanike (forc\u00eb centrifugale) dhe mund t\u00eb p\u00ebrdoren si ndar\u00ebs kryesor\u00eb dhe si para-ndar\u00ebs n\u00eb sistemet e thithjes. Ato ndajn\u00eb <strong>pluhurin<\/strong> e trash\u00eb, <a href=\"https:\/\/obera.fr\/sq\/keshilla-jone-sq\/separateur-par-voie-seche-ou-separateur-a-voie-humide\/\">t\u00eb that\u00eb<\/a> dhe t\u00eb rrjedhsh\u00ebm, jan\u00eb t\u00eb gjithanshme dhe mund t\u00eb p\u00ebrdoren p\u00ebr shum\u00eb lloje pluhurash dhe gjithashtu p\u00ebr <strong>fibra<\/strong> . Evakuimi i pluhurit t\u00eb ndar\u00eb mund t\u00eb b\u00ebhet vazhdimisht ose me nd\u00ebrprerje.  <\/p>\n<\/div>\n<\/div>\n\n<h3 class=\"wp-block-heading\">Funksioni<\/h3>\n\n<div class=\"wp-block-columns is-layout-flex wp-container-core-columns-is-layout-28f84493 wp-block-columns-is-layout-flex\">\n<div class=\"wp-block-column is-vertically-aligned-center is-layout-flow wp-block-column-is-layout-flow\" style=\"flex-basis:66.66%\">\n<p><strong>Rrjedha e ajrit e mbushur me pluhur<\/strong> hyn n\u00eb ciklon n\u00eb m\u00ebnyr\u00eb tangjenciale n\u00eb t\u00eb tret\u00ebn e sip\u00ebrme t\u00eb trupit t\u00eb <strong>ciklonit<\/strong> . Duke e drejtuar ajrin rreth tubit qendror t\u00eb zhytjes, ajri vendoset n\u00eb rrotullim dhe <strong>grimcat<\/strong> e p\u00ebrmbajtura n\u00eb rrjedh\u00ebn e ajrit shtyhen drejt mureve t\u00eb jashtme <strong>t\u00eb ciklonit<\/strong> . Nga aty, ato rr\u00ebshqasin posht\u00eb p\u00ebrgjat\u00eb tij, ku mblidhen n\u00eb nj\u00eb <strong>element shkarkimi<\/strong> ose shkarkohen nga element\u00eb shkarkimi q\u00eb veprojn\u00eb vazhdimisht. Ajri i pastruar shkarkohet jasht\u00eb n\u00ebp\u00ebrmjet tubit zhyt\u00ebs.   <\/p>\n\n\n\n<p>Sa m\u00eb mir\u00eb t\u00eb jet\u00eb projektuar dhe p\u00ebrshtatur <strong>ndar\u00ebsi ciklon<\/strong> me <strong>rrjedh\u00ebn e ajrit<\/strong> dhe materialin q\u00eb do t\u00eb ndahet, aq m\u00eb e mir\u00eb do t\u00eb jet\u00eb <strong>efikasiteti i ndarjes<\/strong> s\u00eb tij.<\/p>\n<\/div>\n\n\n\n<div class=\"wp-block-column is-layout-flow wp-block-column-is-layout-flow\" style=\"flex-basis:33.33%\">\n<figure class=\"wp-block-image aligncenter size-full is-resized\"><img decoding=\"async\" width=\"600\" height=\"600\" src=\"https:\/\/obera.fr\/wp-content\/uploads\/2022\/10\/Sans-titre-2022-10-13T085406.799.jpg\" alt=\"Ndarja ciklonike\" class=\"wp-image-15085\" style=\"width:150px;height:150px\" srcset=\"https:\/\/obera.fr\/wp-content\/uploads\/2022\/10\/Sans-titre-2022-10-13T085406.799.jpg 600w, https:\/\/obera.fr\/wp-content\/uploads\/2022\/10\/Sans-titre-2022-10-13T085406.799-300x300.jpg 300w, https:\/\/obera.fr\/wp-content\/uploads\/2022\/10\/Sans-titre-2022-10-13T085406.799-150x150.jpg 150w\" sizes=\"(max-width: 600px) 100vw, 600px\" \/><\/figure>\n<\/div>\n<\/div>\n\n<h3 class=\"wp-block-heading\">Mund\u00ebsit\u00eb e p\u00ebrdorimit<\/h3>\n\n<p><strong>Ciklonet<\/strong> mund t\u00eb p\u00ebrdoren si <strong>ndar\u00ebs primar\u00eb<\/strong> ose si <strong>para-ndar\u00ebs<\/strong> .<\/p>\n\n<p>Si <strong>ndar\u00ebs par\u00ebsor\u00eb<\/strong> , ndar\u00ebsit ciklonik\u00eb arrijn\u00eb nj\u00eb <strong>shkall\u00eb shum\u00eb t\u00eb lart\u00eb ndarjeje<\/strong> , ve\u00e7an\u00ebrisht p\u00ebr materialet e trash\u00eb, n\u00eb m\u00ebnyr\u00eb q\u00eb t\u00eb mos nevojiten <strong>filtra<\/strong> t\u00eb m\u00ebtejsh\u00ebm. Kur p\u00ebrdoren si <strong>para-ndar\u00ebs<\/strong> , ciklonet ndajn\u00eb <strong>grimcat<\/strong> m\u00eb t\u00eb m\u00ebdha p\u00ebrpara se t\u00eb arrijn\u00eb n\u00eb nj\u00ebsin\u00eb tjet\u00ebr t\u00eb filtrimit. Kjo shpesh zgjat ndjesh\u00ebm jet\u00ebgjat\u00ebsin\u00eb e <strong>element\u00ebve t\u00eb filtrit<\/strong> n\u00eb nj\u00ebsin\u00eb e filtrimit. Kjo nga ana tjet\u00ebr zvog\u00eblon kostot <strong>e funksionimit<\/strong> dhe <strong>mir\u00ebmbajtjes<\/strong> . Kur ndar\u00ebsit ciklonik\u00eb p\u00ebrdoren si ndar\u00ebs shk\u00ebndijash, ata ndihmojn\u00eb n\u00eb mbrojtjen e kolektorit t\u00eb pluhurit n\u00eb rrjedh\u00ebn e poshtme nga zjarret ose shpimi i medias filtruese.    <\/p>\n\n<p>N\u00eb m\u00ebnyr\u00eb t\u00eb ngjashme, n\u00eb aplikimet ku mund t\u00eb t\u00ebrhiqen <strong>shk\u00ebndija<\/strong> , shpesh k\u00ebshillohet t\u00eb p\u00ebrdoret nj\u00eb <strong>ciklon<\/strong> si para-ndar\u00ebs. Kjo ndihmon n\u00eb zvog\u00eblimin e gjasave t\u00eb shk\u00ebndijave ose burimeve t\u00eb tjera t\u00eb ndezjes q\u00eb hyjn\u00eb n\u00eb nj\u00ebsin\u00eb e filtrit. Ndar\u00ebsit ciklonik jan\u00eb para-ndar\u00ebs t\u00eb rekomanduar p\u00ebr aplikime me thithje me projeksion shk\u00ebndijash.  <\/p>\n\n<p>Ndar\u00ebsit ciklonik\u00eb mund t\u00eb p\u00ebrdoren <strong>si n\u00eb<\/strong> <strong>an\u00ebn e thithjes ashtu edhe n\u00eb at\u00eb t\u00eb shkarkimit<\/strong> , d.m.th., <strong>turbina e nxjerrjes<\/strong> mund t\u00eb vendoset ose n\u00eb rrjedh\u00ebn e sip\u00ebrme ose t\u00eb poshtme t\u00eb ciklonit. Cikloni \u00ebsht\u00eb gjithashtu shpesh ndar\u00ebsi m\u00eb i p\u00ebrshtatsh\u00ebm p\u00ebr aplikimet ku ndryshimet e materialeve jan\u00eb t\u00eb shpeshta, pasi k\u00ebrkon pastrim minimal. <\/p>\n\n<p>Ndar\u00ebsit ciklonik\u00eb t\u00eb seris\u00eb ZA nga OberA jan\u00eb t\u00eb mbrojtur nga nj\u00eb model utilitar dhe arrijn\u00eb nj\u00eb shkall\u00eb shum\u00eb t\u00eb lart\u00eb ndarjeje fal\u00eb dizajnit t\u00eb tyre. P\u00ebr m\u00eb tep\u00ebr, ndar\u00ebsit ciklonik\u00eb mund t\u00eb p\u00ebrdoren edhe p\u00ebr ndarjen paraprake me shk\u00ebndija p\u00ebr t\u00eb zvog\u00ebluar rrezikun e zjarrit n\u00eb filtra. <\/p>\n\n<h2 class=\"wp-block-heading\">Lloje t\u00eb tjera t\u00eb para-ndar\u00ebsve<\/h2>\n\n<h3 class=\"wp-block-heading\">Ndar\u00ebs me impakte dhe ndar\u00ebs me forc\u00eb masive<\/h3>\n\n<p>Nj\u00eb lloj tjet\u00ebr i para-ndar\u00ebsit jan\u00eb ndar\u00ebsit <strong>me ndikim<\/strong> ose <strong>me forc\u00eb masive<\/strong> .<\/p>\n\n<div class=\"wp-block-columns are-vertically-aligned-center is-layout-flex wp-container-core-columns-is-layout-28f84493 wp-block-columns-is-layout-flex\">\n<div class=\"wp-block-column is-vertically-aligned-center is-layout-flow wp-block-column-is-layout-flow\" style=\"flex-basis:66.66%\">\n<p>P\u00ebrdorimi i nj\u00eb <strong>ndar\u00ebsi me impakt<\/strong> zvog\u00eblon shpejt\u00ebsin\u00eb e grimcave n\u00eb rrjedh\u00ebn e ajrit n\u00eb m\u00ebnyr\u00eb q\u00eb ato t\u00eb mos mbahen m\u00eb nga rrjedha e ajrit dhe t\u00eb bien n\u00eb nj\u00eb <strong>rezervuar kolektor<\/strong> . Gjat\u00eb <strong>para-ndarjes<\/strong> , <strong>grimcat e trasha<\/strong> dhe <strong>shk\u00ebndijat<\/strong> ndahen nga <strong>grimcat e im\u00ebta t\u00eb pluhurit<\/strong> . Kjo zvog\u00eblon ngarkes\u00ebn e pluhurit n\u00eb element\u00ebt e filtrit dhe minimizon ndjesh\u00ebm <strong>rrezikun e zjarrit t\u00eb filtrit<\/strong> .  <\/p>\n\n\n\n<p><strong>Ndar\u00ebsit e forc\u00ebs masive<\/strong> p\u00ebrdorin ndryshimin e dend\u00ebsis\u00eb midis ajrit dhe l\u00ebngut q\u00eb do t\u00eb ndahet. Ato funksionojn\u00eb pa <strong>material filtri<\/strong> dhe mund t\u00eb p\u00ebrshtaten posa\u00e7\u00ebrisht p\u00ebr \u00e7do aplikim. <\/p>\n<\/div>\n\n\n\n<div class=\"wp-block-column is-vertically-aligned-center is-layout-flow wp-block-column-is-layout-flow\" style=\"flex-basis:33.33%\">\n<figure class=\"wp-block-image aligncenter size-full is-resized\"><img decoding=\"async\" width=\"239\" height=\"196\" src=\"https:\/\/obera.fr\/wp-content\/uploads\/2022\/10\/Pre-separateur-a-impact.jpg\" alt=\"ndar&#xEB;s para-impakti\" class=\"wp-image-15093\" style=\"width:239px;height:196px\"\/><\/figure>\n<\/div>\n<\/div>\n\n<p><strong>Parandar\u00ebsit e integruar<\/strong> vendosen, p\u00ebr shembull, n\u00eb rrjedh\u00ebn e sip\u00ebrme t\u00eb nj\u00eb <strong>instalimi filtrimi<\/strong> . Ekzistojn\u00eb gjithashtu para-ndar\u00ebs q\u00eb mund t\u00eb p\u00ebrdoren direkt n\u00eb pik\u00ebn e kapjes ose emetimit. P\u00ebrdorimi i para-ndar\u00ebsve t\u00eb integruar shpesh synon t\u00eb mbroj\u00eb nj\u00eb instalim nga <strong>shk\u00ebndijat<\/strong> . Ata e b\u00ebjn\u00eb k\u00ebt\u00eb duke zgjatur koh\u00ebn e q\u00ebndrimit dhe ftohjes s\u00eb shk\u00ebndij\u00ebs ose duke e ndar\u00eb drejtp\u00ebrdrejt nj\u00eb shk\u00ebndij\u00eb t\u00eb mundshme. K\u00ebto jan\u00eb gjithashtu ndar\u00ebs t\u00eb forc\u00ebs <strong>s\u00eb goditjes<\/strong> ose <strong>t\u00eb mas\u00ebs<\/strong> .    <\/p>\n\n<h3 class=\"wp-block-heading\">Ndar\u00ebs<\/h3>\n\n<div class=\"wp-block-columns are-vertically-aligned-center is-layout-flex wp-container-core-columns-is-layout-28f84493 wp-block-columns-is-layout-flex\">\n<div class=\"wp-block-column is-vertically-aligned-center is-layout-flow wp-block-column-is-layout-flow\" style=\"flex-basis:33.33%\">\n<figure class=\"wp-block-image aligncenter size-full is-resized\"><img decoding=\"async\" width=\"241\" height=\"209\" src=\"https:\/\/obera.fr\/wp-content\/uploads\/2022\/10\/filtre-cyclonique.png\" alt=\"filt&#xEB;r ciklonik\" class=\"wp-image-15096\" style=\"width:241px;height:209px\"\/><\/figure>\n<\/div>\n\n\n\n<div class=\"wp-block-column is-vertically-aligned-center is-layout-flow wp-block-column-is-layout-flow\" style=\"flex-basis:66.66%\">\n<p>Ndar\u00ebsit p\u00ebrdoren shpesh p\u00ebr <strong>substanca me dend\u00ebsi shum\u00eb t\u00eb ndryshme<\/strong> ose p\u00ebr <strong>substanca shum\u00eb t\u00eb lehta<\/strong> . Ato ndajn\u00eb <strong>fraksionet e trasha<\/strong> nga <strong>fraksionet<\/strong> <strong>e im\u00ebta<\/strong> dhe p\u00ebrdoren, p\u00ebr shembull, p\u00ebr pastrimin e kokrrizave plastike n\u00eb sektorin e riciklimit ose n\u00eb p\u00ebrgjith\u00ebsi si <strong>ndar\u00ebs<\/strong> n\u00eb rrjedh\u00ebn e sip\u00ebrme t\u00eb nj\u00ebsive t\u00eb filtrimit. <\/p>\n\n\n\n<p>K\u00ebto substanca mund t\u00eb ndahen nga <strong>shpejt\u00ebsi t\u00eb ul\u00ebta rrjedhjeje<\/strong> (p\u00ebr t\u00eb llogaritur shpejt\u00ebsin\u00eb e rrjedhjes, <a href=\"https:\/\/www.anjou-connectique.com\/blog\/quelle-vitesse-ecoulement-et-de-debit--eau-dans-canalisation-en-cuivre-pour-chauffage\/\" data-type=\"URL\" data-id=\"https:\/\/www.anjou-connectique.com\/blog\/quelle-vitesse-ecoulement-et-de-debit--eau-dans-canalisation-en-cuivre-pour-chauffage\/\" target=\"_blank\" rel=\"noreferrer noopener\">p\u00ebrdorni formul\u00ebn nga faqja e internetit e Anjou Connectique<\/a> ).<\/p>\n\n\n\n<p>V\u00ebmendje e ve\u00e7ant\u00eb duhet t&#8217;i kushtohet k\u00ebtu hap\u00ebsir\u00ebs s\u00eb nevojshme dhe dizajnit t\u00eb sakt\u00eb. OberA ofron ndar\u00ebs me rrjedh\u00eb t\u00eb kund\u00ebrt, <strong>ndar\u00ebs ajri<\/strong> dhe alternativa t\u00eb tjera t\u00eb p\u00ebrshtatura p\u00ebr secilin rast p\u00ebrdorimi. <\/p>\n<\/div>\n<\/div>\n\n<h3 class=\"wp-block-heading\">Parandar\u00ebs uji dhe parandar\u00ebs shk\u00ebndijash<\/h3>\n\n<div class=\"wp-block-columns is-layout-flex wp-container-core-columns-is-layout-28f84493 wp-block-columns-is-layout-flex\">\n<div class=\"wp-block-column is-vertically-aligned-center is-layout-flow wp-block-column-is-layout-flow\" style=\"flex-basis:66.66%\">\n<p>Disa <strong>para-ndar\u00ebs<\/strong> funksionojn\u00eb me nj\u00eb l\u00ebng kontakti si\u00e7 \u00ebsht\u00eb uji. Nj\u00eb <strong>pastrues paraprak pluhuri me uj\u00eb<\/strong> \u00ebsht\u00eb ve\u00e7an\u00ebrisht i p\u00ebrshtatsh\u00ebm kur priten <strong>shk\u00ebndija<\/strong> . P\u00ebr t\u00eb siguruar kontaktin me ujin, instalimi duhet t\u00eb projektohet me shum\u00eb sakt\u00ebsi.  <\/p>\n<\/div>\n\n\n\n<div class=\"wp-block-column is-layout-flow wp-block-column-is-layout-flow\" style=\"flex-basis:33.33%\">\n<figure class=\"wp-block-image aligncenter size-medium is-resized\"><img decoding=\"async\" width=\"300\" height=\"243\" src=\"https:\/\/obera.fr\/wp-content\/uploads\/2022\/10\/pre-separateur-a-eau-et-a-etincelles-300x243.png\" alt=\"parandar&#xEB;s uji dhe shk&#xEB;ndijash\" class=\"wp-image-15099\" style=\"width:150px;height:122px\" srcset=\"https:\/\/obera.fr\/wp-content\/uploads\/2022\/10\/pre-separateur-a-eau-et-a-etincelles-300x243.png 300w, https:\/\/obera.fr\/wp-content\/uploads\/2022\/10\/pre-separateur-a-eau-et-a-etincelles-1024x829.png 1024w, https:\/\/obera.fr\/wp-content\/uploads\/2022\/10\/pre-separateur-a-eau-et-a-etincelles-768x622.png 768w, https:\/\/obera.fr\/wp-content\/uploads\/2022\/10\/pre-separateur-a-eau-et-a-etincelles.png 1200w\" sizes=\"(max-width: 300px) 100vw, 300px\" \/><\/figure>\n<\/div>\n<\/div>\n\n<h2 class=\"wp-block-heading\">Para-ndar\u00ebs OberA<\/h2>\n\n<p>Do t\u00eb jemi t\u00eb lumtur t\u00eb bashk\u00ebpunojm\u00eb me ju p\u00ebr t\u00eb zhvilluar nj\u00eb koncept koherent t\u00eb nxjerrjes dhe p\u00ebr ta p\u00ebrshtatur sistemin sakt\u00ebsisht sipas nevojave tuaja. Mos hezitoni t\u00eb na kontaktoni! Parandar\u00ebsit tan\u00eb jan\u00eb t\u00eb mbrojtur nga nj\u00eb model sh\u00ebrbimi dhe, fal\u00eb dizajnit t\u00eb tyre, arrijn\u00eb nj\u00eb shkall\u00eb shum\u00eb t\u00eb lart\u00eb ndarjeje.  <\/p>\n\n<div class=\"wp-block-buttons is-horizontal is-content-justification-center is-layout-flex wp-container-core-buttons-is-layout-03627597 wp-block-buttons-is-layout-flex\">\n<div class=\"wp-block-button has-custom-width wp-block-button__width-100\"><a class=\"wp-block-button__link wp-element-button\" href=\"https:\/\/obera.fr\/sq\/na-kontaktoni\/\">M\u00ebsoni m\u00eb shum\u00eb<\/a><\/div>\n<\/div>\n\n<h3 class=\"wp-block-heading\">Avantazhet e para-ndar\u00ebsit OberA<\/h3>\n\n<ul class=\"wp-block-list\">\n<li>Zgjidhje optimale p\u00ebr ndarjen e pluhurit problematik t\u00eb mes\u00ebm dhe t\u00eb trash\u00eb<\/li>\n\n\n\n<li>Ndarje efikase e pluhurit me nj\u00eb shkall\u00eb shum\u00eb t\u00eb lart\u00eb ndarjeje<\/li>\n\n\n\n<li>I kombinuar n\u00eb m\u00ebnyr\u00eb ideale me sistemet e thithjes dhe mbledh\u00ebsit e pluhurit<\/li>\n\n\n\n<li>Kosto operative t\u00eb reduktuara p\u00ebr shkak t\u00eb jet\u00ebgjat\u00ebsis\u00eb s\u00eb rritur t\u00eb filtrit kryesor<\/li>\n<\/ul>\n\n<hr class=\"wp-block-separator has-alpha-channel-opacity\"\/>\n","protected":false},"excerpt":{"rendered":"<p>M\u00ebsoni rreth llojeve t\u00eb ndryshme t\u00eb para-ndar\u00ebsve ciklonik\u00eb dhe funksioneve t\u00eb tyre t\u00eb ndryshme brenda nj\u00eb sistemi industrial thithjeje.<\/p>\n","protected":false},"author":4,"featured_media":95219,"comment_status":"open","ping_status":"closed","sticky":false,"template":"","format":"standard","meta":{"_acf_changed":false,"_seopress_robots_primary_cat":"none","_seopress_titles_title":"Cili \u00ebsht\u00eb funksioni i nj\u00eb para-ndar\u00ebsi?","_seopress_titles_desc":"M\u00ebsoni rreth llojeve t\u00eb ndryshme t\u00eb para-ndar\u00ebsve ciklonik\u00eb dhe funksioneve t\u00eb tyre t\u00eb ndryshme brenda nj\u00eb sistemi industrial thithjeje.","_seopress_robots_index":"","footnotes":""},"categories":[312],"tags":[116],"class_list":["post-95811","post","type-post","status-publish","format-standard","has-post-thumbnail","hentry","category-keshilla-jone-sq","tag-koka-e-vogel","generate-columns","tablet-grid-50","mobile-grid-100","grid-parent","grid-50","no-featured-image-padding","resize-featured-image"],"acf":[],"_links":{"self":[{"href":"https:\/\/obera.fr\/sq\/wp-json\/wp\/v2\/posts\/95811","targetHints":{"allow":["GET"]}}],"collection":[{"href":"https:\/\/obera.fr\/sq\/wp-json\/wp\/v2\/posts"}],"about":[{"href":"https:\/\/obera.fr\/sq\/wp-json\/wp\/v2\/types\/post"}],"author":[{"embeddable":true,"href":"https:\/\/obera.fr\/sq\/wp-json\/wp\/v2\/users\/4"}],"replies":[{"embeddable":true,"href":"https:\/\/obera.fr\/sq\/wp-json\/wp\/v2\/comments?post=95811"}],"version-history":[{"count":1,"href":"https:\/\/obera.fr\/sq\/wp-json\/wp\/v2\/posts\/95811\/revisions"}],"predecessor-version":[{"id":95819,"href":"https:\/\/obera.fr\/sq\/wp-json\/wp\/v2\/posts\/95811\/revisions\/95819"}],"wp:featuredmedia":[{"embeddable":true,"href":"https:\/\/obera.fr\/sq\/wp-json\/wp\/v2\/media\/95219"}],"wp:attachment":[{"href":"https:\/\/obera.fr\/sq\/wp-json\/wp\/v2\/media?parent=95811"}],"wp:term":[{"taxonomy":"category","embeddable":true,"href":"https:\/\/obera.fr\/sq\/wp-json\/wp\/v2\/categories?post=95811"},{"taxonomy":"post_tag","embeddable":true,"href":"https:\/\/obera.fr\/sq\/wp-json\/wp\/v2\/tags?post=95811"}],"curies":[{"name":"wp","href":"https:\/\/api.w.org\/{rel}","templated":true}]}}