{"id":96519,"date":"2021-07-16T16:22:06","date_gmt":"2021-07-16T14:22:06","guid":{"rendered":"https:\/\/obera.fr\/nase-rada\/purificateurs-d-air-contre-covid-19-creches-maternelles-ecoles-colleges-lycees\/"},"modified":"2025-05-06T11:09:34","modified_gmt":"2025-05-06T09:09:34","slug":"purificateurs-d-air-contre-covid-19-creches-maternelles-ecoles-colleges-lycees","status":"publish","type":"post","link":"https:\/\/obera.fr\/sq\/keshilla-jone-sq\/purificateurs-d-air-contre-covid-19-creches-maternelles-ecoles-colleges-lycees\/","title":{"rendered":"Pastruesit tan\u00eb t\u00eb ajrit jan\u00eb efektiv\u00eb kund\u00ebr Covid-19 n\u00eb \u00e7erdhe, kopshte, shkolla, kolegje dhe shkolla t\u00eb mesme"},"content":{"rendered":"\n<h2 class=\"wp-block-heading\">Duke mbrojtur f\u00ebmij\u00ebt tan\u00eb, ne mbrojm\u00eb veten dhe t\u00eb tjer\u00ebt.  <\/h2>\n\n<p>\u00cbsht\u00eb p\u00ebrgjegj\u00ebsia jon\u00eb t\u00eb jemi vigjilent\u00eb p\u00ebr sh\u00ebndetin e f\u00ebmij\u00ebve tan\u00eb. P\u00ebr fat t\u00eb mir\u00eb, n\u00eb shumic\u00ebn e rasteve f\u00ebmij\u00ebt dhe adoleshent\u00ebt preken leht\u00eb nga Sars-Cov-2 dhe dalin t\u00eb pad\u00ebmtuar, por ka rreziqe. Problemi kryesor n\u00eb shkolla, \u00e7erdhe dhe kopshte \u00ebsht\u00eb mund\u00ebsia e p\u00ebrhapjes s\u00eb virusit. Nj\u00eb f\u00ebmij\u00eb i infektuar mund t\u00eb infektoj\u00eb dhjet\u00ebra f\u00ebmij\u00eb t\u00eb tjer\u00eb, t\u00eb cil\u00ebt nga ana e tyre mund ta transmetojn\u00eb virusin disa her\u00eb, duke shkaktuar nj\u00eb reaksion zinxhir. P\u00ebr t\u00eb mos p\u00ebrmendur q\u00eb f\u00ebmij\u00ebt vijn\u00eb gjithashtu n\u00eb sht\u00ebpi nga kopshti ose shkolla dhe mund t\u00eb infektojn\u00eb prind\u00ebrit, v\u00ebllez\u00ebrit e motrat dhe t\u00eb moshuarit q\u00eb paraqesin nj\u00eb rrezik duksh\u00ebm m\u00eb t\u00eb lart\u00eb p\u00ebr sh\u00ebndetin.      <\/p>\n\n<blockquote class=\"wp-block-quote is-layout-flow wp-block-quote-is-layout-flow\">\n<p>T\u00eb mos humbim koh\u00eb, t\u00eb veprojm\u00eb her\u00ebt dhe t\u00eb sigurohemi sa m\u00eb shum\u00eb q\u00eb viruset dhe bakteret e rrezikshme t\u00eb mos p\u00ebrhapen n\u00eb radh\u00eb t\u00eb par\u00eb.<\/p>\n<\/blockquote>\n\n<figure class=\"wp-block-image alignright size-large is-resized\"><img decoding=\"async\" width=\"1024\" height=\"683\" src=\"https:\/\/obera.fr\/wp-content\/uploads\/2021\/07\/kids-1093758_1920-1024x683.jpg\" alt=\"f&#xEB;mij&#xEB;-nx&#xEB;n&#xEB;s-shkoll&#xEB;\" class=\"wp-image-6304\" style=\"width:486px;height:324px\" srcset=\"https:\/\/obera.fr\/wp-content\/uploads\/2021\/07\/kids-1093758_1920-1024x683.jpg 1024w, https:\/\/obera.fr\/wp-content\/uploads\/2021\/07\/kids-1093758_1920-300x200.jpg 300w, https:\/\/obera.fr\/wp-content\/uploads\/2021\/07\/kids-1093758_1920-768x512.jpg 768w, https:\/\/obera.fr\/wp-content\/uploads\/2021\/07\/kids-1093758_1920-1536x1024.jpg 1536w, https:\/\/obera.fr\/wp-content\/uploads\/2021\/07\/kids-1093758_1920.jpg 1920w\" sizes=\"(max-width: 1024px) 100vw, 1024px\" \/><\/figure>\n\n<p>Kudo q\u00eb mblidhen f\u00ebmij\u00ebt dhe t\u00eb rinjt\u00eb, jeta dhe veprimi jan\u00eb t\u00eb garantuara. Rregullat e reja t\u00eb distancimit dhe dezinfektimit t\u00eb duarve q\u00eb kan\u00eb hyr\u00eb n\u00eb fuqi q\u00eb nga SARS-CoV-2 (Covid-19) zvog\u00eblojn\u00eb potencialin p\u00ebr ngjitje, por fatkeq\u00ebsisht nuk e eliminojn\u00eb plot\u00ebsisht at\u00eb. <\/p>\n\n<p>P\u00ebrve\u00e7 infeksionit me pika, ndotja e aerosolit po vjen gjithnj\u00eb e m\u00eb shum\u00eb n\u00eb fokus. K\u00ebto aerosole q\u00ebndrojn\u00eb n\u00eb aj\u00ebr p\u00ebr nj\u00eb koh\u00eb t\u00eb gjat\u00eb dhe k\u00ebshtu shkelin rregullat e distancimit. Kur f\u00ebmij\u00ebt jan\u00eb jasht\u00eb rasti \u00ebsht\u00eb m\u00eb pak problematik p\u00ebr shkak t\u00eb kalimit t\u00eb ajrit t\u00eb jasht\u00ebm. Rreziku i infeksionit rritet kur hap\u00ebsirat jan\u00eb t\u00eb kufizuara.   <\/p>\n\n<p><a href=\"https:\/\/obera.fr\/conseils\/comparer-prix-achat-purificateurs-air-anti-virus-covid-19\/\" data-type=\"post\" data-id=\"6759\">Pastruesit profesional\u00eb t\u00eb ajrit t\u00eb pajisur me sistemin e filtrimit HEPA<\/a> mund\u00ebsojn\u00eb filtrimin dhe rinovimin e t\u00eb gjith\u00eb ajrit n\u00eb klasa, dhoma takimesh, mensa, salla ngr\u00ebnieje dhe hap\u00ebsira t\u00eb tjera t\u00eb mbyllura deri n\u00eb 4 deri n\u00eb 8 her\u00eb n\u00eb or\u00eb, duke neutralizuar n\u00eb m\u00ebnyr\u00eb t\u00eb besueshme mikrobet, viruset dhe bakteret.<\/p>\n\n<h2 class=\"wp-block-heading\">Kriteret thelb\u00ebsore p\u00ebr blerjen e nj\u00eb pastrues efektiv ajri p\u00ebr shkollat, \u00e7erdhet dhe kopshtet:<\/h2>\n\n<ul class=\"wp-block-list\">\n<li>Efikasiteti i filtrit duhet t\u00eb jet\u00eb mjaftuesh\u00ebm i lart\u00eb: t\u00eb pakt\u00ebn HEPA H13 ose H14. Filtrimi HEPA 14 siguron 99,995% filtrim t\u00eb viruseve dhe baktereve n\u00eb grimcat &gt; 1 mikron t\u00eb pezulluara n\u00eb aj\u00ebr. <\/li>\n\n\n\n<li>Rrjedha e ajrit dhe numri i ndryshimeve t\u00eb ajrit n\u00eb or\u00eb (fuqia e pastruesit t\u00eb ajrit): Rrjedha e ajrit e shprehur n\u00eb metra kub\/or\u00eb p\u00ebrdoret p\u00ebr t\u00eb p\u00ebrcaktuar sip\u00ebrfaqen e dhom\u00ebs q\u00eb pastruesi i ajrit mund t\u00eb trajtoj\u00eb. Me fjal\u00eb t\u00eb tjera, sa m\u00eb shum\u00eb aj\u00ebr q\u00eb kalon n\u00ebp\u00ebr nj\u00ebsi n\u00eb or\u00eb, aq m\u00eb e madhe mund t\u00eb jet\u00eb madh\u00ebsia e dhom\u00ebs. Nga kjo shpejt\u00ebsi rrjedhjeje mund t\u00eb konkludojm\u00eb numrin e rinovimeve t\u00eb ajrit n\u00eb or\u00eb. Rregulli i p\u00ebrgjithsh\u00ebm \u00ebsht\u00eb q\u00eb nj\u00eb pastrues ajri duhet t\u00eb jet\u00eb n\u00eb gjendje t\u00eb filtroj\u00eb ajrin e ambientit t\u00eb pakt\u00ebn 5 her\u00eb n\u00eb or\u00eb p\u00ebr t\u00eb siguruar mbrojtje t\u00eb mjaftueshme kund\u00ebr infeksioneve. P\u00ebr t\u00eb madh\u00ebsis\u00eb s\u00eb pastruesit tuaj t\u00eb ardhsh\u00ebm t\u00eb ajrit me nj\u00eb ekspert, <strong>na kontaktoni<\/strong> .    <\/li>\n\n\n\n<li>Zhurma nuk duhet t\u00eb jet\u00eb shum\u00eb e lart\u00eb: OberA k\u00ebshillon t\u00eb mos e kaloni pik\u00ebn 50 dB me fuqi t\u00eb plot\u00eb p\u00ebr nj\u00eb klas\u00eb dhe maksimumi 60 dB p\u00ebr nj\u00eb tryez\u00eb. P\u00ebrtej k\u00ebsaj, mund t\u00eb prish\u00eb kursin ose diskutimet. <\/li>\n\n\n\n<li>Pajisja duhet t\u00eb jet\u00eb e p\u00ebrshtatshme p\u00ebr p\u00ebrdorim t\u00eb vazhduesh\u00ebm: N\u00eb fakt, duke qen\u00eb se virusi nuk b\u00ebn pushim, pastruesi i ajrit duhet t\u00eb projektohet p\u00ebr k\u00ebt\u00eb q\u00ebllim, n\u00eb m\u00ebnyr\u00eb q\u00eb t\u00eb siguroj\u00eb mbrojtje optimale t\u00eb nx\u00ebn\u00ebsve dhe m\u00ebsuesve. Prandaj pajisjet q\u00ebndrojn\u00eb n\u00eb funksion 7 dit\u00eb n\u00eb jav\u00eb, 24 or\u00eb n\u00eb dit\u00eb. <\/li>\n\n\n\n<li>Duhet t\u00eb jepet efektiviteti kund\u00ebr grimcave ultrafine: N\u00eb t\u00eb v\u00ebrtet\u00eb, p\u00ebr t\u00eb siguruar efektivitetin e pastruesit t\u00eb ajrit kund\u00ebr viruseve dhe baktereve, \u00ebsht\u00eb e nevojshme t\u00eb kontrollohet kapaciteti i filtrimit n\u00eb grimcat e im\u00ebta. Ne rekomandojm\u00eb filtrimin HEPA14 t\u00eb aft\u00eb p\u00ebr t\u00eb filtruar 99,995% t\u00eb grimcave &gt; 1 mikron. <\/li>\n\n\n\n<li>Funksionimi dhe mir\u00ebmbajtja: \u00ebsht\u00eb e r\u00ebnd\u00ebsishme t\u00eb zgjidhni pajisje me filtra q\u00eb kan\u00eb jet\u00ebgjat\u00ebsi t\u00eb gjat\u00eb (sip\u00ebrfaqe e madhe filtruese) dhe t\u00eb kontrolloni n\u00ebse ato jan\u00eb t\u00eb lehta p\u00ebr t&#8217;u p\u00ebrdorur dhe mir\u00ebmbajtur nga personeli i p\u00ebrdoruesit.  <\/li>\n<\/ul>\n\n<div class=\"wp-block-buttons is-horizontal is-content-justification-center is-layout-flex wp-container-core-buttons-is-layout-03627597 wp-block-buttons-is-layout-flex\">\n<div class=\"wp-block-button has-custom-width wp-block-button__width-100\"><a class=\"wp-block-button__link wp-element-button\" href=\"https:\/\/obera.fr\/sq\/na-kontaktoni\/\">M\u00ebsoni m\u00eb shum\u00eb<\/a><\/div>\n<\/div>\n\n<h3 class=\"wp-block-heading\"><strong>OberA ka nj\u00eb s\u00ebr\u00eb produktesh q\u00eb mund t\u00eb plot\u00ebsojn\u00eb k\u00ebrkesat e nj\u00eb shkolle dhe t\u00eb trajtojn\u00eb n\u00eb m\u00ebnyr\u00eb efektive Covid-19.<\/strong><\/h3>\n\n<div class=\"wp-block-columns is-layout-flex wp-container-core-columns-is-layout-28f84493 wp-block-columns-is-layout-flex\">\n<div class=\"wp-block-column is-vertically-aligned-center is-layout-flow wp-block-column-is-layout-flow\">\n<figure class=\"wp-block-image aligncenter size-full is-resized\"><a href=\"https:\/\/obera.fr\/produits\/purificateurs-air\/poussieres-epur-b01-ecoprime\/\"><img decoding=\"async\" width=\"500\" height=\"500\" src=\"https:\/\/obera.fr\/wp-content\/uploads\/2021\/07\/Sans-titre.png\" alt=\"pa titull\" class=\"wp-image-6315\" style=\"width:304px;height:304px\" srcset=\"https:\/\/obera.fr\/wp-content\/uploads\/2021\/07\/Sans-titre.png 500w, https:\/\/obera.fr\/wp-content\/uploads\/2021\/07\/Sans-titre-300x300.png 300w, https:\/\/obera.fr\/wp-content\/uploads\/2021\/07\/Sans-titre-150x150.png 150w\" sizes=\"(max-width: 500px) 100vw, 500px\" \/><\/a><figcaption class=\"wp-element-caption\">EcoPrime<\/figcaption><\/figure>\n\n\n\n<p>EcoPrime \u00ebsht\u00eb i vog\u00ebl dhe i leht\u00eb, shum\u00eb i leht\u00eb p\u00ebr t&#8217;u l\u00ebvizur. P\u00ebrve\u00e7 k\u00ebsaj, zhurma e tij e ul\u00ebt e funksionimit lejon instalimin n\u00eb \u00e7do dhom\u00eb, si dhoma konferencash, dhoma pritjeje, zyra, etj.   <\/p>\n\n\n\n<p><strong>Pastruesi i ajrit EcoPrime ka nj\u00eb kapacitet filtrimi deri n\u00eb 190 metra kub n\u00eb or\u00eb<\/strong> , duke e b\u00ebr\u00eb at\u00eb shum\u00eb t\u00eb p\u00ebrshtatsh\u00ebm p\u00ebr sip\u00ebrfaqe deri n\u00eb 60 metra katror\u00eb. \u00cbsht\u00eb i pajisur me nj\u00eb filt\u00ebr kryesor V-protect, i aft\u00eb p\u00ebr t\u00eb trajtuar viruset dhe bakteret me madh\u00ebsi 0.07 mikron me efikasitet m\u00eb shum\u00eb se 99.53% (certifikimi ISO 29463). <\/p>\n<\/div>\n\n\n\n<div class=\"wp-block-column is-vertically-aligned-top is-layout-flow wp-block-column-is-layout-flow\">\n<figure class=\"wp-block-image aligncenter size-full is-resized\"><a href=\"https:\/\/obera.fr\/produits\/purificateurs-air\/anti-covid-virus-bacteries\/epur05\/\"><img decoding=\"async\" width=\"600\" height=\"600\" src=\"https:\/\/obera.fr\/wp-content\/uploads\/2021\/05\/Sans-titre-17.jpg\" alt=\"epur05\" class=\"wp-image-5552\" style=\"width:326px;height:326px\" srcset=\"https:\/\/obera.fr\/wp-content\/uploads\/2021\/05\/Sans-titre-17.jpg 600w, https:\/\/obera.fr\/wp-content\/uploads\/2021\/05\/Sans-titre-17-300x300.jpg 300w, https:\/\/obera.fr\/wp-content\/uploads\/2021\/05\/Sans-titre-17-150x150.jpg 150w\" sizes=\"(max-width: 600px) 100vw, 600px\" \/><\/a><figcaption class=\"wp-element-caption\">ePUR 05<\/figcaption><\/figure>\n\n\n\n<p><strong>EPUR05 \u00ebsht\u00eb nj\u00eb pastrues ajri i pajisur me nj\u00eb filt\u00ebr me precizion shum\u00eb t\u00eb lart\u00eb, i aft\u00eb p\u00ebr t\u00eb trajtuar viruset dhe bakteret, si dhe pluhurin e im\u00ebt<\/strong> , CMR dhe aerosolet. Ky pastrues ka nj\u00eb norm\u00eb rrjedhjeje t\u00eb rregullueshme dhe \u00ebsht\u00eb ideal p\u00ebr zona deri n\u00eb 100 metra katror\u00eb.   <\/p>\n\n\n\n<p>\u00cbsht\u00eb projektuar q\u00eb t\u00eb ket\u00eb zhurm\u00eb t\u00eb ul\u00ebt operimi, vet\u00ebm 47 dB n\u00eb funksionimin maksimal.<\/p>\n<\/div>\n\n\n\n<div class=\"wp-block-column is-vertically-aligned-top is-layout-flow wp-block-column-is-layout-flow\">\n<figure class=\"wp-block-image aligncenter size-full is-resized\"><a href=\"https:\/\/obera.fr\/produits\/purificateurs-air\/anti-covid-virus-bacteries\/virbox\/\"><img decoding=\"async\" width=\"300\" height=\"300\" src=\"https:\/\/obera.fr\/wp-content\/uploads\/2021\/04\/Virbox_2021-removebg-preview.png\" alt=\"virbox 2021\" class=\"wp-image-5383\" style=\"width:326px;height:326px\" srcset=\"https:\/\/obera.fr\/wp-content\/uploads\/2021\/04\/Virbox_2021-removebg-preview.png 300w, https:\/\/obera.fr\/wp-content\/uploads\/2021\/04\/Virbox_2021-removebg-preview-150x150.png 150w\" sizes=\"(max-width: 300px) 100vw, 300px\" \/><\/a><figcaption class=\"wp-element-caption\">VirBox<\/figcaption><\/figure>\n\n\n\n<p>Virbox \u00ebsht\u00eb nj\u00eb pastrues ajri anti-virus i krijuar posa\u00e7\u00ebrisht p\u00ebr t\u00eb trajtuar viruset dhe bakteret. <strong>Virbox mund t\u00eb filtroj\u00eb 99,995% t\u00eb viruseve dhe baktereve n\u00eb ajrin e ambientit<\/strong> . Dizajni i tij e b\u00ebn t\u00eb leht\u00eb l\u00ebvizjen dhe kalimin e leht\u00eb p\u00ebrmes der\u00ebs. Me pastruesin e ajrit VirBox, aerosol\u00ebt mund t\u00eb kapen dhe filtrohen sa m\u00eb af\u00ebr q\u00eb t\u00eb jet\u00eb e mundur me pik\u00ebn e tyre t\u00eb shkarkimit. Kjo fal\u00eb vrimave t\u00eb instaluara n\u00eb pjes\u00ebn e sip\u00ebrme t\u00eb pajisjes, t\u00eb cilat lejojn\u00eb thithjen e aerosoleve n\u00eb nj\u00eb lart\u00ebsi ku njer\u00ebzit i l\u00ebshojn\u00eb ato. Multifunksional, VirBox mund t\u00eb p\u00ebrdoret gjithashtu si nj\u00eb mb\u00ebshtetje komunikimi.    <\/p>\n<\/div>\n<\/div>\n\n<div class=\"wp-block-columns is-layout-flex wp-container-core-columns-is-layout-28f84493 wp-block-columns-is-layout-flex\">\n<div class=\"wp-block-column is-vertically-aligned-top is-layout-flow wp-block-column-is-layout-flow\">\n<div class=\"wp-block-buttons is-horizontal is-content-justification-center is-layout-flex wp-container-core-buttons-is-layout-03627597 wp-block-buttons-is-layout-flex\">\n<div class=\"wp-block-button\"><a class=\"wp-block-button__link wp-element-button\" href=\"https:\/\/obera.fr\/produits\/purificateurs-air\/poussieres-epur-b01-ecoprime\/\">shih ecoprime<\/a><\/div>\n<\/div>\n<\/div>\n\n\n\n<div class=\"wp-block-column is-vertically-aligned-top is-layout-flow wp-block-column-is-layout-flow\">\n<div class=\"wp-block-buttons is-horizontal is-content-justification-center is-layout-flex wp-container-core-buttons-is-layout-03627597 wp-block-buttons-is-layout-flex\">\n<div class=\"wp-block-button\"><a class=\"wp-block-button__link wp-element-button\" href=\"https:\/\/obera.fr\/produits\/purificateurs-air\/anti-covid-virus-bacteries\/epur05\/\">shih epur 05<\/a><\/div>\n<\/div>\n<\/div>\n\n\n\n<div class=\"wp-block-column is-vertically-aligned-top is-layout-flow wp-block-column-is-layout-flow\">\n<div class=\"wp-block-buttons is-horizontal is-content-justification-center is-layout-flex wp-container-core-buttons-is-layout-03627597 wp-block-buttons-is-layout-flex\">\n<div class=\"wp-block-button\"><a class=\"wp-block-button__link wp-element-button\" href=\"https:\/\/obera.fr\/produits\/purificateurs-air\/anti-covid-virus-bacteries\/virbox\/\">shih virbox<\/a><\/div>\n<\/div>\n<\/div>\n<\/div>\n\n<h2 class=\"wp-block-heading\">\u00c7far\u00eb lloj pastruesi t\u00eb zgjidhni dhe \u00e7far\u00eb trajtimi?<\/h2>\n\n<p>Instituti Komb\u00ebtar p\u00ebr K\u00ebrkime dhe Siguri (INRS) paralajm\u00ebron kund\u00ebr disa proceseve t\u00eb trajtimit fiziko-kimik (fotokataliz\u00eb, ozonim, UV, etj.) t\u00eb cilat jo vet\u00ebm q\u00eb nuk reduktojn\u00eb rrezikun e transmetimit t\u00eb virusit, por mund t\u00eb gjenerojn\u00eb edhe t\u00eb reja.<\/p>\n\n<p>N\u00eb ve\u00e7anti, proceset q\u00eb gjenerojn\u00eb UV dhe ozon synohen sepse:<\/p>\n\n<ul class=\"wp-block-list\">\n<li>L\u00ebnd\u00ebt e ngurta dhe gazrat n\u00eb dhom\u00eb mund t\u00eb dekompozohen n\u00ebn ndikimin e UV-s\u00eb n\u00eb produkte dyt\u00ebsore q\u00eb mund t\u00eb jen\u00eb t\u00eb d\u00ebmshme p\u00ebr sh\u00ebndetin (VOC, p\u00ebrb\u00ebr\u00ebs t\u00eb klorur n\u00eb ve\u00e7anti).<\/li>\n\n\n\n<li>Llambat UV prodhojn\u00eb ozon. Megjithat\u00eb, pajisjet e pajisura me UV gjenerojn\u00eb p\u00ebrqendrime t\u00eb ozonit deri n\u00eb 100 her\u00eb m\u00eb t\u00eb larta se VLEP ditore ( <a href=\"https:\/\/obera.fr\/conseils\/reglementation-vlep-evaluation-risque-chimique-lieu-de-travail\/\" data-type=\"post\" data-id=\"6575\">VLEP = Vlera kufitare e ekspozimit profesional<\/a> ). Ozoni, i zhytur n\u00eb nivelin e mukozave t\u00eb rrug\u00ebve t\u00eb frym\u00ebmarrjes (hund\u00eb, trake, bronke, alveola), reagon lokalisht duke nxitur lezione t\u00eb membranave qelizore. Ekspozimi kronik shkakton emfizem\u00eb dhe fibroz\u00eb pulmonare. Ozoni shkakton mutacione gjenetike n\u00eb lloje t\u00eb ndryshme t\u00eb shtameve dhe qelizave    <\/li>\n\n\n\n<li>Llambat UV zakonisht p\u00ebrdorin avujt e merkurit p\u00ebr t\u00eb gjeneruar UV-C germicidal. N\u00ebse llamba shkat\u00ebrrohet, m\u00ebrkuri lirohet (Hg \u00ebsht\u00eb nj\u00eb substanc\u00eb e klasifikuar si CMR &#8211; Kancerogjene, Mutagjene, Reprotoksike). Prandaj, z\u00ebvend\u00ebsimi duhet t\u00eb kryhet nga personel i trajnuar dhe i autorizuar. Mbetjet e hedhura si mbetje t\u00eb rrezikshme me nj\u00eb rr\u00ebshqit\u00ebs p\u00ebr gjurmimin e mbetjeve.   <\/li>\n\n\n\n<li>P\u00ebr personelin e ekspozuar ndaj rrezatimit UV-C (p\u00ebr shembull kur nd\u00ebrrohen llambat ose n\u00eb rast t\u00eb p\u00ebrdorimit jo t\u00eb duhur t\u00eb pajisjeve) rreziqet sh\u00ebndet\u00ebsore mund t\u00eb jen\u00eb t\u00eb r\u00ebnd\u00ebsishme: n\u00eb <strong>nivelin e l\u00ebkur\u00ebs<\/strong> me &#8220;djegie nga dielli&#8221; duke filluar nga eritema e thjesht\u00eb deri te lezionet m\u00eb serioze n\u00eb <strong>nivelin e syve.<\/strong><\/li>\n<\/ul>\n\n<p>INRS arrin n\u00eb p\u00ebrfundimin se duke pasur parasysh <strong>rreziqet e shkaktuara nga p\u00ebrdorimi i ozonit t\u00eb gazt\u00eb dhe pasigurit\u00eb q\u00eb duket se ekzistojn\u00eb n\u00eb lidhje me efektivitetin e tij n\u00eb lidhje me SARS-CoV-2<\/strong> <strong>,<\/strong> aplikimi i qasjes s\u00eb parandalimit t\u00eb rrezikut kimik k\u00ebrkon k\u00ebrkimin e z\u00ebvend\u00ebsimit t\u00eb k\u00ebtij procesi me nj\u00eb m\u00eb pak t\u00eb rreziksh\u00ebm dhe rekomandon zgjidhje t\u00eb filtrimit mekanik me filtrim HEPA H13 si minimum.<\/p>\n\n<blockquote class=\"wp-block-quote is-layout-flow wp-block-quote-is-layout-flow\">\n<p><a href=\"https:\/\/obera.fr\/sq\/keshilla-jone-sq\/purificateurs-air-efficaces-coronavirus\/\" data-type=\"post\" data-id=\"2074\">Pajisjet anti-COVID OBERA t\u00eb p\u00ebrdorura n\u00eb ERP dhe zonat terciare p\u00ebrmbushin plot\u00ebsisht rekomandimet e INRS<\/a> .<\/p>\n<\/blockquote>\n\n<h2 class=\"wp-block-heading\">Si t\u00eb vendosni nj\u00eb pastrues ajri n\u00eb nj\u00eb klas\u00eb?<\/h2>\n\n<p>Pastruesi i ajrit t\u00eb klas\u00ebs duhet t\u00eb vendoset n\u00eb m\u00ebnyr\u00eb ideale n\u00eb pjes\u00ebn e p\u00ebrparme t\u00eb tabel\u00ebs ose n\u00eb qend\u00ebr t\u00eb pjes\u00ebs s\u00eb pasme t\u00eb dhom\u00ebs. N\u00eb rastin e nj\u00eb dhome ku tavolinat jan\u00eb t\u00eb pozicionuara n\u00eb form\u00eb U, pastruesi i ajrit mund t\u00eb vendoset edhe n\u00eb qend\u00ebr t\u00eb dhom\u00ebs. Tavani duhet t\u00eb jet\u00eb sa m\u00eb i l\u00ebmuar n\u00eb zon\u00ebn ku ndodhet pastruesi i ajrit. Shpejt\u00ebsia e rrjedh\u00ebs s\u00eb pastruesit t\u00eb ajrit duhet t\u00eb jet\u00eb t\u00eb pakt\u00ebn 5 her\u00eb m\u00eb e madhe se v\u00ebllimi i hap\u00ebsir\u00ebs. Gjat\u00eb pushimeve, shpejt\u00ebsia e rrjedh\u00ebs duhet t\u00eb vendoset n\u00eb fuqin\u00eb maksimale (n\u00ebse pajisja \u00ebsht\u00eb e pajisur me nj\u00eb norm\u00eb rrjedhjeje t\u00eb rregullueshme). P\u00ebrve\u00e7 k\u00ebsaj, rekomandohet t\u00eb zvog\u00eblohet p\u00ebrqendrimi i CO2 n\u00eb hap\u00ebsir\u00eb. Ne rekomandojm\u00eb, n\u00ebse \u00ebsht\u00eb e mundur, hapjen ose animin e dritares gjat\u00eb pushimeve dhe t\u00eb pakt\u00ebn 3 her\u00eb n\u00eb dit\u00eb. Fuqia filtruese e pastruesit t\u00eb ajrit nuk do t\u00eb ndikohet.       <\/p>\n\n<h2 class=\"wp-block-heading\">Si t\u00eb vendosni nj\u00eb pastrues ajri n\u00eb nj\u00eb restorant?<\/h2>\n\n<p>Pastruesit e ajrit me performanc\u00eb t\u00eb lart\u00eb nevojiten p\u00ebr t\u00eb reduktuar rrezikun indirekt t\u00eb infeksionit. N\u00eb var\u00ebsi t\u00eb situat\u00ebs dhe madh\u00ebsis\u00eb s\u00eb dhom\u00ebs, rekomandohet p\u00ebrdorimi i nj\u00ebsive t\u00eb shumta p\u00ebr t\u00eb siguruar t\u00eb pakt\u00ebn 6 her\u00eb qarkullimin e ajrit t\u00eb ambientit n\u00eb or\u00eb n\u00eb t\u00eb gjith\u00eb zon\u00ebn e ngr\u00ebnies me pastrim t\u00eb ajrit me efikasitet t\u00eb lart\u00eb HEPA. Njer\u00ebzit q\u00eb punojn\u00eb n\u00eb shp\u00ebrndarjen e ushqimit duhet gjithashtu t\u00eb mbrohen nga ndarjet me nj\u00eb skaj mbrojt\u00ebs aerosol.  <\/p>\n\n<h2 class=\"wp-block-heading\">Pavar\u00ebsisht nga pastruesit e ajrit: ju duhet ende t\u00eb ventiloni!<\/h2>\n\n<p>Disa institucione kan\u00eb zgjedhur t\u00eb pajisen me sensor\u00eb CO2 p\u00ebr t\u00eb matur vazhdimisht p\u00ebrqendrimin e CO2 dhe p\u00ebr t\u00eb paralajm\u00ebruar kur dhoma duhet t\u00eb ajroset, kur pragu \u00ebsht\u00eb kap\u00ebrcyer. P\u00ebrve\u00e7 pastrimit t\u00eb ajrit, ne rekomandojm\u00eb hapjen e dritareve t\u00eb klas\u00ebs kur nivelet e CO2 jan\u00eb t\u00eb barabarta ose m\u00eb t\u00eb m\u00ebdha se 1000 ppm. P\u00ebrdorimi i pastruesve t\u00eb ajrit t\u00eb ambientit nuk e b\u00ebn k\u00ebt\u00eb t\u00eb detyrueshme, por ne gjithsesi e rekomandojm\u00eb at\u00eb p\u00ebr t\u00eb shmangur nj\u00eb nivel shum\u00eb t\u00eb lart\u00eb t\u00eb CO2 n\u00eb ajrin e ambientit, kjo ndihmon n\u00eb uljen e p\u00ebrqendrimeve t\u00eb aerosolit.  <\/p>\n\n<h2 class=\"wp-block-heading\">Sensor\u00ebt e CO2 ju tregojn\u00eb se kur duhet t\u00eb ventiloni<\/h2>\n\n<p>Disa sindikata t\u00eb m\u00ebsuesve po b\u00ebjn\u00eb thirrje p\u00ebr instalimin e sensor\u00ebve t\u00eb matjes s\u00eb CO2 p\u00ebr t\u00eb monitoruar vazhdimisht cil\u00ebsin\u00eb e ajrit. K\u00ebta sensor\u00eb CO2 jan\u00eb nj\u00eb mjet i mir\u00eb p\u00ebr ta b\u00ebr\u00eb t\u00eb dukshme cil\u00ebsin\u00eb e ajrit n\u00eb klasa: &#8220;N\u00eb dhoma, sensor\u00ebt e CO2 tregojn\u00eb kur arrihen kufijt\u00eb dhe kur duhet t\u00eb hapen dritaret. \u00bb   <\/p>\n\n<p>Shum\u00eb studime rekomandojn\u00eb p\u00ebrdorimin e sensor\u00ebve t\u00eb CO2 n\u00eb ambiente t\u00eb mbyllura. N\u00eb k\u00ebt\u00eb drejtim, do t\u00eb ishte e men\u00e7ur q\u00eb ato t\u00eb zbatoheshin ve\u00e7an\u00ebrisht n\u00eb t\u00eb gjitha klasat. K\u00ebto instrumente mat\u00ebse japin alarmin kur ambientet e brendshme duhet t\u00eb ajrosen.    <\/p>\n\n<h2 class=\"wp-block-heading\">Programet e mb\u00ebshtetjes s\u00eb shkoll\u00ebs dhe komunitetit<\/h2>\n\n<p>Disa rajone franceze kan\u00eb vendosur t\u00eb financojn\u00eb t\u00eb gjith\u00eb ose nj\u00eb pjes\u00eb t\u00eb blerjes s\u00eb pastruesve t\u00eb ajrit n\u00eb m\u00ebnyr\u00eb q\u00eb t\u00eb ndihmojn\u00eb institucionet arsimore t\u00eb pajisen.<\/p>\n\n<p>Rajoni Auvergne-Rh\u00f4ne-Alpes ka votuar p\u00ebrmes nj\u00eb plani investimi rajonal prej 10 milion\u00eb eurosh p\u00ebr pastrimin e ajrit n\u00eb shkollat \u200b\u200be mesme dhe shkollat \u200b\u200bfillore n\u00eb rajon. Rajoni Ile de France po financon shkollat \u200b\u200be mesme dhe komunat deri n\u00eb 10,000 euro p\u00ebr blerjen e pajisjeve sh\u00ebndet\u00ebsore si p.sh. pastruesit e ajrit si ePUR dhe VirBox. <\/p>\n","protected":false},"excerpt":{"rendered":"<p>\u00cbsht\u00eb p\u00ebrgjegj\u00ebsia jon\u00eb q\u00eb t\u00eb jemi vigjilent\u00eb p\u00ebr sh\u00ebndetin e f\u00ebmij\u00ebve tan\u00eb. P\u00ebr fat t\u00eb mir\u00eb, n\u00eb shumic\u00ebn e rasteve f\u00ebmij\u00ebt dhe adoleshent\u00ebt preken leht\u00eb nga Sars-Cov-2 dhe dalin t\u00eb pad\u00ebmtuar, por ka rreziqe. Problemi kryesor n\u00eb shkolla, \u00e7erdhe dhe kopshte \u00ebsht\u00eb mund\u00ebsia e p\u00ebrhapjes s\u00eb virusit.    <\/p>\n","protected":false},"author":4,"featured_media":96336,"comment_status":"open","ping_status":"closed","sticky":false,"template":"","format":"standard","meta":{"_acf_changed":false,"_seopress_robots_primary_cat":"none","_seopress_titles_title":"Trajtimi i Covid-19 n\u00eb \u00e7erdhe, kopshte dhe shkolla","_seopress_titles_desc":"Obera ka nj\u00eb s\u00ebr\u00eb pastruesish ajri t\u00eb aft\u00eb p\u00ebr t\u00eb trajtuar viruset (COVID-19) dhe bakteret duke respektuar k\u00ebrkesat e nj\u00eb vendi m\u00ebsimi","_seopress_robots_index":"","footnotes":""},"categories":[312],"tags":[116],"class_list":["post-96519","post","type-post","status-publish","format-standard","has-post-thumbnail","hentry","category-keshilla-jone-sq","tag-koka-e-vogel","generate-columns","tablet-grid-50","mobile-grid-100","grid-parent","grid-50","no-featured-image-padding","resize-featured-image"],"acf":[],"_links":{"self":[{"href":"https:\/\/obera.fr\/sq\/wp-json\/wp\/v2\/posts\/96519","targetHints":{"allow":["GET"]}}],"collection":[{"href":"https:\/\/obera.fr\/sq\/wp-json\/wp\/v2\/posts"}],"about":[{"href":"https:\/\/obera.fr\/sq\/wp-json\/wp\/v2\/types\/post"}],"author":[{"embeddable":true,"href":"https:\/\/obera.fr\/sq\/wp-json\/wp\/v2\/users\/4"}],"replies":[{"embeddable":true,"href":"https:\/\/obera.fr\/sq\/wp-json\/wp\/v2\/comments?post=96519"}],"version-history":[{"count":1,"href":"https:\/\/obera.fr\/sq\/wp-json\/wp\/v2\/posts\/96519\/revisions"}],"predecessor-version":[{"id":96521,"href":"https:\/\/obera.fr\/sq\/wp-json\/wp\/v2\/posts\/96519\/revisions\/96521"}],"wp:featuredmedia":[{"embeddable":true,"href":"https:\/\/obera.fr\/sq\/wp-json\/wp\/v2\/media\/96336"}],"wp:attachment":[{"href":"https:\/\/obera.fr\/sq\/wp-json\/wp\/v2\/media?parent=96519"}],"wp:term":[{"taxonomy":"category","embeddable":true,"href":"https:\/\/obera.fr\/sq\/wp-json\/wp\/v2\/categories?post=96519"},{"taxonomy":"post_tag","embeddable":true,"href":"https:\/\/obera.fr\/sq\/wp-json\/wp\/v2\/tags?post=96519"}],"curies":[{"name":"wp","href":"https:\/\/api.w.org\/{rel}","templated":true}]}}