{"id":108594,"date":"2025-06-04T10:29:29","date_gmt":"2025-06-04T08:29:29","guid":{"rendered":"https:\/\/obera.fr\/conseils\/purificateur-traitement-papier\/"},"modified":"2025-08-29T10:01:55","modified_gmt":"2025-08-29T08:01:55","slug":"purificateur-traitement-papier","status":"publish","type":"post","link":"https:\/\/obera.fr\/tr\/kagit-karton\/purificateur-traitement-papier\/","title":{"rendered":"Ka\u011f\u0131t partik\u00fcllerini ar\u0131tmak i\u00e7in hava temizleyici"},"content":{"rendered":"\n<p>Bask\u0131 i\u015fleri, cilt at\u00f6lyeleri veya idari ofisler gibi <strong>ka\u011f\u0131t kullan\u0131lan profesyonel ortamlarda<\/strong> hava kalitesi, \u00e7al\u0131\u015fanlar\u0131n refah\u0131n\u0131 ve ekipmanlar\u0131n performans\u0131n\u0131 sa\u011flamada belirleyici bir fakt\u00f6rd\u00fcr. <a href=\"https:\/\/obera.fr\/tr\/produits\/purificateurs-air\/\">Uygun hava temizleyicilerin<\/a> kullan\u0131m\u0131 ka\u011f\u0131t partik\u00fcllerini,<strong> tozu ve m\u00fcrekkep duman\u0131n\u0131<\/strong> etkili bir \u015fekilde ar\u0131tarak sa\u011fl\u0131kl\u0131 ve \u00fcretken bir \u00e7al\u0131\u015fma ortam\u0131na katk\u0131da bulunur. <\/p>\n\n<h2 class=\"wp-block-heading\">Ka\u011f\u0131t ortamlar\u0131nda neden hava temizleyici kullan\u0131lmal\u0131?<\/h2>\n\n<h3 class=\"wp-block-heading\">Ka\u011f\u0131t par\u00e7ac\u0131klar\u0131, toz, m\u00fcrekkep&#8230; Bask\u0131 tesislerinin ve at\u00f6lyelerinin kar\u015f\u0131la\u015ft\u0131\u011f\u0131 zorluklar<\/h3>\n\n<p><strong>Ka\u011f\u0131d\u0131n yo\u011fun bir \u015fekilde kullan\u0131lmas\u0131n\u0131<\/strong> i\u00e7eren faaliyetler ka\u00e7\u0131n\u0131lmaz olarak ince partik\u00fcller ve toz \u00fcretir. Bu mikro partik\u00fcller kesme, katlama veya bask\u0131 i\u015flemlerinden kaynaklanabilir ve ortam havas\u0131na da\u011f\u0131labilir. Buna ek olarak, bask\u0131 i\u015flemi s\u0131ras\u0131nda kullan\u0131lan m\u00fcrekkepler, \u00e7al\u0131\u015fanlar\u0131n sa\u011fl\u0131\u011f\u0131 i\u00e7in potansiyel olarak zararl\u0131 olan<strong> u\u00e7ucu organik bile\u015fikler (VOC&#8217;ler)<\/strong> yayabilir. Bu maddelerin uzun s\u00fcre solunmas\u0131 solunum sorunlar\u0131na, tahri\u015fe veya alerjiye yol a\u00e7abilir ve bunun sonucunda \u00fcretkenlik etkilenebilir ve i\u015fe devams\u0131zl\u0131k artabilir.   <\/p>\n\n<h3 class=\"wp-block-heading\">Ofislerde hava kalitesinin zorluklar\u0131<\/h3>\n\n<p>Ofis ortamlar\u0131nda, toz ve ka\u011f\u0131t par\u00e7ac\u0131klar\u0131n\u0131n birikmesi nedeniyle <strong>hava kalitesinin d\u00fc\u015f\u00fck<\/strong> olmas\u0131 \u00e7al\u0131\u015fanlar aras\u0131nda rahats\u0131zl\u0131\u011fa, ba\u015f a\u011fr\u0131s\u0131na ve yorgunlu\u011fun artmas\u0131na neden olabilir. Hava temizleyicilerin kurulmas\u0131, <strong>sa\u011fl\u0131kl\u0131 bir ortam\u0131n korunmas\u0131na<\/strong> yard\u0131mc\u0131 olur ve personelin refah\u0131n\u0131, konsantrasyonunu ve verimlili\u011fini art\u0131r\u0131r. <\/p>\n\n<h2 class=\"wp-block-heading\">Matbaalar, at\u00f6lyeler, ofisler: hava temizleyicilerin faydalar\u0131  <\/h2>\n\n<div class=\"wp-block-columns is-layout-flex wp-container-core-columns-is-layout-28f84493 wp-block-columns-is-layout-flex\">\n<div class=\"wp-block-column is-layout-flow wp-block-column-is-layout-flow\" style=\"flex-basis:33.33%\">\n<figure class=\"wp-block-image aligncenter size-large is-resized\"><img decoding=\"async\" width=\"1024\" height=\"1024\" src=\"https:\/\/obera.fr\/wp-content\/uploads\/2025\/01\/image-avantages-1024x1024.jpg\" alt=\"g&#xF6;r&#xFC;nt&#xFC; avantajlar&#x131;\" class=\"wp-image-57732\" style=\"width:104px;height:auto\" srcset=\"https:\/\/obera.fr\/wp-content\/uploads\/2025\/01\/image-avantages-1024x1024.jpg 1024w, https:\/\/obera.fr\/wp-content\/uploads\/2025\/01\/image-avantages-300x300.jpg 300w, https:\/\/obera.fr\/wp-content\/uploads\/2025\/01\/image-avantages-150x150.jpg 150w, https:\/\/obera.fr\/wp-content\/uploads\/2025\/01\/image-avantages-768x768.jpg 768w, https:\/\/obera.fr\/wp-content\/uploads\/2025\/01\/image-avantages-400x400.jpg 400w, https:\/\/obera.fr\/wp-content\/uploads\/2025\/01\/image-avantages-600x600.jpg 600w, https:\/\/obera.fr\/wp-content\/uploads\/2025\/01\/image-avantages.jpg 1200w\" sizes=\"(max-width: 1024px) 100vw, 1024px\" \/><\/figure>\n<\/div>\n\n\n\n<div class=\"wp-block-column is-layout-flow wp-block-column-is-layout-flow\" style=\"flex-basis:66.66%\">\n<h3 class=\"wp-block-heading\">Toz ve ka\u011f\u0131t par\u00e7ac\u0131klar\u0131n\u0131n ortadan kald\u0131r\u0131lmas\u0131<\/h3>\n\n\n\n<p><strong>HEPA (Y\u00fcksek Verimli Partik\u00fcl Hava) filtreli<\/strong> hava temizleyicileri, ka\u011f\u0131ttan gelenler de dahil olmak \u00fczere havadaki ince partik\u00fclleri yakalamada \u00f6zellikle etkilidir. Bu filtreler, 0,3 mikron kadar k\u00fc\u00e7\u00fck partik\u00fclleri %99,97&#8217;ye kadar tutarak ortam havas\u0131n\u0131n optimum \u015fekilde temizlenmesini sa\u011flar. <\/p>\n<\/div>\n<\/div>\n\n<div class=\"wp-block-columns is-layout-flex wp-container-core-columns-is-layout-28f84493 wp-block-columns-is-layout-flex\">\n<div class=\"wp-block-column is-layout-flow wp-block-column-is-layout-flow\" style=\"flex-basis:33.33%\">\n<figure class=\"wp-block-image aligncenter size-large is-resized\"><img decoding=\"async\" width=\"1024\" height=\"1024\" src=\"https:\/\/obera.fr\/wp-content\/uploads\/2025\/01\/image-avantages-1024x1024.jpg\" alt=\"g&#xF6;r&#xFC;nt&#xFC; avantajlar&#x131;\" class=\"wp-image-57732\" style=\"width:104px;height:auto\" srcset=\"https:\/\/obera.fr\/wp-content\/uploads\/2025\/01\/image-avantages-1024x1024.jpg 1024w, https:\/\/obera.fr\/wp-content\/uploads\/2025\/01\/image-avantages-300x300.jpg 300w, https:\/\/obera.fr\/wp-content\/uploads\/2025\/01\/image-avantages-150x150.jpg 150w, https:\/\/obera.fr\/wp-content\/uploads\/2025\/01\/image-avantages-768x768.jpg 768w, https:\/\/obera.fr\/wp-content\/uploads\/2025\/01\/image-avantages-400x400.jpg 400w, https:\/\/obera.fr\/wp-content\/uploads\/2025\/01\/image-avantages-600x600.jpg 600w, https:\/\/obera.fr\/wp-content\/uploads\/2025\/01\/image-avantages.jpg 1200w\" sizes=\"(max-width: 1024px) 100vw, 1024px\" \/><\/figure>\n<\/div>\n\n\n\n<div class=\"wp-block-column is-layout-flow wp-block-column-is-layout-flow\" style=\"flex-basis:66.66%\">\n<h3 class=\"wp-block-heading\">Azalt\u0131lm\u0131\u015f toz birikimi<\/h3>\n\n\n\n<p><strong>Toz birikimi<\/strong> elektronik ve mekanik ekipmanlar\u0131n d\u00fczg\u00fcn \u00e7al\u0131\u015fmas\u0131n\u0131 etkileyebilir ve sonunda ar\u0131zalara veya erken a\u015f\u0131nma ve y\u0131pranmaya neden olabilir. Ayr\u0131ca, depolanan belgeler tozun varl\u0131\u011f\u0131nda daha \u00e7abuk bozulabilir. Hava temizleyicilerin kullan\u0131m\u0131, yaln\u0131zca temiz bir ortam sa\u011flayarak de\u011fil, ayn\u0131 zamanda<strong> ekipman\u0131n \u00f6mr\u00fcn\u00fc uzatarak<\/strong> ve belgelerin b\u00fct\u00fcnl\u00fc\u011f\u00fcn\u00fc koruyarak bu riskleri azalt\u0131r.  <\/p>\n<\/div>\n<\/div>\n\n<div class=\"wp-block-columns is-layout-flex wp-container-core-columns-is-layout-28f84493 wp-block-columns-is-layout-flex\">\n<div class=\"wp-block-column is-layout-flow wp-block-column-is-layout-flow\" style=\"flex-basis:33.33%\">\n<figure class=\"wp-block-image aligncenter size-large is-resized\"><img decoding=\"async\" width=\"1024\" height=\"1024\" src=\"https:\/\/obera.fr\/wp-content\/uploads\/2025\/01\/image-avantages-1024x1024.jpg\" alt=\"g&#xF6;r&#xFC;nt&#xFC; avantajlar&#x131;\" class=\"wp-image-57732\" style=\"width:104px;height:auto\" srcset=\"https:\/\/obera.fr\/wp-content\/uploads\/2025\/01\/image-avantages-1024x1024.jpg 1024w, https:\/\/obera.fr\/wp-content\/uploads\/2025\/01\/image-avantages-300x300.jpg 300w, https:\/\/obera.fr\/wp-content\/uploads\/2025\/01\/image-avantages-150x150.jpg 150w, https:\/\/obera.fr\/wp-content\/uploads\/2025\/01\/image-avantages-768x768.jpg 768w, https:\/\/obera.fr\/wp-content\/uploads\/2025\/01\/image-avantages-400x400.jpg 400w, https:\/\/obera.fr\/wp-content\/uploads\/2025\/01\/image-avantages-600x600.jpg 600w, https:\/\/obera.fr\/wp-content\/uploads\/2025\/01\/image-avantages.jpg 1200w\" sizes=\"(max-width: 1024px) 100vw, 1024px\" \/><\/figure>\n<\/div>\n\n\n\n<div class=\"wp-block-column is-layout-flow wp-block-column-is-layout-flow\" style=\"flex-basis:66.66%\">\n<h3 class=\"wp-block-heading\">Tesisinizde daha temiz hava<\/h3>\n\n\n\n<p>Ar\u0131t\u0131lm\u0131\u015f hava <strong>ho\u015f olmayan kokular\u0131<\/strong> azalt\u0131r <strong>ve daha rahat bir atmosfer yaratarak<\/strong> ekip konforuna do\u011frudan katk\u0131da bulunur. Ayr\u0131ca, i\u015fyerinde refah ve sa\u011fl\u0131k taahh\u00fcd\u00fcn\u00fcn \u00f6nemli bir kriter olmas\u0131 nedeniyle \u015firketin imaj\u0131n\u0131 iyile\u015ftirmeye de yard\u0131mc\u0131 olabilir. <\/p>\n<\/div>\n<\/div>\n\n<h3 class=\"wp-block-heading\">Hava temizleme cihazlar\u0131 ka\u011f\u0131t par\u00e7ac\u0131klar\u0131n\u0131 nas\u0131l temizler?<\/h3>\n\n<h3 class=\"wp-block-heading\">Son teknoloji filtreleme sistemleri<\/h3>\n\n<p><strong> Ofisler<\/strong>, matbaalar ve ka\u011f\u0131t i\u015fleme tesisleri<strong> i\u00e7in hava temizleyicileri<\/strong>, optimum ar\u0131tma sa\u011flamak i\u00e7in genellikle birka\u00e7 filtreleme seviyesi kullan\u0131r:<\/p>\n\n<div class=\"wp-block-columns is-layout-flex wp-container-core-columns-is-layout-28f84493 wp-block-columns-is-layout-flex\">\n<div class=\"wp-block-column is-layout-flow wp-block-column-is-layout-flow\" style=\"flex-basis:66.66%\">\n<h4 class=\"wp-block-heading\">HEPA filtre: ince partik\u00fcllere kar\u015f\u0131 y\u00fcksek performansl\u0131 bir bariyer<\/h4>\n\n\n\n<p><strong>HEPA<\/strong> (Y\u00fcksek Verimli Partik\u00fcl Hava) <strong>filtresi<\/strong>, y\u00fcksek d\u00fczeyde ka\u011f\u0131t tozu i\u00e7eren ortamlar i\u00e7in tasarlanm\u0131\u015f temizleyicilerde temel unsurdur. As\u0131l\u0131 partik\u00fcllerin %99,97&#8217;sine kadar\u0131n\u0131 yakalar. <strong> <\/strong>gelen<strong> <\/strong>0,3 mikron dahil olmak \u00fczere:<\/p>\n\n\n\n<ul class=\"wp-block-list\">\n<li>Belgelerin <strong>kesilmesi<\/strong> ve ta\u015f\u0131nmas\u0131 <strong>s\u0131ras\u0131nda olu\u015fan ka\u011f\u0131t tozu<\/strong>;<\/li>\n\n\n\n<li>Lazer yaz\u0131c\u0131lar ve fotokopi makinelerinden kaynaklanan partik\u00fcller;<\/li>\n\n\n\n<li>Havadaki alerjenler, toz akarlar\u0131 ve polenler.<\/li>\n<\/ul>\n\n\n\n<p><a href=\"https:\/\/obera.fr\/tr\/bizim-tavsiyemiz\/filtre-hepa-et-purificateur-d-air\/\"> HEPA filtre <\/a>, <strong>yo\u011fun dokuma elyaf yap\u0131s\u0131<\/strong> sayesinde bu kirleticileri hapsederek da\u011f\u0131lmalar\u0131n\u0131 \u00f6nler ve \u00e7al\u0131\u015fanlar\u0131n soludu\u011fu havan\u0131n kalitesini art\u0131r\u0131r.<\/p>\n\n\n\n<h4 class=\"wp-block-heading\">Aktif karbon filtre: kokular\u0131 ve kimyasal dumanlar\u0131 n\u00f6tralize eder<\/h4>\n\n\n\n<p><strong> Bask\u0131 m\u00fcrekkepleri <\/strong>ve tonerler sa\u011fl\u0131\u011fa zararl\u0131 olabilecek u\u00e7ucu organik bile\u015fikler (VOC&#8217;ler) a\u00e7\u0131\u011fa \u00e7\u0131kar\u0131r. Bu maddeleri emmek ve ortadan kald\u0131rmak i\u00e7in aktif bir karbon filtre gereklidir: <\/p>\n\n\n\n<ul class=\"wp-block-list\">\n<li>M\u00fcrekkep ve solventlerden kaynaklanan kimyasal kokular;<\/li>\n\n\n\n<li>Baz\u0131 \u00fcretim makinelerinden \u00e7\u0131kan dumanlar ve zararl\u0131 dumanlar;<\/li>\n\n\n\n<li>Lazer yaz\u0131c\u0131larla donat\u0131lm\u0131\u015f ofislerde s\u0131kl\u0131kla bulunan formaldehit ve benzen gibi kirletici gazlar.<\/li>\n<\/ul>\n\n\n\n<p>Aktif karbon<strong> adsorpsiyon <\/strong> yoluyla \u00e7al\u0131\u015f\u0131r: kirletici molek\u00fcller filtrenin g\u00f6zenekli y\u00fczeyinde tutulur ve i\u00e7 ortam havas\u0131na sal\u0131nmalar\u0131 \u00f6nlenir.<\/p>\n<\/div>\n\n\n\n<div class=\"wp-block-column is-layout-flow wp-block-column-is-layout-flow\" style=\"flex-basis:33.33%\">\n<figure class=\"wp-block-image size-large\"><img decoding=\"async\" width=\"1024\" height=\"1024\" src=\"https:\/\/obera.fr\/wp-content\/uploads\/2025\/05\/filtration-1024x1024.png\" alt=\"filtrasyon\" class=\"wp-image-121546\" srcset=\"https:\/\/obera.fr\/wp-content\/uploads\/2025\/05\/filtration-1024x1024.png 1024w, https:\/\/obera.fr\/wp-content\/uploads\/2025\/05\/filtration-300x300.png 300w, https:\/\/obera.fr\/wp-content\/uploads\/2025\/05\/filtration-150x150.png 150w, https:\/\/obera.fr\/wp-content\/uploads\/2025\/05\/filtration-768x768.png 768w, https:\/\/obera.fr\/wp-content\/uploads\/2025\/05\/filtration.png 1200w\" sizes=\"(max-width: 1024px) 100vw, 1024px\" \/><\/figure>\n<\/div>\n<\/div>\n\n<p><\/p>\n\n<h3 class=\"wp-block-heading\">Geli\u015fmi\u015f hava i\u015fleme se\u00e7enekleri ve teknolojileri<\/h3>\n\n<p><strong>Geleneksel filtreleme sistemlerine<\/strong> ek olarak, OberA serisi gibi ofisler ve at\u00f6lyeler i\u00e7in baz\u0131 hava temizleyicileri, hava i\u015fleme verimlili\u011fini en \u00fcst d\u00fczeye \u00e7\u0131karmak i\u00e7in ek i\u015flevler sunar:<\/p>\n\n<ul class=\"wp-block-list\">\n<li><strong>Hava iyonizasyonu <\/strong>: Baz\u0131 modeller, ka\u011f\u0131t toz partik\u00fcllerine yap\u0131\u015fan negatif <strong>iyonlar <\/strong> yayarak HEPA filtrenin bunlar\u0131 yakalamas\u0131n\u0131 kolayla\u015ft\u0131r\u0131r;<\/li>\n\n\n\n<li><strong>Vir\u00fcs ve bakterilerin ortadan kald\u0131r\u0131lmas\u0131 <\/strong>: Baz\u0131 temizleyicilerde bulunan UV-C teknolojileri, havada bulunan patojenleri yok edebilir;<\/li>\n\n\n\n<li><strong>Sessiz mod<\/strong>: Ofis alanlar\u0131 i\u00e7in ideal olan bu mod, etkili filtrelemeyi s\u00fcrd\u00fcr\u00fcrken fan g\u00fcr\u00fclt\u00fcs\u00fcn\u00fc azalt\u0131r.<\/li>\n<\/ul>\n\n<h2 class=\"wp-block-heading\">At\u00f6lyeniz veya ofisiniz i\u00e7in do\u011fru hava temizleyiciyi nas\u0131l se\u00e7ersiniz?<\/h2>\n\n<h3 class=\"wp-block-heading\">Hava temizleyici kapasitesi<\/h3>\n\n<p>Odan\u0131n b\u00fcy\u00fckl\u00fc\u011f\u00fcne uygun kapasitede <strong>bir hava temizleyici se\u00e7mek<\/strong> \u00e7ok \u00f6nemlidir. K\u00fc\u00e7\u00fck boyutlu bir cihaz etkili olmazken, b\u00fcy\u00fck boyutlu bir model gereksiz enerji t\u00fcketimine yol a\u00e7abilir. \u00dcr\u00fcn veri sayfalar\u0131 <strong>genellikle<\/strong> optimum performans i\u00e7in <strong>\u00f6nerilen y\u00fczey alan\u0131n\u0131<\/strong> m3\/h (saatte metrek\u00fcp) cinsinden belirtir. \u00d6rne\u011fin, 20 m2 b\u00fcy\u00fckl\u00fc\u011f\u00fcnde bireysel bir ofis i\u00e7in 200 m3\/h&#8217;lik bir ak\u0131\u015f h\u0131z\u0131 yeterli olacakt\u0131r. 50 m2&#8217;lik bir a\u00e7\u0131k plan ofis i\u00e7in 700 m3\/sa&#8217;lik bir ak\u0131\u015f h\u0131z\u0131 gerekecektir.    <\/p>\n\n<h3 class=\"wp-block-heading\">Filtrasyon sistemi  <\/h3>\n\n<p><strong> Se\u00e7ti\u011finiz ar\u0131tma<\/strong> cihaz\u0131n\u0131n, ortam\u0131n\u0131zda bulunan kirleticilere uyarlanm\u0131\u015f<strong> filtrelerle donat\u0131ld\u0131\u011f\u0131ndan<\/strong> emin olun. OberA&#8217;da ar\u0131t\u0131c\u0131lar\u0131m\u0131z bir \u00f6n filtreleme a\u015famas\u0131na ve ince filtrelere sahiptir. Modellerimizin \u00e7o\u011fu bir HEPA a\u015famas\u0131 i\u00e7erir ve karbon filtrelerin kullan\u0131m\u0131yla uyumludur.  <\/p>\n\n<p>Yedek filtrelerin mevcudiyeti ve fiyat\u0131 <strong>da <\/strong>kolay ve ekonomik bak\u0131m sa\u011flamak i\u00e7in <strong>dikkate al\u0131nmas\u0131 gereken fakt\u00f6rlerdir <\/strong>.<\/p>\n\n<blockquote class=\"wp-block-quote is-layout-flow wp-block-quote-is-layout-flow\">\n<p><em>Uzmanlardan gelen a\u00e7\u0131klama: OberA&#8217;da <\/em><strong><em>hava temi\u0307zleyi\u0307ci\u0307ler profesyonel ortamlar i\u0307\u00e7i\u0307n tasarlanmi\u015ftir<\/em><\/strong><em>\u00f6zellikle de ka\u011f\u0131tla ili\u015fkili olanlar. M\u00fcrekkepler taraf\u0131ndan yay\u0131lan ince partik\u00fclleri, tozu ve u\u00e7ucu organik bile\u015fikleri (VOC&#8217;ler) etkili bir \u015fekilde yakalayan ve ortadan kald\u0131ran ileri teknolojiye sahiptirler. <\/em><\/p>\n<\/blockquote>\n\n<h3 class=\"wp-block-heading\">Ekipman tasar\u0131m\u0131 ve i\u015flevselli\u011fi<\/h3>\n\n<p>Cihaz\u0131n tasar\u0131m\u0131 \u00e7al\u0131\u015fma alan\u0131n\u0131zla uyumlu olmal\u0131d\u0131r. Kompakt, beyaz modeller, dikkat \u00e7ekmemeleri nedeniyle ofisler i\u00e7in s\u0131kl\u0131kla tercih edilir. Dahas\u0131, <strong>hava kalitesi g\u00f6stergeleri<\/strong>, sessiz modlar veya zamanlay\u0131c\u0131 programlama gibi belirli \u00f6zellikler, kullan\u0131c\u0131 deneyimini ve temizleyicinin verimlili\u011fini art\u0131rabilir.  <\/p>\n","protected":false},"excerpt":{"rendered":"<p>Bask\u0131 i\u015fleri, cilt at\u00f6lyeleri veya idari ofisler gibi ka\u011f\u0131d\u0131n kullan\u0131ld\u0131\u011f\u0131 profesyonel ortamlarda hava kalitesi, \u00e7al\u0131\u015fanlar\u0131n refah\u0131n\u0131n ve ekipmanlar\u0131n performans\u0131n\u0131n sa\u011flanmas\u0131nda belirleyici bir fakt\u00f6rd\u00fcr.<\/p>\n","protected":false},"author":13,"featured_media":114002,"comment_status":"open","ping_status":"closed","sticky":false,"template":"","format":"standard","meta":{"_acf_changed":false,"_seopress_robots_primary_cat":"none","_seopress_titles_title":"Profesyonel hava temizleyicilerimizle ka\u011f\u0131t tozunu ortadan kald\u0131r\u0131n","_seopress_titles_desc":"Ofisler ve at\u00f6lyeler i\u00e7in profesyonel hava temizleyicilerle hava kalitesini art\u0131r\u0131n. Ka\u011f\u0131t par\u00e7ac\u0131klar\u0131n\u0131 ortadan kald\u0131rmak ve ekipman\u0131n\u0131z\u0131 korumak i\u00e7in HEPA ve aktif karbon filtreleri ke\u015ffedin. Obera.fr'de h\u0131zl\u0131 teslimat.  ","_seopress_robots_index":"","footnotes":""},"categories":[782],"tags":[555],"class_list":["post-108594","post","type-post","status-publish","format-standard","has-post-thumbnail","hentry","category-kagit-karton","tag-ariticilar","generate-columns","tablet-grid-50","mobile-grid-100","grid-parent","grid-50","no-featured-image-padding","resize-featured-image"],"acf":[],"_links":{"self":[{"href":"https:\/\/obera.fr\/tr\/wp-json\/wp\/v2\/posts\/108594","targetHints":{"allow":["GET"]}}],"collection":[{"href":"https:\/\/obera.fr\/tr\/wp-json\/wp\/v2\/posts"}],"about":[{"href":"https:\/\/obera.fr\/tr\/wp-json\/wp\/v2\/types\/post"}],"author":[{"embeddable":true,"href":"https:\/\/obera.fr\/tr\/wp-json\/wp\/v2\/users\/13"}],"replies":[{"embeddable":true,"href":"https:\/\/obera.fr\/tr\/wp-json\/wp\/v2\/comments?post=108594"}],"version-history":[{"count":6,"href":"https:\/\/obera.fr\/tr\/wp-json\/wp\/v2\/posts\/108594\/revisions"}],"predecessor-version":[{"id":127920,"href":"https:\/\/obera.fr\/tr\/wp-json\/wp\/v2\/posts\/108594\/revisions\/127920"}],"wp:featuredmedia":[{"embeddable":true,"href":"https:\/\/obera.fr\/tr\/wp-json\/wp\/v2\/media\/114002"}],"wp:attachment":[{"href":"https:\/\/obera.fr\/tr\/wp-json\/wp\/v2\/media?parent=108594"}],"wp:term":[{"taxonomy":"category","embeddable":true,"href":"https:\/\/obera.fr\/tr\/wp-json\/wp\/v2\/categories?post=108594"},{"taxonomy":"post_tag","embeddable":true,"href":"https:\/\/obera.fr\/tr\/wp-json\/wp\/v2\/tags?post=108594"}],"curies":[{"name":"wp","href":"https:\/\/api.w.org\/{rel}","templated":true}]}}