{"id":109143,"date":"2025-06-09T10:00:00","date_gmt":"2025-06-09T08:00:00","guid":{"rendered":"https:\/\/obera.fr\/conseils\/esperance-vie-conditions-travail-metiers-pierre\/"},"modified":"2025-06-16T14:55:19","modified_gmt":"2025-06-16T12:55:19","slug":"esperance-vie-conditions-travail-metiers-pierre","status":"publish","type":"post","link":"https:\/\/obera.fr\/tr\/bizim-tavsiyemiz\/esperance-vie-conditions-travail-metiers-pierre\/","title":{"rendered":"Ta\u015f i\u015f\u00e7ili\u011finde ortalama ya\u015fam s\u00fcresi ve \u00e7al\u0131\u015fma ko\u015fullar\u0131: ger\u00e7ekler nelerdir?"},"content":{"rendered":"\n<p>Ta\u015f meslekleri, zanaat ve end\u00fcstri d\u00fcnyas\u0131n\u0131n en asil ve en zorlu meslekleri aras\u0131ndad\u0131r. Ta\u015f kesiciler, oymac\u0131lar, mermer ustalar\u0131, heykelt\u0131ra\u015flar ve ta\u015f oca\u011f\u0131 \u00e7al\u0131\u015fanlar\u0131 paha bi\u00e7ilmez becerilerini \u00e7o\u011fu zaman zorlu ko\u015fullar alt\u0131nda icra ederler. Bir\u00e7ok insan\u0131n fark etmedi\u011fi \u015fey, bu ko\u015fullar\u0131n <strong>sa\u011fl\u0131k<\/strong> ve hatta ortalama ya\u015fam s\u00fcresi <strong>\u00fczerinde ger\u00e7ek bir etkiye<\/strong> sahip olabilece\u011fidir.    <\/p>\n\n<figure class=\"wp-block-image alignright size-large is-resized\"><img decoding=\"async\" width=\"768\" height=\"1024\" src=\"https:\/\/obera.fr\/wp-content\/uploads\/2025\/06\/20250131_105634-768x1024.jpg\" alt=\"20250131 105634\" class=\"wp-image-111959\" style=\"width:335px;height:auto\" srcset=\"https:\/\/obera.fr\/wp-content\/uploads\/2025\/06\/20250131_105634-768x1024.jpg 768w, https:\/\/obera.fr\/wp-content\/uploads\/2025\/06\/20250131_105634-225x300.jpg 225w, https:\/\/obera.fr\/wp-content\/uploads\/2025\/06\/20250131_105634-1152x1536.jpg 1152w, https:\/\/obera.fr\/wp-content\/uploads\/2025\/06\/20250131_105634-1536x2048.jpg 1536w, https:\/\/obera.fr\/wp-content\/uploads\/2025\/06\/20250131_105634-scaled.jpg 1920w\" sizes=\"(max-width: 768px) 100vw, 768px\" \/><\/figure>\n\n<h2 class=\"wp-block-heading\"><strong>  Tutkulu ama y\u00fcksek riskli bir meslek  <\/strong><\/h2>\n\n<p>Ta\u015f ile \u00e7al\u0131\u015fmak \u015funlar\u0131 i\u00e7erir:  <\/p>\n\n<ul class=\"wp-block-list\">\n<li>yo\u011fun fiziksel \u00e7aba,  <\/li>\n\n\n\n<li>garip duru\u015flar,  <\/li>\n\n\n\n<li>\u00f6nemli ortam g\u00fcr\u00fclt\u00fcs\u00fc,  <\/li>\n\n\n\n<li>ve hepsinden \u00f6nemlisi, <strong>silika tozuna kronik maruziyet<\/strong>.  <\/li>\n<\/ul>\n\n<p>Bu son derece ince toz, ta\u015f kesildi\u011finde, z\u0131mparaland\u0131\u011f\u0131nda veya cilaland\u0131\u011f\u0131nda ortaya \u00e7\u0131kar. \u00c7\u0131plak g\u00f6zle g\u00f6r\u00fclemeyen bu toz, derin solunum yollar\u0131na n\u00fcfuz eder ve uzun vadede silikozis, kronik bron\u015fit, KOAH ve hatta akci\u011fer kanseri gibi <strong>ciddi hastal\u0131klara <\/strong> neden olabilir.   <\/p>\n\n<h2 class=\"wp-block-heading\"><strong>  Beklenen ya\u015fam s\u00fcresinin k\u0131salmas\u0131  <\/strong><\/h2>\n\n<p>Bir dizi ara\u015ft\u0131rmaya g\u00f6re, in\u015faat ve ta\u015fla ilgili mesleklerde \u00e7al\u0131\u015fanlar\u0131n <strong>ortalama ya\u015fam s\u00fcresi <\/strong>di\u011fer mesleklere g\u00f6re <strong>birka\u00e7 y\u0131l daha k\u0131sad\u0131r <\/strong>. Bunun nedeni fiziksel a\u015f\u0131nma ve y\u0131pranman\u0131n yan\u0131 s\u0131ra <strong>g\u00f6r\u00fcnmez kirleticilere uzun s\u00fcre maruz kalmakt\u0131r<\/strong>.   <\/p>\n\n<p>Ve tam da g\u00f6remedi\u011fimiz \u015fey &#8211; hava kalitesi &#8211; bug\u00fcn sekt\u00f6r\u00fcn kar\u015f\u0131 kar\u015f\u0131ya oldu\u011fu en \u00f6nemli sorunlardan biri.  <\/p>\n\n<h2 class=\"wp-block-heading\"><strong>  Do\u011fru ekipman: pratik, acil bir \u00e7\u00f6z\u00fcm  <\/strong><\/h2>\n\n<p>Bu durumla kar\u015f\u0131 kar\u015f\u0131ya kal\u0131nd\u0131\u011f\u0131nda harekete ge\u00e7mek \u015fartt\u0131r. Ve en etkili yan\u0131tlardan biri de <strong>do\u011fru ekipmand\u0131r<\/strong>. <strong>OberA&#8217;n\u0131n<\/strong> ta\u015f kesme at\u00f6lyeleri ve \u015fantiyelerinin gereksinimlerini kar\u015f\u0131lamak \u00fczere \u00f6zel olarak tasarlanm\u0131\u015f <strong>\u00e7\u00f6z\u00fcmleri<\/strong> i\u015fte bu noktada devreye giriyor.    <\/p>\n\n<h3 class=\"wp-block-heading\"><strong>  OberA \u00e7\u00f6z\u00fcmleri \u015funlar\u0131 i\u00e7erir:  <\/strong><\/h3>\n\n<ul class=\"wp-block-list\">\n<li><strong>End\u00fcstriyel toz toplay\u0131c\u0131lar <\/strong>: tozu do\u011frudan kayna\u011f\u0131nda, aletlere ve emisyon b\u00f6lgelerine m\u00fcmk\u00fcn oldu\u011funca yak\u0131n bir yerde yakalamak i\u00e7in.  <\/li>\n\n\n\n<li><strong>Hava temizleyiciler <\/strong>: at\u00f6lyedeki ortam havas\u0131n\u0131 ar\u0131tmak ve as\u0131l\u0131 partik\u00fcl konsantrasyonunu azaltmak i\u00e7in.  <\/li>\n\n\n\n<li><strong>Mobil \u00e7\u0131karma \u00fcniteleri <\/strong>: tek seferlik operasyonlar veya sabit \u00e7\u0131karma <strong>\u00fcnitesi <\/strong> olmayan alanlar i\u00e7in esnek bir \u00e7\u00f6z\u00fcmd\u00fcr ve etkili yerel eylem sa\u011flar.<\/li>\n<\/ul>\n\n<p>Bu ekipman, yasal gerekliliklere ve \u00f6nleme hizmetlerinin tavsiyelerine uygun olarak <strong>\u00e7al\u0131\u015fanlar\u0131n toza maruz kalmas\u0131n\u0131 azaltmada<\/strong> aktif bir rol oynar.  <\/p>\n\n<div class=\"wp-block-columns is-layout-flex wp-container-core-columns-is-layout-28f84493 wp-block-columns-is-layout-flex\">\n<div class=\"wp-block-column is-layout-flow wp-block-column-is-layout-flow\">\n<figure class=\"wp-block-image aligncenter size-large is-resized\"><img decoding=\"async\" width=\"1024\" height=\"724\" src=\"https:\/\/obera.fr\/wp-content\/uploads\/2025\/05\/depoussiereur-mobile-2-1024x724.png\" alt=\"mobil toz toplay&#x131;c&#x131; (2)\" class=\"wp-image-104459\" style=\"width:295px;height:auto\" srcset=\"https:\/\/obera.fr\/wp-content\/uploads\/2025\/05\/depoussiereur-mobile-2-1024x724.png 1024w, https:\/\/obera.fr\/wp-content\/uploads\/2025\/05\/depoussiereur-mobile-2-300x212.png 300w, https:\/\/obera.fr\/wp-content\/uploads\/2025\/05\/depoussiereur-mobile-2-768x543.png 768w, https:\/\/obera.fr\/wp-content\/uploads\/2025\/05\/depoussiereur-mobile-2-1536x1086.png 1536w, https:\/\/obera.fr\/wp-content\/uploads\/2025\/05\/depoussiereur-mobile-2.png 2000w\" sizes=\"(max-width: 1024px) 100vw, 1024px\" \/><figcaption class=\"wp-element-caption\"><strong>Toz toplay\u0131c\u0131lar<\/strong><\/figcaption><\/figure>\n<\/div>\n\n\n\n<div class=\"wp-block-column is-layout-flow wp-block-column-is-layout-flow\">\n<figure class=\"wp-block-image aligncenter size-full is-resized\"><img decoding=\"async\" width=\"440\" height=\"440\" src=\"https:\/\/obera.fr\/wp-content\/uploads\/2024\/05\/purificateurs-dair-min.png\" alt=\"obera hava temi&#x307;zleyi&#x307;ci&#x307;ler\" class=\"wp-image-30667\" style=\"width:204px;height:auto\" srcset=\"https:\/\/obera.fr\/wp-content\/uploads\/2024\/05\/purificateurs-dair-min.png 440w, https:\/\/obera.fr\/wp-content\/uploads\/2024\/05\/purificateurs-dair-min-300x300.png 300w, https:\/\/obera.fr\/wp-content\/uploads\/2024\/05\/purificateurs-dair-min-150x150.png 150w\" sizes=\"(max-width: 440px) 100vw, 440px\" \/><figcaption class=\"wp-element-caption\"><strong>Ar\u0131t\u0131c\u0131lar<\/strong><\/figcaption><\/figure>\n<\/div>\n\n\n\n<div class=\"wp-block-column is-layout-flow wp-block-column-is-layout-flow\">\n<figure class=\"wp-block-image aligncenter size-large is-resized\"><img decoding=\"async\" width=\"1024\" height=\"1024\" src=\"https:\/\/obera.fr\/wp-content\/uploads\/2024\/05\/epurbox-brs-1024x1024.png\" alt=\"epurbox brs\" class=\"wp-image-30328\" style=\"width:204px;height:auto\" srcset=\"https:\/\/obera.fr\/wp-content\/uploads\/2024\/05\/epurbox-brs-1024x1024.png 1024w, https:\/\/obera.fr\/wp-content\/uploads\/2024\/05\/epurbox-brs-300x300.png 300w, https:\/\/obera.fr\/wp-content\/uploads\/2024\/05\/epurbox-brs-150x150.png 150w, https:\/\/obera.fr\/wp-content\/uploads\/2024\/05\/epurbox-brs-768x768.png 768w, https:\/\/obera.fr\/wp-content\/uploads\/2024\/05\/epurbox-brs.png 1200w\" sizes=\"(max-width: 1024px) 100vw, 1024px\" \/><figcaption class=\"wp-element-caption\"><strong>Mobil kaideler<\/strong><\/figcaption><\/figure>\n<\/div>\n<\/div>\n\n<h3 class=\"wp-block-heading\"><strong>  Dustlight: \u00f6l\u00e7\u00fcm kontrold\u00fcr  <\/strong><\/h3>\n\n<p>Ancak at\u00f6lyenizi donatmak yeterli de\u011fildir: g\u00fcvenli bir b\u00f6lgede kald\u0131\u011f\u0131n\u0131zdan emin olmak i\u00e7in <strong>hava kalitesini <\/strong>de <strong>s\u00fcrekli olarak \u00f6l\u00e7meniz <\/strong>gerekir.  <\/p>\n\n<p>Ak\u0131ll\u0131 hava analiz cihaz\u0131m\u0131z <strong>Dustlight<\/strong>&#8216;\u0131n rol\u00fc budur.  <\/p>\n\n<p>Kompakt, sa\u011flam ve kullan\u0131m\u0131 kolay Dustlight, <strong>ince partik\u00fcllerin (PM1, PM2.5, PM10) konsantrasyonlar\u0131n\u0131 ger\u00e7ek zamanl\u0131 olarak \u00f6l\u00e7er <\/strong>ve e\u015fik de\u011ferlerin a\u015f\u0131lmas\u0131 durumunda sizi uyar\u0131r.  <\/p>\n\n<p>Ba\u011fl\u0131 aray\u00fcz\u00fc sayesinde, at\u00f6lye ustaba\u015f\u0131lar\u0131, SE\u00c7 y\u00f6neticileri veya sa\u011fl\u0131k bilincine sahip ustalar i\u00e7in <strong>maruziyetin hassas ve belgelenmi\u015f bir \u015fekilde izlenmesini<\/strong> sa\u011flar.  <\/p>\n\n<h2 class=\"wp-block-heading\"><strong>  Sa\u011fl\u0131\u011f\u0131n\u0131za zarar vermeden ta\u015fla \u00e7al\u0131\u015fmak  <\/strong><\/h2>\n\n<p>Sekt\u00f6rdeki profesyonelleri korumak eksiksiz bir vizyon gerektirir: \u2192 <strong>Tozu yakalamak, havay\u0131 temizlemek, OberA \u00e7\u00f6z\u00fcmleriyle kayna\u011f\u0131nda vakumlamak, \u2192<\/strong> <strong>ve Dustlight ile maruziyeti kontrol etmek <\/strong>.  <\/p>\n\n<p>Sa\u011fl\u0131\u011f\u0131 korumak ayn\u0131 zamanda jestleri, aktar\u0131m\u0131 ve iyi yap\u0131lm\u0131\u015f bir i\u015fin kalitesini korumak anlam\u0131na gelir.  <\/p>\n\n<p><strong>\u00c7\u00fcnk\u00fc her ta\u015f eserin arkas\u0131nda uzman bir el yatar, ona nefes almaya de\u011fer bir hava verelim.<\/strong><\/p>\n","protected":false},"excerpt":{"rendered":"<p>Ta\u015f meslekleri, zanaat ve end\u00fcstri d\u00fcnyas\u0131n\u0131n en asil ve en zorlu meslekleri aras\u0131ndad\u0131r. Ta\u015f kesiciler, oymac\u0131lar, mermer oymac\u0131lar\u0131, heykelt\u0131ra\u015flar ve ta\u015f oca\u011f\u0131 i\u015f\u00e7ileri, \u00e7o\u011fu zaman zorlu ko\u015fullar alt\u0131nda de\u011ferli becerilerini sergilerler.   <\/p>\n","protected":false},"author":13,"featured_media":112258,"comment_status":"open","ping_status":"closed","sticky":false,"template":"","format":"standard","meta":{"_acf_changed":false,"_seopress_robots_primary_cat":"none","_seopress_titles_title":"M\u00e9tiers de la pierre : pr\u00e9server la sant\u00e9 face aux poussi\u00e8res \u2013 OberA","_seopress_titles_desc":"Exposition \u00e0 la silice, p\u00e9nibilit\u00e9, esp\u00e9rance de vie r\u00e9duite : OberA agit pour un air sain et s\u00e9curis\u00e9 dans les m\u00e9tiers de la pierre. Prot\u00e9gez vos \u00e9quipes.","_seopress_robots_index":"","footnotes":""},"categories":[299],"tags":[],"class_list":["post-109143","post","type-post","status-publish","format-standard","has-post-thumbnail","hentry","category-bizim-tavsiyemiz","generate-columns","tablet-grid-50","mobile-grid-100","grid-parent","grid-50","no-featured-image-padding","resize-featured-image"],"acf":[],"_links":{"self":[{"href":"https:\/\/obera.fr\/tr\/wp-json\/wp\/v2\/posts\/109143","targetHints":{"allow":["GET"]}}],"collection":[{"href":"https:\/\/obera.fr\/tr\/wp-json\/wp\/v2\/posts"}],"about":[{"href":"https:\/\/obera.fr\/tr\/wp-json\/wp\/v2\/types\/post"}],"author":[{"embeddable":true,"href":"https:\/\/obera.fr\/tr\/wp-json\/wp\/v2\/users\/13"}],"replies":[{"embeddable":true,"href":"https:\/\/obera.fr\/tr\/wp-json\/wp\/v2\/comments?post=109143"}],"version-history":[{"count":2,"href":"https:\/\/obera.fr\/tr\/wp-json\/wp\/v2\/posts\/109143\/revisions"}],"predecessor-version":[{"id":111992,"href":"https:\/\/obera.fr\/tr\/wp-json\/wp\/v2\/posts\/109143\/revisions\/111992"}],"wp:featuredmedia":[{"embeddable":true,"href":"https:\/\/obera.fr\/tr\/wp-json\/wp\/v2\/media\/112258"}],"wp:attachment":[{"href":"https:\/\/obera.fr\/tr\/wp-json\/wp\/v2\/media?parent=109143"}],"wp:term":[{"taxonomy":"category","embeddable":true,"href":"https:\/\/obera.fr\/tr\/wp-json\/wp\/v2\/categories?post=109143"},{"taxonomy":"post_tag","embeddable":true,"href":"https:\/\/obera.fr\/tr\/wp-json\/wp\/v2\/tags?post=109143"}],"curies":[{"name":"wp","href":"https:\/\/api.w.org\/{rel}","templated":true}]}}