{"id":109351,"date":"2025-06-12T10:23:50","date_gmt":"2025-06-12T08:23:50","guid":{"rendered":"https:\/\/obera.fr\/conseils\/local-compresseur-surchauffe\/"},"modified":"2025-06-16T09:13:13","modified_gmt":"2025-06-16T07:13:13","slug":"local-compresseur-surchauffe","status":"publish","type":"post","link":"https:\/\/obera.fr\/tr\/bizim-tavsiyemiz\/local-compresseur-surchauffe\/","title":{"rendered":"A\u015f\u0131r\u0131 \u0131s\u0131nan kompres\u00f6r odas\u0131: OberA&#8217;n\u0131n \u00e7\u00f6z\u00fcmleri \u00fcretimi nas\u0131l kurtard\u0131?"},"content":{"rendered":"\n<h2 class=\"wp-block-heading\">Bulgu: S\u0131cak havalarda kullan\u0131lamayan 100 m\u00b2&#8217;lik bir kompres\u00f6r odas\u0131<\/h2>\n\n<p>Yaz yakla\u015f\u0131rken end\u00fcstriyel bir m\u00fc\u015fterimiz acilen bizimle ileti\u015fime ge\u00e7ti. <strong>100 m\u00b2 \u201clik<\/strong> kompres\u00f6r odas\u0131, d\u0131\u015f s\u0131cakl\u0131k 30\u00b0C\u201d nin \u00fczerine \u00e7\u0131kar \u00e7\u0131kmaz bir f\u0131r\u0131na d\u00f6n\u00fc\u015f\u00fcyordu. Sonu\u00e7 olarak, <strong>kompres\u00f6rler<\/strong> ortam \u0131s\u0131s\u0131 nedeniyle kapan\u0131yor ve \u00fcretim tamamen duruyordu.  <\/p>\n\n<p>Bu tipik bir durumdur: end\u00fcstride teknik odalar genellikle yetersiz havaland\u0131r\u0131l\u0131r ve \u00f6zel bir klima sistemi yoktur. Yine de bu odalar muazzam miktarda \u0131s\u0131 yayan kritik ekipmanlara ev sahipli\u011fi yapar. <\/p>\n\n<p><\/p>\n\n<div class=\"wp-block-columns is-layout-flex wp-container-core-columns-is-layout-28f84493 wp-block-columns-is-layout-flex\">\n<div class=\"wp-block-column is-layout-flow wp-block-column-is-layout-flow\">\n<figure class=\"wp-block-image aligncenter size-full is-resized\"><img decoding=\"async\" width=\"1000\" height=\"1000\" src=\"https:\/\/obera.fr\/wp-content\/uploads\/2025\/06\/panneau-indication-local-compresseur.webp\" alt=\"kompres&#xF6;r odas&#x131; tabelas&#x131;\" class=\"wp-image-109536\" style=\"width:364px;height:auto\" srcset=\"https:\/\/obera.fr\/wp-content\/uploads\/2025\/06\/panneau-indication-local-compresseur.webp 1000w, https:\/\/obera.fr\/wp-content\/uploads\/2025\/06\/panneau-indication-local-compresseur-300x300.webp 300w, https:\/\/obera.fr\/wp-content\/uploads\/2025\/06\/panneau-indication-local-compresseur-150x150.webp 150w, https:\/\/obera.fr\/wp-content\/uploads\/2025\/06\/panneau-indication-local-compresseur-768x768.webp 768w\" sizes=\"(max-width: 1000px) 100vw, 1000px\" \/><\/figure>\n<\/div>\n\n\n\n<div class=\"wp-block-column is-layout-flow wp-block-column-is-layout-flow\">\n<figure class=\"wp-block-image aligncenter size-large is-resized\"><img decoding=\"async\" width=\"683\" height=\"1024\" src=\"https:\/\/obera.fr\/wp-content\/uploads\/2025\/06\/chatgpt-image-12-juin-2025-12_16_27-683x1024.png\" alt=\"Kompres&#xF6;r odas&#x131;\" class=\"wp-image-109513\" style=\"width:376px;height:auto\" srcset=\"https:\/\/obera.fr\/wp-content\/uploads\/2025\/06\/chatgpt-image-12-juin-2025-12_16_27-683x1024.png 683w, https:\/\/obera.fr\/wp-content\/uploads\/2025\/06\/chatgpt-image-12-juin-2025-12_16_27-200x300.png 200w, https:\/\/obera.fr\/wp-content\/uploads\/2025\/06\/chatgpt-image-12-juin-2025-12_16_27-768x1152.png 768w, https:\/\/obera.fr\/wp-content\/uploads\/2025\/06\/chatgpt-image-12-juin-2025-12_16_27.png 1024w\" sizes=\"(max-width: 683px) 100vw, 683px\" \/><\/figure>\n<\/div>\n<\/div>\n<div class=\"gb-container gb-container-9290c18d\">\n\n<h2 class=\"wp-block-heading\">OberA cevab\u0131: IC mobil adyabatik so\u011futucular\u0131m\u0131z.<\/h2>\n\n\n\n<p>Kontroll\u00fc bir s\u0131cakl\u0131\u011f\u0131 h\u0131zl\u0131 bir \u015fekilde yeniden sa\u011flamak i\u00e7in, <strong>Fransa&#8217;da \u00fcretilen<\/strong> ve end\u00fcstriyel ortamlar i\u00e7in \u00f6zel olarak tasarlanm\u0131\u015f <strong>patentli OberA mobil adyabatik<\/strong> so\u011futucu olan IC 22 so\u011futucuyu kiralaman\u0131z\u0131 tavsiye ettik.<\/p>\n\n<\/div>\n<div class=\"wp-block-columns is-layout-flex wp-container-core-columns-is-layout-28f84493 wp-block-columns-is-layout-flex\">\n<div class=\"wp-block-column is-layout-flow wp-block-column-is-layout-flow\" style=\"flex-basis:50%\">\n<div class=\"wp-block-buttons is-layout-flex wp-block-buttons-is-layout-flex\">\n<div class=\"wp-block-button\"><a class=\"wp-block-button__link has-text-align-center wp-element-button\" href=\"https:\/\/obera.fr\/location-appareil-industriel\/\">Oda spreyi kiralama tekliflerimize bak\u0131n  <\/a><\/div>\n<\/div>\n<\/div>\n<\/div>\n\n<p><\/p>\n\n<p><\/p>\n\n<div class=\"wp-block-columns is-layout-flex wp-container-core-columns-is-layout-28f84493 wp-block-columns-is-layout-flex\">\n<div class=\"wp-block-column is-layout-flow wp-block-column-is-layout-flow\" style=\"flex-basis:50%\">\n<h2 class=\"wp-block-heading\">IC22 neden bir kompres\u00f6r odas\u0131 i\u00e7in idealdir?<\/h2>\n\n\n\n<ul class=\"wp-block-list\">\n<li> <strong>22 kW so\u011futma verimlili\u011fi<\/strong><\/li>\n\n\n\n<li>Durgun havay\u0131 kar\u0131\u015ft\u0131rmak i\u00e7in <strong>4.500 m\u00b3\/saat hava ak\u0131\u015f\u0131<\/strong> <\/li>\n\n\n\n<li><strong>\u00c7al\u0131\u015fmadan kurulum<\/strong>: Tak ve \u00c7al\u0131\u015ft\u0131r, sadece birka\u00e7 dakika i\u00e7inde kullan\u0131ma haz\u0131r<\/li>\n\n\n\n<li>Kompres\u00f6rlerin etraf\u0131nda <strong>lokal so\u011futma<\/strong> m\u00fcmk\u00fcnd\u00fcr<\/li>\n\n\n\n<li><strong>100 hava ile \u00e7al\u0131\u015fma &#8211; so\u011futucu ak\u0131\u015fkan yok<\/strong><\/li>\n<\/ul>\n\n\n\n<p>Geleneksel kliman\u0131n aksine, <a href=\"https:\/\/obera.fr\/tr\/bizim-tavsiyemiz\/le-principe-de-fonctionnement-du-refroidissement-adiabatique-air-eau-evaporation\/\">adyabatik so\u011futucu suyu buharla\u015ft\u0131rarak \u00e7al\u0131\u015f\u0131r ve<\/a> hem :<\/p>\n\n\n\n<ul class=\"wp-block-list\">\n<li>Kullan\u0131mda daha ekonomik<\/li>\n\n\n\n<li>Daha \u00e7evre dostu<\/li>\n\n\n\n<li>End\u00fcstriyel ko\u015fullar alt\u0131nda daha sa\u011flam<\/li>\n<\/ul>\n<\/div>\n\n\n\n<div class=\"wp-block-column is-layout-flow wp-block-column-is-layout-flow\" style=\"flex-basis:50%\">\n<h2 class=\"wp-block-heading\">Sonu\u00e7 : S\u0131cakl\u0131k geri y\u00fcklendi, Kompres\u00f6rler yeniden \u00e7al\u0131\u015ft\u0131r\u0131ld\u0131<\/h2>\n\n\n\n<p>IC 22 48 saatten k\u0131sa bir s\u00fcrede teslim edildi ve kuruldu.<\/p>\n\n\n\n<p>Oda s\u0131cakl\u0131\u011f\u0131 30\u00b0C&#8217;nin alt\u0131na d\u00fc\u015f\u00fcr\u00fcld\u00fc<br\/>Kurulumdan bu yana kompres\u00f6r kapanmad\u0131<br\/>Oda de\u011fi\u015ftirilmeden \u00fcretim yeniden ba\u015flat\u0131ld\u0131<\/p>\n\n\n\n<p><\/p>\n\n\n\n<h2 class=\"wp-block-heading\">Kompres\u00f6r odalar\u0131n\u0131z\u0131 neden ihmal etmemelisiniz?<\/h2>\n\n\n\n<ul class=\"wp-block-list\">\n<li>Bunlar <strong>y\u00fcksek termal y\u00fcke sahip alanlard\u0131r<\/strong>.<\/li>\n\n\n\n<li>Geleneksel havaland\u0131rma <strong>yaz aylar\u0131nda yetersiz<\/strong> kalmaktad\u0131r.<\/li>\n\n\n\n<li>Kompres\u00f6r\u00fcn durmas\u0131, <strong>\u00fcretimin durmas\u0131<\/strong> ve dolay\u0131s\u0131yla bir maliyet anlam\u0131na gelir.<\/li>\n<\/ul>\n<\/div>\n<\/div>\n\n<figure class=\"wp-block-image aligncenter size-large is-resized\"><img decoding=\"async\" width=\"788\" height=\"1024\" src=\"https:\/\/obera.fr\/wp-content\/uploads\/2025\/05\/ic22-made-in-france-1-788x1024.png\" alt=\"ic22 fransa'da &#xFC;retilmi&#x15F;tir\" class=\"wp-image-103987\" style=\"width:350px;height:auto\" srcset=\"https:\/\/obera.fr\/wp-content\/uploads\/2025\/05\/ic22-made-in-france-1-788x1024.png 788w, https:\/\/obera.fr\/wp-content\/uploads\/2025\/05\/ic22-made-in-france-1-231x300.png 231w, https:\/\/obera.fr\/wp-content\/uploads\/2025\/05\/ic22-made-in-france-1-768x998.png 768w, https:\/\/obera.fr\/wp-content\/uploads\/2025\/05\/ic22-made-in-france-1.png 1000w\" sizes=\"(max-width: 788px) 100vw, 788px\" \/><figcaption class=\"wp-element-caption\"><strong>Model IC 22<\/strong><\/figcaption><\/figure>\n\n<h2 class=\"wp-block-heading\">OberA: End\u00fcstri i\u00e7in pratik \u00e7\u00f6z\u00fcmler<\/h2>\n\n<p>IC22, sahalar\u0131n\u0131z\u0131n ger\u00e7ek k\u0131s\u0131tlamalar\u0131n\u0131 kar\u015f\u0131lamak i\u00e7in Fransa&#8217;da tasarlanan ve \u00fcretilen <strong>%100 mobil, %100 end\u00fcstriyel<\/strong> bir \u00e7\u00f6z\u00fcmd\u00fcr.<\/p>\n\n<h3 class=\"wp-block-heading\">Bir kompres\u00f6r odas\u0131nda a\u015f\u0131r\u0131 \u0131s\u0131nma m\u0131 ya\u015f\u0131yorsunuz?<\/h3>\n\n<p>Bize ula\u015f\u0131n: ekiplerimiz Fransa \u201cn\u0131n her yerinde h\u0131zl\u0131 bir \u015fekilde m\u00fcdahale edebilir. OberA ile 40\u00b0C\u201d nin alt\u0131nda bile ekipman\u0131n\u0131z\u0131n kontrol\u00fc sizde kal\u0131r. <\/p>\n\n<div class=\"wp-block-buttons is-content-justification-center is-layout-flex wp-container-core-buttons-is-layout-a89b3969 wp-block-buttons-is-layout-flex\">\n<div class=\"wp-block-button\"><a class=\"wp-block-button__link has-text-align-center wp-element-button\" href=\"https:\/\/obera.fr\/tr\/contact\/\">Bize ula\u015f\u0131n<\/a><\/div>\n<\/div>\n\n<p><\/p>\n","protected":false},"excerpt":{"rendered":"<p>Yaz\u0131n yakla\u015fmas\u0131yla birlikte end\u00fcstriyel bir m\u00fc\u015fterimiz acilen bizimle ileti\u015fime ge\u00e7ti. 100 m\u00b2 \u201clik kompres\u00f6r odas\u0131, d\u0131\u015f s\u0131cakl\u0131k 30\u00b0C\u201d nin \u00fczerine \u00e7\u0131kar \u00e7\u0131kmaz bir f\u0131r\u0131na d\u00f6n\u00fc\u015f\u00fcyordu. <\/p>\n","protected":false},"author":13,"featured_media":112217,"comment_status":"open","ping_status":"closed","sticky":false,"template":"","format":"standard","meta":{"_acf_changed":false,"_seopress_robots_primary_cat":"none","_seopress_titles_title":"A\u015f\u0131r\u0131 \u0131s\u0131nan kompres\u00f6r odas\u0131: verimli OberA IC22 mobil \u00e7\u00f6z\u00fcm\u00fc","_seopress_titles_desc":"Oda 40\u00b0C'de mi? Mobil bir adyabatik so\u011futucu olan IC22 OberA, s\u0131cakl\u0131\u011f\u0131 48 saat i\u00e7inde hi\u00e7bir \u00e7al\u0131\u015fma yapmadan d\u00fc\u015f\u00fcr\u00fcr. \u00dcretim yeniden ba\u015flad\u0131, kompres\u00f6r durmad\u0131.  ","_seopress_robots_index":"","footnotes":""},"categories":[299],"tags":[],"class_list":["post-109351","post","type-post","status-publish","format-standard","has-post-thumbnail","hentry","category-bizim-tavsiyemiz","generate-columns","tablet-grid-50","mobile-grid-100","grid-parent","grid-50","no-featured-image-padding","resize-featured-image"],"acf":[],"_links":{"self":[{"href":"https:\/\/obera.fr\/tr\/wp-json\/wp\/v2\/posts\/109351","targetHints":{"allow":["GET"]}}],"collection":[{"href":"https:\/\/obera.fr\/tr\/wp-json\/wp\/v2\/posts"}],"about":[{"href":"https:\/\/obera.fr\/tr\/wp-json\/wp\/v2\/types\/post"}],"author":[{"embeddable":true,"href":"https:\/\/obera.fr\/tr\/wp-json\/wp\/v2\/users\/13"}],"replies":[{"embeddable":true,"href":"https:\/\/obera.fr\/tr\/wp-json\/wp\/v2\/comments?post=109351"}],"version-history":[{"count":17,"href":"https:\/\/obera.fr\/tr\/wp-json\/wp\/v2\/posts\/109351\/revisions"}],"predecessor-version":[{"id":110405,"href":"https:\/\/obera.fr\/tr\/wp-json\/wp\/v2\/posts\/109351\/revisions\/110405"}],"wp:featuredmedia":[{"embeddable":true,"href":"https:\/\/obera.fr\/tr\/wp-json\/wp\/v2\/media\/112217"}],"wp:attachment":[{"href":"https:\/\/obera.fr\/tr\/wp-json\/wp\/v2\/media?parent=109351"}],"wp:term":[{"taxonomy":"category","embeddable":true,"href":"https:\/\/obera.fr\/tr\/wp-json\/wp\/v2\/categories?post=109351"},{"taxonomy":"post_tag","embeddable":true,"href":"https:\/\/obera.fr\/tr\/wp-json\/wp\/v2\/tags?post=109351"}],"curies":[{"name":"wp","href":"https:\/\/api.w.org\/{rel}","templated":true}]}}