{"id":114859,"date":"2025-06-23T14:29:46","date_gmt":"2025-06-23T12:29:46","guid":{"rendered":"https:\/\/obera.fr\/conseils\/jeunes-tailleurs-refusent-ateliers-poussiereux\/"},"modified":"2025-07-08T14:05:45","modified_gmt":"2025-07-08T12:05:45","slug":"jeunes-tailleurs-refusent-ateliers-poussiereux","status":"publish","type":"post","link":"https:\/\/obera.fr\/tr\/bizim-tavsiyemiz\/jeunes-tailleurs-refusent-ateliers-poussiereux\/","title":{"rendered":"Gen\u00e7 terziler tozlu at\u00f6lyeleri reddediyor: bir ku\u015fak de\u011fi\u015fimi mi?"},"content":{"rendered":"\n<p>Geleneksel olarak <strong>el eme\u011fine<\/strong> dayal\u0131 i\u015flerle \u00f6zde\u015fle\u015ftirilen terzilik ve diki\u015f at\u00f6lyeleri uzun zamand\u0131r ge\u00e7mi\u015fte kalm\u0131\u015f bir imaja sahip: toz, lo\u015f \u0131\u015f\u0131k, uzun saatler boyunca tekrarlanan i\u015fler. Ancak bu imaj de\u011fi\u015fiyor. Tutkulu, h\u0131rsl\u0131 ve birbirine ba\u011fl\u0131 yeni nesil gen\u00e7 terziler<strong> modern<\/strong>, yarat\u0131c\u0131 ve \u00f6d\u00fcllendirici \u00e7al\u0131\u015fma ko\u015fullar\u0131 talep ediyor.    <\/p>\n\n<h2 class=\"wp-block-heading\">\u0130\u015fleri de\u011fi\u015ftiren yeni bir nesil  <\/h2>\n\n<p>Karanl\u0131k, eskimi\u015f at\u00f6lye g\u00fcnleri geride kald\u0131.<strong>Gen\u00e7 yetenekler<\/strong>, yarat\u0131c\u0131l\u0131\u011f\u0131n yan\u0131 s\u0131ra de\u011fi\u015fim ve \u00f6\u011frenme i\u00e7in de tasarlanm\u0131\u015f ayd\u0131nl\u0131k, ergonomik alanlar istiyor. Sadece \u201cyapmak\u201d de\u011fil, \u201canlamak\u201d, \u201cyenilik yapmak\u201d ve \u201ckendilerini ifade etmek\u201d istiyorlar.    <\/p>\n\n<p>Bu de\u011fi\u015fim <strong>sadece \u00e7al\u0131\u015fma ortam\u0131n\u0131 de\u011fil<\/strong>, ayn\u0131 zamanda mesle\u011fin alg\u0131lanma bi\u00e7imini de <strong>etkiliyor<\/strong>. Bir\u00e7ok gen\u00e7 i\u00e7in terzi olmak art\u0131k sadece eski bir beceriyi yeniden \u00fcretmek de\u011fil, ayn\u0131 zamanda onu geli\u015ftirmek, s\u00fcrd\u00fcr\u00fclebilirlik, stil veya teknoloji a\u00e7\u0131s\u0131ndan \u00e7a\u011fda\u015f gereksinimlere uyarlamak anlam\u0131na geliyor.   <\/p>\n\n<h2 class=\"wp-block-heading\">OberA, gelecek nesiller i\u00e7in bir ortak  <\/h2>\n\n<p><strong>OberA<\/strong> olarak bu d\u00f6n\u00fc\u015f\u00fcm\u00fcn \u00f6nemini uzun zamand\u0131r anl\u0131yoruz. Bu nedenle gen\u00e7 zanaatk\u00e2rlar ve kad\u0131nlarla aktif olarak ilgileniyor, becerilerini geli\u015ftirmelerine yard\u0131mc\u0131 oluyor, yarat\u0131c\u0131l\u0131klar\u0131n\u0131 te\u015fvik ediyor ve isteklerini destekliyoruz.   <\/p>\n\n<p>Birka\u00e7 y\u0131ld\u0131r <strong>hem ulusal hem de uluslararas\u0131 d\u00fczeyde WorldSkills&#8217;in orta\u011f\u0131 olmaktan gurur duyuyoruz<\/strong>. Bu taahh\u00fcd\u00fcm\u00fcz, ba\u015fta tekstil ve giyim olmak \u00fczere el sanatlar\u0131nda m\u00fckemmelli\u011fi, aktar\u0131m\u0131 ve yenili\u011fi destekleme arzumuzu yans\u0131tmaktad\u0131r.   <\/p>\n\n<p>WorldSkills bir yar\u0131\u015fmadan \u00e7ok daha fazlas\u0131d\u0131r: gen\u00e7lerin becerileri i\u00e7in k\u00fcresel bir vitrin, tutkular\u0131 i\u00e7in bir kataliz\u00f6r ve profesyonel tan\u0131n\u0131rl\u0131k i\u00e7in bir s\u0131\u00e7rama tahtas\u0131d\u0131r. <strong>OberA<\/strong>, bu gen\u00e7leri haz\u0131rl\u0131ktan uluslararas\u0131 yar\u0131\u015fmaya kadar her a\u015famada destekleyerek, <strong>terzilik mesle\u011finin yeni y\u00fczlerini<\/strong>, yar\u0131n\u0131n at\u00f6lyelerini bug\u00fcnden icat edenleri \u00f6ne \u00e7\u0131kar\u0131yor.   <\/p>\n\n<h2 class=\"wp-block-heading\">Elle dikilmi\u015f bir gelece\u011fe do\u011fru  <\/h2>\n\n<p>Bu ku\u015fak de\u011fi\u015fimi, terzilik mesle\u011finin prestijini geri kazanmak i\u00e7in harika bir f\u0131rsat. Tabii ki bu ge\u00e7i\u015fe e\u015flik etmemiz, farkl\u0131 \u00f6\u011frenme arzusunu desteklememiz ve gelenek ile modernite aras\u0131nda k\u00f6pr\u00fcler kurmam\u0131z \u015fart\u0131yla.   <\/p>\n\n<p>OberA olarak bu yeni nesle inan\u0131yoruz. Ve onlar\u0131n yolculu\u011funun bir par\u00e7as\u0131 olmaktan gurur duyuyoruz. <\/p>\n","protected":false},"excerpt":{"rendered":"<p>Geleneksel olarak el eme\u011fine dayal\u0131 i\u015flerle \u00f6zde\u015fle\u015ftirilen terzilik ve diki\u015f at\u00f6lyeleri uzun zamand\u0131r ge\u00e7mi\u015fte kalm\u0131\u015f bir imaja sahip: toz, lo\u015f \u0131\u015f\u0131k, uzun saatler boyunca tekrarlanan i\u015fler. Ancak bu imaj de\u011fi\u015fiyor. <\/p>\n","protected":false},"author":13,"featured_media":120495,"comment_status":"open","ping_status":"closed","sticky":false,"template":"","format":"standard","meta":{"_acf_changed":false,"_seopress_robots_primary_cat":"none","_seopress_titles_title":"Les jeunes tailleurs r\u00e9inventent l\u2019atelier : vers un m\u00e9tier modernis\u00e9","_seopress_titles_desc":"Nouvelle g\u00e9n\u00e9ration, nouveaux ateliers : les jeunes tailleurs modernisent le m\u00e9tier avec cr\u00e9ativit\u00e9, innovation et exigence. OberA les accompagne.","_seopress_robots_index":"","footnotes":""},"categories":[299],"tags":[],"class_list":["post-114859","post","type-post","status-publish","format-standard","has-post-thumbnail","hentry","category-bizim-tavsiyemiz","generate-columns","tablet-grid-50","mobile-grid-100","grid-parent","grid-50","no-featured-image-padding","resize-featured-image"],"acf":[],"_links":{"self":[{"href":"https:\/\/obera.fr\/tr\/wp-json\/wp\/v2\/posts\/114859","targetHints":{"allow":["GET"]}}],"collection":[{"href":"https:\/\/obera.fr\/tr\/wp-json\/wp\/v2\/posts"}],"about":[{"href":"https:\/\/obera.fr\/tr\/wp-json\/wp\/v2\/types\/post"}],"author":[{"embeddable":true,"href":"https:\/\/obera.fr\/tr\/wp-json\/wp\/v2\/users\/13"}],"replies":[{"embeddable":true,"href":"https:\/\/obera.fr\/tr\/wp-json\/wp\/v2\/comments?post=114859"}],"version-history":[{"count":1,"href":"https:\/\/obera.fr\/tr\/wp-json\/wp\/v2\/posts\/114859\/revisions"}],"predecessor-version":[{"id":114862,"href":"https:\/\/obera.fr\/tr\/wp-json\/wp\/v2\/posts\/114859\/revisions\/114862"}],"wp:featuredmedia":[{"embeddable":true,"href":"https:\/\/obera.fr\/tr\/wp-json\/wp\/v2\/media\/120495"}],"wp:attachment":[{"href":"https:\/\/obera.fr\/tr\/wp-json\/wp\/v2\/media?parent=114859"}],"wp:term":[{"taxonomy":"category","embeddable":true,"href":"https:\/\/obera.fr\/tr\/wp-json\/wp\/v2\/categories?post=114859"},{"taxonomy":"post_tag","embeddable":true,"href":"https:\/\/obera.fr\/tr\/wp-json\/wp\/v2\/tags?post=114859"}],"curies":[{"name":"wp","href":"https:\/\/api.w.org\/{rel}","templated":true}]}}