{"id":118471,"date":"2025-06-30T15:30:10","date_gmt":"2025-06-30T13:30:10","guid":{"rendered":"https:\/\/obera.fr\/conseils\/rafraichisseur-garage\/"},"modified":"2025-07-16T11:00:35","modified_gmt":"2025-07-16T09:00:35","slug":"rafraichisseur-garage","status":"publish","type":"post","link":"https:\/\/obera.fr\/tr\/otomobiller-ve-kamyonlar\/rafraichisseur-garage\/","title":{"rendered":"Araba garajlar\u0131nda \u0131s\u0131: OberA so\u011futucular\u0131 sayesinde g\u00fcnl\u00fck bir sorun nihayet kontrol alt\u0131nda"},"content":{"rendered":"\n<div class=\"wp-block-columns is-layout-flex wp-container-core-columns-is-layout-28f84493 wp-block-columns-is-layout-flex\">\n<div class=\"wp-block-column is-layout-flow wp-block-column-is-layout-flow\" style=\"flex-basis:66.66%\">\n<p><strong>Otomotiv sekt\u00f6r\u00fc a\u015f\u0131r\u0131 \u0131s\u0131n\u0131yor<\/strong> ve garajlar ile at\u00f6lyelerdeki s\u0131cakl\u0131k<br\/>sekt\u00f6rdeki profesyoneller i\u00e7in bir bela haline geliyor.<br\/><br\/>At\u00f6lyelerde her yaz s\u0131cak, <strong>teknisyenler i\u00e7in<\/strong> h\u0131zla <strong>b\u00fcy\u00fck bir handikap<\/strong> haline gelir ve sa\u011fl\u0131klar\u0131n\u0131, g\u00fcvenliklerini ve \u00fcretkenliklerini etkiler.<br\/><br\/>Fransa&#8217;da s\u0131cak hava dalgalar\u0131 giderek daha s\u0131k ve yo\u011fun ya\u015fanmaya ba\u015flad\u0131. M\u00e9t\u00e9o France&#8217;a g\u00f6re, son 20 y\u0131lda<strong> \u00fclke<\/strong> 1900&#8217;den bu yana<strong> en s\u0131cak 10 yazdan 8&#8217;ini g\u00f6rd\u00fc<\/strong>. <\/p>\n<\/div>\n\n\n\n<div class=\"wp-block-column is-layout-flow wp-block-column-is-layout-flow\" style=\"flex-basis:33.33%\">\n<figure class=\"wp-block-image aligncenter size-full is-resized\"><img decoding=\"async\" width=\"612\" height=\"612\" src=\"https:\/\/obera.fr\/wp-content\/uploads\/2025\/06\/istockphoto-629496278-612x612-1.jpg\" alt=\"Araba garaj&#x131;\" class=\"wp-image-118791\" style=\"width:326px;height:auto\" srcset=\"https:\/\/obera.fr\/wp-content\/uploads\/2025\/06\/istockphoto-629496278-612x612-1.jpg 612w, https:\/\/obera.fr\/wp-content\/uploads\/2025\/06\/istockphoto-629496278-612x612-1-300x300.jpg 300w, https:\/\/obera.fr\/wp-content\/uploads\/2025\/06\/istockphoto-629496278-612x612-1-150x150.jpg 150w\" sizes=\"(max-width: 612px) 100vw, 612px\" \/><\/figure>\n<\/div>\n<\/div>\n\n<h2 class=\"wp-block-heading\">\u0130yi yal\u0131t\u0131lmam\u0131\u015f at\u00f6lyelerde a\u015f\u0131r\u0131 s\u0131cakl\u0131klar<\/h2>\n\n<p><a href=\"https:\/\/obera.fr\/tr\/conseils\/rafraichisseur-production-automobile\/\">Araba garajlar\u0131 ve at\u00f6lyeleri genellikle k\u00f6t\u00fc havaland\u0131r\u0131lan,<\/a> k\u0131smen a\u00e7\u0131k, s\u0131cak motorlar, hidrolik k\u00f6pr\u00fcler, kompres\u00f6rler vb. gibi y\u00fcksek s\u0131cakl\u0131klar a\u00e7\u0131\u011fa \u00e7\u0131karan ekipmanlara sahiptir.<br\/>S\u0131cak hava dalgas\u0131 s\u0131ras\u0131nda, <strong>ortam s\u0131cakl\u0131\u011f\u0131 <\/strong>kapal\u0131 bir at\u00f6lyede veya kap\u0131lar a\u00e7\u0131kken <strong>kolayca 35 ila 45\u00b0C&#8217;ye ula\u015fabilir <\/strong>ve bu da bo\u011fucu d\u0131\u015f s\u0131cakl\u0131klara neden olur.<br\/><br\/>Bu y\u00fcksek s\u0131cakl\u0131klar\u0131n araba tamircileri i\u00e7in somut sonu\u00e7lar\u0131 vard\u0131r:  <\/p>\n\n<ul class=\"wp-block-list\">\n<li><strong>Sa\u011fl\u0131k sorunlar\u0131<\/strong> \u2192 s\u0131cak \u00e7arpmas\u0131, dehidrasyon ve halsizlik tekrarlay\u0131c\u0131 hale gelir<\/li>\n\n\n\n<li><strong>Azalt\u0131lm\u0131\u015f konsantrasyon<\/strong> \u2192 \u0131s\u0131, teknik hata riskinin artmas\u0131na neden olur<\/li>\n\n\n\n<li><strong>Genel performans \u00fczerindeki etki<\/strong> \u2192 d\u00fc\u015f\u00fck \u00e7\u0131kt\u0131, verimlilik kayb\u0131, ge\u00e7ici i\u015f g\u00f6remezlik<\/li>\n\n\n\n<li><strong>Ekipler i\u00e7in sonu\u00e7lar<\/strong> \u2192 artan i\u015f g\u00fcc\u00fc devri, s\u0131k yer de\u011fi\u015ftirmeler<\/li>\n<\/ul>\n\n<p><\/p>\n\n<h2 class=\"wp-block-heading\">Denenmi\u015f ve test edilmi\u015f bir \u00e7\u00f6z\u00fcm: OberA end\u00fcstriyel hava so\u011futucular\u0131<\/h2>\n\n<p>OberA, y\u00fcksek performansl\u0131, dayan\u0131kl\u0131 ve kurulumu kolay so\u011futma \u00e7\u00f6z\u00fcm\u00fc sunar. IC so\u011futucu serimiz, garajlar ve bak\u0131m, onar\u0131m ve \u00fcretim at\u00f6lyeleri gibi <strong>otomotiv ortamlar\u0131 i\u00e7in<\/strong> m\u00fckemmel \u015fekilde <strong>uygundur<\/strong>. <\/p>\n\n<p><br\/>80&#8217;den 400m\u00b2&#8217;ye kadar de\u011fi\u015fen y\u00fczeyler i\u00e7in uygun olan IC&#8217;lerimiz sekt\u00f6r\u00fcn\u00fcze :<br\/><\/p>\n\n<ul class=\"wp-block-list\">\n<li>Tarihi ve do\u011fal bir ilkeye dayanan teknolojik bir yenilik: suyun buharla\u015fmas\u0131<\/li>\n\n\n\n<li>Klimaya g\u00f6re 15 kat daha d\u00fc\u015f\u00fck i\u015fletme maliyeti<\/li>\n\n\n\n<li>T\u00fcm ihtiya\u00e7lar\u0131n\u0131z\u0131 ve k\u0131s\u0131tlamalar\u0131n\u0131z\u0131 kar\u015f\u0131layacak eksiksiz bir \u00fcr\u00fcn yelpazesi<\/li>\n\n\n\n<li>S\u0131cak hava yaymayan (&#8220;\u0131s\u0131 adas\u0131&#8221; etkisi yok) \u00e7ok d\u00fc\u015f\u00fck karbon ayak izi (so\u011futucu ak\u0131\u015fkan yok)<\/li>\n\n\n\n<li>Fransa&#8217;da \u00fcretilen bir dizi kaliteli \u00fcr\u00fcn<\/li>\n\n\n\n<li>Pratik, uyarlanabilir ve mobil bir &#8220;tak ve \u00e7al\u0131\u015ft\u0131r&#8221; \u00e7\u00f6z\u00fcm\u00fc<\/li>\n\n\n\n<li>H\u0131zl\u0131, uygun maliyetli bak\u0131m<\/li>\n\n\n\n<li>5 y\u0131l garanti<br\/><\/li>\n<\/ul>\n\n<p>Patentli &#8220;Pureflow&#8221; yenili\u011fi sayesinde OberA, garajlar\u0131n\u0131zda ve araba at\u00f6lyelerinizde \u00fcst\u00fcn hava kalitesini garanti etmek i\u00e7in <strong>so\u011futma ve ar\u0131tmay\u0131 birle\u015ftirir<\/strong>.<\/p>\n\n<p><\/p>\n\n<div class=\"wp-block-columns is-layout-flex wp-container-core-columns-is-layout-28f84493 wp-block-columns-is-layout-flex\">\n<div class=\"wp-block-column is-layout-flow wp-block-column-is-layout-flow\">\n<h3 class=\"wp-block-heading has-text-align-center\">IC 12<\/h3>\n\n\n\n<figure class=\"wp-block-image aligncenter size-full is-resized\"><a href=\"https:\/\/obera.fr\/produits\/rafraichisseurs-air\/rafraichisseurs-par-evaporation-ic\/\"><img decoding=\"async\" width=\"1200\" height=\"1200\" src=\"https:\/\/obera.fr\/wp-content\/uploads\/2025\/04\/img-ic-12.png\" alt=\"img ic 12\" class=\"wp-image-87231\" style=\"object-fit:cover;width:300px;height:300px\" srcset=\"https:\/\/obera.fr\/wp-content\/uploads\/2025\/04\/img-ic-12.png 1200w, https:\/\/obera.fr\/wp-content\/uploads\/2025\/04\/img-ic-12-300x300.png 300w, https:\/\/obera.fr\/wp-content\/uploads\/2025\/04\/img-ic-12-1024x1024.png 1024w, https:\/\/obera.fr\/wp-content\/uploads\/2025\/04\/img-ic-12-150x150.png 150w, https:\/\/obera.fr\/wp-content\/uploads\/2025\/04\/img-ic-12-768x768.png 768w\" sizes=\"(max-width: 1200px) 100vw, 1200px\" \/><\/a><\/figure>\n<\/div>\n\n\n\n<div class=\"wp-block-column is-layout-flow wp-block-column-is-layout-flow\">\n<h3 class=\"wp-block-heading has-text-align-center\">IC 22<\/h3>\n\n\n\n<figure class=\"wp-block-image aligncenter size-full is-resized\"><a href=\"https:\/\/obera.fr\/produits\/rafraichisseurs-air\/rafraichisseurs-par-evaporation-ic\/\"><img decoding=\"async\" width=\"1200\" height=\"1200\" src=\"https:\/\/obera.fr\/wp-content\/uploads\/2025\/04\/img-ic-22.png\" alt=\"img ic 22\" class=\"wp-image-87254\" style=\"object-fit:cover;width:300px;height:300px\" srcset=\"https:\/\/obera.fr\/wp-content\/uploads\/2025\/04\/img-ic-22.png 1200w, https:\/\/obera.fr\/wp-content\/uploads\/2025\/04\/img-ic-22-300x300.png 300w, https:\/\/obera.fr\/wp-content\/uploads\/2025\/04\/img-ic-22-1024x1024.png 1024w, https:\/\/obera.fr\/wp-content\/uploads\/2025\/04\/img-ic-22-150x150.png 150w, https:\/\/obera.fr\/wp-content\/uploads\/2025\/04\/img-ic-22-768x768.png 768w\" sizes=\"(max-width: 1200px) 100vw, 1200px\" \/><\/a><\/figure>\n<\/div>\n\n\n\n<div class=\"wp-block-column is-layout-flow wp-block-column-is-layout-flow\">\n<h3 class=\"wp-block-heading has-text-align-center\">IC 30<\/h3>\n\n\n\n<figure class=\"wp-block-image aligncenter size-full is-resized\"><a href=\"https:\/\/obera.fr\/produits\/rafraichisseurs-air\/rafraichisseurs-par-evaporation-ic\/\"><img decoding=\"async\" width=\"1200\" height=\"1200\" src=\"https:\/\/obera.fr\/wp-content\/uploads\/2025\/04\/img-ic-30.png\" alt=\"img ic 30\" class=\"wp-image-87278\" style=\"object-fit:cover;width:300px;height:300px\" srcset=\"https:\/\/obera.fr\/wp-content\/uploads\/2025\/04\/img-ic-30.png 1200w, https:\/\/obera.fr\/wp-content\/uploads\/2025\/04\/img-ic-30-300x300.png 300w, https:\/\/obera.fr\/wp-content\/uploads\/2025\/04\/img-ic-30-1024x1024.png 1024w, https:\/\/obera.fr\/wp-content\/uploads\/2025\/04\/img-ic-30-150x150.png 150w, https:\/\/obera.fr\/wp-content\/uploads\/2025\/04\/img-ic-30-768x768.png 768w\" sizes=\"(max-width: 1200px) 100vw, 1200px\" \/><\/a><\/figure>\n<\/div>\n<\/div>\n\n<div class=\"wp-block-buttons is-content-justification-center is-layout-flex wp-container-core-buttons-is-layout-a89b3969 wp-block-buttons-is-layout-flex\">\n<div class=\"wp-block-button\"><a class=\"wp-block-button__link has-text-align-center wp-element-button\" href=\"https:\/\/obera.fr\/tr\/produits\/rafraichisseurs-air\/\"><strong>So\u011futucular\u0131m\u0131z\u0131 ke\u015ffedin<\/strong><\/a><\/div>\n<\/div>\n\n<div style=\"height:81px\" aria-hidden=\"true\" class=\"wp-block-spacer\"><\/div>\n\n<h2 class=\"wp-block-heading\">Irmstett Volkswagen Fabris garaj\u0131 (67)<\/h2>\n\n<div class=\"wp-block-columns is-layout-flex wp-container-core-columns-is-layout-28f84493 wp-block-columns-is-layout-flex\">\n<div class=\"wp-block-column is-layout-flow wp-block-column-is-layout-flow\" style=\"flex-basis:80%\">\n<p><\/p>\n\n\n\n<p>Fransa&#8217;n\u0131n Bas-Rhin b\u00f6lgesinde bulunan <strong>Garage Volkswagen Fabris<\/strong>, her y\u0131l oldu\u011fu gibi at\u00f6lyesinde \u00f6nemli bir s\u0131cakl\u0131k art\u0131\u015f\u0131yla kar\u015f\u0131 kar\u015f\u0131ya kald\u0131.<br\/>Mekanikerlerinin konforunu art\u0131rmak amac\u0131yla, Made In France so\u011futma<strong>\u00e7\u00f6z\u00fcm\u00fcm\u00fcz\u00fcn etkinli\u011fini<\/strong> kan\u0131tlamak i\u00e7in IC 12 modelimizi birka\u00e7 g\u00fcn boyunca test etmeyi \u00f6nerdik.<\/p>\n\n\n\n<p><\/p>\n\n\n\n<h3 class=\"wp-block-heading\">Anl\u0131k sonu\u00e7lar<\/h3>\n\n\n\n<blockquote class=\"wp-block-quote is-layout-flow wp-block-quote-is-layout-flow\">\n<p>&#8220;\u00c7ok basit, teknisyenlerim inanmad\u0131 ama birka\u00e7 dakika kulland\u0131ktan sonra s\u0131cakl\u0131\u011f\u0131n \u00f6nemli \u00f6l\u00e7\u00fcde d\u00fc\u015ft\u00fc\u011f\u00fcn\u00fc g\u00f6rd\u00fck. <strong>Konforun<\/strong> yan\u0131 s\u0131ra verimlilik de <strong>kazand\u0131k<\/strong>. At\u00f6lyedeki atmosfer daha rahat ve \u00e7ok daha iyi ko\u015fullarda \u00e7al\u0131\u015fmaya elveri\u015fli.  <br\/><br\/>Bay Fabris, FABRIS garaj\u0131n\u0131n sahibi.<\/p>\n<\/blockquote>\n<\/div>\n\n\n\n<div class=\"wp-block-column is-layout-flow wp-block-column-is-layout-flow\" style=\"flex-basis:50%\"><style>.kb-gallery-id-118196_6fa53f-8e .kadence-blocks-gallery-item .kb-gal-image-radius, .kb-gallery-id-118196_6fa53f-8e .kb-slide-item .kb-gal-image-radius img{border-radius:0px 0px 0px 0px;;}.kb-gallery-wrap-id-118196_6fa53f-8e.wp-block-kadence-advancedgallery{overflow:visible;}.kb-gallery-wrap-id-118196_6fa53f-8e.wp-block-kadence-advancedgallery .kt-blocks-carousel{overflow:visible;}<\/style><div class=\"kb-gallery-wrap-id-118196_6fa53f-8e alignnone wp-block-kadence-advancedgallery\"><div class=\"kb-gallery-ul kb-gallery-non-static kb-gallery-type-slider kb-gallery-id-118196_6fa53f-8e kb-gallery-caption-style-bottom-hover kb-gallery-filter-none\" data-image-filter=\"none\" data-lightbox-caption=\"true\"><div class=\"kt-blocks-carousel splide kt-carousel-container-dotstyle-dark kt-carousel-arrowstyle-whiteondark kt-carousel-dotstyle-dark kb-slider-group-arrow kb-slider-arrow-position-center\" data-slider-anim-speed=\"400\" data-slider-scroll=\"1\" data-slider-arrows=\"true\" data-slider-fade=\"true\" data-slider-dots=\"true\" data-slider-type=\"slider\" data-slider-hover-pause=\"false\" data-slider-auto=\"\" data-slider-speed=\"7000\" data-show-pause-button=\"false\"><div class=\"splide__track\"><ul class=\"kt-blocks-carousel-init kb-blocks-slider splide__list\"><li class=\"kb-slide-item kb-gallery-slide-item splide__slide\"><div class=\"kadence-blocks-gallery-item\"><div class=\"kadence-blocks-gallery-item-inner\"><figure class=\"kb-gallery-figure kadence-blocks-gallery-item-hide-caption\"><div class=\"kb-gal-image-radius\"><div class=\"kb-gallery-image-contain kadence-blocks-gallery-intrinsic kb-gallery-image-ratio-land32 kb-has-image-ratio-land32\" ><img decoding=\"async\" src=\"https:\/\/obera.fr\/wp-content\/uploads\/2025\/06\/raf-ic-12-secteur-automobile.3-1024x1024.png\" width=\"1024\" height=\"1024\" alt=\"raf ic 12 secteur automobile\" data-full-image=\"https:\/\/obera.fr\/wp-content\/uploads\/2025\/06\/raf-ic-12-secteur-automobile.3.png\" data-light-image=\"https:\/\/obera.fr\/wp-content\/uploads\/2025\/06\/raf-ic-12-secteur-automobile.3.png\" data-id=\"118287\" class=\"wp-image-118287 skip-lazy\" srcset=\"https:\/\/obera.fr\/wp-content\/uploads\/2025\/06\/raf-ic-12-secteur-automobile.3-1024x1024.png 1024w, https:\/\/obera.fr\/wp-content\/uploads\/2025\/06\/raf-ic-12-secteur-automobile.3-300x300.png 300w, https:\/\/obera.fr\/wp-content\/uploads\/2025\/06\/raf-ic-12-secteur-automobile.3-150x150.png 150w, https:\/\/obera.fr\/wp-content\/uploads\/2025\/06\/raf-ic-12-secteur-automobile.3-768x768.png 768w, https:\/\/obera.fr\/wp-content\/uploads\/2025\/06\/raf-ic-12-secteur-automobile.3.png 1200w\" sizes=\"(max-width: 1024px) 100vw, 1024px\" \/><\/div><\/div><\/figure><\/div><\/div><\/li><li class=\"kb-slide-item kb-gallery-slide-item splide__slide\"><div class=\"kadence-blocks-gallery-item\"><div class=\"kadence-blocks-gallery-item-inner\"><figure class=\"kb-gallery-figure kadence-blocks-gallery-item-hide-caption\"><div class=\"kb-gal-image-radius\"><div class=\"kb-gallery-image-contain kadence-blocks-gallery-intrinsic kb-gallery-image-ratio-land32 kb-has-image-ratio-land32\" ><img decoding=\"async\" src=\"https:\/\/obera.fr\/wp-content\/uploads\/2025\/06\/raf-ic-12-secteur-automobile.2-1024x1024.png\" width=\"1024\" height=\"1024\" alt=\"raf ic 12 secteur\" data-full-image=\"https:\/\/obera.fr\/wp-content\/uploads\/2025\/06\/raf-ic-12-secteur-automobile.2.png\" data-light-image=\"https:\/\/obera.fr\/wp-content\/uploads\/2025\/06\/raf-ic-12-secteur-automobile.2.png\" data-id=\"118313\" class=\"wp-image-118313 skip-lazy\" srcset=\"https:\/\/obera.fr\/wp-content\/uploads\/2025\/06\/raf-ic-12-secteur-automobile.2-1024x1024.png 1024w, https:\/\/obera.fr\/wp-content\/uploads\/2025\/06\/raf-ic-12-secteur-automobile.2-300x300.png 300w, https:\/\/obera.fr\/wp-content\/uploads\/2025\/06\/raf-ic-12-secteur-automobile.2-150x150.png 150w, https:\/\/obera.fr\/wp-content\/uploads\/2025\/06\/raf-ic-12-secteur-automobile.2-768x768.png 768w, https:\/\/obera.fr\/wp-content\/uploads\/2025\/06\/raf-ic-12-secteur-automobile.2.png 1200w\" sizes=\"(max-width: 1024px) 100vw, 1024px\" \/><\/div><\/div><\/figure><\/div><\/div><\/li><li class=\"kb-slide-item kb-gallery-slide-item splide__slide\"><div class=\"kadence-blocks-gallery-item\"><div class=\"kadence-blocks-gallery-item-inner\"><figure class=\"kb-gallery-figure kadence-blocks-gallery-item-hide-caption\"><div class=\"kb-gal-image-radius\"><div class=\"kb-gallery-image-contain kadence-blocks-gallery-intrinsic kb-gallery-image-ratio-land32 kb-has-image-ratio-land32\" ><img decoding=\"async\" src=\"https:\/\/obera.fr\/wp-content\/uploads\/2025\/06\/raf-ic-12-secteur-automobile-1024x1024.png\" width=\"1024\" height=\"1024\" alt=\"raf ic 12 secteur garage\" data-full-image=\"https:\/\/obera.fr\/wp-content\/uploads\/2025\/06\/raf-ic-12-secteur-automobile.png\" data-light-image=\"https:\/\/obera.fr\/wp-content\/uploads\/2025\/06\/raf-ic-12-secteur-automobile.png\" data-id=\"118337\" class=\"wp-image-118337 skip-lazy\" srcset=\"https:\/\/obera.fr\/wp-content\/uploads\/2025\/06\/raf-ic-12-secteur-automobile-1024x1024.png 1024w, https:\/\/obera.fr\/wp-content\/uploads\/2025\/06\/raf-ic-12-secteur-automobile-300x300.png 300w, https:\/\/obera.fr\/wp-content\/uploads\/2025\/06\/raf-ic-12-secteur-automobile-150x150.png 150w, https:\/\/obera.fr\/wp-content\/uploads\/2025\/06\/raf-ic-12-secteur-automobile-768x768.png 768w, https:\/\/obera.fr\/wp-content\/uploads\/2025\/06\/raf-ic-12-secteur-automobile.png 1200w\" sizes=\"(max-width: 1024px) 100vw, 1024px\" \/><\/div><\/div><\/figure><\/div><\/div><\/li><li class=\"kb-slide-item kb-gallery-slide-item splide__slide\"><div class=\"kadence-blocks-gallery-item\"><div class=\"kadence-blocks-gallery-item-inner\"><figure class=\"kb-gallery-figure kadence-blocks-gallery-item-hide-caption\"><div class=\"kb-gal-image-radius\"><div class=\"kb-gallery-image-contain kadence-blocks-gallery-intrinsic kb-gallery-image-ratio-land32 kb-has-image-ratio-land32\" ><img decoding=\"async\" src=\"https:\/\/obera.fr\/wp-content\/uploads\/2025\/06\/raf-ic-12-secteur-automobile.4-1024x1024.png\" width=\"1024\" height=\"1024\" alt=\"raf ic 12\" data-full-image=\"https:\/\/obera.fr\/wp-content\/uploads\/2025\/06\/raf-ic-12-secteur-automobile.4.png\" data-light-image=\"https:\/\/obera.fr\/wp-content\/uploads\/2025\/06\/raf-ic-12-secteur-automobile.4.png\" data-id=\"118361\" class=\"wp-image-118361 skip-lazy\" srcset=\"https:\/\/obera.fr\/wp-content\/uploads\/2025\/06\/raf-ic-12-secteur-automobile.4-1024x1024.png 1024w, https:\/\/obera.fr\/wp-content\/uploads\/2025\/06\/raf-ic-12-secteur-automobile.4-300x300.png 300w, https:\/\/obera.fr\/wp-content\/uploads\/2025\/06\/raf-ic-12-secteur-automobile.4-150x150.png 150w, https:\/\/obera.fr\/wp-content\/uploads\/2025\/06\/raf-ic-12-secteur-automobile.4-768x768.png 768w, https:\/\/obera.fr\/wp-content\/uploads\/2025\/06\/raf-ic-12-secteur-automobile.4.png 1200w\" sizes=\"(max-width: 1024px) 100vw, 1024px\" \/><\/div><\/div><\/figure><\/div><\/div><\/li><li class=\"kb-slide-item kb-gallery-slide-item splide__slide\"><div class=\"kadence-blocks-gallery-item\"><div class=\"kadence-blocks-gallery-item-inner\"><figure class=\"kb-gallery-figure kadence-blocks-gallery-item-hide-caption\"><div class=\"kb-gal-image-radius\"><div class=\"kb-gallery-image-contain kadence-blocks-gallery-intrinsic kb-gallery-image-ratio-land32 kb-has-image-ratio-land32\" ><img decoding=\"async\" src=\"https:\/\/obera.fr\/wp-content\/uploads\/2025\/06\/raf-ic-12-secteur-automobile.1-1024x1024.png\" width=\"1024\" height=\"1024\" alt=\"raf ic 12 secteur auto\" data-full-image=\"https:\/\/obera.fr\/wp-content\/uploads\/2025\/06\/raf-ic-12-secteur-automobile.1.png\" data-light-image=\"https:\/\/obera.fr\/wp-content\/uploads\/2025\/06\/raf-ic-12-secteur-automobile.1.png\" data-id=\"118387\" class=\"wp-image-118387 skip-lazy\" srcset=\"https:\/\/obera.fr\/wp-content\/uploads\/2025\/06\/raf-ic-12-secteur-automobile.1-1024x1024.png 1024w, https:\/\/obera.fr\/wp-content\/uploads\/2025\/06\/raf-ic-12-secteur-automobile.1-300x300.png 300w, https:\/\/obera.fr\/wp-content\/uploads\/2025\/06\/raf-ic-12-secteur-automobile.1-150x150.png 150w, https:\/\/obera.fr\/wp-content\/uploads\/2025\/06\/raf-ic-12-secteur-automobile.1-768x768.png 768w, https:\/\/obera.fr\/wp-content\/uploads\/2025\/06\/raf-ic-12-secteur-automobile.1.png 1200w\" sizes=\"(max-width: 1024px) 100vw, 1024px\" \/><\/div><\/div><\/figure><\/div><\/div><\/li><\/ul><\/div><\/div><\/div><\/div><\/div>\n<\/div>\n\n<p><br\/>\u00c7\u00f6z\u00fcm\u00fcm\u00fcz\u00fcn ba\u015far\u0131s\u0131n\u0131n ard\u0131ndan, Volkswagen Fabris Garaj\u0131 <strong>2 adet OberA so\u011futucu<\/strong> sat\u0131n almay\u0131 tercih ederek, bu tekrarlayan s\u0131cak d\u00f6nemlerde <strong>mekanikerlerinin<\/strong> konforu i\u00e7in b\u00fcy\u00fck bir ad\u0131m att\u0131.<\/p>\n\n<p><\/p>\n\n<h2 class=\"wp-block-heading\">Bir garaj sahibi misiniz veya otomotiv sekt\u00f6r\u00fcnde misiniz? At\u00f6lyenizde daha temiz havan\u0131n somut faydalar\u0131n\u0131 ke\u015ffedin<\/h2>\n\n<p>Mekanik bir at\u00f6lyede \u0131s\u0131yla m\u00fccadele etmek art\u0131k bir se\u00e7enek de\u011fil: <strong>i\u015fyerinde sa\u011fl\u0131k, performans ve refah mesel<\/strong>esi.<\/p>\n\n<ul class=\"wp-block-list\">\n<li>Garage Fabris gibi, IC so\u011futucu serimizi DENEY\u0130N VEYA K\u0130RALAYIN<\/li>\n\n\n\n<li>End\u00fcstriyel so\u011futma ihtiya\u00e7lar\u0131n\u0131z\u0131n h\u0131zl\u0131 bir \u015fekilde te\u015fhis edilmesi i\u00e7in bug\u00fcn bize ula\u015f\u0131n.<\/li>\n<\/ul>\n\n<p><\/p>\n\n<p>\u00c7al\u0131\u015fanlar\u0131n\u0131z\u0131n konforu bekleyemez, OberA \u00e7\u00f6z\u00fcmleri ile \u015fimdi harekete ge\u00e7in!<\/p>\n\n<div style=\"height:51px\" aria-hidden=\"true\" class=\"wp-block-spacer\"><\/div>\n\n<div class=\"wp-block-buttons is-content-justification-center is-layout-flex wp-container-core-buttons-is-layout-a89b3969 wp-block-buttons-is-layout-flex\">\n<div class=\"wp-block-button\"><a class=\"wp-block-button__link has-text-align-center wp-element-button\" href=\"https:\/\/obera.fr\/tr\/contact\/\"><strong><strong>Bize ula\u015f\u0131n<\/strong><\/strong><\/a><\/div>\n\n\n\n<div class=\"wp-block-button\"><a class=\"wp-block-button__link has-text-align-center wp-element-button\" href=\"https:\/\/obera.fr\/tr\/location-appareil-industriel\/\"><strong><strong>Ekipmanlar\u0131m\u0131z\u0131 kiralay\u0131n<\/strong><\/strong><\/a><\/div>\n<\/div>\n","protected":false},"excerpt":{"rendered":"<p>Otomotiv sekt\u00f6r\u00fc a\u015f\u0131r\u0131 \u0131s\u0131n\u0131yor ve garajlar ile at\u00f6lyelerdeki s\u0131cakl\u0131k<br \/>\nsekt\u00f6rdeki profesyoneller i\u00e7in bir bela haline geliyor.<\/p>\n","protected":false},"author":13,"featured_media":120454,"comment_status":"open","ping_status":"closed","sticky":false,"template":"","format":"standard","meta":{"_acf_changed":false,"_seopress_robots_primary_cat":"none","_seopress_titles_title":"OberA so\u011futucular: araba garajlar\u0131nda \u0131s\u0131nmaya son","_seopress_titles_desc":"OberA, at\u00f6lyedeki \u0131s\u0131 sorununa etkili bir \u00e7\u00f6z\u00fcm sunar: end\u00fcstriyel hava so\u011futucular\u0131 sayesinde konfor, g\u00fcvenlik ve performans yeniden sa\u011flan\u0131r.","_seopress_robots_index":"","footnotes":""},"categories":[561],"tags":[463],"class_list":["post-118471","post","type-post","status-publish","format-standard","has-post-thumbnail","hentry","category-otomobiller-ve-kamyonlar","tag-sogutucular","generate-columns","tablet-grid-50","mobile-grid-100","grid-parent","grid-50","no-featured-image-padding","resize-featured-image"],"acf":[],"_links":{"self":[{"href":"https:\/\/obera.fr\/tr\/wp-json\/wp\/v2\/posts\/118471","targetHints":{"allow":["GET"]}}],"collection":[{"href":"https:\/\/obera.fr\/tr\/wp-json\/wp\/v2\/posts"}],"about":[{"href":"https:\/\/obera.fr\/tr\/wp-json\/wp\/v2\/types\/post"}],"author":[{"embeddable":true,"href":"https:\/\/obera.fr\/tr\/wp-json\/wp\/v2\/users\/13"}],"replies":[{"embeddable":true,"href":"https:\/\/obera.fr\/tr\/wp-json\/wp\/v2\/comments?post=118471"}],"version-history":[{"count":6,"href":"https:\/\/obera.fr\/tr\/wp-json\/wp\/v2\/posts\/118471\/revisions"}],"predecessor-version":[{"id":122801,"href":"https:\/\/obera.fr\/tr\/wp-json\/wp\/v2\/posts\/118471\/revisions\/122801"}],"wp:featuredmedia":[{"embeddable":true,"href":"https:\/\/obera.fr\/tr\/wp-json\/wp\/v2\/media\/120454"}],"wp:attachment":[{"href":"https:\/\/obera.fr\/tr\/wp-json\/wp\/v2\/media?parent=118471"}],"wp:term":[{"taxonomy":"category","embeddable":true,"href":"https:\/\/obera.fr\/tr\/wp-json\/wp\/v2\/categories?post=118471"},{"taxonomy":"post_tag","embeddable":true,"href":"https:\/\/obera.fr\/tr\/wp-json\/wp\/v2\/tags?post=118471"}],"curies":[{"name":"wp","href":"https:\/\/api.w.org\/{rel}","templated":true}]}}