{"id":120819,"date":"2025-07-08T15:06:08","date_gmt":"2025-07-08T13:06:08","guid":{"rendered":"https:\/\/obera.fr\/conseils\/chaleur-parking-enjeu-urbain\/"},"modified":"2025-07-10T09:23:29","modified_gmt":"2025-07-10T07:23:29","slug":"chaleur-parking-enjeu-urbain","status":"publish","type":"post","link":"https:\/\/obera.fr\/tr\/bizim-tavsiyemiz\/chaleur-parking-enjeu-urbain\/","title":{"rendered":"Otoparklarda \u0131s\u0131: hafife al\u0131nan bir kentsel sorun"},"content":{"rendered":"\n<p><strong>Yeralt\u0131 otoparklar\u0131<\/strong> iyi bilinen kentsel s\u0131cak noktalard\u0131r: k\u00f6t\u00fc havaland\u0131r\u0131l\u0131r, \u00e7ok minerallidir, kapal\u0131d\u0131r.<br\/>Yine de bu alanlar, \u015fehirlerimizin kalbinde, \u00e7ok yo\u011fun ve genellikle d\u0131\u015far\u0131dan daha s\u0131cak olmalar\u0131na ra\u011fmen, <strong>iklim de\u011fi\u015fikli\u011fine uyum sa\u011flama planlar\u0131nda<\/strong> nadiren dikkate al\u0131nmaktad\u0131r.<\/p>\n\n<h2 class=\"wp-block-heading\">G\u00f6r\u00fcnmez kent f\u0131r\u0131nlar\u0131<\/h2>\n\n<p>Ara\u00e7lar\u0131 depolamak i\u00e7in tasarlanan <strong>yeralt\u0131 otoparklar\u0131 genellikle kapal\u0131<\/strong>, mineralli, yetersiz havaland\u0131rmal\u0131 ve betonla \u00e7evrilidir. Sonu\u00e7: d\u0131\u015far\u0131s\u0131 \u0131s\u0131n\u0131r \u0131s\u0131nmaz bu alanlar ger\u00e7ek birer \u0131s\u0131 tuza\u011f\u0131na d\u00f6n\u00fc\u015f\u00fcr.<strong> S\u0131cakl\u0131klar<\/strong> s\u0131cak hava dalgalar\u0131 s\u0131ras\u0131nda<strong> kolayca 40\u00b0C&#8217;yi a\u015fabilir<\/strong> ve derinlerde daha da y\u00fckselebilir.  <br\/><br\/>Bunun pek \u00e7ok sonucu var:<\/p>\n\n<ul class=\"wp-block-list\">\n<li><strong>Kullan\u0131c\u0131lar<\/strong>, \u00f6zellikle de ya\u015fl\u0131lar ve aileler <strong>i\u00e7in b\u00fcy\u00fck rahats\u0131zl\u0131k<\/strong>.<\/li>\n\n\n\n<li>Bak\u0131m <strong>\u00e7al\u0131\u015fanlar\u0131<\/strong> ve saha personeli <strong>i\u00e7in sa\u011fl\u0131k riskleri<\/strong>.<\/li>\n\n\n\n<li>Is\u0131ya duyarl\u0131 teknik ekipman\u0131n <strong>erken a\u015f\u0131nmas\u0131<\/strong>.<\/li>\n\n\n\n<li><strong>Kamu hizmetinin k\u00f6t\u00fc imaj\u0131<\/strong>, eski moda veya ihmal edilmi\u015f olarak alg\u0131lanmas\u0131.<\/li>\n<\/ul>\n\n<p>Ve bu sorun, \u00f6n\u00fcm\u00fczdeki y\u0131llarda<br\/>adresinde \u00f6ng\u00f6r\u00fclen s\u0131cakl\u0131k art\u0131\u015f\u0131yla daha da k\u00f6t\u00fcle\u015fecek.<\/p>\n\n<h2 class=\"wp-block-heading\">\u00c7\u00f6z\u00fcmler mevcut: Aix-en-Provence&#8217;da SEMEPA<\/h2>\n\n<p>Aix-en-Provence&#8217;da SEMEPA y\u00f6n de\u011fi\u015ftirmeye karar verdi. \u015eehir merkezindeki otoparklar\u0131nda artan rahats\u0131zl\u0131\u011f\u0131 fark ederek, 2025 y\u0131l\u0131nda Rotonde otopark\u0131nda <strong>yenilik\u00e7i<\/strong> bir <strong>\u00e7\u00f6z\u00fcm<\/strong> uygulad\u0131: Yeralt\u0131 y\u00fcr\u00fcy\u00fc\u015f yollar\u0131na 12 adet XXL <a href=\"https:\/\/obera.fr\/tr\/produits\/rafraichisseurs-air\/\">adyabatik so\u011futucu<\/a> yerle\u015ftirildi.<br\/>Prensip? Klima, kirletici s\u0131v\u0131lar ve g\u00fcr\u00fclt\u00fc olmadan<strong>suyun do\u011fal buharla\u015fmas\u0131<\/strong>.<br\/>Sonu\u00e7: her bir \u00fcnitenin etraf\u0131nda -4\u00b0C&#8217;ye kadar ve temiz hava hissi.  <br\/><br\/>Bu yenilik\u00e7i \u00e7\u00f6z\u00fcmle ilgili raporun tamam\u0131n\u0131 okuyun: <a href=\"https:\/\/www.francebleu.fr\/infos\/transports\/des-ventilateurs-xxl-dans-le-plus-grand-parking-d-aix-en-provence-5428694\"><em>https:\/\/www.francebleu.fr\/infos\/transports\/des-ventilateurs-xxl-dans-le-plus-grand-parking-d-aix-en-provence-5428694<\/em><\/a><\/p>\n\n<div class=\"wp-block-columns is-layout-flex wp-container-core-columns-is-layout-28f84493 wp-block-columns-is-layout-flex\">\n<div class=\"wp-block-column is-layout-flow wp-block-column-is-layout-flow\">\n<figure class=\"wp-block-image aligncenter size-large is-resized\"><img decoding=\"async\" width=\"819\" height=\"1024\" src=\"https:\/\/obera.fr\/wp-content\/uploads\/2025\/07\/image-ici-819x1024.jpg\" alt=\"Otopark &#x131;s&#x131;s&#x131;\" class=\"wp-image-120729\" style=\"width:457px;height:auto\" srcset=\"https:\/\/obera.fr\/wp-content\/uploads\/2025\/07\/image-ici-819x1024.jpg 819w, https:\/\/obera.fr\/wp-content\/uploads\/2025\/07\/image-ici-240x300.jpg 240w, https:\/\/obera.fr\/wp-content\/uploads\/2025\/07\/image-ici-768x960.jpg 768w, https:\/\/obera.fr\/wp-content\/uploads\/2025\/07\/image-ici.jpg 1080w\" sizes=\"(max-width: 819px) 100vw, 819px\" \/><\/figure>\n<\/div>\n\n\n\n<div class=\"wp-block-column is-layout-flow wp-block-column-is-layout-flow\">\n<figure class=\"wp-block-image aligncenter size-large is-resized\"><img decoding=\"async\" width=\"728\" height=\"1024\" src=\"https:\/\/obera.fr\/wp-content\/uploads\/2025\/07\/image-ici-affiche-728x1024.jpg\" alt=\"Otoparklarda &#x131;s&#x131;\" class=\"wp-image-120752\" style=\"width:426px;height:auto\" srcset=\"https:\/\/obera.fr\/wp-content\/uploads\/2025\/07\/image-ici-affiche-728x1024.jpg 728w, https:\/\/obera.fr\/wp-content\/uploads\/2025\/07\/image-ici-affiche-213x300.jpg 213w, https:\/\/obera.fr\/wp-content\/uploads\/2025\/07\/image-ici-affiche-768x1081.jpg 768w, https:\/\/obera.fr\/wp-content\/uploads\/2025\/07\/image-ici-affiche-1092x1536.jpg 1092w, https:\/\/obera.fr\/wp-content\/uploads\/2025\/07\/image-ici-affiche.jpg 1280w\" sizes=\"(max-width: 728px) 100vw, 728px\" \/><\/figure>\n<\/div>\n<\/div>\n\n<h2 class=\"wp-block-heading\">Oda spreylerimiz \u015fehir i\u00e7i otoparklara uyum sa\u011fl\u0131yor<\/h2>\n\n<p>OberA&#8217;n\u0131n adyabatik so\u011futma teknolojisi, \u0131s\u0131, durgun hava ve yetersiz havaland\u0131rman\u0131n ger\u00e7ek zorluklar olu\u015fturdu\u011fu yeralt\u0131 otoparklar\u0131 i\u00e7in m\u00fckemmel \u015fekilde uygundur.<br\/><br\/>Sa\u011flam, sessiz ve so\u011futucu ak\u0131\u015fkan i\u00e7ermeyen <a href=\"https:\/\/obera.fr\/tr\/bizim-tavsiyemiz\/rafraichissement-adiabatique-confort-thermique-naturel\/\">so\u011futucular\u0131m\u0131z, iyi hava kalitesini korurken do\u011fal<\/a>, ekonomik so\u011futma sa\u011flar. Kurulumu kolay (cephe, \u00e7at\u0131 veya mobil) ve bak\u0131m\u0131 basit olan bu so\u011futucular, \u015fehrin kalbinde optimum konfor i\u00e7in 30.000 m\u00b3\/saate kadar hava ak\u0131\u015f\u0131 sa\u011flar. <br\/><br\/>\u00dcr\u00fcnlerimiz hakk\u0131nda daha fazla bilgi edinmek ve<strong> alanlar\u0131n\u0131z\u0131 yenilemek<\/strong> i\u00e7in bizimle birlikte \u00e7al\u0131\u015fmak i\u00e7in ekiplerimizle ileti\u015fime ge\u00e7in. \u0130htiya\u00e7lar\u0131n\u0131za ve hedeflerinize en uygun ekipman\u0131 se\u00e7menize yard\u0131mc\u0131 olabiliriz. <\/p>\n\n<div style=\"height:40px\" aria-hidden=\"true\" class=\"wp-block-spacer\"><\/div>\n\n<div class=\"wp-block-buttons is-content-justification-center is-layout-flex wp-container-core-buttons-is-layout-a89b3969 wp-block-buttons-is-layout-flex\">\n<div class=\"wp-block-button\"><a class=\"wp-block-button__link wp-element-button\" href=\"https:\/\/obera.fr\/tr\/contact\/\">Bize ula\u015f\u0131n<\/a><\/div>\n\n\n\n<div class=\"wp-block-button\"><a class=\"wp-block-button__link has-text-align-center wp-element-button\" href=\"https:\/\/obera.fr\/tr\/location-appareil-industriel\/\">Ekipmanlar\u0131m\u0131z\u0131 kiralay\u0131n<\/a><\/div>\n<\/div>\n","protected":false},"excerpt":{"rendered":"<p>Yeralt\u0131 otoparklar\u0131 iyi bilinen kentsel s\u0131cak noktalard\u0131r: k\u00f6t\u00fc havaland\u0131r\u0131lm\u0131\u015f, \u00e7ok mineralli ve kapal\u0131.<\/p>\n","protected":false},"author":13,"featured_media":120879,"comment_status":"open","ping_status":"closed","sticky":false,"template":"","format":"standard","meta":{"_acf_changed":false,"_seopress_robots_primary_cat":"none","_seopress_titles_title":"Parkings souterrains : rafra\u00eechir naturellement face aux fortes chaleurs","_seopress_titles_desc":"OberA propose une solution adiabatique pour rafra\u00eechir les parkings urbains : -4\u00b0C sans clim, sans bruit, sans fluide nocif. Exemple \u00e0 Aix-en-Provence.","_seopress_robots_index":"","footnotes":""},"categories":[299],"tags":[],"class_list":["post-120819","post","type-post","status-publish","format-standard","has-post-thumbnail","hentry","category-bizim-tavsiyemiz","generate-columns","tablet-grid-50","mobile-grid-100","grid-parent","grid-50","no-featured-image-padding","resize-featured-image"],"acf":[],"_links":{"self":[{"href":"https:\/\/obera.fr\/tr\/wp-json\/wp\/v2\/posts\/120819","targetHints":{"allow":["GET"]}}],"collection":[{"href":"https:\/\/obera.fr\/tr\/wp-json\/wp\/v2\/posts"}],"about":[{"href":"https:\/\/obera.fr\/tr\/wp-json\/wp\/v2\/types\/post"}],"author":[{"embeddable":true,"href":"https:\/\/obera.fr\/tr\/wp-json\/wp\/v2\/users\/13"}],"replies":[{"embeddable":true,"href":"https:\/\/obera.fr\/tr\/wp-json\/wp\/v2\/comments?post=120819"}],"version-history":[{"count":1,"href":"https:\/\/obera.fr\/tr\/wp-json\/wp\/v2\/posts\/120819\/revisions"}],"predecessor-version":[{"id":120821,"href":"https:\/\/obera.fr\/tr\/wp-json\/wp\/v2\/posts\/120819\/revisions\/120821"}],"wp:featuredmedia":[{"embeddable":true,"href":"https:\/\/obera.fr\/tr\/wp-json\/wp\/v2\/media\/120879"}],"wp:attachment":[{"href":"https:\/\/obera.fr\/tr\/wp-json\/wp\/v2\/media?parent=120819"}],"wp:term":[{"taxonomy":"category","embeddable":true,"href":"https:\/\/obera.fr\/tr\/wp-json\/wp\/v2\/categories?post=120819"},{"taxonomy":"post_tag","embeddable":true,"href":"https:\/\/obera.fr\/tr\/wp-json\/wp\/v2\/tags?post=120819"}],"curies":[{"name":"wp","href":"https:\/\/api.w.org\/{rel}","templated":true}]}}