{"id":145510,"date":"2025-12-08T13:27:24","date_gmt":"2025-12-08T11:27:24","guid":{"rendered":"https:\/\/obera.fr\/conseils\/fransizlarin-%89u-isyerlerindeki-hava-kirliligini-hafife-aliyor\/"},"modified":"2026-03-02T12:21:38","modified_gmt":"2026-03-02T10:21:38","slug":"fransizlarin-%89u-isyerlerindeki-hava-kirliligini-hafife-aliyor","status":"publish","type":"post","link":"https:\/\/obera.fr\/tr\/presse\/fransizlarin-%89u-isyerlerindeki-hava-kirliligini-hafife-aliyor\/","title":{"rendered":"Frans\u0131zlar\u0131n %89&#8217;u i\u015fyerlerindeki hava kirlili\u011fini hafife al\u0131yor"},"content":{"rendered":"\n<p class=\"has-text-align-center has-medium-font-size\">D\u0131\u015far\u0131dan 5 ila 10 kat daha y\u00fcksek olabilen bir kirlilik<\/p>\n\n<p class=\"has-text-align-center has-medium-font-size\">\u00c7al\u0131\u015fanlar\u0131n sadece %22&#8217;si sa\u011fl\u0131kl\u0131 i\u00e7 hava kalitesinin s\u00fcrd\u00fcr\u00fclmesinin i\u015fveren i\u00e7in yasal bir y\u00fck\u00fcml\u00fcl\u00fck oldu\u011funu biliyor<\/p>\n\n<figure class=\"wp-block-image aligncenter size-full\"><img decoding=\"async\" width=\"289\" height=\"193\" src=\"https:\/\/obera.fr\/wp-content\/uploads\/2026\/02\/etude-image-obera-pollution.png\" alt=\"etude image obera pollution\" class=\"wp-image-143846\"\/><\/figure>\n\n<h2 class=\"wp-block-heading\">\u0130\u015fyerinizdeki hava kalitesi hakk\u0131nda ne d\u00fc\u015f\u00fcn\u00fcyorsunuz? <\/h2>\n\n<p><strong>OberA \u015firketi bu soruyu alt\u0131 b\u00fcy\u00fck faaliyet sekt\u00f6r\u00fcnden* 5.601 ki\u015fiye sordu. Anket, \u00e7al\u0131\u015fanlar\u0131n \u00e7o\u011funlu\u011funun i\u00e7 hava kirlili\u011fini hafife ald\u0131\u011f\u0131n\u0131, sa\u011fl\u0131klar\u0131 i\u00e7in riskleri yeterince bilmediklerini ve i\u015fverenlerinin yasal y\u00fck\u00fcml\u00fcl\u00fcklerinden b\u00fcy\u00fck \u00f6l\u00e7\u00fcde haberdar olmad\u0131klar\u0131n\u0131 g\u00f6steriyor.  <\/strong><\/p>\n\n<h2 class=\"wp-block-heading\">Hava kalitesini yanl\u0131\u015f de\u011ferlendiren Frans\u0131zlar <\/h2>\n\n<p>Ger\u00e7eklerden \u00e7ok uzak bir \u015fekilde, <strong>Frans\u0131zlar\u0131n %57&#8217;si k\u0131\u015f aylar\u0131nda i\u015fyerlerindeki havan\u0131n &#8220;\u00e7ok&#8221; veya &#8220;olduk\u00e7a&#8221; iyi kalitede oldu\u011funu d\u00fc\u015f\u00fcn\u00fcyor<\/strong>. <\/p>\n\n<p>Oysa t\u00fcm ara\u015ft\u0131rmalar, i\u00e7 hava kalitesinin koku veya belirgin bir rahats\u0131zl\u0131k olmasa bile sa\u011fl\u0131k i\u00e7in \u00f6nemli riskler olu\u015fturabilece\u011fi konusunda hemfikir. <\/p>\n\n<p><strong>Yakla\u015f\u0131k 3 ki\u015fiden 1&#8217;i (%29)<\/strong> i\u015fyerlerindeki havay\u0131 yine de k\u00f6t\u00fc olarak de\u011ferlendiriyor; bu durum, bir\u00e7ok ortamda rahats\u0131zl\u0131\u011f\u0131n zaten hissedildi\u011finin g\u00f6stergesi. Ancak en \u00f6nemlisi, <strong>%14&#8217;\u00fc bu soruyu hi\u00e7 d\u00fc\u015f\u00fcnmediklerini<\/strong> belirtiyor; bu da \u00e7al\u0131\u015fanlar\u0131n alg\u0131s\u0131 ile i\u015fyerinde hava kalitesi konusundaki ger\u00e7ek sorunlar aras\u0131nda b\u00fcy\u00fck bir uyumsuzluk oldu\u011funu do\u011fruluyor.  <\/p>\n\n<h3 class=\"wp-block-heading\">K\u0131\u015f aylar\u0131nda \u00e7al\u0131\u015fma ortam\u0131n\u0131zdaki hava kalitesinin nas\u0131l oldu\u011funu s\u00f6ylersiniz:<\/h3>\n\n<figure class=\"wp-block-table\"><table class=\"has-fixed-layout\"><tbody><tr><td><strong>Yan\u0131tlar <\/strong><\/td><td><strong>Y\u00fczdeler<\/strong><\/td><\/tr><tr><td>\u00c7ok iyi <\/td><td>21 %<\/td><\/tr><tr><td>Olduk\u00e7a iyi <\/td><td>36 %<\/td><\/tr><tr><td>Olduk\u00e7a k\u00f6t\u00fc <\/td><td>23 %<\/td><\/tr><tr><td>\u00c7ok k\u00f6t\u00fc <\/td><td>6 %<\/td><\/tr><tr><td>Bilmiyorum \/ hi\u00e7 d\u00fc\u015f\u00fcnmedim <\/td><td>14 %<\/td><\/tr><\/tbody><\/table><\/figure>\n\n<h4 class=\"wp-block-heading\">\u0130\u015fletmelerdeki mevcut sistemler ne i\u015fe yarar? <\/h4>\n\n<p>Yanl\u0131\u015f bir \u015fekilde, <strong>Frans\u0131zlar\u0131n %65&#8217;i \u0131s\u0131tma, klima veya mekanik havaland\u0131rma sistemlerinin havay\u0131 filtreledi\u011fini veya ar\u0131nd\u0131rd\u0131\u011f\u0131n\u0131 d\u00fc\u015f\u00fcn\u00fcyor<\/strong>; oysa bu ekipmanlar\u0131n \u00e7o\u011fu, \u00f6zel bir ar\u0131tma cihaz\u0131 olmadan kirleticileri giderecek donan\u0131ma sahip de\u011fil. <\/p>\n\n<p>Daha ger\u00e7ek\u00e7i bir \u015fekilde, <strong>%23&#8217;\u00fc<\/strong> bunlar\u0131n &#8220;sadece \u0131s\u0131tt\u0131\u011f\u0131n\u0131 veya so\u011futtu\u011funu&#8221; d\u00fc\u015f\u00fcn\u00fcyor ve <strong>%12&#8217;si nas\u0131l \u00e7al\u0131\u015ft\u0131\u011f\u0131n\u0131 bilmedi\u011fini itiraf ediyor<\/strong>; bu da bu tesisatlar\u0131n ger\u00e7ek i\u015flevi konusunda genel bir belirsizli\u011fin g\u00f6stergesi.<\/p>\n\n<h3 class=\"wp-block-heading\">Sizce i\u015fyerinizdeki sistemler (\u0131s\u0131tma, klima, mekanik havaland\u0131rma): <\/h3>\n\n<figure class=\"wp-block-table\"><table class=\"has-fixed-layout\"><tbody><tr><td><strong>Yan\u0131tlar <\/strong><\/td><td><strong>Y\u00fczdeler<\/strong><\/td><\/tr><tr><td>Havay\u0131 ar\u0131nd\u0131r\u0131r ve daha sa\u011fl\u0131kl\u0131 hale getirir <\/td><td>34 %<\/td><\/tr><tr><td>Havay\u0131 biraz filtreler, ancak bu ana i\u015flevi de\u011fildir <\/td><td>31 %<\/td><\/tr><tr><td>Sadece havay\u0131 \u0131s\u0131t\u0131r\/so\u011futur, ar\u0131nd\u0131rmaz <\/td><td>23 %<\/td><\/tr><tr><td>Nas\u0131l \u00e7al\u0131\u015ft\u0131\u011f\u0131n\u0131 bilmiyorum <\/td><td>12 %<\/td><\/tr><\/tbody><\/table><\/figure>\n\n<h4 class=\"wp-block-heading\">Olduk\u00e7a rastgele kontroller <\/h4>\n\n<p><strong>\u0130ki \u00e7al\u0131\u015fandan yakla\u015f\u0131k biri, tesislerinde hava kalitesinin \u00f6l\u00e7\u00fcl\u00fcp \u00f6l\u00e7\u00fclmedi\u011fini bilmiyor<\/strong>: %29&#8217;u &#8220;hay\u0131r, hi\u00e7bir zaman&#8221; yan\u0131t\u0131n\u0131 veriyor ve %31&#8217;i bunun \u00f6l\u00e7\u00fclebilece\u011fi konusunda hi\u00e7 bilgilendirilmedi\u011fini belirtiyor. <\/p>\n\n<p>Sadece <strong>%14&#8217;\u00fc<\/strong> d\u00fczenli bir kontrol oldu\u011funu belirtiyor; oysa CO\u2082, partik\u00fcl veya UOB \u00f6l\u00e7\u00fcm\u00fc art\u0131k sa\u011fl\u0131kl\u0131 ve verimli bir \u00e7al\u0131\u015fma ortam\u0131 garanti etmek i\u00e7in <strong>vazge\u00e7ilmez bir ara\u00e7<\/strong> olarak kabul ediliyor. <\/p>\n\n<h3 class=\"wp-block-heading\">Profesyonel ortam\u0131n\u0131zda hava kalitesinin (CO\u2082, ince partik\u00fcl, duman, UOB, end\u00fcstriyel toz vb.) \u00f6l\u00e7\u00fcl\u00fcp \u00f6l\u00e7\u00fclmedi\u011fini veya kontrol edilip edilmedi\u011fini biliyor musunuz?<\/h3>\n\n<figure class=\"wp-block-table\"><table class=\"has-fixed-layout\"><tbody><tr><td><strong>Yan\u0131tlar <\/strong><\/td><td><strong>Y\u00fczdeler<\/strong><\/td><\/tr><tr><td>Evet, d\u00fczenli olarak <\/td><td>14 %<\/td><\/tr><tr><td>Evet, ancak \u00e7ok nadir olarak <\/td><td>26 %<\/td><\/tr><tr><td>Hay\u0131r, hi\u00e7bir zaman <\/td><td>29 %<\/td><\/tr><tr><td>Bilmiyorum \/ bunun \u00f6l\u00e7\u00fclebilece\u011finden haberdar de\u011fildim <\/td><td>31 %<\/td><\/tr><\/tbody><\/table><\/figure>\n\n<h4 class=\"wp-block-heading\">Pek ilgilenmeyen i\u015fletmeler <\/h4>\n\n<p>\u00c7o\u011fu i\u015fletmede i\u00e7 hava kalitesi, g\u00fcvenlik veya ergonominin \u00e7ok gerisinde kal\u0131yor: <strong>Frans\u0131zlar\u0131n sadece %12&#8217;si<\/strong> bunun ger\u00e7ek bir \u00f6ncelik oldu\u011funu d\u00fc\u015f\u00fcn\u00fcyor. <\/p>\n\n<p>Aksine, <strong>%37&#8217;si bundan neredeyse hi\u00e7 bahsetmiyor<\/strong> ve <strong>%27&#8217;si konunun nas\u0131l y\u00f6netildi\u011fini hi\u00e7 bilmiyor<\/strong>; yani <strong>yakla\u015f\u0131k 3 \u00e7al\u0131\u015fandan 2&#8217;si belirsizlik i\u00e7inde<\/strong>. <\/p>\n\n<h3 class=\"wp-block-heading\">Sizce i\u015fletmenizde k\u0131\u015f aylar\u0131nda i\u00e7 hava kalitesi \u015f\u00f6yle de\u011ferlendiriliyor:<\/h3>\n\n<figure class=\"wp-block-table\"><table class=\"has-fixed-layout\"><tbody><tr><td><strong>Yan\u0131tlar <\/strong><\/td><td><strong>Y\u00fczdeler<\/strong><\/td><\/tr><tr><td>G\u00fcvenlik veya ergonomi kadar \u00f6nemli bir \u00f6ncelik <\/td><td>12 %<\/td><\/tr><tr><td>Bazen konu\u015fulan ancak g\u00f6r\u00fcn\u00fcr bir eylem olmayan bir konu <\/td><td>24 %<\/td><\/tr><tr><td>Neredeyse hi\u00e7 konu\u015fulmayan bir konu <\/td><td>37 %<\/td><\/tr><tr><td>Bunun nas\u0131l y\u00f6netildi\u011fini hi\u00e7 bilmiyorum <\/td><td>27 %<\/td><\/tr><\/tbody><\/table><\/figure>\n\n<h4 class=\"wp-block-heading\">Sa\u011fl\u0131kl\u0131 hava nedir? <\/h4>\n\n<p>\u00c7ok endi\u015fe verici bir ger\u00e7ek: <strong>\u00e7al\u0131\u015fanlar\u0131n b\u00fcy\u00fck \u00e7o\u011funlu\u011fu (%64)<\/strong>, tesislerindeki hava kalitesini herhangi bir objektif \u00f6l\u00e7\u00fcm olmaks\u0131z\u0131n basit \u00f6znel izlenimlerden \u2013 koku olmamas\u0131, g\u00f6r\u00fcn\u00fcr duman olmamas\u0131 veya \u015fikayet olmamas\u0131 \u2013 yola \u00e7\u0131karak de\u011ferlendirebileceklerini d\u00fc\u015f\u00fcn\u00fcyor. <\/p>\n\n<p>Sadece <strong>%25&#8217;i<\/strong> kirletici \u00f6l\u00e7\u00fcm\u00fcn\u00fc (CO\u2082, UOB, partik\u00fcl vb.) en iyi g\u00f6sterge olarak belirtiyor; oysa uzmanlar, bir havan\u0131n kokusuz ve g\u00f6rsel olarak &#8220;temiz&#8221; g\u00f6r\u00fcn\u00fcrken bile yo\u011fun \u015fekilde kirli olabilece\u011fini hat\u0131rlat\u0131yor.<\/p>\n\n<p>Bu uyumsuzluk, bir\u00e7ok \u00e7al\u0131\u015fma ortam\u0131nda <strong>yanl\u0131\u015f bir g\u00fcvenlik hissi<\/strong> yarat\u0131yor; oysa i\u00e7 hava kalitesi sens\u00f6rler ve \u00f6zel te\u015fhislerle kesin olarak \u00f6l\u00e7\u00fcl\u00fcr ve i\u015fletmelerde sa\u011fl\u0131k ve performans a\u00e7\u0131s\u0131ndan b\u00fcy\u00fck bir sorun te\u015fkil eder. <\/p>\n\n<h3 class=\"wp-block-heading\">Tesislerinizdeki havan\u0131n sa\u011fl\u0131kl\u0131 olup olmad\u0131\u011f\u0131n\u0131 anlamak i\u00e7in sizce en iyi g\u00f6sterge nedir?<\/h3>\n\n<figure class=\"wp-block-table\"><table class=\"has-fixed-layout\"><tbody><tr><td><strong>Yan\u0131tlar <\/strong><\/td><td><strong>Y\u00fczdeler<\/strong><\/td><\/tr><tr><td>Ho\u015f olmayan bir koku yoksa <\/td><td>34 %<\/td><\/tr><tr><td>G\u00f6r\u00fcn\u00fcr duman veya toz yoksa <\/td><td>23 %<\/td><\/tr><tr><td>Kimse \u015fikayet etmiyorsa (ba\u015f a\u011fr\u0131s\u0131 yok, rahats\u0131zl\u0131k yok) <\/td><td>7 %<\/td><\/tr><tr><td>Uygun bir cihazla belirli kirleticilerin (CO\u2082, UOB, partik\u00fcl vb.) \u00f6l\u00e7\u00fclmesi <\/td><td>25 %<\/td><\/tr><tr><td>Bilmiyorum <\/td><td>11 %<\/td><\/tr><\/tbody><\/table><\/figure>\n\n<h4 class=\"wp-block-heading\">Konu hakk\u0131nda bilgi eksikli\u011fi <\/h4>\n\n<p>\u00c7ok az Frans\u0131z, i\u00e7 hava kalitesini \u00f6l\u00e7mek i\u00e7in kullan\u0131lan parametreleri biliyor. <strong>S\u0131cakl\u0131k (%91) ve ba\u011f\u0131l nem (%76)<\/strong> b\u00fcy\u00fck \u00f6l\u00e7\u00fcde tan\u0131n\u0131rken, sadece <strong>%64&#8217;\u00fc<\/strong> <strong>CO\u2082&#8217;yi<\/strong>, <strong>%38&#8217;i<\/strong> <a href=\"https:\/\/obera.fr\/tr\/bizim-tavsiyemiz\/traitement-air-industriel-guide-complet\/\" data-type=\"post\" data-id=\"1420\">ince partik\u00fclleri<\/a> belirtiyor <strong> <\/strong>ve sadece <strong>%5&#8217;i<\/strong> <strong>UOB&#8217;leri<\/strong> biliyor; oysa bu kirleticiler profesyonel hava kalitesi te\u015fhislerinin merkezinde yer al\u0131yor. <strong>10 kat\u0131l\u0131mc\u0131dan yakla\u015f\u0131k 1&#8217;i<\/strong> \u00f6l\u00e7\u00fcm parametrelerinden hi\u00e7birini bilmedi\u011fini belirtiyor.  <\/p>\n\n<p>&#8220;Ger\u00e7ek&#8221; teknik g\u00f6stergeler konusundaki bu bilgi eksikli\u011fi, bir\u00e7ok i\u015fletmenin \u0130HK \u00f6l\u00e7\u00fcm\u00fc hakk\u0131nda \u00e7ok az ileti\u015fim kurdu\u011funu g\u00f6steriyor; oysa CO\u2082, partik\u00fcl ve UOB takibi, uzmanlar taraf\u0131ndan ekiplerin sa\u011fl\u0131\u011f\u0131n\u0131 ve verimlili\u011fini korumak i\u00e7in vazge\u00e7ilmez olarak sunuluyor. <\/p>\n\n<h3 class=\"wp-block-heading\">Bu parametrelerden hangilerini (sadece isim olarak bile) i\u00e7 hava kalitesini \u00f6l\u00e7mek i\u00e7in kullan\u0131lan parametreler olarak biliyorsunuz? <\/h3>\n\n<p><em>(birden fazla yan\u0131t m\u00fcmk\u00fcn)<\/em><\/p>\n\n<figure class=\"wp-block-table\"><table class=\"has-fixed-layout\"><tbody><tr><td><strong>Yan\u0131tlar <\/strong><\/td><td><strong>Y\u00fczdeler<\/strong><\/td><\/tr><tr><td>CO\u2082 (karbondioksit) <\/td><td>64 %<\/td><\/tr><tr><td>UOB (u\u00e7ucu organik bile\u015fikler) <\/td><td>5 %<\/td><\/tr><tr><td>\u0130nce partik\u00fcl (PM2,5 \/ PM10) <\/td><td>38 %<\/td><\/tr><tr><td>S\u0131cakl\u0131k <\/td><td>91 %<\/td><\/tr><tr><td>Ba\u011f\u0131l nem <\/td><td>76 %<\/td><\/tr><tr><td>Bu terimlerden hi\u00e7biri bana bir \u015fey ifade etmiyor <\/td><td>9 %<\/td><\/tr><\/tbody><\/table><\/figure>\n\n<h4 class=\"wp-block-heading\">\u00c7ok hafife al\u0131nan i\u00e7 hava kirlili\u011fi <\/h4>\n\n<p><strong>10 kat\u0131l\u0131mc\u0131dan yakla\u015f\u0131k 9&#8217;u (%89)<\/strong> profesyonel ortamlarda i\u00e7 hava kirlili\u011fini hafife al\u0131yor veya seviyesi hakk\u0131nda hi\u00e7bir fikri yok. Sadece <strong>%11&#8217;i<\/strong> bunun <strong>d\u0131\u015f havadan 5 ila 10 kat daha kirli olabilece\u011fini<\/strong> biliyor; bu durum OQEI verilerince de do\u011frulan\u0131yor. <\/p>\n\n<p>Ayr\u0131nt\u0131l\u0131 olarak, <strong>%63&#8217;\u00fc<\/strong> i\u00e7 havan\u0131n d\u0131\u015far\u0131dan daha az, ayn\u0131 veya sadece biraz daha kirli oldu\u011funu d\u00fc\u015f\u00fcn\u00fcyor ve <strong>%26&#8217;s\u0131<\/strong> bu soruyu hi\u00e7 d\u00fc\u015f\u00fcnmemi\u015f. <\/p>\n\n<p>Alg\u0131 ile ger\u00e7ek aras\u0131ndaki bu b\u00fcy\u00fck uyumsuzluk, i\u00e7 hava kirlili\u011finin ne kadar <strong>g\u00f6r\u00fcnmez bir risk<\/strong> olarak kald\u0131\u011f\u0131n\u0131 g\u00f6steriyor; oysa bu durum halk sa\u011fl\u0131\u011f\u0131 ve i\u015fletmelerde \u00f6nleme a\u00e7\u0131s\u0131ndan b\u00fcy\u00fck bir sorun olarak kabul ediliyor. <\/p>\n\n<h3 class=\"wp-block-heading\">Sizce profesyonel ortamlarda i\u00e7 hava:<\/h3>\n\n<figure class=\"wp-block-table\"><table class=\"has-fixed-layout\"><tbody><tr><td><strong>Yan\u0131tlar <\/strong><\/td><td><strong>Y\u00fczdeler<\/strong><\/td><\/tr><tr><td>D\u0131\u015f havadan daha az kirli <\/td><td>12 %<\/td><\/tr><tr><td>Yakla\u015f\u0131k ayn\u0131 derecede kirli <\/td><td>23 %<\/td><\/tr><tr><td>Biraz daha kirli, ancak o kadar de\u011fil <\/td><td>28 %<\/td><\/tr><tr><td>5 ila 10 kat daha kirli <\/td><td>11 %<\/td><\/tr><tr><td>Bilmiyorum \/ Hi\u00e7 d\u00fc\u015f\u00fcnmemi\u015ftim <\/td><td>26 %<\/td><\/tr><\/tbody><\/table><\/figure>\n\n<h4 class=\"wp-block-heading\">Peki ya yasa taraf\u0131nda? <\/h4>\n\n<p>Bu sonu\u00e7lar ayn\u0131 zamanda i\u015f hukuku konusunda ger\u00e7ek bir kafa kar\u0131\u015f\u0131kl\u0131\u011f\u0131n\u0131 ortaya koyuyor: <strong>kat\u0131l\u0131mc\u0131lar\u0131n sadece %22&#8217;si sa\u011fl\u0131kl\u0131 i\u00e7 havan\u0131n s\u00fcrd\u00fcr\u00fclmesinin i\u015fveren i\u00e7in yasal bir y\u00fck\u00fcml\u00fcl\u00fck oldu\u011funu a\u00e7\u0131k\u00e7a biliyor<\/strong>. <\/p>\n\n<p>Elbette %29&#8217;u bunu &#8220;muhtemelen do\u011fru&#8221; olarak de\u011ferlendiriyor, ancak <strong>yakla\u015f\u0131k 2 \u00e7al\u0131\u015fandan 1&#8217;i (%49) bunu bilmiyor veya daha k\u00f6t\u00fcs\u00fc bunun bir y\u00fck\u00fcml\u00fcl\u00fck olmad\u0131\u011f\u0131n\u0131 d\u00fc\u015f\u00fcn\u00fcyor<\/strong>. <\/p>\n\n<h3 class=\"wp-block-heading\">Sizce sa\u011fl\u0131kl\u0131 i\u00e7 havan\u0131n s\u00fcrd\u00fcr\u00fclmesi i\u015fveren i\u00e7in yasal bir y\u00fck\u00fcml\u00fcl\u00fck m\u00fcd\u00fcr?<\/h3>\n\n<figure class=\"wp-block-table\"><table class=\"has-fixed-layout\"><tbody><tr><td><strong>Yan\u0131tlar <\/strong><\/td><td><strong>Y\u00fczdeler<\/strong><\/td><\/tr><tr><td>Evet, kesinlikle do\u011fru <\/td><td>22 %<\/td><\/tr><tr><td>Muhtemelen do\u011fru <\/td><td>29 %<\/td><\/tr><tr><td>Do\u011fru mu yanl\u0131\u015f m\u0131 bilmiyorum <\/td><td>25 %<\/td><\/tr><tr><td>Muhtemelen yanl\u0131\u015f, bunun bir y\u00fck\u00fcml\u00fcl\u00fck oldu\u011funu d\u00fc\u015f\u00fcnm\u00fcyorum <\/td><td>15 %<\/td><\/tr><tr><td>Tamamen yanl\u0131\u015f <\/td><td>9 %<\/td><\/tr><\/tbody><\/table><\/figure>\n\n<p>Bu anket \u00f6nemli bir noktay\u0131 g\u00fcn \u0131\u015f\u0131\u011f\u0131na \u00e7\u0131kar\u0131yor: uzmanlar\u0131n \u00f6nerdi\u011fi \u2013 i\u00e7 hava kalitesinin yap\u0131land\u0131r\u0131lm\u0131\u015f ve d\u00fczenli takibi \u2013 ile sahadaki ger\u00e7eklik aras\u0131ndaki u\u00e7urum; burada izleme b\u00fcy\u00fck \u00f6l\u00e7\u00fcde marjinal, hatta \u00e7al\u0131\u015fanlar i\u00e7in g\u00f6r\u00fcnmez kal\u0131yor. <\/p>\n\n<p>Oysa <strong>\u0130\u015f Kanunu, i\u015fverene sa\u011fl\u0131kl\u0131 bir hava garanti etme ve i\u00e7 kirlilikle ilgili riskleri \u00f6nleme y\u00fck\u00fcml\u00fcl\u00fc\u011f\u00fcn\u00fc a\u00e7\u0131k\u00e7a y\u00fckl\u00fcyor<\/strong> (\u00f6zellikle L4121-1 ve R4222-1 maddeleri). Yasal \u00e7er\u00e7eve ile \u00e7al\u0131\u015fanlar\u0131n alg\u0131s\u0131 aras\u0131ndaki bu uyumsuzluk, hava kalitesinin i\u015fletmelerde \u00f6nleme k\u00fclt\u00fcr\u00fcn\u00fcn ger\u00e7ek bir k\u00f6r noktas\u0131 olarak kald\u0131\u011f\u0131n\u0131 g\u00f6steriyor. <\/p>\n\n<h2 class=\"wp-block-heading has-text-align-center\">Thibaut SAMSEL, OberA kurucusu ve y\u00f6neticisi<\/h2>\n\n<p>*Metodoloji: Fransa&#8217;da ikamet eden, 18 ya\u015f ve \u00fczeri 5.601 ki\u015filik temsili bir \u00f6rneklem \u00fczerinde ger\u00e7ekle\u015ftirilen anket. Kas\u0131m 2025&#8217;te BuzzPress kat\u0131l\u0131mc\u0131 panelinden (Fransa&#8217;da e-posta ve Facebook ile LinkedIn sosyal a\u011flar\u0131 \u00fczerinden elektronik olarak ankete kat\u0131lan 27.700 ki\u015fi) \u00e7evrimi\u00e7i olarak yap\u0131lan anket. Kat\u0131l\u0131mc\u0131lar\u0131n i\u015fyerleri i\u00e7in belirttikleri i\u015fletmelerin profilleri:   <\/p>\n\n<p>End\u00fcstri \/ \u00fcretim: %16 <\/p>\n\n<p>Bireylere y\u00f6nelik hizmetler (sa\u011fl\u0131k, sosyal, evde bak\u0131m, ticaret, restorasyon vb.): %28 <\/p>\n\n<p>\u0130\u015fletmelere y\u00f6nelik hizmetler (dan\u0131\u015fmanl\u0131k, bili\u015fim, finans, ileti\u015fim vb.): %23 <\/p>\n\n<p>Kamu \/ yar\u0131 kamu sekt\u00f6r\u00fc (idareler, e\u011fitim, hastaneler vb.): %19 <\/p>\n\n<p>\u0130n\u015faat \/ yap\u0131: %7 <\/p>\n\n<p>Ula\u015f\u0131m \/ lojistik: %6 <\/p>\n\n<p>Di\u011fer \/ g\u00f6r\u00fc\u015f bildirmeyenler: %1 <\/p>\n\n<p>\u00d6rneklemin temsil edilebilirli\u011fini sa\u011flamay\u0131 ve hedef n\u00fcfusun temsil edilebilirli\u011fini elde etmeyi ama\u00e7layan \u00f6nceden belirlenmi\u015f kotalar do\u011frultusunda derlenen ve a\u011f\u0131rl\u0131kland\u0131r\u0131lan yan\u0131tlar. T\u00fcm a\u011f\u0131rl\u0131kland\u0131rmalar idari veriler ve INSEE taraf\u0131ndan toplanan verilere dayanmaktad\u0131r.  <\/p>\n\n<h2 class=\"wp-block-heading has-text-align-center\">Bizden bahsedenler!<\/h2>\n\n<div class=\"wp-block-columns are-vertically-aligned-center is-layout-flex wp-container-core-columns-is-layout-8bffabeb wp-block-columns-is-layout-flex\" style=\"margin-top:var(--wp--preset--spacing--30);margin-bottom:var(--wp--preset--spacing--30);padding-top:0;padding-bottom:0\">\n<div class=\"wp-block-column is-vertically-aligned-center is-layout-flow wp-block-column-is-layout-flow\">\n<figure class=\"wp-block-image size-full\"><a href=\"https:\/\/presseagence.fr\/paris-sondage-qvct-4-francais-sur-5-ignorent-comment-detecter-un-air-vraiment-sain\/\" target=\"_blank\" rel=\" noreferrer noopener\"><img decoding=\"async\" width=\"463\" height=\"153\" src=\"https:\/\/obera.fr\/wp-content\/uploads\/2026\/02\/logo_de_presse_agence.jpg\" alt=\"logo de presse agence\" class=\"wp-image-143848\" srcset=\"https:\/\/obera.fr\/wp-content\/uploads\/2026\/02\/logo_de_presse_agence.jpg 463w, https:\/\/obera.fr\/wp-content\/uploads\/2026\/02\/logo_de_presse_agence-300x99.jpg 300w\" sizes=\"(max-width: 463px) 100vw, 463px\" \/><\/a><figcaption class=\"wp-element-caption\"><em>PRESSE AGENCE<\/em><\/figcaption><\/figure>\n<\/div>\n\n\n\n<div class=\"wp-block-column is-vertically-aligned-center is-layout-flow wp-block-column-is-layout-flow\">\n<figure class=\"wp-block-image size-large\"><a href=\"https:\/\/xn--horizonviesant-okb.com\/4-francais-sur-5-ignorent-comment-detecter-un-air-vraiment-sain\/\" target=\"_blank\" rel=\" noreferrer noopener\"><img decoding=\"async\" width=\"1024\" height=\"207\" src=\"https:\/\/obera.fr\/wp-content\/uploads\/2026\/02\/loog-horizonviesante-1024x207.png\" alt=\"loog horizonviesante\" class=\"wp-image-143849\" srcset=\"https:\/\/obera.fr\/wp-content\/uploads\/2026\/02\/loog-horizonviesante-1024x207.png 1024w, https:\/\/obera.fr\/wp-content\/uploads\/2026\/02\/loog-horizonviesante-300x61.png 300w, https:\/\/obera.fr\/wp-content\/uploads\/2026\/02\/loog-horizonviesante-768x156.png 768w, https:\/\/obera.fr\/wp-content\/uploads\/2026\/02\/loog-horizonviesante.png 1229w\" sizes=\"(max-width: 1024px) 100vw, 1024px\" \/><\/a><figcaption class=\"wp-element-caption\"><em>HORIZON VIE ET SANTE<\/em><\/figcaption><\/figure>\n<\/div>\n\n\n\n<div class=\"wp-block-column is-vertically-aligned-center has-contrast-background-color has-background is-layout-constrained wp-block-column-is-layout-constrained\">\n<figure class=\"wp-block-image size-full\"><a href=\"https:\/\/www.news-eco.com\/communique\/au-travail-lair-semble-correct-mais-la-plupart-se-trompent\/\" target=\"_blank\" rel=\" noreferrer noopener\"><img decoding=\"async\" width=\"215\" height=\"42\" src=\"https:\/\/obera.fr\/wp-content\/uploads\/2026\/02\/news-eco-logo2.png\" alt=\"news eco logo2\" class=\"wp-image-143850\"\/><\/a><\/figure>\n<\/div>\n\n\n\n<div class=\"wp-block-column is-vertically-aligned-center is-layout-flow wp-block-column-is-layout-flow\">\n<figure class=\"wp-block-image size-full\"><a href=\"https:\/\/www.lyftvnews.com\/t9528-au-travail-lair-a-lair-sain-mais-89-des-francais-se-trompent#10372\" target=\"_blank\" rel=\" noreferrer noopener\"><img decoding=\"async\" width=\"900\" height=\"900\" src=\"https:\/\/obera.fr\/wp-content\/uploads\/2026\/02\/logo-lyftv.jpg\" alt=\"logo lyftv\" class=\"wp-image-143851\" srcset=\"https:\/\/obera.fr\/wp-content\/uploads\/2026\/02\/logo-lyftv.jpg 900w, https:\/\/obera.fr\/wp-content\/uploads\/2026\/02\/logo-lyftv-300x300.jpg 300w, https:\/\/obera.fr\/wp-content\/uploads\/2026\/02\/logo-lyftv-150x150.jpg 150w, https:\/\/obera.fr\/wp-content\/uploads\/2026\/02\/logo-lyftv-768x768.jpg 768w\" sizes=\"(max-width: 900px) 100vw, 900px\" \/><\/a><figcaption class=\"wp-element-caption\"><em>LYF TV NEWS<\/em><\/figcaption><\/figure>\n<\/div>\n\n\n\n<div class=\"wp-block-column is-vertically-aligned-center is-layout-flow wp-block-column-is-layout-flow\">\n<figure class=\"wp-block-image size-full\"><a href=\"https:\/\/communiques.categorynet.com\/sante\/525169-4-francais-sur-5-ignorent-comment-detecter-un-air-vraiment-s\/\" target=\"_blank\" rel=\" noreferrer noopener\"><img decoding=\"async\" width=\"201\" height=\"41\" src=\"https:\/\/obera.fr\/wp-content\/uploads\/2026\/02\/cropped-cn-1.webp\" alt=\"cropped cn 1\" class=\"wp-image-143852\"\/><\/a><figcaption class=\"wp-element-caption\"><em>CATEGORYNET<\/em><\/figcaption><\/figure>\n<\/div>\n<\/div>\n\n<div class=\"wp-block-columns are-vertically-aligned-center is-layout-flex wp-container-core-columns-is-layout-28f84493 wp-block-columns-is-layout-flex\">\n<div class=\"wp-block-column is-vertically-aligned-center is-layout-flow wp-block-column-is-layout-flow\">\n<figure class=\"wp-block-image size-full\"><a href=\"https:\/\/www.esteval.fr\/article.44169.etudes-89-pourcents-des-francais-sous-estiment-la-pollution-de-l-air-sur-leur-lieu-de-travail\" target=\"_blank\" rel=\" noreferrer noopener\"><img decoding=\"async\" width=\"200\" height=\"200\" src=\"https:\/\/obera.fr\/wp-content\/uploads\/2026\/02\/logo_esteval_200_200.jpg\" alt=\"logo esteval 200 200\" class=\"wp-image-143853\" srcset=\"https:\/\/obera.fr\/wp-content\/uploads\/2026\/02\/logo_esteval_200_200.jpg 200w, https:\/\/obera.fr\/wp-content\/uploads\/2026\/02\/logo_esteval_200_200-150x150.jpg 150w\" sizes=\"(max-width: 200px) 100vw, 200px\" \/><\/a><figcaption class=\"wp-element-caption\"><em>ESTEVAL<\/em><\/figcaption><\/figure>\n<\/div>\n\n\n\n<div class=\"wp-block-column is-vertically-aligned-center is-layout-flow wp-block-column-is-layout-flow\">\n<figure class=\"wp-block-image size-full\"><img decoding=\"async\" width=\"700\" height=\"350\" src=\"https:\/\/obera.fr\/wp-content\/uploads\/2026\/02\/therm-presse01.jpg\" alt=\"therm presse01\" class=\"wp-image-143854\" srcset=\"https:\/\/obera.fr\/wp-content\/uploads\/2026\/02\/therm-presse01.jpg 700w, https:\/\/obera.fr\/wp-content\/uploads\/2026\/02\/therm-presse01-300x150.jpg 300w\" sizes=\"(max-width: 700px) 100vw, 700px\" \/><figcaption class=\"wp-element-caption\"><em>THERMPRESSE<\/em><\/figcaption><\/figure>\n<\/div>\n\n\n\n<div class=\"wp-block-column is-vertically-aligned-center is-layout-flow wp-block-column-is-layout-flow\">\n<figure class=\"wp-block-image size-full\"><a href=\"https:\/\/terre-futur.com\/un-angle-mort-sanitaire-qui-persiste-dans-les-entreprises-francaises\/\" target=\"_blank\" rel=\" noreferrer noopener\"><img decoding=\"async\" width=\"512\" height=\"512\" src=\"https:\/\/obera.fr\/wp-content\/uploads\/2026\/02\/terrefutur_logo.jpg\" alt=\"terrefutur logo\" class=\"wp-image-143855\" srcset=\"https:\/\/obera.fr\/wp-content\/uploads\/2026\/02\/terrefutur_logo.jpg 512w, https:\/\/obera.fr\/wp-content\/uploads\/2026\/02\/terrefutur_logo-300x300.jpg 300w, https:\/\/obera.fr\/wp-content\/uploads\/2026\/02\/terrefutur_logo-150x150.jpg 150w\" sizes=\"(max-width: 512px) 100vw, 512px\" \/><\/a><figcaption class=\"wp-element-caption\"><em>TERRE FUTUR<\/em><\/figcaption><\/figure>\n<\/div>\n\n\n\n<div class=\"wp-block-column is-vertically-aligned-center is-layout-flow wp-block-column-is-layout-flow\">\n<figure class=\"wp-block-image size-full\"><a href=\"https:\/\/portaildocumentaire.inrs.fr\/blog-view\/25\/veille-qualite-de-lair-interieur\/2038\/bulletin-de-veille-qualite-de-lair-interieur-janvier-2026\" target=\"_blank\" rel=\" noreferrer noopener\"><img decoding=\"async\" width=\"366\" height=\"138\" src=\"https:\/\/obera.fr\/wp-content\/uploads\/2026\/02\/logoinrs.png\" alt=\"logoinrs\" class=\"wp-image-143856\" srcset=\"https:\/\/obera.fr\/wp-content\/uploads\/2026\/02\/logoinrs.png 366w, https:\/\/obera.fr\/wp-content\/uploads\/2026\/02\/logoinrs-300x113.png 300w\" sizes=\"(max-width: 366px) 100vw, 366px\" \/><\/a><figcaption class=\"wp-element-caption\"><em>PORTAIL DOCUMENTAIRE INRS<\/em><\/figcaption><\/figure>\n<\/div>\n<\/div>\n","protected":false},"excerpt":{"rendered":"<p>D\u0131\u015far\u0131dan 5 ila 10 kat daha y\u00fcksek olabilen bir kirlilik \u00c7al\u0131\u015fanlar\u0131n sadece %22&#8217;si sa\u011fl\u0131kl\u0131 i\u00e7 hava kalitesinin s\u00fcrd\u00fcr\u00fclmesinin i\u015fveren i\u00e7in yasal bir y\u00fck\u00fcml\u00fcl\u00fck oldu\u011funu biliyor \u0130\u015fyerinizdeki hava kalitesi hakk\u0131nda ne d\u00fc\u015f\u00fcn\u00fcyorsunuz? OberA \u015firketi bu soruyu alt\u0131 b\u00fcy\u00fck faaliyet sekt\u00f6r\u00fcnden* 5.601 ki\u015fiye sordu. Anket, \u00e7al\u0131\u015fanlar\u0131n \u00e7o\u011funlu\u011funun i\u00e7 hava kirlili\u011fini hafife ald\u0131\u011f\u0131n\u0131, sa\u011fl\u0131klar\u0131 i\u00e7in riskleri yeterince bilmediklerini ve i\u015fverenlerinin yasal y\u00fck\u00fcml\u00fcl\u00fcklerinden b\u00fcy\u00fck \u00f6l\u00e7\u00fcde haberdar olmad\u0131klar\u0131n\u0131 g\u00f6steriyor. Hava kalitesini yanl\u0131\u015f de\u011ferlendiren Frans\u0131zlar Ger\u00e7eklerden \u00e7ok uzak bir \u015fekilde, Frans\u0131zlar\u0131n %57&#8217;si k\u0131\u015f aylar\u0131nda i\u015fyerlerindeki havan\u0131n &#8220;\u00e7ok&#8221; veya &#8220;olduk\u00e7a&#8221; iyi kalitede oldu\u011funu d\u00fc\u015f\u00fcn\u00fcyor. Oysa t\u00fcm ara\u015ft\u0131rmalar, i\u00e7 hava kalitesinin koku veya belirgin bir rahats\u0131zl\u0131k olmasa bile &#8230; <\/p>\n<p class=\"read-more-container\"><a title=\"Frans\u0131zlar\u0131n %89&#8217;u i\u015fyerlerindeki hava kirlili\u011fini hafife al\u0131yor\" class=\"read-more button\" href=\"https:\/\/obera.fr\/tr\/presse\/fransizlarin-%89u-isyerlerindeki-hava-kirliligini-hafife-aliyor\/#more-145510\" aria-label=\"Read more about Frans\u0131zlar\u0131n %89&#8217;u i\u015fyerlerindeki hava kirlili\u011fini hafife al\u0131yor\">Lire la suite<\/a><\/p>\n","protected":false},"author":13,"featured_media":0,"comment_status":"open","ping_status":"closed","sticky":false,"template":"","format":"standard","meta":{"_acf_changed":false,"_seopress_robots_primary_cat":"980","_seopress_titles_title":"Ara\u015ft\u0131rma: \u0130\u015fyerlerinde hava kirlili\u011fi","_seopress_titles_desc":"","_seopress_robots_index":"","footnotes":""},"categories":[991],"tags":[],"class_list":["post-145510","post","type-post","status-publish","format-standard","hentry","category-basin","generate-columns","tablet-grid-50","mobile-grid-100","grid-parent","grid-50","no-featured-image-padding"],"acf":[],"_links":{"self":[{"href":"https:\/\/obera.fr\/tr\/wp-json\/wp\/v2\/posts\/145510","targetHints":{"allow":["GET"]}}],"collection":[{"href":"https:\/\/obera.fr\/tr\/wp-json\/wp\/v2\/posts"}],"about":[{"href":"https:\/\/obera.fr\/tr\/wp-json\/wp\/v2\/types\/post"}],"author":[{"embeddable":true,"href":"https:\/\/obera.fr\/tr\/wp-json\/wp\/v2\/users\/13"}],"replies":[{"embeddable":true,"href":"https:\/\/obera.fr\/tr\/wp-json\/wp\/v2\/comments?post=145510"}],"version-history":[{"count":1,"href":"https:\/\/obera.fr\/tr\/wp-json\/wp\/v2\/posts\/145510\/revisions"}],"predecessor-version":[{"id":145511,"href":"https:\/\/obera.fr\/tr\/wp-json\/wp\/v2\/posts\/145510\/revisions\/145511"}],"wp:attachment":[{"href":"https:\/\/obera.fr\/tr\/wp-json\/wp\/v2\/media?parent=145510"}],"wp:term":[{"taxonomy":"category","embeddable":true,"href":"https:\/\/obera.fr\/tr\/wp-json\/wp\/v2\/categories?post=145510"},{"taxonomy":"post_tag","embeddable":true,"href":"https:\/\/obera.fr\/tr\/wp-json\/wp\/v2\/tags?post=145510"}],"curies":[{"name":"wp","href":"https:\/\/api.w.org\/{rel}","templated":true}]}}