{"id":52216,"date":"2024-10-24T10:50:30","date_gmt":"2024-10-24T08:50:30","guid":{"rendered":"https:\/\/obera.fr\/conseils\/ortaokullar-icin-hepa-14-hava-temizleyicileri-okullarda-ic-mekan-kirliligine-yonelik-cozumler\/"},"modified":"2025-04-14T15:35:55","modified_gmt":"2025-04-14T13:35:55","slug":"purificateur-air-college","status":"publish","type":"post","link":"https:\/\/obera.fr\/tr\/bizim-tavsiyemiz\/purificateur-air-college\/","title":{"rendered":"Okullar i\u00e7in HEPA 14 hava temizleyici: okullarda i\u00e7 mekan kirlili\u011fine y\u00f6nelik \u00e7\u00f6z\u00fcmler"},"content":{"rendered":"\n<p>OberA hava temizleyicileri kre\u015fler, anaokullar\u0131 <strong>, okullar, kolejler ve lyc\u00e9es gibi kurulu\u015flarda hava kalitesine<\/strong> adanm\u0131\u015ft\u0131r. \u00c7ocuklar\u0131n ve personelin sa\u011fl\u0131\u011f\u0131n\u0131 korumak i\u00e7in filtreleme sistemleri toz, vir\u00fcs, bakteri, polen, kimyasal partik\u00fcller ve d\u0131\u015f kirlili\u011fi filtreleyecek ve ortadan kald\u0131racak \u015fekilde yap\u0131land\u0131r\u0131lm\u0131\u015ft\u0131r. Solunum yolu enfeksiyonlar\u0131, ast\u0131m ve salg\u0131n hastal\u0131k riskini s\u0131n\u0131rlamak i\u00e7in<strong> y\u00fcksek performansl\u0131 <\/strong>ekipman.    <\/p>\n\n<h2 class=\"wp-block-heading\">Okullardaki kirlilik kaynaklar\u0131<\/h2>\n\n<figure class=\"wp-block-image alignright size-large is-resized\"><img decoding=\"async\" width=\"1024\" height=\"683\" src=\"https:\/\/obera.fr\/wp-content\/uploads\/2024\/10\/ecole-1024x683.jpg\" alt=\"&#xD6;&#x11F;retmenin el kald&#x131;ran &#xF6;&#x11F;rencileri i&#x15F;aret etmesi\" class=\"wp-image-53300\" style=\"width:353px;height:auto\" srcset=\"https:\/\/obera.fr\/wp-content\/uploads\/2024\/10\/ecole-1024x683.jpg 1024w, https:\/\/obera.fr\/wp-content\/uploads\/2024\/10\/ecole-300x200.jpg 300w, https:\/\/obera.fr\/wp-content\/uploads\/2024\/10\/ecole-768x513.jpg 768w, https:\/\/obera.fr\/wp-content\/uploads\/2024\/10\/ecole-1536x1025.jpg 1536w, https:\/\/obera.fr\/wp-content\/uploads\/2024\/10\/ecole-2048x1367.jpg 2048w\" sizes=\"(max-width: 1024px) 100vw, 1024px\" \/><\/figure>\n\n<p>S\u0131n\u0131flar ve \u00e7al\u0131\u015fma odalar\u0131 <strong>vir\u00fcsler ve bakteriler i\u00e7in favori<\/strong> bir <strong>oyun alan\u0131d\u0131r<\/strong>. Ancak hepsi bu kadar de\u011fil: di\u011fer kirleticiler de mevcuttur ve \u00f6zellikle k\u0131r\u0131lgan bir n\u00fcfus olan \u00e7ocuklar\u0131n sa\u011fl\u0131\u011f\u0131n\u0131 etkileyebilir. Bunlar aras\u0131nda :  <\/p>\n\n<ul class=\"wp-block-list\">\n<li>S\u0131n\u0131f bak\u0131m\u0131 ve temizli\u011fi i\u00e7in kullan\u0131lan kimyasal \u00fcr\u00fcnler;<\/li>\n\n\n\n<li><strong>Okulun co\u011frafi konumu<\/strong>, kirlili\u011fin y\u00fcksek oldu\u011fu bir b\u00f6lgede olabilir;<\/li>\n\n\n\n<li>Tesisin yap\u0131m\u0131nda kullan\u0131lan malzemeler ve havada as\u0131l\u0131 kalan <a href=\"https:\/\/obera.fr\/conseils\/quels-procedes-ameliorent-qualite-air-eliminant-cov\/\">u\u00e7ucu organik bile\u015fikler (VOC<\/a> &#8216;ler) yayan mobilyalar;<\/li>\n\n\n\n<li>Bariyer \u00f6nlemlerine ra\u011fmen <strong>vir\u00fcs\u00fcn<\/strong> dola\u015fmaya devam etti\u011fi covid 19 gibi \u00f6\u011frenciler ve personel aras\u0131nda <strong>bula\u015fabilen vir\u00fcsler ve bakteriler<\/strong>.<\/li>\n<\/ul>\n\n<p>\u00d6\u011frencilerin g\u00fcnlerinin %90&#8217;\u0131n\u0131 s\u0131n\u0131fta ge\u00e7irdi\u011fi d\u00fc\u015f\u00fcn\u00fcld\u00fc\u011f\u00fcnde, vir\u00fcslerin yay\u0131lma riskinin \u00f6zellikle y\u00fcksek oldu\u011fu a\u00e7\u0131kt\u0131r.  <\/p>\n\n<p><\/p>\n\n<p class=\"has-text-align-center\">&#8221;  <em>Enfeksiyon riski <strong>okullar i\u00e7in \u00f6nemli<\/strong> bir <strong>sorun<\/strong> olsa da, hava kalitesinin \u00e7ocuklar\u0131n bili\u015fsel yetenekleri \u00fczerinde de etkisi vard\u0131r. Konsantrasyonun azalmas\u0131ndan k\u0131smen sorumludur ve \u00f6\u011frencilerin akademik performans\u0131 \u00fczerinde sonu\u00e7lar\u0131 olabilir.  &#8221;  <\/em><\/p>\n\n<p>Genel M\u00fcd\u00fcr Thibaut Samsel, 20 y\u0131ld\u0131r hava \u015fartland\u0131rma alan\u0131nda uzmanla\u015ft\u0131\u011f\u0131n\u0131 s\u00f6yl\u00fcyor.<\/p>\n\n<h2 class=\"wp-block-heading\">\u0130\u00e7 mekan hava kalitesi: \u00e7ocuklar\u0131n ve e\u011fitim personelinin sa\u011fl\u0131\u011f\u0131n\u0131 nas\u0131l koruyabiliriz?<\/h2>\n\n<h3 class=\"wp-block-heading\">Hava kalitesi: Fransa&#8217;da okul m\u00fcd\u00fcrleri i\u00e7in y\u00fck\u00fcml\u00fcl\u00fckler  <\/h3>\n\n<p>Kamusal alanlardaki kirlili\u011fi s\u0131n\u0131rland\u0131rmak amac\u0131yla <strong>Sa\u011fl\u0131k ve \u00c7evre Bakanl\u0131klar\u0131<\/strong> okullar\u0131 da kapsayan <strong>bir eylem plan\u0131 ba\u015flatt\u0131<\/strong>. 2015 y\u0131l\u0131ndan bu yana, 2015-1000 say\u0131l\u0131 kararname uyar\u0131nca, okul m\u00fcd\u00fcrleri i\u00e7 mekan hava kalitesini izlemekle y\u00fck\u00fcml\u00fcd\u00fcr.   <\/p>\n\n<p><\/p>\n\n<p>\u0130\u015fletmelerde C02, formaldehit, perkloretilen ve benzen gibi <strong>kirleticilerin konsantrasyonlar\u0131n\u0131n<\/strong> izlenmesi ve <strong>izin verilen e\u015fik de\u011ferlerin a\u015f\u0131lmamas\u0131<\/strong> zorunludur.<\/p>\n\n<p>CO2 sens\u00f6rleri, CO2 e\u015fikleri a\u015f\u0131ld\u0131\u011f\u0131nda uyar\u0131 veren s\u0131n\u0131f hava analiz\u00f6rleri&#8230; Profesyonel hava temizleyicilere ek olarak, ihtiya\u00e7lar\u0131n\u0131z\u0131 kar\u015f\u0131layacak izleme ekipmanlar\u0131 sunuyoruz.<\/p>\n\n<h3 class=\"wp-block-heading\">Covid, vir\u00fcsler, ince partik\u00fcller, kirlilik&#8230; S\u0131n\u0131flar ve ortak kullan\u0131m alanlar\u0131 i\u00e7in en iyi hava temizleme cihaz\u0131 hangisidir?  <\/h3>\n\n<p>Ekipman\u0131n\u0131z\u0131n verimlili\u011fini sa\u011flamak i\u00e7in vir\u00fcs, bakteri, polen ve<a href=\"https:\/\/obera.fr\/tr\/bizim-tavsiyemiz\/filtre-hepa-et-purificateur-d-air\/\"> ince partik\u00fclleri<\/a>%99,995&#8217;e kadar yakalayabilen<strong>HEPA filtreleme sistemine<\/strong> (HEPA 14 filtre)<strong>sahip temizleyicileri tercih etmenizi<\/strong> \u00f6neririz. Bu filtreler 0,3 mikron veya daha b\u00fcy\u00fck as\u0131l\u0131 partik\u00fclleri toplama kapasitesine sahiptir. <\/p>\n\n<p><\/p>\n\n<p>\u00dcnitenin kapsama kapasitesini kontrol etmek de \u00f6nemlidir, b\u00f6ylece <strong>havay\u0131 t\u00fcm s\u0131n\u0131f boyunca<\/strong> s\u00fcrekli olarak <strong>devridaim<\/strong> ettirebilir. <strong>Hem \u00f6\u011frencilerin hem de \u00f6\u011fretmenlerin konforu<\/strong> i\u00e7in ekipman\u0131n sessiz oldu\u011fundan emin olun. <\/p>\n\n<p><\/p>\n\n<p class=\"has-text-align-center\"><em>Biliyor muydunuz? T\u00fcm hava temizleyicilerimiz tak ve \u00e7al\u0131\u015ft\u0131r \u00f6zelliklidir: ald\u0131\u011f\u0131n\u0131zda evdeki prize takman\u0131z yeterlidir ve \u00e7al\u0131\u015fmaya ba\u015flayacakt\u0131r. Konumland\u0131rma a\u00e7\u0131s\u0131ndan, m\u00fcmk\u00fcn oldu\u011funca \u00e7ok kirleticiyi yakalamak i\u00e7in <strong>temizleyici ideal olarak yaz\u0131 tahtas\u0131n\u0131n \u00f6n\u00fcne <\/strong>veya s\u0131n\u0131f\u0131n arkas\u0131na (merkeze) <strong>yerle\u015ftirilmelidir <\/strong>. Yine de \u00f6zellikle teneff\u00fcslerde odalar\u0131n havaland\u0131r\u0131lmas\u0131 tavsiye edilir. OberA hava temizleme cihaz\u0131n\u0131n filtreleme g\u00fcc\u00fc hi\u00e7bir \u015fekilde bozulmayacakt\u0131r.    <\/em><\/p>\n\n<h2 class=\"wp-block-heading\">HEPA filtreli OberA anti-vir\u00fcs hava temizleyicileri: s\u0131n\u0131flar\u0131n\u0131zdaki vir\u00fcs ve bakterilerin %99,995&#8217;ini tedavi eder<\/h2>\n\n<p>HEPA filtreler, vir\u00fcsler ve bakteriler de dahil olmak \u00fczere <strong>en k\u00fc\u00e7\u00fck partik\u00fclleri yakalamak i\u00e7in tasarlanm\u0131\u015ft\u0131r<\/strong>. Temiz odalar ve t\u0131bbi laboratuvarlarda oldu\u011fu kadar e\u011fitim kurumlar\u0131nda da pop\u00fclerdirler. Her boyuttaki kirleticiyi ar\u0131tabilmek i\u00e7in aktif karbon hava temizleyicilerimize partik\u00fcl filtresi gibi ba\u015fka filtreleme seviyeleri de ekliyoruz.  <\/p>\n\n<p><\/p>\n\n<p>Okullarda s\u00fcrekli kullan\u0131m i\u00e7in HEPA filtreli \u00e7e\u015fitli ekipman serileri sunuyoruz:<\/p>\n\n<div class=\"wp-block-columns is-layout-flex wp-container-core-columns-is-layout-28f84493 wp-block-columns-is-layout-flex\">\n<div class=\"wp-block-column is-layout-flow wp-block-column-is-layout-flow\" style=\"flex-basis:33.34%\">\n<figure class=\"wp-block-image aligncenter size-full is-resized\"><a href=\"https:\/\/obera.fr\/produits\/purificateurs-air\/poussieres-epur-b01-ecoprime\/\"><img decoding=\"async\" width=\"433\" height=\"433\" src=\"https:\/\/obera.fr\/wp-content\/uploads\/2020\/09\/epur-b01-ecoprime.jpg\" alt=\"Ober&#xE1; - Hava temizleyici\" class=\"wp-image-1008\" style=\"width:250px\" srcset=\"https:\/\/obera.fr\/wp-content\/uploads\/2020\/09\/epur-b01-ecoprime.jpg 433w, https:\/\/obera.fr\/wp-content\/uploads\/2020\/09\/epur-b01-ecoprime-300x300.jpg 300w, https:\/\/obera.fr\/wp-content\/uploads\/2020\/09\/epur-b01-ecoprime-150x150.jpg 150w\" sizes=\"(max-width: 433px) 100vw, 433px\" \/><\/a><figcaption class=\"wp-element-caption\"><a href=\"https:\/\/obera.fr\/tr\/produits\/purificateurs-air\/epur-b01-ecoprime-toz-hava-temizleyici\/\">EPUR B01 EcoPrime<\/a><\/figcaption><\/figure>\n\n\n\n<ul class=\"wp-block-list\">\n<li>Kompakt ve sessiz;<\/li>\n\n\n\n<li>Vir\u00fcs, bakteri, toz ve aerosollerin ar\u0131t\u0131lmas\u0131;<\/li>\n\n\n\n<li>K\u00fc\u00e7\u00fck s\u0131n\u0131flar\u0131n (20 ila 60m2) ar\u0131nd\u0131r\u0131lmas\u0131 i\u00e7in idealdir;<\/li>\n\n\n\n<li>Vir\u00fcs ve bakterilerin tedavisinde %99,53 etkilidir.<\/li>\n<\/ul>\n<\/div>\n\n\n\n<div class=\"wp-block-column is-layout-flow wp-block-column-is-layout-flow\" style=\"flex-basis:33.34%\">\n<figure class=\"wp-block-image aligncenter size-full is-resized\"><a href=\"https:\/\/obera.fr\/produits\/purificateurs-air\/anti-covid-virus-bacteries\/epur05\/\"><img decoding=\"async\" width=\"600\" height=\"600\" src=\"https:\/\/obera.fr\/wp-content\/uploads\/2021\/05\/Sans-titre-17.jpg\" alt=\"epur05\" class=\"wp-image-5552\" style=\"width:250px\" srcset=\"https:\/\/obera.fr\/wp-content\/uploads\/2021\/05\/Sans-titre-17.jpg 600w, https:\/\/obera.fr\/wp-content\/uploads\/2021\/05\/Sans-titre-17-300x300.jpg 300w, https:\/\/obera.fr\/wp-content\/uploads\/2021\/05\/Sans-titre-17-150x150.jpg 150w\" sizes=\"(max-width: 600px) 100vw, 600px\" \/><\/a><figcaption class=\"wp-element-caption\"><a href=\"https:\/\/obera.fr\/tr\/produits\/purificateurs-air\/covid-19-anti-virus-ve-anti-bakteriyel-hava-temizleyicileri\/epur05-hava-temizleme-cihazi\/\">EPUR 05<\/a><\/figcaption><\/figure>\n\n\n\n<ul class=\"wp-block-list\">\n<li>Gizli tasar\u0131m;<\/li>\n\n\n\n<li>Vir\u00fcs, bakteri, ince toz, CMR (kimyasal maddeler) ve aerosollerin ar\u0131t\u0131lmas\u0131;<\/li>\n\n\n\n<li>100 m2&#8217;ye kadar oda;<\/li>\n\n\n\n<li>Vir\u00fcs ve bakterilerin tedavisinde %99,9 etkilidir.<\/li>\n<\/ul>\n<\/div>\n\n\n\n<div class=\"wp-block-column is-layout-flow wp-block-column-is-layout-flow\" style=\"flex-basis:33.33%\">\n<figure class=\"wp-block-image aligncenter size-full is-resized\"><a href=\"https:\/\/obera.fr\/produits\/purificateurs-air\/anti-covid-virus-bacteries\/virbox\/\"><img decoding=\"async\" width=\"547\" height=\"688\" src=\"https:\/\/obera.fr\/wp-content\/uploads\/2021\/04\/Virbox-1-et-2.png\" alt=\"virbox 1 ve 2\" class=\"wp-image-5271\" style=\"width:198px;height:auto\" srcset=\"https:\/\/obera.fr\/wp-content\/uploads\/2021\/04\/Virbox-1-et-2.png 547w, https:\/\/obera.fr\/wp-content\/uploads\/2021\/04\/Virbox-1-et-2-239x300.png 239w\" sizes=\"(max-width: 547px) 100vw, 547px\" \/><\/a><figcaption class=\"wp-element-caption\"><a href=\"https:\/\/obera.fr\/tr\/produits\/purificateurs-air\/covid-19-anti-virus-ve-anti-bakteriyel-hava-temizleyicileri\/virbox-anti-virus-hava-temizleyici\/\">VIRBOX 750<\/a><\/figcaption><\/figure>\n\n\n\n<ul class=\"wp-block-list\">\n<li>Esnek ve sessiz, iste\u011fe ba\u011fl\u0131 C02 sens\u00f6r\u00fc;<\/li>\n\n\n\n<li>Vir\u00fcsler, bakteriler, toz;<\/li>\n\n\n\n<li>200m2&#8217;ye kadar y\u00fczey i\u015fleme;<\/li>\n\n\n\n<li>Vir\u00fcs ve bakterilerin %99,995&#8217;i elimine edilmi\u015ftir.<\/li>\n<\/ul>\n<\/div>\n<\/div>\n\n<p><\/p>\n","protected":false},"excerpt":{"rendered":"<p>OberA hava temizleyicileri kre\u015fler, anaokullar\u0131, okullar, kolejler ve lyc\u00e9es gibi kurulu\u015flarda hava kalitesine adanm\u0131\u015ft\u0131r. \u00c7ocuklar\u0131n ve personelin sa\u011fl\u0131\u011f\u0131n\u0131 korumak i\u00e7in filtreleme sistemleri toz, vir\u00fcs, bakteri, polen, kimyasal partik\u00fcller ve d\u0131\u015f kirlili\u011fi filtreleyecek ve ortadan kald\u0131racak \u015fekilde yap\u0131land\u0131r\u0131lm\u0131\u015ft\u0131r. <\/p>\n","protected":false},"author":13,"featured_media":81005,"comment_status":"open","ping_status":"closed","sticky":false,"template":"","format":"standard","meta":{"_acf_changed":false,"_seopress_robots_primary_cat":"none","_seopress_titles_title":"\u00dcniversiteler i\u00e7in y\u00fcksek performansl\u0131 hava temizleyicileri I OberA","_seopress_titles_desc":"\u0130\u00e7 mekan hava kalitesini iyile\u015ftirin ve okulunuzdaki enfeksiyon, alerji ve ast\u0131m riskini azalt\u0131n.","_seopress_robots_index":"","footnotes":""},"categories":[299],"tags":[306],"class_list":["post-52216","post","type-post","status-publish","format-standard","has-post-thumbnail","hentry","category-bizim-tavsiyemiz","tag-entete-small-tr","generate-columns","tablet-grid-50","mobile-grid-100","grid-parent","grid-50","no-featured-image-padding","resize-featured-image"],"acf":[],"_links":{"self":[{"href":"https:\/\/obera.fr\/tr\/wp-json\/wp\/v2\/posts\/52216","targetHints":{"allow":["GET"]}}],"collection":[{"href":"https:\/\/obera.fr\/tr\/wp-json\/wp\/v2\/posts"}],"about":[{"href":"https:\/\/obera.fr\/tr\/wp-json\/wp\/v2\/types\/post"}],"author":[{"embeddable":true,"href":"https:\/\/obera.fr\/tr\/wp-json\/wp\/v2\/users\/13"}],"replies":[{"embeddable":true,"href":"https:\/\/obera.fr\/tr\/wp-json\/wp\/v2\/comments?post=52216"}],"version-history":[{"count":3,"href":"https:\/\/obera.fr\/tr\/wp-json\/wp\/v2\/posts\/52216\/revisions"}],"predecessor-version":[{"id":81237,"href":"https:\/\/obera.fr\/tr\/wp-json\/wp\/v2\/posts\/52216\/revisions\/81237"}],"wp:featuredmedia":[{"embeddable":true,"href":"https:\/\/obera.fr\/tr\/wp-json\/wp\/v2\/media\/81005"}],"wp:attachment":[{"href":"https:\/\/obera.fr\/tr\/wp-json\/wp\/v2\/media?parent=52216"}],"wp:term":[{"taxonomy":"category","embeddable":true,"href":"https:\/\/obera.fr\/tr\/wp-json\/wp\/v2\/categories?post=52216"},{"taxonomy":"post_tag","embeddable":true,"href":"https:\/\/obera.fr\/tr\/wp-json\/wp\/v2\/tags?post=52216"}],"curies":[{"name":"wp","href":"https:\/\/api.w.org\/{rel}","templated":true}]}}