{"id":52306,"date":"2024-10-08T10:26:07","date_gmt":"2024-10-08T08:26:07","guid":{"rendered":"https:\/\/obera.fr\/conseils\/havacilik-ve-uzay-endustrisi-aluminyum-parcalar-icin-hangi-vakum-tablasi-secilmeli\/"},"modified":"2025-06-27T14:35:17","modified_gmt":"2025-06-27T12:35:17","slug":"table-aspirante-aeronautique","status":"publish","type":"post","link":"https:\/\/obera.fr\/tr\/bizim-tavsiyemiz\/table-aspirante-aeronautique\/","title":{"rendered":"Havac\u0131l\u0131k end\u00fcstrisi: Al\u00fcminyum par\u00e7alar \u00fczerinde \u00e7al\u0131\u015fmak i\u00e7in hangi emi\u015f masas\u0131n\u0131 se\u00e7melisiniz?"},"content":{"rendered":"\n<p>Havac\u0131l\u0131k sekt\u00f6r\u00fc,<strong>toz ve hava kalitesi<\/strong> konusunda \u00f6zellikle kat\u0131 standartlara ve d\u00fczenlemelere tabidir (\u00f6rne\u011fin ISO 14644 standard\u0131). Ekiplerinize g\u00fcvenli \u00e7al\u0131\u015fma ko\u015fullar\u0131 sa\u011flamak i\u00e7in emi\u015f masas\u0131 gibi end\u00fcstriyel emi\u015f sistemlerinin kullan\u0131lmas\u0131n\u0131 \u015fiddetle tavsiye ediyoruz. Bu sistemler, \u00e7al\u0131\u015fma y\u00fczeyinin m\u00fcmk\u00fcn oldu\u011funca g\u00fcvenli olmas\u0131 i\u00e7in <strong>i\u015fleme operasyonlar\u0131ndan<\/strong> yay\u0131lan kirleticileri kayna\u011f\u0131nda yakalar.    <\/p>\n\n<p>Havac\u0131l\u0131k end\u00fcstrisinde al\u00fcminyum kirleticilere maruz kalmay\u0131 azaltmak i\u00e7in end\u00fcstriyel vakum masalar\u0131m\u0131za odaklan\u0131n.<\/p>\n\n<h2 class=\"wp-block-heading\">Havac\u0131l\u0131k ve uzay \u015firketleri: Tesisinizdeki al\u00fcminyum tozunun riskleri nelerdir?<\/h2>\n\n<figure class=\"wp-block-image alignright size-large is-resized\"><img decoding=\"async\" width=\"1024\" height=\"768\" src=\"https:\/\/obera.fr\/wp-content\/uploads\/2024\/10\/pexels-pixabay-46148-1024x768.jpg\" alt=\"U&#xE7;ak bulutlar&#x131;n aras&#x131;nda havada\" class=\"wp-image-36075\" style=\"width:350px\" srcset=\"https:\/\/obera.fr\/wp-content\/uploads\/2024\/10\/pexels-pixabay-46148-1024x768.jpg 1024w, https:\/\/obera.fr\/wp-content\/uploads\/2024\/10\/pexels-pixabay-46148-300x225.jpg 300w, https:\/\/obera.fr\/wp-content\/uploads\/2024\/10\/pexels-pixabay-46148-768x576.jpg 768w, https:\/\/obera.fr\/wp-content\/uploads\/2024\/10\/pexels-pixabay-46148-1536x1152.jpg 1536w, https:\/\/obera.fr\/wp-content\/uploads\/2024\/10\/pexels-pixabay-46148-2048x1536.jpg 2048w\" sizes=\"(max-width: 1024px) 100vw, 1024px\" \/><\/figure>\n\n<p>Al\u00fcminyum, <strong>ola\u011fan\u00fcst\u00fc elektriksel ve termal \u00f6zellikleri<\/strong> nedeniyle havac\u0131l\u0131k ve uzay end\u00fcstrisinde yayg\u0131n olarak kullan\u0131lmaktad\u0131r, ancak onunla \u00e7al\u0131\u015fmak operat\u00f6rlerinizin sa\u011fl\u0131\u011f\u0131 i\u00e7in tehlikeli olabilir. Z\u0131mparalama, ta\u015flama ve kesme i\u015flemleri (bunlardan sadece birka\u00e7\u0131), bir dizi komplikasyondan k\u0131smen sorumlu olan <strong>toksik partik\u00fcller<\/strong> <strong>\u00fcretir<\/strong>: <\/p>\n\n<ul class=\"wp-block-list\">\n<li>Solunum hastal\u0131klar\u0131 (al\u00fcminyum pulmoner fibrozis, al\u00fcminyum inhalasyon pn\u00f6monisi, ast\u0131m);<\/li>\n\n\n\n<li>Solunum ve cilt tahri\u015fleri.<\/li>\n<\/ul>\n\n<p>Buna ek olarak, al\u00fcminyum tozunun (do\u011fal olarak a\u015f\u0131nd\u0131r\u0131c\u0131 olan al\u00fcminyum oksit) birikmesi makine ve ekipmanlar\u0131n\u0131za zarar verebilir. <strong>Filtrelerin ve hava kanallar\u0131n\u0131n t\u0131kanmas\u0131<\/strong>, elektrik devreleri gibi hassas bile\u015fenlerin hasar g\u00f6rmesi&#8230; Etkiler \u00e7ok say\u0131dad\u0131r ve sonu\u00e7ta makinelerinizde ar\u0131zalara ve bozulmalara neden olabilir.<\/p>\n\n<p>Son olarak, al\u00fcminyum tozu yan\u0131c\u0131d\u0131r ve ATEX riski olu\u015fturur. Bu nedenle<a href=\"https:\/\/obera.fr\/tr\/bizim-tavsiyemiz\/quand-suis-je-soumis-reglementation-atex\/\">ATEX uyumlu ekipmanlar\u0131n tercih edilmesini<\/a> \u00f6neriyoruz<strong>.<\/strong> <\/p>\n\n<p><\/p>\n\n<p class=\"has-text-align-center\"><em>Biliyor muydunuz? \u0130ki kirletici tan\u0131mlanm\u0131\u015ft\u0131r: al\u00fcminyum ve al\u00fcminyum oksit. Al\u00fcminyum oksit, <strong>havadaki oksijene maruz<\/strong> kald\u0131\u011f\u0131nda al\u00fcmina y\u00fczeyinde olu\u015fur. Kokusuz beyaz bir toz \u015feklindedir ve suda \u00e7\u00f6z\u00fcnmez. Her ikisi de solundu\u011funda \u00e7al\u0131\u015fanlar i\u00e7in sa\u011fl\u0131k riski olu\u015fturan toksik kirleticilerdir.      <\/em><\/p>\n\n<p><\/p>\n\n<p>\u0130\u015fyerlerini m\u00fcmk\u00fcn oldu\u011funca g\u00fcvenli hale getirmek i\u00e7in <a href=\"https:\/\/obera.fr\/tr\/bizim-tavsiyemiz\/quest-ce-que-la-poussiere-en-industrie\/\">toz, duman ve buharlar\u0131 yakalamaya ve ar\u0131tmaya<\/a> y\u00f6nelik \u00e7\u00f6z\u00fcmler g\u00fcvenli alternatifler sunar. Ayr\u0131ca, i\u015fyerinde hava kalitesi ve g\u00fcvenli\u011fi ile ilgili y\u00f6netmeliklere uyman\u0131z\u0131 sa\u011flarlar.   <\/p>\n\n<p>Bu nedenle, KKD, t\u0131bbi g\u00f6zetim programlar\u0131n\u0131n ba\u015flat\u0131lmas\u0131 ve operat\u00f6r e\u011fitimine ek olarak, emme masalar\u0131 gibi<strong>hava i\u015fleme ekipmanlar\u0131n\u0131n kurulmas\u0131<\/strong> i\u015f\u00e7i g\u00fcvenli\u011fini art\u0131r\u0131r.<\/p>\n\n<h2 class=\"wp-block-heading\">Havac\u0131l\u0131k ve uzay end\u00fcstrisi: Emme tablan\u0131z\u0131 nas\u0131l se\u00e7ersiniz?<\/h2>\n\n<p>\u00d6zel ihtiya\u00e7lar\u0131 kar\u015f\u0131lamak i\u00e7in \u00e7e\u015fitli vakum tablalar\u0131 sunuyoruz. <strong>\u00dcretiminizden yay\u0131lan kirleticilere<\/strong> en uygun se\u00e7imi yapman\u0131z\u0131 sa\u011flamak i\u00e7in, \u00e7al\u0131\u015fma ortam\u0131n\u0131z\u0131n ayr\u0131nt\u0131l\u0131 bir analizini sunuyoruz.   <\/p>\n\n<p><\/p>\n\n<p class=\"has-text-align-center\">&#8221;  <em>Bu a\u015fama, kirleticilerin niteli\u011fini ve konsantrasyonlar\u0131n\u0131 belirlemek i\u00e7in \u00e7ok \u00f6nemlidir. Al\u00fcminyum par\u00e7alar \u00fczerinde \u00e7al\u0131\u015fmak ger\u00e7ekten de zararl\u0131 tozlar yayarken,<strong> tesisinizde<\/strong> y\u00fcr\u00fct\u00fclen di\u011fer end\u00fcstriyel i\u015flemler dumanlar, \u00e7\u00f6z\u00fcc\u00fcler ve hatta <a href=\"https:\/\/obera.fr\/tr\/bizim-tavsiyemiz\/quels-procedes-ameliorent-qualite-air-eliminant-cov\/\">ince tozlar (VOC<\/a>&#8216;ler) gibi<strong> ba\u015fka kirleticiler \u00fcretebilir<\/strong>. <\/em>  &#8220;diyor OberA&#8217;n\u0131n Teknik M\u00fcd\u00fcr\u00fc Thibaut Samsel.  <\/p>\n\n<p class=\"has-text-align-center\"><\/p>\n\n<p class=\"has-text-align-left\">Bu ilk ad\u0131m, en uygun vakum tablas\u0131 modelinin yan\u0131 s\u0131ra filtreleme sisteminin konfig\u00fcrasyonunu da belirleyecektir. Bir di\u011fer belirleyici kriter de i\u015flenecek i\u015f par\u00e7alar\u0131n\u0131n boyutu ve at\u00f6lyenizdeki mevcut aland\u0131r. \u00d6rne\u011fin, b\u00fcy\u00fck i\u015f par\u00e7alar\u0131 \u00fczerinde \u00e7al\u0131\u015fmak i\u00e7in<strong> A &amp; AT end\u00fcstriyel masalar\u0131<\/strong> veya ba\u011f\u0131ms\u0131z masalar\u0131m\u0131z\u0131 \u00f6neriyoruz. \u00d6te yandan 360\u00b0 d\u00f6ner ekstraksiyon tablas\u0131, daha k\u00fc\u00e7\u00fck ve karma\u015f\u0131k i\u015f par\u00e7alar\u0131n\u0131n i\u015flenmesi i\u00e7in idealdir. Dahas\u0131, alan k\u0131s\u0131tlamalar\u0131n\u0131za ba\u011fl\u0131 olarak <strong>kompakt<\/strong> veya \u0131smarlama <strong>ekipmanlar\u0131 tercih etmeniz gerekebilir<\/strong>.    <\/p>\n\n<p><\/p>\n\n<p>Son olarak,<strong>ergonomik ayarlamalar ve aksesuarlar <\/strong>(ayd\u0131nlatma, di\u011fer ekipmanlara ba\u011flant\u0131lar, \u00f6zelle\u015ftirilebilir \u0131zgaralar) gibi di\u011fer \u00f6zellikler kullan\u0131m kolayl\u0131\u011f\u0131 veya g\u00fcvenlik standartlar\u0131na uyum i\u00e7in eklenebilir. Her durumda, teklif a\u015famas\u0131nda, at\u00f6lyenizin belirli \u00f6zelliklerini incelemek i\u00e7in sizinle birlikte \u00e7al\u0131\u015faca\u011f\u0131z, b\u00f6ylece size en uygun ekipman\u0131 garanti edebiliriz. <\/p>\n\n<h2 class=\"wp-block-heading\">Havac\u0131l\u0131k ve uzay \u015firketleri ve end\u00fcstriyel alt y\u00fckleniciler i\u00e7in emi\u015f masalar\u0131m\u0131z  <\/h2>\n\n<div class=\"wp-block-columns is-layout-flex wp-container-core-columns-is-layout-28f84493 wp-block-columns-is-layout-flex\">\n<div class=\"wp-block-column is-layout-flow wp-block-column-is-layout-flow\" style=\"flex-basis:25%\">\n<figure class=\"wp-block-image aligncenter size-large is-resized\"><a href=\"https:\/\/obera.fr\/produits\/tables-aspirantes\/table-aspirante-a-at\/\"><img decoding=\"async\" width=\"1024\" height=\"1024\" src=\"https:\/\/obera.fr\/wp-content\/uploads\/2024\/04\/obera-tableaspirante-aat-2024.jpg-1024x1024.png\" alt=\"obera tableaspirante aat 2024.jpg\" class=\"wp-image-30206\" style=\"width:318px;height:auto\" srcset=\"https:\/\/obera.fr\/wp-content\/uploads\/2024\/04\/obera-tableaspirante-aat-2024.jpg-1024x1024.png 1024w, https:\/\/obera.fr\/wp-content\/uploads\/2024\/04\/obera-tableaspirante-aat-2024.jpg-300x300.png 300w, https:\/\/obera.fr\/wp-content\/uploads\/2024\/04\/obera-tableaspirante-aat-2024.jpg-150x150.png 150w, https:\/\/obera.fr\/wp-content\/uploads\/2024\/04\/obera-tableaspirante-aat-2024.jpg-768x768.png 768w, https:\/\/obera.fr\/wp-content\/uploads\/2024\/04\/obera-tableaspirante-aat-2024.jpg.png 1200w\" sizes=\"(max-width: 1024px) 100vw, 1024px\" \/><\/a><figcaption class=\"wp-element-caption\"><a href=\"https:\/\/obera.fr\/tr\/produits\/tables-aspirantes\/table-aspirante-a-at\/\">A &amp; AT emi\u015f tablolar\u0131 (ba\u011flanacak)<\/a><\/figcaption><\/figure>\n<\/div>\n\n\n\n<div class=\"wp-block-column is-layout-flow wp-block-column-is-layout-flow\" style=\"flex-basis:25%\">\n<figure class=\"wp-block-image aligncenter size-full\"><a href=\"https:\/\/obera.fr\/produits\/tables-aspirantes\/table-rotative-360\/\"><img decoding=\"async\" width=\"600\" height=\"600\" src=\"https:\/\/obera.fr\/wp-content\/uploads\/2022\/12\/table-aspirante-360-600x600-1.png\" alt=\"360 vakumlu masa 600x600 1\" class=\"wp-image-16609\" srcset=\"https:\/\/obera.fr\/wp-content\/uploads\/2022\/12\/table-aspirante-360-600x600-1.png 600w, https:\/\/obera.fr\/wp-content\/uploads\/2022\/12\/table-aspirante-360-600x600-1-300x300.png 300w, https:\/\/obera.fr\/wp-content\/uploads\/2022\/12\/table-aspirante-360-600x600-1-150x150.png 150w\" sizes=\"(max-width: 600px) 100vw, 600px\" \/><\/a><figcaption class=\"wp-element-caption\"><a href=\"https:\/\/obera.fr\/tr\/produits\/tables-aspirantes\/table-rotative-360\/\">D\u00f6ner ekstraksiyon masas\u0131 (ba\u011flanacak)<\/a><\/figcaption><\/figure>\n<\/div>\n\n\n\n<div class=\"wp-block-column is-layout-flow wp-block-column-is-layout-flow\" style=\"flex-basis:25%\">\n<figure class=\"wp-block-image aligncenter size-large\"><img decoding=\"async\" width=\"1024\" height=\"1024\" src=\"https:\/\/obera.fr\/wp-content\/uploads\/2024\/05\/epurbox-tsp-1024x1024.png\" alt=\"epurbox tsp\" class=\"wp-image-30348\" srcset=\"https:\/\/obera.fr\/wp-content\/uploads\/2024\/05\/epurbox-tsp-1024x1024.png 1024w, https:\/\/obera.fr\/wp-content\/uploads\/2024\/05\/epurbox-tsp-300x300.png 300w, https:\/\/obera.fr\/wp-content\/uploads\/2024\/05\/epurbox-tsp-150x150.png 150w, https:\/\/obera.fr\/wp-content\/uploads\/2024\/05\/epurbox-tsp-768x768.png 768w, https:\/\/obera.fr\/wp-content\/uploads\/2024\/05\/epurbox-tsp.png 1200w\" sizes=\"(max-width: 1024px) 100vw, 1024px\" \/><figcaption class=\"wp-element-caption\">ePURBOX TSP emi\u015f tablas\u0131 (ba\u011flant\u0131s\u0131z)<\/figcaption><\/figure>\n<\/div>\n\n\n\n<div class=\"wp-block-column is-layout-flow wp-block-column-is-layout-flow\" style=\"flex-basis:25%\">\n<figure class=\"wp-block-image aligncenter size-large is-resized\"><a href=\"https:\/\/obera.fr\/produits\/tables-aspirantes\/table-autonome\/\"><img decoding=\"async\" width=\"1024\" height=\"1024\" src=\"https:\/\/obera.fr\/wp-content\/uploads\/2024\/04\/obera-tableaspirante-autonome-2024.jpg-1024x1024.png\" alt=\"obera tableaspirante autonome 2024.jpg\" class=\"wp-image-30210\" style=\"width:358px;height:auto\" srcset=\"https:\/\/obera.fr\/wp-content\/uploads\/2024\/04\/obera-tableaspirante-autonome-2024.jpg-1024x1024.png 1024w, https:\/\/obera.fr\/wp-content\/uploads\/2024\/04\/obera-tableaspirante-autonome-2024.jpg-300x300.png 300w, https:\/\/obera.fr\/wp-content\/uploads\/2024\/04\/obera-tableaspirante-autonome-2024.jpg-150x150.png 150w, https:\/\/obera.fr\/wp-content\/uploads\/2024\/04\/obera-tableaspirante-autonome-2024.jpg-768x768.png 768w, https:\/\/obera.fr\/wp-content\/uploads\/2024\/04\/obera-tableaspirante-autonome-2024.jpg.png 1200w\" sizes=\"(max-width: 1024px) 100vw, 1024px\" \/><\/a><figcaption class=\"wp-element-caption\"><a href=\"https:\/\/obera.fr\/tr\/produits\/tables-aspirantes\/table-autonome\/\">Ba\u011f\u0131ms\u0131z emi\u015f masalar\u0131 (ba\u011flant\u0131s\u0131z)<\/a><\/figcaption><\/figure>\n<\/div>\n<\/div>\n\n<div class=\"wp-block-columns is-layout-flex wp-container-core-columns-is-layout-28f84493 wp-block-columns-is-layout-flex\">\n<div class=\"wp-block-column is-layout-flow wp-block-column-is-layout-flow\" style=\"flex-basis:100%\">\n<div class=\"wp-block-columns is-layout-flex wp-container-core-columns-is-layout-28f84493 wp-block-columns-is-layout-flex\">\n<div class=\"wp-block-column is-layout-flow wp-block-column-is-layout-flow\">\n<div class=\"wp-block-columns is-layout-flex wp-container-core-columns-is-layout-28f84493 wp-block-columns-is-layout-flex\">\n<div class=\"wp-block-column has-global-color-9-background-color has-background is-layout-flow wp-block-column-is-layout-flow\" style=\"flex-basis:25%\">\n<ul class=\"wp-block-list\">\n<li><strong>Sa\u011flam yap\u0131<\/strong>, galvanizli \u00e7elik \u0131zgara<\/li>\n\n\n\n<li>Kaba at\u0131k toplama \u00e7ekmecesi<\/li>\n\n\n\n<li>Bir yan toz toplay\u0131c\u0131ya veya havaland\u0131rma sistemine ba\u011flanacak<\/li>\n\n\n\n<li><strong>T\u00fcm kirleticileri yakalar<\/strong>: al\u00fcminyum, \u00e7elik, paslanmaz \u00e7elik ve plastik tozlar\u0131, solventler, temizleyiciler, yap\u0131\u015ft\u0131r\u0131c\u0131lar vb.<\/li>\n\n\n\n<li>\u00c7e\u015fitli boyutlarda mevcuttur (\u0131smarlama dahil)<\/li>\n<\/ul>\n<\/div>\n\n\n\n<div class=\"wp-block-column is-layout-flow wp-block-column-is-layout-flow\" style=\"flex-basis:25%\">\n<ul class=\"wp-block-list has-base-2-background-color has-background\">\n<li>Par\u00e7aya tam eri\u015fim i\u00e7in kendi ekseni etraf\u0131nda d\u00f6ner<\/li>\n\n\n\n<li><strong>Maksimum ergonomi<\/strong><\/li>\n\n\n\n<li>Optimize edilmi\u015f hava ak\u0131\u015f\u0131 ve esnek tezgah \u00fcst\u00fc davlumbaz<\/li>\n\n\n\n<li>Bir yan toz toplay\u0131c\u0131ya veya havaland\u0131rma sistemine ba\u011flanacak<\/li>\n\n\n\n<li><strong>A\u011f\u0131r kirleticiler<\/strong>, z\u0131mpara tozu, kaynak duman\u0131, metal par\u00e7alar\u0131n \u00e7apaklar\u0131n\u0131n al\u0131nmas\u0131 vb. i\u00e7in idealdir.<\/li>\n\n\n\n<li>\u00d6n emi\u015f nozulu<\/li>\n\n\n\n<li>ATEX versiyonu mevcuttur<\/li>\n<\/ul>\n<\/div>\n\n\n\n<div class=\"wp-block-column has-global-color-9-background-color has-background is-layout-flow wp-block-column-is-layout-flow\" style=\"flex-basis:25%\">\n<ul class=\"wp-block-list\">\n<li>Yap\u0131land\u0131r\u0131labilir 2 veya 3 a\u015famal\u0131 filtreleme sistemi, \u00f6rn. G4 \u00f6n filtre, partik\u00fcl filtresi, aktif karbon<\/li>\n\n\n\n<li>Solventler\/kokular, VOC&#8217;ler i\u00e7in ideal<\/li>\n\n\n\n<li>D\u00fc\u011fme ile <strong>s\u00fcrekli ayarlanabilir hava ak\u0131\u015f\u0131 <\/strong><\/li>\n\n\n\n<li>Izgara alt\u0131nda at\u0131k toplama \u00e7ekmecesi<\/li>\n\n\n\n<li>EC teknolojisi (sessiz, ekonomik \u00e7al\u0131\u015fma)<\/li>\n<\/ul>\n<\/div>\n\n\n\n<div class=\"wp-block-column has-base-2-background-color has-background is-layout-flow wp-block-column-is-layout-flow\" style=\"flex-basis:25%\">\n<ul class=\"wp-block-list\">\n<li>\u00d6zelle\u015ftirilebilir ekstraksiyon tezgah\u0131<\/li>\n\n\n\n<li>K\u0131v\u0131lc\u0131m ay\u0131r\u0131c\u0131<\/li>\n\n\n\n<li>\u00c7ift b\u00f6lmeli \u00e7\u00f6p kutusu<\/li>\n\n\n\n<li><strong>Tozlar, solventler\/kokular<\/strong> ve dumanlar <strong>i\u00e7in ideal<\/strong><\/li>\n\n\n\n<li>ATEX versiyonu mevcuttur<\/li>\n<\/ul>\n<\/div>\n<\/div>\n<\/div>\n<\/div>\n<\/div>\n<\/div>\n\n<p><\/p>\n","protected":false},"excerpt":{"rendered":"<p>Havac\u0131l\u0131k sekt\u00f6r\u00fc, toz ve hava kalitesi konusunda \u00f6zellikle kat\u0131 standartlara ve d\u00fczenlemelere tabidir (\u00f6rne\u011fin ISO 14644 standard\u0131). Ekiplerinizin g\u00fcvenli \u00e7al\u0131\u015fma ko\u015fullar\u0131n\u0131 garanti alt\u0131na almak i\u00e7in vakum masalar\u0131 gibi end\u00fcstriyel toz emme sistemlerinin kullan\u0131lmas\u0131n\u0131 \u015fiddetle tavsiye ediyoruz. <\/p>\n","protected":false},"author":13,"featured_media":80220,"comment_status":"open","ping_status":"closed","sticky":false,"template":"","format":"standard","meta":{"_acf_changed":false,"_seopress_robots_primary_cat":"none","_seopress_titles_title":"Havac\u0131l\u0131k sekt\u00f6r\u00fc: al\u00fcminyum par\u00e7alar i\u00e7in vakum tablas\u0131","_seopress_titles_desc":"Al\u00fcminyumla \u00e7al\u0131\u015fmak, ATEX risklerinin yan\u0131 s\u0131ra \u00e7al\u0131\u015fanlar\u0131n sa\u011fl\u0131\u011f\u0131na y\u00f6nelik riskler de i\u00e7erir. \u0130\u015f istasyonlar\u0131n\u0131z\u0131 olabildi\u011fince g\u00fcvenli hale getirmek i\u00e7in ihtiya\u00e7lar\u0131n\u0131z\u0131 kar\u015f\u0131layacak \u015fekilde yap\u0131land\u0131r\u0131lm\u0131\u015f sa\u011flam bir end\u00fcstriyel vakum masas\u0131 tercih edin. ","_seopress_robots_index":"","footnotes":""},"categories":[299],"tags":[306],"class_list":["post-52306","post","type-post","status-publish","format-standard","has-post-thumbnail","hentry","category-bizim-tavsiyemiz","tag-entete-small-tr","generate-columns","tablet-grid-50","mobile-grid-100","grid-parent","grid-50","no-featured-image-padding","resize-featured-image"],"acf":[],"_links":{"self":[{"href":"https:\/\/obera.fr\/tr\/wp-json\/wp\/v2\/posts\/52306","targetHints":{"allow":["GET"]}}],"collection":[{"href":"https:\/\/obera.fr\/tr\/wp-json\/wp\/v2\/posts"}],"about":[{"href":"https:\/\/obera.fr\/tr\/wp-json\/wp\/v2\/types\/post"}],"author":[{"embeddable":true,"href":"https:\/\/obera.fr\/tr\/wp-json\/wp\/v2\/users\/13"}],"replies":[{"embeddable":true,"href":"https:\/\/obera.fr\/tr\/wp-json\/wp\/v2\/comments?post=52306"}],"version-history":[{"count":5,"href":"https:\/\/obera.fr\/tr\/wp-json\/wp\/v2\/posts\/52306\/revisions"}],"predecessor-version":[{"id":116673,"href":"https:\/\/obera.fr\/tr\/wp-json\/wp\/v2\/posts\/52306\/revisions\/116673"}],"wp:featuredmedia":[{"embeddable":true,"href":"https:\/\/obera.fr\/tr\/wp-json\/wp\/v2\/media\/80220"}],"wp:attachment":[{"href":"https:\/\/obera.fr\/tr\/wp-json\/wp\/v2\/media?parent=52306"}],"wp:term":[{"taxonomy":"category","embeddable":true,"href":"https:\/\/obera.fr\/tr\/wp-json\/wp\/v2\/categories?post=52306"},{"taxonomy":"post_tag","embeddable":true,"href":"https:\/\/obera.fr\/tr\/wp-json\/wp\/v2\/tags?post=52306"}],"curies":[{"name":"wp","href":"https:\/\/api.w.org\/{rel}","templated":true}]}}