{"id":52987,"date":"2023-11-14T12:12:24","date_gmt":"2023-11-14T10:12:24","guid":{"rendered":"https:\/\/obera.fr\/conseils\/obera-kullanim-ornegi-endustriyel-ortamlarda-hidrokarbonlarin-aritilmasi\/"},"modified":"2025-04-15T11:15:59","modified_gmt":"2025-04-15T09:15:59","slug":"cas-usage-traitement-hydrocarbures-milieu-industriel","status":"publish","type":"post","link":"https:\/\/obera.fr\/tr\/bizim-tavsiyemiz\/cas-usage-traitement-hydrocarbures-milieu-industriel\/","title":{"rendered":"oberA Kullan\u0131m \u00d6rne\u011fi: End\u00fcstriyel bir ortamda hidrokarbonlar\u0131n ar\u0131t\u0131lmas\u0131"},"content":{"rendered":"\n<figure class=\"wp-block-image alignleft size-large is-resized\"><img decoding=\"async\" width=\"1024\" height=\"683\" src=\"https:\/\/obera.fr\/wp-content\/uploads\/2023\/12\/plaquette-frein-train-1-1024x683.jpg\" alt=\"demiryolu i&#x15F;&#xE7;isi y&#xFC;k treninin tekerleklerini ve frenlerini inceliyor.\" class=\"wp-image-26412\" style=\"width:330px;height:auto\" srcset=\"https:\/\/obera.fr\/wp-content\/uploads\/2023\/12\/plaquette-frein-train-1-1024x683.jpg 1024w, https:\/\/obera.fr\/wp-content\/uploads\/2023\/12\/plaquette-frein-train-1-300x200.jpg 300w, https:\/\/obera.fr\/wp-content\/uploads\/2023\/12\/plaquette-frein-train-1-768x512.jpg 768w, https:\/\/obera.fr\/wp-content\/uploads\/2023\/12\/plaquette-frein-train-1-1536x1024.jpg 1536w, https:\/\/obera.fr\/wp-content\/uploads\/2023\/12\/plaquette-frein-train-1-2048x1365.jpg 2048w\" sizes=\"(max-width: 1024px) 100vw, 1024px\" \/><\/figure>\n\n<p>OberA, <strong>demiryolu ta\u015f\u0131mac\u0131l\u0131\u011f\u0131 sekt\u00f6r\u00fcnde uzmanla\u015fm\u0131\u015f m\u00fc\u015fteriler <\/strong>ve yol kar\u0131\u015f\u0131mlar\u0131 i\u00e7in gran\u00fcl \u00e7\u00f6z\u00fcmlerde Frans\u0131z uzmanlar taraf\u0131ndan \u00fcretim s\u00fcre\u00e7lerindeki b\u00fcy\u00fck bir zorlu\u011fun \u00fcstesinden gelmek i\u00e7in se\u00e7ilmekten gurur duymaktad\u0131r.<\/p>\n\n<p>\u00c7evreyi koruman\u0131n ve \u00e7al\u0131\u015fanlar\u0131n\u0131n sa\u011fl\u0131k ve g\u00fcvenli\u011fini garanti alt\u0131na alman\u0131n \u00f6neminin fark\u0131nda olan m\u00fc\u015fterilerimiz,<a href=\"https:\/\/obera.fr\/tr\/bizim-tavsiyemiz\/traitement-odeurs-industrielles\/\"> hava \u015fartland\u0131rma uzmanl\u0131\u011f\u0131m\u0131za<\/a> ba\u015fvurdu. \u00dcretim s\u00fcre\u00e7leri s\u0131ras\u0131nda <strong>zararl\u0131 hidrokarbon dumanlar\u0131yla<\/strong> kar\u015f\u0131 kar\u015f\u0131ya kal\u0131yorlard\u0131 ve bu da hem \u00e7evre hem de i\u015f\u00e7i sa\u011fl\u0131\u011f\u0131 a\u00e7\u0131s\u0131ndan endi\u015felere yol a\u00e7\u0131yordu. <\/p>\n\n<p>Bu zorluklar\u0131n \u00fcstesinden gelmek i\u00e7in, hidrokarbon emisyonlar\u0131n\u0131 kayna\u011f\u0131nda etkili bir \u015fekilde yakalamak ve ar\u0131tmak \u00fczere <strong>\u00f6zelle\u015ftirilmi\u015f \u00e7\u00f6z\u00fcmler geli\u015ftirdik<\/strong>. \u00d6zel ihtiya\u00e7lar\u0131na g\u00f6re uyarlanm\u0131\u015f hava \u015fartland\u0131rma sistemleri uygulayarak, ortam havas\u0131na hidrokarbon emisyonlar\u0131n\u0131 \u00f6nemli \u00f6l\u00e7\u00fcde azaltmay\u0131 ba\u015fard\u0131k. <\/p>\n\n<p>Demiryolu sekt\u00f6r\u00fc<\/p>\n\n<p><strong>Demiryolu ta\u015f\u0131mac\u0131l\u0131\u011f\u0131nda uzmanla\u015fm\u0131\u015f m\u00fc\u015fterimiz<\/strong> i\u00e7in, kokular\u0131 ve U\u00e7ucu Organik Bile\u015fikleri (VOC) ar\u0131tmak \u00fczere \u00f6zel olarak tasarlanm\u0131\u015f bir <a href=\"https:\/\/obera.fr\/tr\/produits\/traitement-cov\/filtre-atex-mobile-mobfan-4500\/\">Mobfan<\/a> sistemi i\u00e7eren bir toz toplama \u00e7\u00f6z\u00fcm\u00fc uygulad\u0131k. Elde edilen sonu\u00e7lar ve operat\u00f6rlerinden gelen olumlu geri bildirimler m\u00fc\u015fterimizi tamamen memnun etti, \u00e7\u00fcnk\u00fc bu \u00e7\u00f6z\u00fcm at\u00f6lyelerindeki \u00fcretim s\u00fcre\u00e7leri s\u0131ras\u0131nda kullan\u0131lan end\u00fcstriyel f\u0131r\u0131n\u0131n \u00e7\u0131k\u0131\u015f\u0131ndaki <strong>hidrokarbon emisyonlar\u0131nda \u00f6nemli bir azalmaya<\/strong> yol a\u00e7t\u0131. <\/p>\n\n<div class=\"wp-block-columns is-layout-flex wp-container-core-columns-is-layout-28f84493 wp-block-columns-is-layout-flex\">\n<div class=\"wp-block-column is-layout-flow wp-block-column-is-layout-flow\">\n<figure class=\"wp-block-image size-full is-resized\"><img decoding=\"async\" width=\"1638\" height=\"1265\" src=\"https:\/\/obera.fr\/wp-content\/uploads\/2023\/12\/render_front1_v1-edited.png\" alt=\"render front1 v1\" class=\"wp-image-26424\" style=\"width:498px;height:auto\" srcset=\"https:\/\/obera.fr\/wp-content\/uploads\/2023\/12\/render_front1_v1-edited.png 1638w, https:\/\/obera.fr\/wp-content\/uploads\/2023\/12\/render_front1_v1-edited-300x232.png 300w, https:\/\/obera.fr\/wp-content\/uploads\/2023\/12\/render_front1_v1-edited-1024x791.png 1024w, https:\/\/obera.fr\/wp-content\/uploads\/2023\/12\/render_front1_v1-edited-768x593.png 768w, https:\/\/obera.fr\/wp-content\/uploads\/2023\/12\/render_front1_v1-edited-1536x1186.png 1536w\" sizes=\"(max-width: 1638px) 100vw, 1638px\" \/><\/figure>\n<\/div>\n\n\n\n<div class=\"wp-block-column is-layout-flow wp-block-column-is-layout-flow\">\n<figure class=\"wp-block-image size-full\"><img decoding=\"async\" width=\"945\" height=\"650\" src=\"https:\/\/obera.fr\/wp-content\/uploads\/2023\/12\/vacumat.jpg\" alt=\"vacumat\" class=\"wp-image-26418\" srcset=\"https:\/\/obera.fr\/wp-content\/uploads\/2023\/12\/vacumat.jpg 945w, https:\/\/obera.fr\/wp-content\/uploads\/2023\/12\/vacumat-300x206.jpg 300w, https:\/\/obera.fr\/wp-content\/uploads\/2023\/12\/vacumat-768x528.jpg 768w\" sizes=\"(max-width: 945px) 100vw, 945px\" \/><\/figure>\n<\/div>\n<\/div>\n\n<figure class=\"wp-block-image alignright size-large is-resized\"><img decoding=\"async\" width=\"576\" height=\"1024\" src=\"https:\/\/obera.fr\/wp-content\/uploads\/2023\/12\/epurbox-576x1024.jpg\" alt=\"epurbox\" class=\"wp-image-26436\" style=\"width:179px;height:auto\" srcset=\"https:\/\/obera.fr\/wp-content\/uploads\/2023\/12\/epurbox-576x1024.jpg 576w, https:\/\/obera.fr\/wp-content\/uploads\/2023\/12\/epurbox-169x300.jpg 169w, https:\/\/obera.fr\/wp-content\/uploads\/2023\/12\/epurbox-768x1365.jpg 768w, https:\/\/obera.fr\/wp-content\/uploads\/2023\/12\/epurbox-864x1536.jpg 864w, https:\/\/obera.fr\/wp-content\/uploads\/2023\/12\/epurbox-1152x2048.jpg 1152w, https:\/\/obera.fr\/wp-content\/uploads\/2023\/12\/epurbox-scaled.jpg 1440w\" sizes=\"(max-width: 576px) 100vw, 576px\" \/><\/figure>\n\n<p>Yol asfalt sekt\u00f6r\u00fc<\/p>\n\n<p>Yol asfalt\u0131nda uzmanla\u015fan ve yeni katranlar \u00fcreten m\u00fc\u015fterimiz i\u00e7in, gaz halindeki kirleticileri, kokular\u0131 ve U\u00e7ucu Organik Bile\u015fikleri (VOC) kayna\u011f\u0131nda etkili bir \u015fekilde ar\u0131tmak \u00fczere \u00f6zel olarak tasarlanm\u0131\u015f bir kol ve aktif karbon kartu\u015flar\u0131yla donat\u0131lm\u0131\u015f bir<a href=\"https:\/\/obera.fr\/tr\/produits\/traitement-cov\/aspiration-mobile-odeurs-epur-box\/\"> ePURBOX<\/a> tozsuzla\u015ft\u0131rma sistemi kurduk. M\u00fc\u015fterimiz, at\u00f6lyelerindeki yeni katranlar\u0131n \u00fcretim s\u00fcrecinde hidrokarbon emisyonlar\u0131nda \u00f6nemli bir azalmaya yol a\u00e7t\u0131\u011f\u0131 i\u00e7in <strong>bu \u00e7\u00f6z\u00fcmden tamamen memnun<\/strong> kald\u0131.   <\/p>\n\n<p>M\u00fcdahalemiz sayesinde m\u00fc\u015fterilerimiz sadece hidrokarbon emisyonlar\u0131yla ilgili kat\u0131<strong> \u00e7evre d\u00fczenlemelerine uymakla<\/strong> kalmad\u0131, ayn\u0131 zamanda daha sa\u011fl\u0131kl\u0131 ve g\u00fcvenli bir ortam yaratarak \u00e7al\u0131\u015fanlar\u0131n\u0131n \u00e7al\u0131\u015fma ko\u015fullar\u0131n\u0131 da iyile\u015ftirdi.<\/p>\n\n<p>Demiryolu ta\u015f\u0131mac\u0131l\u0131\u011f\u0131 ve plastik par\u00e7a \u00fcretiminde uzmanla\u015fm\u0131\u015f m\u00fc\u015fterilerimizle ger\u00e7ekle\u015ftirdi\u011fimiz bu verimli i\u015fbirli\u011fi, <strong>inovasyon ve s\u00fcrd\u00fcr\u00fclebilirli\u011fe olan ba\u011fl\u0131l\u0131\u011f\u0131m\u0131z\u0131<\/strong> ortaya koymaktad\u0131r. \u00c7evre, sa\u011fl\u0131k ve g\u00fcvenlik sorunlar\u0131na \u00f6zel \u00e7\u00f6z\u00fcmler sunarak \u00e7evresel etkinin azalt\u0131lmas\u0131na ve sekt\u00f6rdeki \u00e7al\u0131\u015fma ko\u015fullar\u0131n\u0131n iyile\u015ftirilmesine katk\u0131da bulunmaktan gurur duyuyoruz. <\/p>\n\n<h2 class=\"wp-block-heading\"><strong>Demiryolu sekt\u00f6r\u00fcnde hidrokarbon \u00fcreten s\u00fcre\u00e7ler  <\/strong><\/h2>\n\n<p><strong>End\u00fcstriyel bir f\u0131r\u0131n\u0131n sonunda hidrokarbonlar\u0131n bulunmas\u0131 <\/strong>, demiryolu end\u00fcstrisinde belirli par\u00e7alar\u0131n \u00fcretim s\u00fcreci s\u0131ras\u0131nda yayg\u0131n bir olgudur. End\u00fcstriyel f\u0131r\u0131nlar, trenler ve demiryolu ekipmanlar\u0131 i\u00e7in bile\u015fenlerin \u00fcretiminde s\u0131kl\u0131kla kullan\u0131lan plastikler ve re\u00e7ineler de dahil olmak \u00fczere \u00e7e\u015fitli malzemeleri \u0131s\u0131tmak, kurutmak, sertle\u015ftirmek veya polimerize etmek i\u00e7in kullan\u0131l\u0131r. <\/p>\n\n<p>Bu malzemeler f\u0131r\u0131n i\u00e7inde y\u00fcksek s\u0131cakl\u0131klara maruz kald\u0131\u011f\u0131nda, belirli hidrokarbon molek\u00fclleri <strong>gaz veya buhar \u015feklinde a\u00e7\u0131\u011fa<\/strong> \u00e7\u0131kabilir. Bu hidrokarbon emanasyonlar\u0131 f\u0131r\u0131n\u0131n etraf\u0131ndaki ortam havas\u0131na yay\u0131labilir ve \u00e7al\u0131\u015fanlar\u0131n ve \u00e7evrenin sa\u011fl\u0131\u011f\u0131 i\u00e7in potansiyel olarak zararl\u0131 olabilir. <\/p>\n\n<figure class=\"wp-block-image alignleft size-full is-resized\"><img decoding=\"async\" width=\"600\" height=\"600\" src=\"https:\/\/obera.fr\/wp-content\/uploads\/2023\/12\/picto-risque-mutagene.jpg\" alt=\"picto mutajenik risk\" class=\"wp-image-26440\" style=\"width:52px;height:auto\" srcset=\"https:\/\/obera.fr\/wp-content\/uploads\/2023\/12\/picto-risque-mutagene.jpg 600w, https:\/\/obera.fr\/wp-content\/uploads\/2023\/12\/picto-risque-mutagene-300x300.jpg 300w, https:\/\/obera.fr\/wp-content\/uploads\/2023\/12\/picto-risque-mutagene-150x150.jpg 150w\" sizes=\"(max-width: 600px) 100vw, 600px\" \/><\/figure>\n\n<p>End\u00fcstriyel bir f\u0131r\u0131n\u0131n \u00e7\u0131k\u0131\u015f\u0131nda hidrokarbonlar\u0131n bulunmas\u0131, bu dumanlara maruz kalan operat\u00f6rler i\u00e7in sa\u011fl\u0131k riskleri olu\u015fturabilir.<strong>Bu hidrokarbon gazlar\u0131n\u0131n veya buharlar\u0131n\u0131n sol<\/strong> unmas\u0131, solunum yollar\u0131nda tahri\u015fe, ba\u015f a\u011fr\u0131s\u0131na, ba\u015f d\u00f6nmesine, mide bulant\u0131s\u0131na ve hatta yay\u0131lan hidrokarbonlar\u0131n konsantrasyonuna ve do\u011fas\u0131na ba\u011fl\u0131 olarak daha ciddi uzun vadeli sa\u011fl\u0131k etkilerine neden olabilir. <\/p>\n\n<h2 class=\"wp-block-heading\"><strong>Yeni katran \u00fcretimi s\u0131ras\u0131nda hidrokarbon \u00fcreten s\u00fcre\u00e7ler<\/strong><\/h2>\n\n<p>Yeni katran \u00fcretiminde hidrokarbonlar\u0131n<strong> form\u00fclasyonu<\/strong> s\u0131ras\u0131nda bulunmas\u0131 s\u0131k kar\u015f\u0131la\u015f\u0131lan ve ka\u00e7\u0131n\u0131lmaz bir durumdur. Katran genellikle ham petrol\u00fcn veya di\u011fer hidrokarbon kaynaklar\u0131n\u0131n dam\u0131t\u0131lmas\u0131ndan \u00fcretilir. Yeni katran\u0131n form\u00fcle edilmesi s\u00fcrecinde, istenen bile\u015fimi elde etmek i\u00e7in <strong>farkl\u0131 hidrokarbon i\u00e7eren hammaddeler<\/strong> kullan\u0131l\u0131r.  <\/p>\n\n<p>Form\u00fclasyon i\u015flemi s\u0131ras\u0131nda, tesisin veya \u00fcretim at\u00f6lyesinin ortam havas\u0131na hidrokarbon dumanlar\u0131 sal\u0131nabilir. Bu dumanlar gaz veya buhar \u015feklinde olabilir ve maruz kalan <strong>\u00e7al\u0131\u015fanlar\u0131n sa\u011fl\u0131\u011f\u0131 i\u00e7in potansiyel olarak zararl\u0131<\/strong> olabilir. <\/p>\n\n<h2 class=\"wp-block-heading\"><strong>Hidrokarbonlar\u0131n operat\u00f6rlerin sa\u011fl\u0131\u011f\u0131 i\u00e7in tehlikeleri<\/strong><\/h2>\n\n<p>End\u00fcstriyel \u00fcretim s\u00fcre\u00e7leri s\u0131ras\u0131nda hidrokarbonlar\u0131n solunmas\u0131, maruz kalan i\u015f\u00e7iler i\u00e7in bir dizi sa\u011fl\u0131k tehlikesi olu\u015fturmaktad\u0131r. <strong>Hidrokarbonlar <\/strong>petrol \u00fcr\u00fcnlerinde bulunan <strong>organik kimyasal bile\u015fiklerdir <\/strong>ve gaz, buhar veya ince partik\u00fcller \u015feklinde olabilirler. Hidrokarbonlar\u0131n solunmas\u0131 ile ili\u015fkili baz\u0131 tehlikeler a\u015fa\u011f\u0131da verilmi\u015ftir:  <\/p>\n\n<h3 class=\"wp-block-heading\"><strong>Solunum yollar\u0131nda tahri\u015f  <\/strong><\/h3>\n\n<p>Hidrokarbonlar\u0131n solunmas\u0131 <strong>solunum yollar\u0131nda tahri\u015fe neden<\/strong> olarak \u00f6ks\u00fcr\u00fck, bo\u011faz a\u011fr\u0131s\u0131, hap\u015f\u0131rma ve nefes darl\u0131\u011f\u0131 gibi semptomlara yol a\u00e7abilir.<\/p>\n\n<h3 class=\"wp-block-heading\"><strong>Solunum problemleri  <\/strong><\/h3>\n\n<p><strong>Y\u00fcksek seviyelerde hidrokarbonlara<\/strong> kronik olarak maruz kalmak, ast\u0131m gibi kronik solunum sorunlar\u0131na veya yatk\u0131n bireylerde semptomlar\u0131n k\u00f6t\u00fcle\u015fmesine yol a\u00e7abilir.<\/p>\n\n<h3 class=\"wp-block-heading\"><strong>N\u00f6rolojik etkiler<\/strong><\/h3>\n\n<p>Baz\u0131 hidrokarbonlar n\u00f6rotoksin olarak kabul edilir ve merkezi sinir sistemini etkileyebilir.<strong> Uzun s\u00fcreli maruziyet ba\u015f a\u011fr\u0131s\u0131<\/strong>, ba\u015f d\u00f6nmesi, haf\u0131za bozuklu\u011fu ve konsantrasyon sorunlar\u0131na<strong> neden olabilir<\/strong>. <\/p>\n\n<h3 class=\"wp-block-heading\"><strong>Karaci\u011fer ve b\u00f6brekler \u00fczerindeki etkiler<\/strong><\/h3>\n\n<p>Baz\u0131 hidrokarbonlar karaci\u011fer ve b\u00f6brekler i\u00e7in toksiktir ve uzun s\u00fcreli maruziyet <strong>bu organlarda hasara neden<\/strong> olabilir.<\/p>\n\n<h3 class=\"wp-block-heading\"><strong>Kanserojen riskler  <\/strong><\/h3>\n\n<p>Baz\u0131 hidrokarbonlar belirli uluslararas\u0131 sa\u011fl\u0131k kurulu\u015flar\u0131 taraf\u0131ndan insanlar i\u00e7in kanserojen olarak s\u0131n\u0131fland\u0131r\u0131lmakta ve <strong>maruz kalan bireylerde kans<\/strong>ere <strong>neden<\/strong> olma potansiyelleri konusunda endi\u015felere yol a\u00e7maktad\u0131r.<\/p>\n\n<h3 class=\"wp-block-heading\"><strong>Bo\u011fulma  <\/strong><\/h3>\n\n<p>Baz\u0131 hidrokarbonlar havadaki oksijenin yerini alarak oksijensiz ve potansiyel olarak bo\u011fucu bir ortam yaratabilir.<\/p>\n\n<p>OberA taraf\u0131ndan sunulan hava i\u015fleme, <strong>demiryolu sekt\u00f6r\u00fcndeki \u015firketler<\/strong> ve yol asfalt\u0131 \u00fcretimindeki uzmanlar i\u00e7in \u00f6zellikle \u00fcretim s\u00fcre\u00e7lerindeki hidrokarbonlar\u0131n y\u00f6netimi ba\u011flam\u0131nda bir dizi \u00f6nemli avantaj sa\u011flamaktad\u0131r.<\/p>\n\n<h2 class=\"wp-block-heading\"><strong>Frans\u0131z end\u00fcstrisinin \u00f6nde gelen oyuncular\u0131 i\u00e7in hidrokarbon i\u015flemenin faydalar\u0131<\/strong><\/h2>\n\n<p>\u0130\u015f\u00e7i sa\u011fl\u0131\u011f\u0131 ve g\u00fcvenli\u011fi a\u00e7\u0131s\u0131ndan, hava \u015fartland\u0131rma hidrokarbon dumanlar\u0131n\u0131 etkili bir \u015fekilde yakalar ve ortadan kald\u0131r\u0131r,<strong> bu potansiyel olarak zararl\u0131 bile\u015fiklere maruz kalmalar\u0131n\u0131 azaltarak i\u015f\u00e7ilerin sa\u011fl\u0131\u011f\u0131n\u0131 korur<\/strong>. Bu, solunum yolu tahri\u015fini, kronik solunum sorunlar\u0131n\u0131 ve uzun vadeli olumsuz sa\u011fl\u0131k etkileri riskini \u00f6nlemeye yard\u0131mc\u0131 olur. <\/p>\n\n<p>Ayr\u0131ca, hava \u015fartland\u0131rma sistemleri kurarak m\u00fc\u015fterilerimiz hidrokarbon emisyonlar\u0131yla ilgili kat\u0131 \u00e7evre d\u00fczenlemelerine uyabilir. Bu sayede <strong>\u00e7evre standartlar\u0131na uyulmamas\u0131ndan<\/strong> kaynaklanan olas\u0131 cezalar ve para cezalar\u0131 \u00f6nlenmekte ve \u015firketin \u00e7evresel sorumlulu\u011fu peki\u015ftirilmektedir. <\/p>\n\n<p>Marka imaj\u0131 ve itibar\u0131 a\u00e7\u0131s\u0131ndan, sorumlu hidrokarbon ar\u0131tma uygulamalar\u0131n\u0131n benimsenmesi marka imaj\u0131n\u0131n iyile\u015ftirilmesine yard\u0131mc\u0131 olur.<strong> \u00c7evreyi <\/strong>ve \u00e7al\u0131\u015fanlar\u0131n\u0131n sa\u011fl\u0131\u011f\u0131n\u0131<strong> koruma <\/strong>konusundaki kararl\u0131l\u0131klar\u0131n\u0131 g\u00f6sterir ve bu da m\u00fc\u015fteriler, i\u015f ortaklar\u0131 ve kamuoyu nezdinde daha iyi bir alg\u0131ya yol a\u00e7abilir. <\/p>\n\n<p>Ayr\u0131ca hava \u015fartland\u0131rma, hidrokarbon dumanlar\u0131n\u0131 yakalay\u0131p ortadan kald\u0131rarak \u015firketin \u00e7al\u0131\u015fma ortam\u0131ndaki<strong> hava kalitesinin iyile\u015ftirilmesine<\/strong> yard\u0131mc\u0131 olur. Bu da \u00e7al\u0131\u015fanlar i\u00e7in daha sa\u011fl\u0131kl\u0131 bir i\u015f yeri yaratarak, k\u00f6t\u00fc hava kalitesiyle ili\u015fkili solunum ve di\u011fer sa\u011fl\u0131k sorunlar\u0131 riskini azalt\u0131r. <\/p>\n\n<p>Son olarak, hidrokarbon emisyonlar\u0131n\u0131 kontrol alt\u0131na alarak, hava \u015fartland\u0131rma hammadde ve kaynaklar\u0131n daha verimli kullan\u0131lmas\u0131n\u0131 sa\u011flayabilir ve bu da<strong> \u015firket i\u00e7in maliyet tasarrufu<\/strong> sa\u011flayabilir.<\/p>\n\n<p>Sonu\u00e7 olarak, OberA taraf\u0131ndan sunulan hava \u015fartland\u0131rma, demiryolu ve karayolu asfalt sekt\u00f6rlerindeki \u00fcretim s\u00fcre\u00e7leri s\u0131ras\u0131nda hidrokarbonlar\u0131n y\u00f6netilmesi i\u00e7in eksiksiz bir \u00e7\u00f6z\u00fcm sunmaktad\u0131r. Bu, i\u015f\u00e7i sa\u011fl\u0131\u011f\u0131 ve g\u00fcvenli\u011finin iyile\u015ftirilmesine, \u00e7evre d\u00fczenlemelerine uyulmas\u0131na,<strong> marka imaj\u0131n\u0131n geli\u015ftir<\/strong> ilmesine ve daha sa\u011fl\u0131kl\u0131, daha verimli bir \u00e7al\u0131\u015fma ortam\u0131 yarat\u0131lmas\u0131na yard\u0131mc\u0131 olur. Bu kilit sekt\u00f6rlerde sorumlu, s\u00fcrd\u00fcr\u00fclebilir ve \u00e7evre dostu \u00fcretimin sa\u011flanmas\u0131 i\u00e7in temel bir \u00f6nlemdir.  <\/p>\n\n<h2 class=\"wp-block-heading\"><strong>Aktif karbonun hidrokarbon emisyonlar\u0131 \u00fczerindeki etkinli\u011fi<\/strong><\/h2>\n\n<figure class=\"wp-block-image alignright size-large is-resized\"><img decoding=\"async\" width=\"1024\" height=\"549\" src=\"https:\/\/obera.fr\/wp-content\/uploads\/2023\/12\/charbon-actif-ckv-3-1024x549.jpg\" alt=\"aktif karbon ckv 3\" class=\"wp-image-26444\" style=\"width:411px;height:auto\" srcset=\"https:\/\/obera.fr\/wp-content\/uploads\/2023\/12\/charbon-actif-ckv-3-1024x549.jpg 1024w, https:\/\/obera.fr\/wp-content\/uploads\/2023\/12\/charbon-actif-ckv-3-300x161.jpg 300w, https:\/\/obera.fr\/wp-content\/uploads\/2023\/12\/charbon-actif-ckv-3-768x412.jpg 768w, https:\/\/obera.fr\/wp-content\/uploads\/2023\/12\/charbon-actif-ckv-3.jpg 1200w\" sizes=\"(max-width: 1024px) 100vw, 1024px\" \/><\/figure>\n\n<p><strong> Aktif karbon<\/strong>, i\u00e7inden ge\u00e7erken hidrokarbon molek\u00fcllerini yakalamas\u0131n\u0131 sa\u011flayan geni\u015f bir spesifik y\u00fczey alan\u0131na sahip g\u00f6zenekli bir malzemedir. Bu hidrokarbon molek\u00fclleri daha sonra adsorbe edilir ve aktif karbonun y\u00fczeyinde tutulur. Bu,<strong> havadaki hidrokarbon konsantrasyonunu<\/strong> \u00f6nemli \u00f6l\u00e7\u00fcde azalt\u0131r ve bu kirleticileri ortadan kald\u0131rarak hava kalitesini art\u0131r\u0131r.  <\/p>\n\n<p>Aktif karbonun m\u00fcmk\u00fcn oldu\u011funca etkili olmas\u0131n\u0131 sa\u011flamak i\u00e7in, yay\u0131lan hidrokarbonlar\u0131n spesifik bile\u015fimine uygun bir karbon t\u00fcr\u00fc se\u00e7mek ve end\u00fcstriyel f\u0131r\u0131ndan \u00e7\u0131kan dumanlar i\u00e7in uygun bir filtreleme sistemi tasarlamak \u00e7ok \u00f6nemlidir. <strong>Aktif karbonun<\/strong> uzun vadeli etkinli\u011fini korumak i\u00e7in <strong>d\u00fczenli olarak izlenmesi ve uygun \u015fekilde bak\u0131m\u0131n\u0131n<\/strong> yap\u0131lmas\u0131 da gereklidir. <\/p>\n\n<blockquote class=\"wp-block-quote is-layout-flow wp-block-quote-is-layout-flow\">\n<p>End\u00fcstriyel bir ortamda<a href=\"https:\/\/obera.fr\/tr\/bizim-tavsiyemiz\/cas-usage-traitement-vapeurs-degraissant-nettoyage-pieces-metalliques\/\"> metal par\u00e7alar\u0131 temizlerken ya\u011f giderme buharlar\u0131n\u0131n ar\u0131t\u0131lmas\u0131n\u0131<\/a> i\u00e7eren ba\u015fka bir kullan\u0131m \u00f6rne\u011fi hakk\u0131nda daha fazla bilgi edinin.<\/p>\n<\/blockquote>\n","protected":false},"excerpt":{"rendered":"<p>OberA, demiryolu ta\u015f\u0131mac\u0131l\u0131\u011f\u0131 sekt\u00f6r\u00fcnde uzmanla\u015fm\u0131\u015f m\u00fc\u015fteriler ve yol kar\u0131\u015f\u0131mlar\u0131 i\u00e7in gran\u00fcl \u00e7\u00f6z\u00fcmlerde Frans\u0131z uzmanlar taraf\u0131ndan \u00fcretim s\u00fcre\u00e7lerindeki b\u00fcy\u00fck bir zorlu\u011fun \u00fcstesinden gelmek i\u00e7in se\u00e7ilmekten gurur duymaktad\u0131r.<\/p>\n","protected":false},"author":4,"featured_media":81805,"comment_status":"open","ping_status":"closed","sticky":false,"template":"","format":"standard","meta":{"_acf_changed":false,"_seopress_robots_primary_cat":"none","_seopress_titles_title":"oberA Kullan\u0131m \u00d6rne\u011fi: End\u00fcstriyel bir ortamda hidrokarbonlar\u0131n ar\u0131t\u0131lmas\u0131","_seopress_titles_desc":"OberA, demiryolu ta\u015f\u0131mac\u0131l\u0131\u011f\u0131 sekt\u00f6r\u00fcnde uzmanla\u015fm\u0131\u015f m\u00fc\u015fteriler taraf\u0131ndan tercih edilmekten gurur duymaktad\u0131r. Bu sekt\u00f6r\u00fcn zorluklar\u0131na nas\u0131l yan\u0131t verebildi\u011fimizi \u00f6\u011frenin.","_seopress_robots_index":"","footnotes":""},"categories":[299],"tags":[306],"class_list":["post-52987","post","type-post","status-publish","format-standard","has-post-thumbnail","hentry","category-bizim-tavsiyemiz","tag-entete-small-tr","generate-columns","tablet-grid-50","mobile-grid-100","grid-parent","grid-50","no-featured-image-padding","resize-featured-image"],"acf":[],"_links":{"self":[{"href":"https:\/\/obera.fr\/tr\/wp-json\/wp\/v2\/posts\/52987","targetHints":{"allow":["GET"]}}],"collection":[{"href":"https:\/\/obera.fr\/tr\/wp-json\/wp\/v2\/posts"}],"about":[{"href":"https:\/\/obera.fr\/tr\/wp-json\/wp\/v2\/types\/post"}],"author":[{"embeddable":true,"href":"https:\/\/obera.fr\/tr\/wp-json\/wp\/v2\/users\/4"}],"replies":[{"embeddable":true,"href":"https:\/\/obera.fr\/tr\/wp-json\/wp\/v2\/comments?post=52987"}],"version-history":[{"count":5,"href":"https:\/\/obera.fr\/tr\/wp-json\/wp\/v2\/posts\/52987\/revisions"}],"predecessor-version":[{"id":82415,"href":"https:\/\/obera.fr\/tr\/wp-json\/wp\/v2\/posts\/52987\/revisions\/82415"}],"wp:featuredmedia":[{"embeddable":true,"href":"https:\/\/obera.fr\/tr\/wp-json\/wp\/v2\/media\/81805"}],"wp:attachment":[{"href":"https:\/\/obera.fr\/tr\/wp-json\/wp\/v2\/media?parent=52987"}],"wp:term":[{"taxonomy":"category","embeddable":true,"href":"https:\/\/obera.fr\/tr\/wp-json\/wp\/v2\/categories?post=52987"},{"taxonomy":"post_tag","embeddable":true,"href":"https:\/\/obera.fr\/tr\/wp-json\/wp\/v2\/tags?post=52987"}],"curies":[{"name":"wp","href":"https:\/\/api.w.org\/{rel}","templated":true}]}}