{"id":53078,"date":"2023-11-14T12:01:34","date_gmt":"2023-11-14T10:01:34","guid":{"rendered":"https:\/\/obera.fr\/conseils\/obera-kullanim-ornegi-endustriyel-ambalajlarda-formaldehit-aritimi\/"},"modified":"2025-04-23T08:31:25","modified_gmt":"2025-04-23T06:31:25","slug":"cas-usage-traitement-formaldehydes-emballage-industriel","status":"publish","type":"post","link":"https:\/\/obera.fr\/tr\/bizim-tavsiyemiz\/cas-usage-traitement-formaldehydes-emballage-industriel\/","title":{"rendered":"oberA Kullan\u0131m \u00d6rne\u011fi: End\u00fcstriyel ambalajlardaki formaldehitin ar\u0131t\u0131lmas\u0131"},"content":{"rendered":"\n<figure class=\"wp-block-image alignright size-full is-resized\"><img decoding=\"async\" width=\"275\" height=\"183\" src=\"https:\/\/obera.fr\/wp-content\/uploads\/2023\/12\/impression-emballage-2.jpg\" alt=\"ambalaj bask&#x131;s&#x131; 2\" class=\"wp-image-26468\" style=\"width:316px;height:auto\"\/><\/figure>\n\n<p>OberA yak\u0131n zamanda <strong>ambalaj konusunda uzmanla\u015fm\u0131\u015f uluslararas\u0131 bir m\u00fc\u015fteriyle<\/strong> \u00e7al\u0131\u015ft\u0131. M\u00fc\u015fteri, \u00fcretim s\u00fcre\u00e7leri s\u0131ras\u0131nda, \u00f6zellikle de al\u00fcminyum folyonun yap\u0131\u015ft\u0131r\u0131lmas\u0131 s\u0131ras\u0131nda ortaya \u00e7\u0131kan formaldehit emisyonlar\u0131yla ba\u015fa \u00e7\u0131kmak i\u00e7in bize ba\u015fvurdu. <\/p>\n\n<p>Formaldehit, insan sa\u011fl\u0131\u011f\u0131 i\u00e7in potansiyel olarak zararl\u0131 olan kimyasal bir maddedir ve ambalaj i\u00e7in al\u00fcminyum folyo yap\u0131\u015ft\u0131r\u0131lmas\u0131 da dahil olmak \u00fczere baz\u0131 end\u00fcstriyel i\u015flemlerde yayg\u0131n olarak kullan\u0131lmaktad\u0131r.<\/p>\n\n<p><a href=\"https:\/\/obera.fr\/tr\/bizim-tavsiyemiz\/traitement-odeurs-industrielles\/\">Hava \u015fartland\u0131rma konusundaki uzmanl\u0131\u011f\u0131m\u0131z<\/a>, her ikisi de ek bir b\u00fcy\u00fck aktif karbon kartu\u015fu ile donat\u0131lm\u0131\u015f bir <a href=\"https:\/\/obera.fr\/tr\/produits\/traitement-cov\/aspiration-mobile-odeurs-epur-box\/\">ePURBOX<\/a>&#8216;tan olu\u015fan 2 kurulum tasarlamam\u0131z\u0131 ve kurmam\u0131z\u0131 sa\u011flad\u0131. Bu \u00f6l\u00e7\u00fcye uygun \u00e7\u00f6z\u00fcm, formaldehit emisyonlar\u0131n\u0131 do\u011frudan al\u00fcminyum folyo yap\u0131\u015ft\u0131rma istasyonunda etkili bir \u015fekilde yakal\u0131yor ve ortadan kald\u0131r\u0131yor. Bu \u015fekilde, m\u00fc\u015fterimizin \u00e7al\u0131\u015fanlar\u0131n\u0131n sa\u011fl\u0131k ve g\u00fcvenli\u011finin korunmas\u0131na yard\u0131mc\u0131 olurken, mevcut standartlara ve y\u00f6netmeliklere uygunlu\u011fu da sa\u011flad\u0131k.  <\/p>\n\n<p><strong>Ki\u015fiselle\u015ftirilmi\u015f yakla\u015f\u0131m\u0131m\u0131z<\/strong> ve \u00e7evresel m\u00fckemmelli\u011fe olan ba\u011fl\u0131l\u0131\u011f\u0131m\u0131z sayesinde, m\u00fc\u015fterimiz \u00e7al\u0131\u015fma ortam\u0131ndaki hava kalitesini iyile\u015ftirebildi, \u00e7al\u0131\u015fanlar i\u00e7in sa\u011fl\u0131k risklerini azaltt\u0131 ve \u00e7evreyi korumaya y\u00f6nelik <strong>sosyal sorumlulu\u011funu<\/strong> peki\u015ftirdi.<\/p>\n\n<h2 class=\"wp-block-heading\"><strong>Formaldehit \u00fcreten s\u00fcre\u00e7 ve tehlikeleri<\/strong><\/h2>\n\n<figure class=\"wp-block-image alignleft size-large is-resized\"><img decoding=\"async\" width=\"1024\" height=\"538\" src=\"https:\/\/obera.fr\/wp-content\/uploads\/2023\/12\/impression-emballage-aluminium-1024x538.jpg\" alt=\"al&#xFC;mi&#x307;nyum ambalaj baskisi\" class=\"wp-image-26471\" style=\"width:304px;height:auto\" srcset=\"https:\/\/obera.fr\/wp-content\/uploads\/2023\/12\/impression-emballage-aluminium-1024x538.jpg 1024w, https:\/\/obera.fr\/wp-content\/uploads\/2023\/12\/impression-emballage-aluminium-300x158.jpg 300w, https:\/\/obera.fr\/wp-content\/uploads\/2023\/12\/impression-emballage-aluminium-768x403.jpg 768w, https:\/\/obera.fr\/wp-content\/uploads\/2023\/12\/impression-emballage-aluminium.jpg 1200w\" sizes=\"(max-width: 1024px) 100vw, 1024px\" \/><\/figure>\n\n<p>Al\u00fcminyum folyo yap\u0131\u015ft\u0131rma i\u015flemi s\u0131ras\u0131nda formaldehit<strong> emisyonlar\u0131<\/strong> esas olarak formaldehit re\u00e7ineleri (fenoplastlar veya fenol-formaldehit re\u00e7ineleri) i\u00e7eren tutkallar\u0131n veya yap\u0131\u015ft\u0131r\u0131c\u0131lar\u0131n kullan\u0131lmas\u0131ndan kaynaklanmaktad\u0131r.<\/p>\n\n<p>Formaldehit, oda s\u0131cakl\u0131\u011f\u0131nda gaz olarak a\u00e7\u0131\u011fa \u00e7\u0131kan ve<strong>yap\u0131\u015ft\u0131r\u0131c\u0131lar uyguland\u0131\u011f\u0131nda<\/strong> havaya buharla\u015fmas\u0131na neden olan u\u00e7ucu bir kimyasal bile\u015fiktir.<\/p>\n\n<p>Formaldehit, yap\u0131\u015fma ve h\u0131zl\u0131 kuruma \u00f6zellikleri nedeniyle bir\u00e7ok tutkal ve yap\u0131\u015ft\u0131r\u0131c\u0131 t\u00fcr\u00fcnde ve termoset polimerlerin \u00fcretiminde yayg\u0131n olarak kullan\u0131lmaktad\u0131r. Ancak bu <strong>madde<\/strong>, \u00f6zellikle y\u00fcksek ve uzun s\u00fcreli miktarlarda solundu\u011funda <strong>insan sa\u011fl\u0131\u011f\u0131 i\u00e7in risk olu\u015fturmaktad\u0131r<\/strong>. <\/p>\n\n<p>Formaldehitin solunmas\u0131 solunum yolu tahri\u015fi, ba\u015f a\u011fr\u0131s\u0131, mide bulant\u0131s\u0131, solunum sorunlar\u0131, alerjik reaksiyonlar ve cilt tahri\u015fi gibi \u00e7e\u015fitli sa\u011fl\u0131k sorunlar\u0131na neden olabilir. Ayr\u0131ca formaldehit, <strong>Uluslararas\u0131 Kanser Ara\u015ft\u0131rmalar\u0131 Ajans\u0131<\/strong> (IARC) taraf\u0131ndan insanlarda kansere neden oldu\u011fu bilinen bir CMR olarak s\u0131n\u0131fland\u0131r\u0131lm\u0131\u015ft\u0131r, bu da bu maddeye kronik olarak maruz kalman\u0131n belirli kanser t\u00fcrlerinin geli\u015fme riskini art\u0131rabilece\u011fi anlam\u0131na gelir. <\/p>\n\n<p>Al\u00fcminyum folyo yap\u0131\u015ft\u0131rma i\u015flemi s\u0131ras\u0131nda, kullan\u0131lan tutkal veya yap\u0131\u015ft\u0131r\u0131c\u0131lardan ve yap\u0131\u015ft\u0131r\u0131lm\u0131\u015f filmlerin kurutulmas\u0131 s\u0131ras\u0131nda ortam havas\u0131na formaldehit duman\u0131 sal\u0131nabilir. Bu dumanlar<strong>\u00fcretim at\u00f6lyesinde bulunabilir ve potansiyel olarak \u00e7al\u0131\u015fanlar taraf\u0131ndan solunarak<\/strong> sa\u011fl\u0131k risklerine maruz kalmalar\u0131na neden olabilir. <\/p>\n\n<h2 class=\"wp-block-heading\"><strong>End\u00fcstriyel ortamlarda formaldehit ar\u0131t\u0131m\u0131n\u0131n faydalar\u0131<\/strong><\/h2>\n\n<figure class=\"wp-block-image alignright size-full\"><img decoding=\"async\" width=\"283\" height=\"225\" src=\"https:\/\/obera.fr\/wp-content\/uploads\/2023\/12\/formaldehyde.png\" alt=\"formaldehit\" class=\"wp-image-26477\"\/><\/figure>\n\n<p>End\u00fcstriyel ortamlarda formaldehitin ar\u0131t\u0131lmas\u0131 bir dizi \u00f6nemli avantaj sunar. \u0130lk olarak, ortam havas\u0131na formaldehit emisyonlar\u0131n\u0131 ortadan kald\u0131rarak veya azaltarak <strong>\u00e7al\u0131\u015fanlar\u0131n sa\u011fl\u0131\u011f\u0131n\u0131 korur<\/strong>. Bu, solunum yolu tahri\u015fi, solunum sorunlar\u0131, alerjik reaksiyonlar ve bu potansiyel olarak zararl\u0131 maddeyle ili\u015fkili daha ciddi sa\u011fl\u0131k sorunlar\u0131 riskini azalt\u0131r.  <\/p>\n\n<p>Ayr\u0131ca<strong> formaldehit ar\u0131t\u0131m\u0131<\/strong>, \u015firketlerin formaldehit emisyonlar\u0131na ili\u015fkin kat\u0131 d\u00fczenlemelere uymalar\u0131na yard\u0131mc\u0131 olur. \u015eirketler \u00e7evre ve sa\u011fl\u0131k standartlar\u0131na uyarak, uyumsuzlukla ili\u015fkili para cezalar\u0131ndan ve cezalardan ka\u00e7\u0131n\u0131rlar. <\/p>\n\n<p>Hava \u015fartland\u0131rman\u0131n bir di\u011fer faydas\u0131 da \u00e7al\u0131\u015fma ortam\u0131ndaki hava<strong>kalitesinin iyile\u015ftirilmesidir<\/strong>. Formaldehit emisyonlar\u0131n\u0131 yakalay\u0131p ortadan kald\u0131rarak, \u00e7al\u0131\u015fanlar i\u00e7in daha sa\u011fl\u0131kl\u0131 bir ortam yaratmaya yard\u0131mc\u0131 olur ve ba\u015f a\u011fr\u0131s\u0131, mide bulant\u0131s\u0131 ve d\u00fc\u015f\u00fck hava kalitesiyle ili\u015fkili di\u011fer semptomlar\u0131n riskini azalt\u0131r. <\/p>\n\n<p>Ayr\u0131ca formaldehit tedavisi,<strong>mesleki ast\u0131m veya cilt tahri\u015fleri<\/strong> gibi bu maddeyle ba\u011flant\u0131l\u0131 meslek hastal\u0131klar\u0131 riskini azaltmaya yard\u0131mc\u0131 olur. Formaldehite a\u015f\u0131r\u0131 maruziyeti ortadan kald\u0131rarak, uzun vadede \u00e7al\u0131\u015fanlar\u0131n sa\u011fl\u0131\u011f\u0131n\u0131n korunmas\u0131na yard\u0131mc\u0131 olur. <\/p>\n\n<p>Kurumsal imaj a\u00e7\u0131s\u0131ndan, sorumlu formaldehit ar\u0131tma uygulamalar\u0131n\u0131n benimsenmesi,<strong>\u00e7al\u0131\u015fan sa\u011fl\u0131\u011f\u0131 ve g\u00fcvenli\u011finin<\/strong> yan\u0131 s\u0131ra \u00e7evresel sorumlulu\u011fa<strong>ba\u011fl\u0131l\u0131\u011f\u0131<\/strong> da g\u00f6sterir. Bu da m\u00fc\u015fteriler, i\u015f ortaklar\u0131 ve kamuoyu nezdindeki imaj\u0131 iyile\u015ftirebilir. <\/p>\n\n<p>Son olarak, formaldehit ar\u0131t\u0131m\u0131, kaynaklar\u0131n ve hammaddelerin daha verimli kullan\u0131lmas\u0131n\u0131 sa\u011flayarak \u015firket i\u00e7in maliyet tasarrufuna da katk\u0131da bulunabilir.<\/p>\n\n<p>\u00d6zetle, <strong>end\u00fcstriyel ortamlarda formaldehitlerin ar\u0131t\u0131lmas\u0131 <\/strong>, ilgili end\u00fcstrilerde daha g\u00fcvenli, daha sa\u011fl\u0131kl\u0131 ve daha \u00e7evre dostu bir \u00e7al\u0131\u015fma ortam\u0131 yaratmak i\u00e7in bir dizi temel fayda sunmaktad\u0131r. \u0130\u015f\u00e7i sa\u011fl\u0131\u011f\u0131n\u0131, mevzuata uygunlu\u011fu, operasyonel verimlili\u011fi ve olumlu bir kurumsal imaj\u0131 destekleyen proaktif bir \u00f6nlemdir. <\/p>\n\n<h2 class=\"wp-block-heading\"><strong>Aktif karbonun end\u00fcstriyel ortamlardaki formaldehitler \u00fczerindeki etkinli\u011fi<\/strong><\/h2>\n\n<figure class=\"wp-block-image alignleft size-large is-resized\"><img decoding=\"async\" width=\"1024\" height=\"549\" src=\"https:\/\/obera.fr\/wp-content\/uploads\/2023\/12\/cko-charbon-purple-1024x549.jpg\" alt=\"cko k&#xF6;m&#xFC;r moru\" class=\"wp-image-26474\" style=\"width:429px;height:auto\" srcset=\"https:\/\/obera.fr\/wp-content\/uploads\/2023\/12\/cko-charbon-purple-1024x549.jpg 1024w, https:\/\/obera.fr\/wp-content\/uploads\/2023\/12\/cko-charbon-purple-300x161.jpg 300w, https:\/\/obera.fr\/wp-content\/uploads\/2023\/12\/cko-charbon-purple-768x412.jpg 768w, https:\/\/obera.fr\/wp-content\/uploads\/2023\/12\/cko-charbon-purple.jpg 1200w\" sizes=\"(max-width: 1024px) 100vw, 1024px\" \/><\/figure>\n\n<p>Formaldehit molek\u00fclleri k\u00fc\u00e7\u00fckt\u00fcr ve etkili bir \u015fekilde yakalanmalar\u0131 zor olabilir. Ancak aktif karbon, formaldehit molek\u00fcllerini yakalamas\u0131n\u0131 ve adsorbe etmesini sa\u011flayan <strong>farkl\u0131 boyutlarda g\u00f6zeneklere<\/strong> sahip y\u00fcksek bir spesifik y\u00fczey alan\u0131na sahiptir. Formaldehit ile kirlenmi\u015f hava aktif karbondan ge\u00e7erken, bu molek\u00fcller yakalan\u0131r ve malzemenin y\u00fczeyinde tutularak <strong>havadaki formaldehit konsantrasyonunun azalt\u0131lmas\u0131na<\/strong> yard\u0131mc\u0131 olur.  <\/p>\n\n<p>Aktif karbonun etkinli\u011finin end\u00fcstriyel yap\u0131\u015ft\u0131r\u0131c\u0131lar\u0131n bile\u015fimi, s\u0131cakl\u0131k, hava ak\u0131\u015f h\u0131z\u0131 ve aktif karbonla temas s\u00fcresi gibi fakt\u00f6rlere ba\u011fl\u0131 oldu\u011funu unutmamak \u00f6nemlidir. Bu nedenle,<strong> formaldehitlerin etkili bir \u015fekilde giderilmesini<\/strong> ve end\u00fcstriyel ortamlarda hava kalitesinin iyile\u015ftirilmesini sa\u011flamak i\u00e7in belirli bir uygulama i\u00e7in do\u011fru aktif karbon t\u00fcr\u00fcn\u00fc se\u00e7mek \u00e7ok \u00f6nemlidir. <\/p>\n\n<blockquote class=\"wp-block-quote is-layout-flow wp-block-quote-is-layout-flow\">\n<p><a href=\"https:\/\/obera.fr\/tr\/bizim-tavsiyemiz\/cas-usage-traitements-covs-secteur-serigraphie\/\">Serigrafi bask\u0131 sekt\u00f6r\u00fcnde VOC&#8217;lerin ar\u0131t\u0131lmas\u0131na<\/a> ili\u015fkin kullan\u0131m \u00f6rne\u011fi \u00e7al\u0131\u015fmam\u0131z\u0131 okuyabilirsiniz. <\/p>\n<\/blockquote>\n","protected":false},"excerpt":{"rendered":"<p>OberA k\u0131sa s\u00fcre \u00f6nce ambalaj konusunda uzmanla\u015fm\u0131\u015f uluslararas\u0131 bir m\u00fc\u015fteriyle \u00e7al\u0131\u015ft\u0131. Bu m\u00fc\u015fteri, \u00fcretim s\u00fcre\u00e7leri s\u0131ras\u0131nda, \u00f6zellikle de al\u00fcminyum folyonun yap\u0131\u015ft\u0131r\u0131lmas\u0131 s\u0131ras\u0131nda ortaya \u00e7\u0131kan formaldehit emisyonlar\u0131yla ba\u015fa \u00e7\u0131kmak i\u00e7in bize ba\u015fvurdu.<\/p>\n","protected":false},"author":4,"featured_media":84848,"comment_status":"open","ping_status":"closed","sticky":false,"template":"","format":"standard","meta":{"_acf_changed":false,"_seopress_robots_primary_cat":"none","_seopress_titles_title":"oberA Kullan\u0131m \u00d6rne\u011fi: End\u00fcstriyel ambalajlardaki formaldehitin ar\u0131t\u0131lmas\u0131","_seopress_titles_desc":"OberA k\u0131sa s\u00fcre \u00f6nce ambalaj konusunda uzmanla\u015fm\u0131\u015f uluslararas\u0131 bir m\u00fc\u015fteriyle \u00e7al\u0131\u015ft\u0131. Formaldehit ar\u0131tma gereksinimlerini kar\u015f\u0131lamaya y\u00f6nelik s\u00fcre\u00e7lerimiz hakk\u0131nda daha fazla bilgi edinin.","_seopress_robots_index":"","footnotes":""},"categories":[299],"tags":[306],"class_list":["post-53078","post","type-post","status-publish","format-standard","has-post-thumbnail","hentry","category-bizim-tavsiyemiz","tag-entete-small-tr","generate-columns","tablet-grid-50","mobile-grid-100","grid-parent","grid-50","no-featured-image-padding","resize-featured-image"],"acf":[],"_links":{"self":[{"href":"https:\/\/obera.fr\/tr\/wp-json\/wp\/v2\/posts\/53078","targetHints":{"allow":["GET"]}}],"collection":[{"href":"https:\/\/obera.fr\/tr\/wp-json\/wp\/v2\/posts"}],"about":[{"href":"https:\/\/obera.fr\/tr\/wp-json\/wp\/v2\/types\/post"}],"author":[{"embeddable":true,"href":"https:\/\/obera.fr\/tr\/wp-json\/wp\/v2\/users\/4"}],"replies":[{"embeddable":true,"href":"https:\/\/obera.fr\/tr\/wp-json\/wp\/v2\/comments?post=53078"}],"version-history":[{"count":5,"href":"https:\/\/obera.fr\/tr\/wp-json\/wp\/v2\/posts\/53078\/revisions"}],"predecessor-version":[{"id":84858,"href":"https:\/\/obera.fr\/tr\/wp-json\/wp\/v2\/posts\/53078\/revisions\/84858"}],"wp:featuredmedia":[{"embeddable":true,"href":"https:\/\/obera.fr\/tr\/wp-json\/wp\/v2\/media\/84848"}],"wp:attachment":[{"href":"https:\/\/obera.fr\/tr\/wp-json\/wp\/v2\/media?parent=53078"}],"wp:term":[{"taxonomy":"category","embeddable":true,"href":"https:\/\/obera.fr\/tr\/wp-json\/wp\/v2\/categories?post=53078"},{"taxonomy":"post_tag","embeddable":true,"href":"https:\/\/obera.fr\/tr\/wp-json\/wp\/v2\/tags?post=53078"}],"curies":[{"name":"wp","href":"https:\/\/api.w.org\/{rel}","templated":true}]}}