{"id":53079,"date":"2023-11-14T11:56:04","date_gmt":"2023-11-14T09:56:04","guid":{"rendered":"https:\/\/obera.fr\/conseils\/obera-kullanim-ornegi-serigrafi-baski-sektorunde-voc-aritimi\/"},"modified":"2025-04-23T08:34:55","modified_gmt":"2025-04-23T06:34:55","slug":"cas-usage-traitements-covs-secteur-serigraphie","status":"publish","type":"post","link":"https:\/\/obera.fr\/tr\/bizim-tavsiyemiz\/cas-usage-traitements-covs-secteur-serigraphie\/","title":{"rendered":"oberA kullan\u0131m \u00f6rne\u011fi: Serigrafi bask\u0131 sekt\u00f6r\u00fcnde VOC ar\u0131t\u0131m\u0131"},"content":{"rendered":"\n<figure class=\"wp-block-image alignright size-large is-resized\"><img decoding=\"async\" width=\"681\" height=\"1024\" src=\"https:\/\/obera.fr\/wp-content\/uploads\/2023\/12\/serigraphie-machine-1-681x1024.jpg\" alt=\"serigrafi bask&#x131; makinesi 1\" class=\"wp-image-26484\" style=\"width:175px;height:auto\" srcset=\"https:\/\/obera.fr\/wp-content\/uploads\/2023\/12\/serigraphie-machine-1-681x1024.jpg 681w, https:\/\/obera.fr\/wp-content\/uploads\/2023\/12\/serigraphie-machine-1-200x300.jpg 200w, https:\/\/obera.fr\/wp-content\/uploads\/2023\/12\/serigraphie-machine-1-768x1154.jpg 768w, https:\/\/obera.fr\/wp-content\/uploads\/2023\/12\/serigraphie-machine-1-1022x1536.jpg 1022w, https:\/\/obera.fr\/wp-content\/uploads\/2023\/12\/serigraphie-machine-1-1363x2048.jpg 1363w, https:\/\/obera.fr\/wp-content\/uploads\/2023\/12\/serigraphie-machine-1-scaled.jpg 1703w\" sizes=\"(max-width: 681px) 100vw, 681px\" \/><\/figure>\n\n<p>OberA, <strong>serigrafi bask\u0131 sekt\u00f6r\u00fcnde uzmanla\u015fm\u0131\u015f<\/strong> bir <strong>m\u00fc\u015fteriyle<\/strong> \u00e7al\u0131\u015fma ayr\u0131cal\u0131\u011f\u0131na sahip oldu. Bizden karma\u015f\u0131k bir proje \u00fczerinde \u00e7al\u0131\u015fmam\u0131z istendi: her bir serigrafi bask\u0131 istasyonunun ve her bir operat\u00f6r\u00fcn \u00fczerine 132 kaynak yakalama s\u00fctunu yerle\u015ftirmek. \u0130lk fikirleri umut verici g\u00f6r\u00fcnse de, \u00e7ok pahal\u0131 ve son derece enerji yo\u011fun oldu\u011fu ortaya \u00e7\u0131kt\u0131. Neyse ki Obera olarak<a href=\"https:\/\/obera.fr\/tr\/bizim-tavsiyemiz\/traitement-odeurs-industrielles\/\"> end\u00fcstriyel kokular\u0131n ve VOC&#8217;lerin ar\u0131t\u0131lmas\u0131 konusunda uzman\u0131z <\/a>ve bu karma\u015f\u0131k projelerinde onlara yard\u0131mc\u0131 olabildik.   <\/p>\n\n<p>\u0130htiya\u00e7lar\u0131n\u0131 daha verimli ve uygun maliyetli bir \u015fekilde kar\u015f\u0131lamak i\u00e7in yenilik\u00e7i bir \u00e7\u00f6z\u00fcm \u00f6nerdik: <strong>aktif karbon kartu\u015flar\u0131yla donat\u0131lm\u0131\u015f 15 adet epur50 kurulumu<\/strong>. Bu se\u00e7im m\u00fc\u015fterimiz i\u00e7in bir\u00e7ok \u00f6nemli fayda sa\u011flad\u0131. <\/p>\n\n<p>\u0130lk olarak, mevcut binan\u0131n b\u00fct\u00fcnl\u00fc\u011f\u00fcn\u00fc koruyabildik ve i\u015flerini etkileyebilecek b\u00fcy\u00fck de\u011fi\u015fikliklerden ka\u00e7\u0131nd\u0131k. Dahas\u0131, <strong>epur50 kullan\u0131m\u0131 sayesinde<\/strong> a\u011f\u0131r bir kurulum gerekmedi ve bu da projenin h\u0131zl\u0131 bir \u015fekilde ve b\u00fcy\u00fck bir kesinti olmadan uygulanmas\u0131n\u0131 sa\u011flad\u0131. <\/p>\n\n<figure class=\"wp-block-image alignleft size-large is-resized\"><img decoding=\"async\" width=\"609\" height=\"811\" src=\"https:\/\/obera.fr\/wp-content\/uploads\/2023\/12\/image-photoroom.png-photoroom-edited.png\" alt=\"resim photoroom.png photoroom\" class=\"wp-image-26500\" style=\"width:182px;height:auto\" srcset=\"https:\/\/obera.fr\/wp-content\/uploads\/2023\/12\/image-photoroom.png-photoroom-edited.png 609w, https:\/\/obera.fr\/wp-content\/uploads\/2023\/12\/image-photoroom.png-photoroom-edited-225x300.png 225w\" sizes=\"(max-width: 609px) 100vw, 609px\" \/><\/figure>\n\n<p>En \u00f6nemli geli\u015fme enerji t\u00fcketiminde oldu. Epur50&#8217;nin performans\u0131 ve verimlili\u011fi sayesinde m\u00fc\u015fterimizin toplam enerji t\u00fcketimini neredeyse %90 oran\u0131nda azaltmay\u0131 ba\u015fard\u0131k. Bu enerji optimizasyonu, <strong>i\u015fletme maliyetlerinde \u00f6nemli \u00f6l\u00e7\u00fcde tasarruf<\/strong> sa\u011flarken, daha olumlu bir \u00e7evresel etkiye de katk\u0131da bulundu.  <\/p>\n\n<p>Son olarak, proje i\u00e7in ilk yat\u0131r\u0131m b\u00fct\u00e7esi \u00f6nemli \u00f6l\u00e7\u00fcde azalt\u0131ld\u0131. M\u00fc\u015fterimiz epur50s&#8217;i tercih ederek, optimum sonu\u00e7lar\u0131n keyfini \u00e7\u0131kar\u0131rken projenin toplam maliyetini be\u015f kat azaltmay\u0131 ba\u015fard\u0131. <\/p>\n\n<p>Serigrafi bask\u0131 alan\u0131nda uzmanla\u015fm\u0131\u015f m\u00fc\u015fterimizle yapt\u0131\u011f\u0131m\u0131z bu i\u015fbirli\u011fi ba\u015far\u0131l\u0131 oldu. Yenilik\u00e7i yakla\u015f\u0131m\u0131m\u0131z, epur50 \u00e7\u00f6z\u00fcmlerimizin verimlili\u011fi ile birle\u015fti\u011finde, kurulum kolayl\u0131\u011f\u0131, enerji tasarrufu ve b\u00fct\u00e7e kontrol\u00fc a\u00e7\u0131s\u0131ndan<strong> \u00f6nemli faydalar sunarken<\/strong>, \u00f6zel ihtiya\u00e7lar\u0131n\u0131 kar\u015f\u0131lamam\u0131z\u0131 sa\u011flad\u0131. Ba\u015far\u0131lar\u0131na katk\u0131da bulunmu\u015f olmaktan ve m\u00fc\u015fterilerimizin end\u00fcstriyel zorluklar\u0131na \u00f6zel \u00e7\u00f6z\u00fcmler sunmaya devam etmekten gurur duyuyoruz.  <\/p>\n\n<h2 class=\"wp-block-heading\"><strong>Serigrafi bask\u0131da VOC&#8217;lerin ana kaynaklar\u0131<\/strong><\/h2>\n\n<p>Serigrafi bask\u0131n\u0131n kendisi, di\u011fer geleneksel bask\u0131 y\u00f6ntemlerine k\u0131yasla genellikle<strong> d\u00fc\u015f\u00fck VOC<\/strong> &#8216;li bir<strong> s\u00fcre\u00e7<\/strong> olarak kabul edilir. Bununla birlikte, serigrafi bask\u0131 s\u00fcrecinde, esas olarak m\u00fcrekkeplerin, \u00e7\u00f6z\u00fcc\u00fclerin ve di\u011fer kimyasallar\u0131n kullan\u0131m\u0131yla ilgili potansiyel VOC kaynaklar\u0131 bulunmaktad\u0131r. <\/p>\n\n<p>Serigrafi bask\u0131da VOC&#8217;lerin ana kaynaklar\u0131 a\u015fa\u011f\u0131daki gibidir:<\/p>\n\n<h3 class=\"wp-block-heading\"><strong>Solvent bazl\u0131 m\u00fcrekkepler  <\/strong><\/h3>\n\n<p>Serigrafi bask\u0131da kullan\u0131lan baz\u0131 m\u00fcrekkepler, kurutma i\u015flemi s\u0131ras\u0131nda havaya buharla\u015fan <strong>u\u00e7ucu organik \u00e7\u00f6z\u00fcc\u00fcler<\/strong> i\u00e7erebilir. Bu \u00e7\u00f6z\u00fcc\u00fclerde bulunan VOC&#8217;ler hava kirleticilerinin olu\u015fumuna ve i\u00e7 mekan hava kalitesinin bozulmas\u0131na katk\u0131da bulunabilir. <\/p>\n\n<h3 class=\"wp-block-heading\"><strong>Temizleyiciler ve incelticiler<\/strong><\/h3>\n\n<p><strong>Elekleri ve aletleri temizlemek<\/strong> i\u00e7in kullan\u0131lan kimyasal \u00fcr\u00fcnlerin yan\u0131 s\u0131ra m\u00fcrekkeplerin viskozitesini ayarlamak i\u00e7in kullan\u0131lan incelticiler de yeterli \u00f6nlemler al\u0131nmadan kullan\u0131ld\u0131\u011f\u0131nda <strong>VOC yayabilir<\/strong>.<\/p>\n\n<h3 class=\"wp-block-heading\"><strong>Elekler ve yap\u0131\u015ft\u0131r\u0131c\u0131lar  <\/strong><\/h3>\n\n<p>Elek \u00fcretiminde kullan\u0131lan baz\u0131 malzemeler (tutkallar veya yap\u0131\u015ft\u0131r\u0131c\u0131lar gibi) \u0131s\u0131t\u0131ld\u0131klar\u0131nda veya kullan\u0131ld\u0131klar\u0131nda a\u00e7\u0131\u011fa \u00e7\u0131kan <strong>VOC<\/strong> &#8216;ler i\u00e7erebilir.<\/p>\n\n<h2 class=\"wp-block-heading\"><strong>Serigrafi bask\u0131da s\u0131kl\u0131kla kovanlar\u0131n neden oldu\u011fu hastal\u0131klar<\/strong><\/h2>\n\n<p>Serigrafi bask\u0131da bulunan U\u00e7ucu Organik Bile\u015fikler (VOC&#8217;ler) hava kirleticilerinin olu\u015fumuna katk\u0131da bulunabilir ve y\u00fcksek konsantrasyonlara kronik olarak maruz kalan <strong>\u00e7al\u0131\u015fanlar i\u00e7in sa\u011fl\u0131k sorunlar\u0131na <\/strong>neden olabilir. \u0130\u015fte serigrafi bask\u0131da VOC&#8217;lerle ili\u015fkili baz\u0131 yayg\u0131n hastal\u0131klar: <\/p>\n\n<h3 class=\"wp-block-heading\"><strong>Solunum yollar\u0131nda tahri\u015f<\/strong><\/h3>\n\n<p>VOC&#8217;ler \u00f6ks\u00fcr\u00fck, bo\u011faz a\u011fr\u0131s\u0131, burun t\u0131kan\u0131kl\u0131\u011f\u0131 ve hap\u015f\u0131rma gibi semptomlarla birlikte <strong>solunum yollar\u0131nda tahri\u015fe neden<\/strong> olabilir.<\/p>\n\n<h3 class=\"wp-block-heading\"><strong>Ast\u0131m<\/strong><\/h3>\n\n<p>VOC&#8217;lere uzun s\u00fcre maruz kalmak, duyarl\u0131 ki\u015filerde ast\u0131m semptomlar\u0131n\u0131 \u015fiddetlendirebilir. Ast\u0131m hastas\u0131 i\u015f\u00e7iler, <strong>VOC&#8217;lerin varl\u0131\u011f\u0131nda semptomlar\u0131n\u0131n \u015fiddetlendi\u011fini<\/strong> g\u00f6rebilirler. <\/p>\n\n<h3 class=\"wp-block-heading\"><strong>N\u00f6rolojik bozukluklar<\/strong><\/h3>\n\n<p>Baz\u0131 VOC&#8217;ler n\u00f6rotoksin olarak kabul edilir ve merkezi sinir sistemini etkileyebilir. <strong>Y\u00fcksek seviyelerde VOC<\/strong> &#8216;lara kronik maruziyet ba\u015f a\u011fr\u0131s\u0131, ba\u015f d\u00f6nmesi, haf\u0131za bozuklu\u011fu ve konsantrasyon problemleriyle ili\u015fkilendirilebilir. <\/p>\n\n<h3 class=\"wp-block-heading\"><strong>Cilt alerjileri  <\/strong><\/h3>\n\n<p>Baz\u0131 ki\u015filer serigrafi bask\u0131da kullan\u0131lan m\u00fcrekkepler, \u00e7\u00f6z\u00fcc\u00fcler veya kimyasallarda bulunan <strong>VOC&#8217;lere tekrar tekrar maruz kald\u0131ktan sonra alerjik cilt reaksiyonlar\u0131<\/strong> geli\u015ftirebilir.<\/p>\n\n<h3 class=\"wp-block-heading\"><strong>Karaci\u011fer ve b\u00f6brekler \u00fczerindeki etkiler<\/strong><\/h3>\n\n<p>Baz\u0131 VOC&#8217;ler karaci\u011fer ve b\u00f6brekler i\u00e7in toksik olabilir ve uzun s\u00fcreli maruz kalma durumunda ve y\u00fcksek konsantrasyonlarda bu organlarda hasara neden olabilir.<\/p>\n\n<p><strong>Sa\u011fl\u0131k etkilerinin ciddiyetinin<\/strong> havadaki VOC konsantrasyonuna, maruz kalma s\u00fcresi ve s\u0131kl\u0131\u011f\u0131na ve bireysel duyarl\u0131l\u0131\u011fa ba\u011fl\u0131 oldu\u011funu unutmamak \u00f6nemlidir. \u0130\u015fverenler ve i\u015f\u00e7iler, VOC&#8217;lere maruziyeti en aza indirmek ve i\u015f\u00e7ilerin sa\u011fl\u0131\u011f\u0131n\u0131 korumak i\u00e7in \u00f6nleyici tedbirler almal\u0131d\u0131r. <\/p>\n\n<h2 class=\"wp-block-heading\"><strong>Serigrafi bask\u0131da VOC&#8217;lere kar\u015f\u0131 \u00f6nleyici tedbirler<\/strong><\/h2>\n\n<figure class=\"wp-block-image alignleft size-full is-resized\"><img decoding=\"async\" width=\"225\" height=\"225\" src=\"https:\/\/obera.fr\/wp-content\/uploads\/2023\/12\/picto-masque.jpg\" alt=\"picto maskesi\" class=\"wp-image-26488\" style=\"width:78px;height:auto\" srcset=\"https:\/\/obera.fr\/wp-content\/uploads\/2023\/12\/picto-masque.jpg 225w, https:\/\/obera.fr\/wp-content\/uploads\/2023\/12\/picto-masque-150x150.jpg 150w\" sizes=\"(max-width: 225px) 100vw, 225px\" \/><\/figure>\n\n<p>Serigrafi bask\u0131da <strong>U\u00e7ucu Organik Bile\u015fiklere (VOC<\/strong> ) kar\u015f\u0131 \u00f6nleyici tedbirler, \u00e7al\u0131\u015fanlar\u0131n sa\u011fl\u0131\u011f\u0131n\u0131 korumak ve \u00e7evre \u00fczerindeki etkiyi en aza indirmek i\u00e7in gereklidir. D\u00fc\u015f\u00fck VOC&#8217;li veya VOC i\u00e7ermeyen m\u00fcrekkep ve kimyasallar\u0131 tercih etmek \u00f6nemli bir ilk ad\u0131md\u0131r. Buna ek olarak, ortam havas\u0131ndaki VOC konsantrasyonunu azaltmak i\u00e7in \u00e7al\u0131\u015fma alanlar\u0131nda yeterli hava i\u015fleminin sa\u011flanmas\u0131 \u00e7ok \u00f6nemlidir.    <\/p>\n\n<figure class=\"wp-block-image size-full is-resized\"><img decoding=\"async\" width=\"346\" height=\"80\" src=\"https:\/\/obera.fr\/wp-content\/uploads\/2023\/12\/capture-decran-2023-12-06-155242.png\" alt=\"yakalama dekran 2023 12 06 155242\" class=\"wp-image-26509\" style=\"width:71px;height:auto\" srcset=\"https:\/\/obera.fr\/wp-content\/uploads\/2023\/12\/capture-decran-2023-12-06-155242.png 346w, https:\/\/obera.fr\/wp-content\/uploads\/2023\/12\/capture-decran-2023-12-06-155242-300x69.png 300w\" sizes=\"(max-width: 346px) 100vw, 346px\" \/><\/figure>\n\n<figure class=\"wp-block-image alignleft size-full is-resized\"><img decoding=\"async\" width=\"225\" height=\"225\" src=\"https:\/\/obera.fr\/wp-content\/uploads\/2023\/12\/picto-gant.png\" alt=\"picto eldiven\" class=\"wp-image-26491\" style=\"width:76px;height:auto\" srcset=\"https:\/\/obera.fr\/wp-content\/uploads\/2023\/12\/picto-gant.png 225w, https:\/\/obera.fr\/wp-content\/uploads\/2023\/12\/picto-gant-150x150.png 150w\" sizes=\"(max-width: 225px) 100vw, 225px\" \/><\/figure>\n\n<p>Solunum maskeleri ve eldivenler gibi uygun <strong>ki\u015fisel koruyucu ekipmanlar\u0131n (KKE) sa\u011flanmas\u0131<\/strong>, \u00e7al\u0131\u015fanlar\u0131 VOC&#8217;lerle ili\u015fkili risklerden korumak i\u00e7in gereklidir. Son olarak, \u00e7al\u0131\u015fanlar\u0131n iyi g\u00fcvenlik uygulamalar\u0131 ve VOC riskleri konusunda e\u011fitilmesi, g\u00fcvenli ve sa\u011fl\u0131kl\u0131 bir \u00e7al\u0131\u015fma ortam\u0131n\u0131n s\u00fcrd\u00fcr\u00fclmesi i\u00e7in esast\u0131r. Serigrafi bask\u0131 \u015firketleri bu \u00f6nlemleri tutarl\u0131 bir \u015fekilde uygulayarak VOC&#8217;lere maruz kalmay\u0131 azaltmaya yard\u0131mc\u0131 olabilir ve <strong>\u00e7evreyi korurken<\/strong> \u00e7al\u0131\u015fanlar\u0131n\u0131n sa\u011fl\u0131k ve g\u00fcvenli\u011fini iyile\u015ftirebilir.  <\/p>\n\n<h2 class=\"wp-block-heading\"><strong>Serigrafi bask\u0131 sekt\u00f6r\u00fcnde hava i\u015flemenin faydalar\u0131<\/strong><\/h2>\n\n<p>Serigrafi bask\u0131 sekt\u00f6r\u00fcnde hava i\u015fleme bir dizi \u00f6nemli avantaj sunar. \u0130lk olarak,<strong>\u00e7al\u0131\u015fanlar\u0131n<\/strong> kullan\u0131lan m\u00fcrekkep ve kimyasallarda bulunan<strong>U\u00e7ucu Organik Bile\u015fiklere<\/strong> (VOC&#8217;ler)<strong>maruziyetini azaltmaya<\/strong> yard\u0131mc\u0131 olur. Maruziyetteki bu azalma, solunum yolu tahri\u015fi, cilt alerjileri ve n\u00f6rolojik bozukluklar gibi sorunlar\u0131 \u00f6nleyerek \u00e7al\u0131\u015fanlar\u0131n sa\u011fl\u0131\u011f\u0131n\u0131 korur.  <\/p>\n\n<p>\u0130\u00e7 mekan hava kalitesini iyile\u015ftirerek,<strong> hava<\/strong> \u015fartland\u0131rma daha sa\u011fl\u0131kl\u0131<strong> bir \u00e7al\u0131\u015fma ortam\u0131 yarat\u0131r<\/strong> ve \u00e7al\u0131\u015fanlar\u0131n daha rahat ve \u00fcretken ko\u015fullarda \u00e7al\u0131\u015fmas\u0131n\u0131 sa\u011flar. Ayr\u0131ca genel refahlar\u0131na katk\u0131da bulunur ve uzun vadeli sa\u011fl\u0131k risklerini en aza indirir. <\/p>\n\n<p>Hava \u015fartland\u0131rman\u0131n bir di\u011fer \u00f6nemli faydas\u0131 da <strong>VOC emisyonlar\u0131yla<\/strong> ilgili \u00e7evre d\u00fczenlemelerine uyumluluktur. Uygun havaland\u0131rma ve ar\u0131tma sistemlerini uygulayarak, serigrafi bask\u0131 \u015firketleri hava kalitesi standartlar\u0131na uyabilir ve uyumsuzlukla ili\u015fkili cezalardan veya para cezalar\u0131ndan ka\u00e7\u0131nabilir. <\/p>\n\n<h2 class=\"wp-block-heading\"><strong>Aktif karbon ve VOC&#8217;ler<\/strong><\/h2>\n\n<figure class=\"wp-block-image alignright size-full is-resized\"><img decoding=\"async\" width=\"166\" height=\"551\" src=\"https:\/\/obera.fr\/wp-content\/uploads\/2023\/12\/cartouche-charbon-actif.png\" alt=\"aktif karbon kartu&#x15F;u\" class=\"wp-image-26494\" style=\"width:58px;height:auto\" srcset=\"https:\/\/obera.fr\/wp-content\/uploads\/2023\/12\/cartouche-charbon-actif.png 166w, https:\/\/obera.fr\/wp-content\/uploads\/2023\/12\/cartouche-charbon-actif-90x300.png 90w\" sizes=\"(max-width: 166px) 100vw, 166px\" \/><\/figure>\n\n<p>Aktif karbon, U\u00e7ucu Organik Bile\u015fiklerin (VOC&#8217;ler) havadan giderilmesinde olduk\u00e7a etkilidir. VOC&#8217;ler oda s\u0131cakl\u0131\u011f\u0131nda kolayca buharla\u015fan ve<strong> \u00e7\u00f6z\u00fcc\u00fcler<\/strong>, temizlik \u00fcr\u00fcnleri, boyalar, mobilyalar ve di\u011ferleri<strong> gibi \u00e7e\u015fitli kaynaklardan<\/strong> gelen organik kimyasal bile\u015fiklerdir. Bu maddeler insan sa\u011fl\u0131\u011f\u0131 i\u00e7in potansiyel olarak zararl\u0131 olabilir ve hava kirlili\u011fine katk\u0131da bulunabilir.  <\/p>\n\n<p><strong>Aktif karbon<\/strong>, havada bulunan VOC molek\u00fcllerini etkili bir \u015fekilde yakalamas\u0131n\u0131 ve adsorbe etmesini sa\u011flayan <strong>g\u00f6zenekli bir yap\u0131ya<\/strong> ve geni\u015f bir spesifik y\u00fczey alan\u0131na <strong>sahip bir malzemedir<\/strong>. Hava aktif karbondan ge\u00e7ti\u011finde, y\u00fczeyindeki g\u00f6zenekler VOC molek\u00fcllerini yakalayarak bu maddelerin etkili bir \u015fekilde tutulmas\u0131n\u0131 sa\u011flar. Bu \u00f6zellik,<strong>\u00e7ok \u00e7e\u015fitli VOC&#8217;lerin ortadan kald\u0131r\u0131lmas\u0131n\u0131<\/strong> m\u00fcmk\u00fcn k\u0131larak havan\u0131n temizlenmesine ve bu maddelerin solunmas\u0131yla ili\u015fkili sa\u011fl\u0131k risklerinin azalt\u0131lmas\u0131na yard\u0131mc\u0131 olur.  <\/p>\n\n<blockquote class=\"wp-block-quote is-layout-flow wp-block-quote-is-layout-flow\">\n<p>Bir d\u00f6k\u00fcmhanede <a href=\"https:\/\/obera.fr\/tr\/bizim-tavsiyemiz\/cas-usage-traitement-cov-fonderie-metallurgie\/\">erimi\u015f metalin VOC<\/a> ile i\u015flenmesine ili\u015fkin ba\u015fka bir kullan\u0131m \u00f6rne\u011fini burada bulabilirsiniz.<\/p>\n<\/blockquote>\n","protected":false},"excerpt":{"rendered":"<p>OberA, serigrafi bask\u0131 sekt\u00f6r\u00fcnde uzmanla\u015fm\u0131\u015f bir m\u00fc\u015fteriyle \u00e7al\u0131\u015fma ayr\u0131cal\u0131\u011f\u0131na sahip oldu. Bizden karma\u015f\u0131k bir proje \u00fczerinde \u00e7al\u0131\u015fmam\u0131z istendi: her bir serigrafi bask\u0131 istasyonunun ve her bir operat\u00f6r\u00fcn \u00fczerine 132 kaynak yakalama s\u00fctunu yerle\u015ftirmek. \u0130lk fikirleri umut verici g\u00f6r\u00fcnse de, \u00e7ok pahal\u0131 ve son derece enerji yo\u011fun oldu\u011fu ortaya \u00e7\u0131kt\u0131. Neyse ki Obera olarak end\u00fcstriyel kokular\u0131n ve VOC&#8217;lerin ar\u0131t\u0131lmas\u0131 konusunda uzman\u0131z ve bu karma\u015f\u0131k projelerinde onlara yard\u0131mc\u0131 olabildik.   <\/p>\n","protected":false},"author":4,"featured_media":84886,"comment_status":"open","ping_status":"closed","sticky":false,"template":"","format":"standard","meta":{"_acf_changed":false,"_seopress_robots_primary_cat":"none","_seopress_titles_title":"oberA kullan\u0131m \u00f6rne\u011fi: Serigrafi bask\u0131 sekt\u00f6r\u00fcnde VOC ar\u0131t\u0131m\u0131","_seopress_titles_desc":"OberA, serigrafi bask\u0131 sekt\u00f6r\u00fcnde uzmanla\u015fm\u0131\u015f bir m\u00fc\u015fteriyle \u00e7al\u0131\u015fma ayr\u0131cal\u0131\u011f\u0131na sahip oldu. Serigrafi bask\u0131 sekt\u00f6r\u00fcnde VOC'lerle nas\u0131l ba\u015fa \u00e7\u0131kabildi\u011fimizi \u00f6\u011frenin.","_seopress_robots_index":"","footnotes":""},"categories":[299],"tags":[306],"class_list":["post-53079","post","type-post","status-publish","format-standard","has-post-thumbnail","hentry","category-bizim-tavsiyemiz","tag-entete-small-tr","generate-columns","tablet-grid-50","mobile-grid-100","grid-parent","grid-50","no-featured-image-padding","resize-featured-image"],"acf":[],"_links":{"self":[{"href":"https:\/\/obera.fr\/tr\/wp-json\/wp\/v2\/posts\/53079","targetHints":{"allow":["GET"]}}],"collection":[{"href":"https:\/\/obera.fr\/tr\/wp-json\/wp\/v2\/posts"}],"about":[{"href":"https:\/\/obera.fr\/tr\/wp-json\/wp\/v2\/types\/post"}],"author":[{"embeddable":true,"href":"https:\/\/obera.fr\/tr\/wp-json\/wp\/v2\/users\/4"}],"replies":[{"embeddable":true,"href":"https:\/\/obera.fr\/tr\/wp-json\/wp\/v2\/comments?post=53079"}],"version-history":[{"count":3,"href":"https:\/\/obera.fr\/tr\/wp-json\/wp\/v2\/posts\/53079\/revisions"}],"predecessor-version":[{"id":84950,"href":"https:\/\/obera.fr\/tr\/wp-json\/wp\/v2\/posts\/53079\/revisions\/84950"}],"wp:featuredmedia":[{"embeddable":true,"href":"https:\/\/obera.fr\/tr\/wp-json\/wp\/v2\/media\/84886"}],"wp:attachment":[{"href":"https:\/\/obera.fr\/tr\/wp-json\/wp\/v2\/media?parent=53079"}],"wp:term":[{"taxonomy":"category","embeddable":true,"href":"https:\/\/obera.fr\/tr\/wp-json\/wp\/v2\/categories?post=53079"},{"taxonomy":"post_tag","embeddable":true,"href":"https:\/\/obera.fr\/tr\/wp-json\/wp\/v2\/tags?post=53079"}],"curies":[{"name":"wp","href":"https:\/\/api.w.org\/{rel}","templated":true}]}}