{"id":53228,"date":"2023-11-14T12:07:12","date_gmt":"2023-11-14T10:07:12","guid":{"rendered":"https:\/\/obera.fr\/conseils\/obera-kullanim-ornegi-metal-yag-giderme-buharlarinin-aritilmasi\/"},"modified":"2025-04-15T11:11:40","modified_gmt":"2025-04-15T09:11:40","slug":"cas-usage-traitement-vapeurs-degraissant-nettoyage-pieces-metalliques","status":"publish","type":"post","link":"https:\/\/obera.fr\/tr\/bizim-tavsiyemiz\/cas-usage-traitement-vapeurs-degraissant-nettoyage-pieces-metalliques\/","title":{"rendered":"oberA Kullan\u0131m \u00d6rne\u011fi: Metal ya\u011f giderme buharlar\u0131n\u0131n ar\u0131t\u0131lmas\u0131"},"content":{"rendered":"\n<figure class=\"wp-block-image alignright size-large is-resized\"><img decoding=\"async\" width=\"576\" height=\"1024\" src=\"https:\/\/obera.fr\/wp-content\/uploads\/2023\/12\/epurbox-1-576x1024.jpg\" alt=\"epurbox 1\" class=\"wp-image-26448\" style=\"width:237px;height:auto\" srcset=\"https:\/\/obera.fr\/wp-content\/uploads\/2023\/12\/epurbox-1-576x1024.jpg 576w, https:\/\/obera.fr\/wp-content\/uploads\/2023\/12\/epurbox-1-169x300.jpg 169w, https:\/\/obera.fr\/wp-content\/uploads\/2023\/12\/epurbox-1-768x1365.jpg 768w, https:\/\/obera.fr\/wp-content\/uploads\/2023\/12\/epurbox-1-864x1536.jpg 864w, https:\/\/obera.fr\/wp-content\/uploads\/2023\/12\/epurbox-1-1152x2048.jpg 1152w, https:\/\/obera.fr\/wp-content\/uploads\/2023\/12\/epurbox-1-scaled.jpg 1440w\" sizes=\"(max-width: 576px) 100vw, 576px\" \/><\/figure>\n\n<p><strong>Gazlar<\/strong> ve s\u0131v\u0131lar <strong>i\u00e7in diyaframl\u0131 pompalar\u0131n ve sistemlerin<\/strong> geli\u015ftirilmesi, tasar\u0131m\u0131, \u00fcretimi ve <strong>da\u011f\u0131t\u0131m\u0131<\/strong> konusunda uzmanla\u015fm\u0131\u015f uluslararas\u0131 bir m\u00fc\u015fteriyi donatma f\u0131rsat\u0131m\u0131z oldu. \u00c7evreyi ve \u00e7al\u0131\u015fanlar\u0131n\u0131n sa\u011fl\u0131\u011f\u0131n\u0131 koruman\u0131n \u00f6neminin bilincinde olan m\u00fc\u015fterimiz, bizden \u00fcretim s\u00fcre\u00e7lerindeki kritik bir zorlu\u011fu \u00e7\u00f6zmemizi istedi. <\/p>\n\n<p>Pompalar\u0131n\u0131n metal par\u00e7alar\u0131n\u0131 temizlemek i\u00e7in kulland\u0131klar\u0131 ya\u011f giderici maddeler, \u00e7evreye ve \u00fcretim at\u00f6lyelerindeki <a href=\"https:\/\/obera.fr\/tr\/bizim-tavsiyemiz\/traitement-odeurs-industrielles\/\">i\u00e7 ortam havas\u0131n\u0131n kalitesine<\/a> zarar veren ya\u011f giderici buharlar \u00fcretiyordu.<\/p>\n\n<p>Ya\u011f \u00e7\u00f6z\u00fcc\u00fc buhar\u0131 emisyonlar\u0131n\u0131n \u00e7al\u0131\u015fanlar\u0131n sa\u011fl\u0131\u011f\u0131 ve \u00e7evre \u00fczerindeki zararl\u0131 etkisinin fark\u0131nda olarak, \u00f6l\u00e7\u00fcye uygun bir \u00e7\u00f6z\u00fcm \u00f6nerdik. Ya\u011f \u00e7\u00f6z\u00fcc\u00fc buharlar\u0131n\u0131 kayna\u011f\u0131nda etkili bir \u015fekilde yakalamak ve filtrelemek ve b\u00f6ylece operat\u00f6r\u00fc korumak i\u00e7in do\u011frudan metal par\u00e7a temizleme istasyonunda bir <a href=\"https:\/\/obera.fr\/tr\/produits\/traitement-cov\/aspiration-mobile-odeurs-epur-box\/\">ePURBOX<\/a> aktif karbon toz <strong>emme<\/strong> sistemi ile desteklenen bir <strong>emme backsplash<\/strong> tasarlad\u0131k ve kurduk. <\/p>\n\n<p>Hava \u015fartland\u0131rma konusundaki uzmanl\u0131\u011f\u0131m\u0131z sayesinde, at\u00f6lyelerindeki ortam havas\u0131na ya\u011f \u00e7\u00f6z\u00fcc\u00fc <strong>buhar\u0131 emisyonlar\u0131n\u0131 \u00f6nemli \u00f6l\u00e7\u00fcde azaltmay\u0131<\/strong> ba\u015fard\u0131k. Bu, \u00e7al\u0131\u015fanlar i\u00e7in daha sa\u011fl\u0131kl\u0131 ve g\u00fcvenli bir i\u015fyeri yarat\u0131rken, i\u015fletmelerinin \u00e7evresel etkisini de azaltt\u0131. <\/p>\n\n<p>M\u00fc\u015fterimiz, klima<strong> santrali \u00e7\u00f6z\u00fcm\u00fcm\u00fcz\u00fc<\/strong> se\u00e7erek \u00e7evre ve i\u015f sa\u011fl\u0131\u011f\u0131 ve g\u00fcvenli\u011fi standartlar\u0131na uygun, daha sorumlu bir \u00fcretime do\u011fru bir ad\u0131m atm\u0131\u015ft\u0131r. Bu ba\u015far\u0131l\u0131 i\u015fbirli\u011fi, m\u00fc\u015fterilerimizin hedeflerine ula\u015fmalar\u0131na ve daha g\u00fcvenli, daha sa\u011fl\u0131kl\u0131 i\u015f yerleri yaratmalar\u0131na yard\u0131mc\u0131 olarak yenilik ve s\u00fcrd\u00fcr\u00fclebilirli\u011fe olan ba\u011fl\u0131l\u0131\u011f\u0131m\u0131z\u0131n bir \u00f6rne\u011fidir. <\/p>\n\n<h2 class=\"wp-block-heading\"><strong>Ya\u011f giderme buharlar\u0131n\u0131n operat\u00f6rlerin sa\u011fl\u0131\u011f\u0131 i\u00e7in tehlikeleri<\/strong><\/h2>\n\n<figure class=\"wp-block-image alignleft size-full is-resized\"><img decoding=\"async\" width=\"600\" height=\"600\" src=\"https:\/\/obera.fr\/wp-content\/uploads\/2023\/12\/picto-risque-mutagene-1.jpg\" alt=\"picto mutajenik risk 1\" class=\"wp-image-26460\" style=\"width:73px;height:auto\" srcset=\"https:\/\/obera.fr\/wp-content\/uploads\/2023\/12\/picto-risque-mutagene-1.jpg 600w, https:\/\/obera.fr\/wp-content\/uploads\/2023\/12\/picto-risque-mutagene-1-300x300.jpg 300w, https:\/\/obera.fr\/wp-content\/uploads\/2023\/12\/picto-risque-mutagene-1-150x150.jpg 150w\" sizes=\"(max-width: 600px) 100vw, 600px\" \/><\/figure>\n\n<p><strong>Metal par\u00e7alar\u0131n<\/strong> ya\u011f giderici maddeler kullan\u0131larak <strong>temizlenmesine y\u00f6nelik end\u00fcstriyel s\u00fcre\u00e7<\/strong>, kronik olarak ve y\u00fcksek konsantrasyonlarda maruz kalan operat\u00f6rler i\u00e7in bir dizi sa\u011fl\u0131k tehlikesi olu\u015fturan U\u00e7ucu Organik Bile\u015fikler (VOC&#8217;ler) \u00fcretir. VOC&#8217;ler oda s\u0131cakl\u0131\u011f\u0131nda kolayca buharla\u015fan ve<strong> operat\u00f6rler taraf\u0131ndan solunarak<\/strong> sa\u011fl\u0131k risklerine yol a\u00e7abilen kimyasal maddelerdir. \u0130\u015fte bu s\u00fcre\u00e7le ili\u015fkili baz\u0131 tehlikeler.  <\/p>\n\n<h3 class=\"wp-block-heading\"><strong>Solunum yollar\u0131nda tahri\u015f  <\/strong><\/h3>\n\n<p>VOC&#8217;lerin solunmas\u0131 solunum yollar\u0131nda tahri\u015fe neden <strong>olarak \u00f6ks\u00fcr\u00fck<\/strong>, bo\u011faz a\u011fr\u0131s\u0131, hap\u015f\u0131rma ve nefes darl\u0131\u011f\u0131 <strong>gibi semptomlara yol<\/strong> a\u00e7abilir.<\/p>\n\n<h3 class=\"wp-block-heading\"><strong>N\u00f6rolojik sorunlar  <\/strong><\/h3>\n\n<p>Baz\u0131 VOC&#8217;ler <strong>n\u00f6rotoksin olarak kabul<\/strong> edilir ve merkezi sinir sistemini etkileyebilir. Y\u00fcksek seviyelerde VOC&#8217;a uzun s\u00fcre maruz kalmak ba\u015f a\u011fr\u0131s\u0131, ba\u015f d\u00f6nmesi, haf\u0131za bozuklu\u011fu ve konsantrasyon sorunlar\u0131na yol a\u00e7abilir. <\/p>\n\n<h3 class=\"wp-block-heading\"><strong>Kronik solunum bozukluklar\u0131  <\/strong><\/h3>\n\n<p><strong>VOC&#8217;lere s\u00fcrekli maruz kalmak <\/strong>, ast\u0131m gibi kronik solunum sorunlar\u0131na veya yatk\u0131nl\u0131\u011f\u0131 olan ki\u015filerde semptomlar\u0131n k\u00f6t\u00fcle\u015fmesine yol a\u00e7abilir.<\/p>\n\n<h3 class=\"wp-block-heading\"><strong>Cilt sorunlar\u0131<\/strong><\/h3>\n\n<p>Baz\u0131 ya\u011f \u00e7\u00f6z\u00fcc\u00fcler, maruz kalan operat\u00f6rlerde <strong>alerjik cilt reaksiyonlar\u0131na neden<\/strong> olabilecek kimyasallar i\u00e7erir.<\/p>\n\n<h3 class=\"wp-block-heading\"><strong>Karaci\u011fer ve b\u00f6brekler \u00fczerindeki etkiler<\/strong><\/h3>\n\n<p>Baz\u0131 VOC&#8217;ler karaci\u011fer ve b\u00f6brekler i\u00e7in toksiktir ve uzun s\u00fcreli maruziyet bu organlarda hasara neden olabilir.<\/p>\n\n<h3 class=\"wp-block-heading\"><strong>Kanserojen riskler  <\/strong><\/h3>\n\n<p>Baz\u0131 VOC&#8217;ler, baz\u0131 uluslararas\u0131 sa\u011fl\u0131k kurulu\u015flar\u0131 taraf\u0131ndan muhtemel insan <strong>kanserojenleri olarak s\u0131n\u0131fland\u0131r\u0131lmakta <\/strong>ve maruz kalan bireylerde <strong>kansere <\/strong>neden olma potansiyelleri konusunda endi\u015feleri art\u0131rmaktad\u0131r.<\/p>\n\n<p><strong>VOC&#8217;lerin tehlikelerinin<\/strong> havadaki konsantrasyona, maruz kalma s\u00fcresi ve s\u0131kl\u0131\u011f\u0131na ve bireysel duyarl\u0131l\u0131\u011fa ba\u011fl\u0131 oldu\u011funu unutmamak \u00f6nemlidir. D\u00fczenli olarak VOC \u00fcreten ya\u011f \u00e7\u00f6z\u00fcc\u00fclerle \u00e7al\u0131\u015fan operat\u00f6rler bu kimyasallar\u0131n y\u00fcksek seviyelerine maruz kalarak <strong>sa\u011fl\u0131k risklerini art\u0131rabilirler<\/strong>. <\/p>\n\n<p>Operat\u00f6rlerin sa\u011fl\u0131\u011f\u0131n\u0131 korumak i\u00e7in, d\u00fc\u015f\u00fck VOC&#8217;li veya VOC&#8217;siz ya\u011f \u00e7\u00f6z\u00fcc\u00fclerin kullan\u0131lmas\u0131, havadaki VOC konsantrasyonunu azaltmak i\u00e7in <strong>temizlik alanlar\u0131n\u0131n yeterli hava<\/strong> \u015fartland\u0131rmas\u0131na tabi tutulmas\u0131 ve tehlikeli kimyasallarla do\u011frudan temas\u0131 en aza indirmek i\u00e7in uygun ki\u015fisel koruyucu ekipmanlar\u0131n (KKE) kullan\u0131lmas\u0131 gibi \u00f6nleyici tedbirlerin al\u0131nmas\u0131 \u00f6nemlidir. Buna ek olarak, operat\u00f6rler VOC&#8217;lerle ili\u015fkili riskler konusunda bilgilendirilmeli ve maruziyetlerini azaltmak ve ili\u015fkili sa\u011fl\u0131k sorunlar\u0131n\u0131 \u00f6nlemek i\u00e7in iyi g\u00fcvenlik uygulamalar\u0131 konusunda e\u011fitilmelidir. Bu ad\u0131mlar\u0131 atarak, zararl\u0131 VOC&#8217;ler \u00fcreten ya\u011f giderici maddeler kullanarak metal par\u00e7alar\u0131 temizlerken<strong> daha g\u00fcvenli ve sa\u011fl\u0131kl\u0131 bir \u00e7al\u0131\u015fma ortam\u0131 yaratmak<\/strong> m\u00fcmk\u00fcnd\u00fcr.  <\/p>\n\n<h2 class=\"wp-block-heading\"><strong>Metal par\u00e7alar\u0131n temizlenmesi i\u00e7in ya\u011f \u00e7\u00f6z\u00fcc\u00fc buhar i\u015fleminin avantajlar\u0131<\/strong><\/h2>\n\n<p>Metal par\u00e7alar\u0131n ya\u011fdan ar\u0131nd\u0131r\u0131lmas\u0131 s\u0131ras\u0131nda ya\u011f giderici maddelerden kaynaklanan U\u00e7ucu Organik Bile\u015fiklerin (VOC) ar\u0131t\u0131lmas\u0131 bir dizi \u00f6nemli avantaj sunar. \u0130lk olarak, ortam havas\u0131na VOC emisyonlar\u0131n\u0131 ortadan kald\u0131rarak veya azaltarak<strong> operat\u00f6rlerin sa\u011fl\u0131\u011f\u0131n\u0131 korur<\/strong>, b\u00f6ylece solunum yolu tahri\u015fi, kronik solunum sorunlar\u0131, n\u00f6rolojik bozukluklar ve di\u011fer olumsuz sa\u011fl\u0131k etkileri riskini en aza indirir. <\/p>\n\n<figure class=\"wp-block-image alignright size-large is-resized\"><img decoding=\"async\" width=\"1024\" height=\"683\" src=\"https:\/\/obera.fr\/wp-content\/uploads\/2023\/12\/environnement-sain-1-1024x683.jpg\" alt=\"a&#xE7;&#x131;k bir g&#xFC;nde ba&#x15F;&#x131; g&#xF6;ky&#xFC;z&#xFC;ne d&#xF6;n&#xFC;k ve g&#xF6;zleri kapal&#x131; gen&#xE7; bir &#xE7;ocuk\" class=\"wp-image-26455\" style=\"width:376px;height:auto\" srcset=\"https:\/\/obera.fr\/wp-content\/uploads\/2023\/12\/environnement-sain-1-1024x683.jpg 1024w, https:\/\/obera.fr\/wp-content\/uploads\/2023\/12\/environnement-sain-1-300x200.jpg 300w, https:\/\/obera.fr\/wp-content\/uploads\/2023\/12\/environnement-sain-1-768x512.jpg 768w, https:\/\/obera.fr\/wp-content\/uploads\/2023\/12\/environnement-sain-1-1536x1024.jpg 1536w, https:\/\/obera.fr\/wp-content\/uploads\/2023\/12\/environnement-sain-1-2048x1365.jpg 2048w\" sizes=\"(max-width: 1024px) 100vw, 1024px\" \/><\/figure>\n\n<p>Ayr\u0131ca hava \u015fartland\u0131rma, VOC&#8217;leri kayna\u011f\u0131nda yakalay\u0131p ortadan kald\u0131rarak ya\u011f giderme at\u00f6lyesindeki i\u00e7 mekan hava kalitesini iyile\u015ftirir. Bu, operat\u00f6rler i\u00e7in <strong>daha sa\u011fl\u0131kl\u0131 bir \u00e7al\u0131\u015fma ortam\u0131 yaratarak<\/strong> ba\u015f a\u011fr\u0131s\u0131, yorgunluk ve k\u00f6t\u00fc hava kalitesiyle ili\u015fkili di\u011fer semptomlar\u0131n riskini azalt\u0131r. <\/p>\n\n<p>\u00c7evresel a\u00e7\u0131dan bak\u0131ld\u0131\u011f\u0131nda, VOC ar\u0131tma sistemleri VOC emisyonlar\u0131na ili\u015fkin kat\u0131 \u00e7evre d\u00fczenlemelerine uyulmas\u0131n\u0131 sa\u011flar. Bu \u015fekilde,<strong> \u015firketler olas\u0131 para cezalar\u0131 ve cezalardan ka\u00e7\u0131narak<\/strong> \u00e7evresel sorumluluklar\u0131n\u0131 g\u00fc\u00e7lendirir. <\/p>\n\n<p>Buna ek olarak, hava i\u015fleme, VOC emisyonlar\u0131n\u0131n daha iyi y\u00f6netilmesini sa\u011flayarak ya\u011f giderme verimlili\u011fini art\u0131r\u0131r. Bu da ya\u011f gidericilerin daha verimli kullan\u0131lmas\u0131n\u0131, kaynaklar\u0131n daha iyi korunmas\u0131n\u0131 ve i\u015fletme maliyetlerinin azalmas\u0131n\u0131 sa\u011flar. <\/p>\n\n<p>\u015eirketler sorumlu VOC ar\u0131tma uygulamalar\u0131n\u0131 benimseyerek \u00e7al\u0131\u015fan sa\u011fl\u0131\u011f\u0131 ve g\u00fcvenli\u011fine olan ba\u011fl\u0131l\u0131klar\u0131n\u0131n yan\u0131 s\u0131ra \u00e7evreye olan ilgilerini de g\u00f6sterirler. Bu da<strong> m\u00fc\u015fteriler<\/strong>, i\u015f ortaklar\u0131 ve kamuoyu nezdindeki<strong> imajlar\u0131n\u0131 iyile\u015ftirebilir<\/strong>. <\/p>\n\n<blockquote class=\"wp-block-quote is-layout-flow wp-block-quote-is-layout-flow\">\n<p>End\u00fcstriyel bir ortamda <a href=\"https:\/\/obera.fr\/tr\/bizim-tavsiyemiz\/cas-usage-traitement-hydrocarbures-milieu-industriel\/\">hidrokarbonlar\u0131n ar\u0131t\u0131lmas\u0131yla<\/a> ilgili bir kullan\u0131m \u00f6rne\u011fini de ke\u015ffedin<\/p>\n<\/blockquote>\n","protected":false},"excerpt":{"rendered":"<p>Gazlar ve s\u0131v\u0131lar i\u00e7in diyaframl\u0131 pompalar\u0131n ve sistemlerin geli\u015ftirilmesi, tasar\u0131m\u0131, \u00fcretimi ve da\u011f\u0131t\u0131m\u0131 konusunda uzmanla\u015fm\u0131\u015f uluslararas\u0131 bir m\u00fc\u015fteriyi donatma f\u0131rsat\u0131m\u0131z oldu. \u00c7evreyi ve \u00e7al\u0131\u015fanlar\u0131n\u0131n sa\u011fl\u0131\u011f\u0131n\u0131 koruman\u0131n \u00f6neminin bilincinde olan m\u00fc\u015fterimiz, bizden \u00fcretim s\u00fcre\u00e7lerindeki kritik bir zorlu\u011fu \u00e7\u00f6zmemizi istedi. <\/p>\n","protected":false},"author":4,"featured_media":81854,"comment_status":"open","ping_status":"closed","sticky":false,"template":"","format":"standard","meta":{"_acf_changed":false,"_seopress_robots_primary_cat":"none","_seopress_titles_title":"oberA Kullan\u0131m \u00d6rne\u011fi: Metal ya\u011f giderme buharlar\u0131n\u0131n ar\u0131t\u0131lmas\u0131","_seopress_titles_desc":"OberA'ya, gazlar ve s\u0131v\u0131lar i\u00e7in diyaframl\u0131 pompa ve sistemlerin geli\u015ftirilmesi, tasar\u0131m\u0131, \u00fcretimi ve da\u011f\u0131t\u0131m\u0131 konusunda uzmanla\u015fm\u0131\u015f uluslararas\u0131 bir m\u00fc\u015fteriyi donatma f\u0131rsat\u0131 verildi. Bu talebi nas\u0131l kar\u015f\u0131layabildi\u011fimizi \u00f6\u011frenin. ","_seopress_robots_index":"","footnotes":""},"categories":[299],"tags":[306],"class_list":["post-53228","post","type-post","status-publish","format-standard","has-post-thumbnail","hentry","category-bizim-tavsiyemiz","tag-entete-small-tr","generate-columns","tablet-grid-50","mobile-grid-100","grid-parent","grid-50","no-featured-image-padding","resize-featured-image"],"acf":[],"_links":{"self":[{"href":"https:\/\/obera.fr\/tr\/wp-json\/wp\/v2\/posts\/53228","targetHints":{"allow":["GET"]}}],"collection":[{"href":"https:\/\/obera.fr\/tr\/wp-json\/wp\/v2\/posts"}],"about":[{"href":"https:\/\/obera.fr\/tr\/wp-json\/wp\/v2\/types\/post"}],"author":[{"embeddable":true,"href":"https:\/\/obera.fr\/tr\/wp-json\/wp\/v2\/users\/4"}],"replies":[{"embeddable":true,"href":"https:\/\/obera.fr\/tr\/wp-json\/wp\/v2\/comments?post=53228"}],"version-history":[{"count":3,"href":"https:\/\/obera.fr\/tr\/wp-json\/wp\/v2\/posts\/53228\/revisions"}],"predecessor-version":[{"id":82353,"href":"https:\/\/obera.fr\/tr\/wp-json\/wp\/v2\/posts\/53228\/revisions\/82353"}],"wp:featuredmedia":[{"embeddable":true,"href":"https:\/\/obera.fr\/tr\/wp-json\/wp\/v2\/media\/81854"}],"wp:attachment":[{"href":"https:\/\/obera.fr\/tr\/wp-json\/wp\/v2\/media?parent=53228"}],"wp:term":[{"taxonomy":"category","embeddable":true,"href":"https:\/\/obera.fr\/tr\/wp-json\/wp\/v2\/categories?post=53228"},{"taxonomy":"post_tag","embeddable":true,"href":"https:\/\/obera.fr\/tr\/wp-json\/wp\/v2\/tags?post=53228"}],"curies":[{"name":"wp","href":"https:\/\/api.w.org\/{rel}","templated":true}]}}