{"id":53532,"date":"2023-04-25T16:45:46","date_gmt":"2023-04-25T14:45:46","guid":{"rendered":"https:\/\/obera.fr\/conseils\/bir-hava-temizleme-cihazinin-enerji-faturalariniz-uzerindeki-faydalari-nelerdir\/"},"modified":"2025-04-23T08:59:41","modified_gmt":"2025-04-23T06:59:41","slug":"les-avantages-de-la-purification-dair-sur-vos-factures-energetiques","status":"publish","type":"post","link":"https:\/\/obera.fr\/tr\/bizim-tavsiyemiz\/les-avantages-de-la-purification-dair-sur-vos-factures-energetiques\/","title":{"rendered":"Bir hava temizleme cihaz\u0131n\u0131n enerji faturalar\u0131n\u0131z \u00fczerindeki faydalar\u0131 nelerdir?"},"content":{"rendered":"\n<p>End\u00fcstriyel alanlardaki hava <strong>tabakala\u015fmas\u0131 <\/strong>\u00f6nemli \u00f6l\u00e7\u00fcde \u0131s\u0131 kayb\u0131na, d\u00fc\u015f\u00fck hava kalitesine ve \u00e7al\u0131\u015fanlar i\u00e7in konfor eksikli\u011fine yol a\u00e7abilir. Hava <strong>destrifikasyonu <\/strong>, odadaki s\u0131cakl\u0131\u011f\u0131 e\u015fitlemek i\u00e7in s\u0131cak ve so\u011fuk havan\u0131n kar\u0131\u015ft\u0131r\u0131lmas\u0131n\u0131 i\u00e7erir, b\u00f6ylece \u0131s\u0131 kayb\u0131n\u0131 azalt\u0131r ve \u0131s\u0131tma ve klima t\u00fcketimini s\u0131n\u0131rlar. OberA&#8217;da <strong>end\u00fcstriyel hava temizleyicileri<\/strong>, toz partik\u00fcllerini, gazlar\u0131 ve kokular\u0131 ortadan kald\u0131rarak \u00e7al\u0131\u015fanlar i\u00e7in daha sa\u011fl\u0131kl\u0131 ve g\u00fcvenli bir \u00e7al\u0131\u015fma ortam\u0131 yarat\u0131rken bu destrifikasyonun ekonomik ve verimli bir \u015fekilde ger\u00e7ekle\u015ftirilmesini sa\u011flar. Bunu a\u015fa\u011f\u0131daki makalede daha ayr\u0131nt\u0131l\u0131 olarak a\u00e7\u0131klayaca\u011f\u0131z.   <\/p>\n\n<div class=\"wp-block-buttons is-horizontal is-content-justification-center is-layout-flex wp-container-core-buttons-is-layout-03627597 wp-block-buttons-is-layout-flex\">\n<div class=\"wp-block-button has-custom-width wp-block-button__width-100\"><a class=\"wp-block-button__link wp-element-button\" href=\"https:\/\/obera.fr\/tr\/bize-ulasin\/\">Daha fazla bilgi edin<\/a><\/div>\n<\/div>\n\n<h2 class=\"wp-block-heading\">Hava tabakala\u015fmas\u0131 nedir?<\/h2>\n\n<p>Hava <strong>tabakala\u015fmas\u0131 <\/strong>, havan\u0131n \u0131s\u0131t\u0131ld\u0131\u011f\u0131 end\u00fcstriyel alanlarda yayg\u0131n bir olgudur. Odan\u0131n \u00fcst k\u0131sm\u0131nda s\u0131cak hava ve alt k\u0131sm\u0131nda so\u011fuk hava katmanlar\u0131n\u0131n olu\u015fmas\u0131yla kendini g\u00f6sterir ve<strong> \u00f6nemli s\u0131cakl\u0131k farklar\u0131<\/strong> yarat\u0131r. Bu tabakala\u015fma \u00f6nemli \u00f6l\u00e7\u00fcde \u0131s\u0131 kayb\u0131na, \u00e7al\u0131\u015fanlar i\u00e7in konfor eksikli\u011fine ve <a href=\"https:\/\/obera.fr\/conseils\/qualite-l-air-interieur-critere-essentiel-industrie\/\">d\u00fc\u015f\u00fck hava kalitesine<\/a> yol a\u00e7abilir.  <\/p>\n\n<figure class=\"wp-block-image aligncenter size-medium is-resized\"><img decoding=\"async\" width=\"300\" height=\"300\" src=\"https:\/\/obera.fr\/wp-content\/uploads\/2023\/04\/sans-titre-2023-04-25t154307.808-300x300.png\" alt=\"Hava tabakala&#x15F;mas&#x131;\" class=\"wp-image-21980\" style=\"width:225px;height:225px\" srcset=\"https:\/\/obera.fr\/wp-content\/uploads\/2023\/04\/sans-titre-2023-04-25t154307.808-300x300.png 300w, https:\/\/obera.fr\/wp-content\/uploads\/2023\/04\/sans-titre-2023-04-25t154307.808-150x150.png 150w, https:\/\/obera.fr\/wp-content\/uploads\/2023\/04\/sans-titre-2023-04-25t154307.808.png 700w\" sizes=\"(max-width: 300px) 100vw, 300px\" \/><\/figure>\n\n<h2 class=\"wp-block-heading\">Hava destrifikasyonu nedir?<\/h2>\n\n<p>Hava <strong>destrifikasyonu <\/strong>,<strong> odadaki s\u0131cakl\u0131\u011f\u0131 e\u015fitlemek<\/strong> i\u00e7in s\u0131cak ve so\u011fuk havan\u0131n kar\u0131\u015ft\u0131r\u0131lmas\u0131n\u0131 i\u00e7erir. Bu teknik \u0131s\u0131 kayb\u0131n\u0131 azalt\u0131r, hava sirk\u00fclasyonunu destekler ve \u00e7al\u0131\u015fanlar i\u00e7in daha konforlu bir \u00e7al\u0131\u015fma ortam\u0131 yarat\u0131r. Buna ek olarak, havan\u0131n destrifikasyonu \u0131s\u0131tma gereksinimlerini s\u0131n\u0131rland\u0131rarak <a href=\"https:\/\/obera.fr\/conseils\/industriels-des-solutions-pour-faire-des-economies-denergie\/\">enerji maliyetlerini azal<\/a> t\u0131r.  <\/p>\n\n<figure class=\"wp-block-image aligncenter size-medium is-resized\"><img decoding=\"async\" width=\"300\" height=\"300\" src=\"https:\/\/obera.fr\/wp-content\/uploads\/2023\/04\/sans-titre-76-300x300.jpg\" alt=\"hava destrifikasyonu\" class=\"wp-image-21984\" style=\"width:225px;height:225px\" srcset=\"https:\/\/obera.fr\/wp-content\/uploads\/2023\/04\/sans-titre-76-300x300.jpg 300w, https:\/\/obera.fr\/wp-content\/uploads\/2023\/04\/sans-titre-76-150x150.jpg 150w, https:\/\/obera.fr\/wp-content\/uploads\/2023\/04\/sans-titre-76.jpg 700w\" sizes=\"(max-width: 300px) 100vw, 300px\" \/><\/figure>\n\n<h2 class=\"wp-block-heading\">End\u00fcstriyel ortamlarda hava destrifikasyonunun avantajlar\u0131 nelerdir?<\/h2>\n\n<p>End\u00fcstriyel bir ortamda, destrifikasyonun \u00e7ok say\u0131da avantaj\u0131 vard\u0131r. \u00d6ncelikle, \u00e7al\u0131\u015fma alanlar\u0131nda <strong>sabit bir s\u0131cakl\u0131\u011f\u0131n korunmas\u0131na<\/strong> yard\u0131mc\u0131 olur, bu <strong>da \u00e7al\u0131\u015fanlar\u0131n konforunu ve \u00fcretkenli\u011fini art\u0131r\u0131r<\/strong>. Hava destrifikasyonu ayr\u0131ca \u0131s\u0131tma ve iklimlendirme t\u00fcketimini s\u0131n\u0131rland\u0131rarak <strong>enerji maliyetlerini azalt <\/strong>maya yard\u0131mc\u0131 olur.  <\/p>\n\n<p>Bir hat\u0131rlatma olarak, ADEME <strong>\u00f6nemli enerji tasarrufu sa\u011flamak<\/strong> i\u00e7in \u0131s\u0131tma s\u0131cakl\u0131\u011f\u0131n\u0131n 1\u00b0C d\u00fc\u015f\u00fcr\u00fclmesini \u00f6nermektedir. Asl\u0131nda, her bir derece daha az \u0131s\u0131tma t\u00fcketimi %7 oran\u0131nda azalmaktad\u0131r. Dolay\u0131s\u0131yla bu basit ve etkili \u00f6nlem \u00f6nemli \u00f6l\u00e7\u00fcde enerji tasarrufu sa\u011flayabilir ve iklim de\u011fi\u015fikli\u011fiyle m\u00fccadeleye yard\u0131mc\u0131 olabilir.  <\/p>\n\n<h2 class=\"wp-block-heading\">\u00c7al\u0131\u015fma alan\u0131m veya lojistik salonum i\u00e7in ne yapabilirim?  <\/h2>\n\n<div class=\"wp-block-columns is-layout-flex wp-container-core-columns-is-layout-28f84493 wp-block-columns-is-layout-flex\">\n<div class=\"wp-block-column is-vertically-aligned-center is-layout-flow wp-block-column-is-layout-flow\" style=\"flex-basis:66.66%\">\n<p>OberA&#8217;da, <strong>havay\u0131 etkili ve ekonomik bir \u015fekilde destratif<\/strong> hale getiren <a href=\"https:\/\/obera.fr\/tr\/produits\/purificateurs-air\/\" data-type=\"page\" data-id=\"26\">end\u00fcstriyel hava temizleyicilerimizi<\/a> sunuyoruz. Bu cihazlar, odan\u0131n \u00fcst k\u0131sm\u0131ndaki s\u0131cak havay\u0131 toplayan ve so\u011fuk hava ile kar\u0131\u015ft\u0131r\u0131ld\u0131\u011f\u0131 yere geri getiren g\u00fc\u00e7l\u00fc bir emi\u015f sistemi ile donat\u0131lm\u0131\u015ft\u0131r. Bu teknik s\u0131cakl\u0131k farklar\u0131n\u0131 azalt\u0131r ve<strong>hava kalitesini art\u0131r\u0131r<\/strong>.  <\/p>\n\n\n\n<p>End\u00fcstriyel hava temizleme cihazlar\u0131m\u0131z, <strong>hava destrifikasyonuna<\/strong> ek olarak ba\u015fka avantajlar da sunar. Toz partik\u00fcllerini, gazlar\u0131 ve kokular\u0131 ortadan kald\u0131rarak \u00e7al\u0131\u015fanlar i\u00e7in daha sa\u011fl\u0131kl\u0131 ve g\u00fcvenli bir \u00e7al\u0131\u015fma ortam\u0131 yarat\u0131rlar. Dahas\u0131, end\u00fcstriyel hava temizleyicilerimiz<strong> enerji tasarrufludur<\/strong>, b\u00f6ylece enerji t\u00fcketimini azaltabilir ve salonlar\u0131n\u0131zdaki ve at\u00f6lyelerinizdeki ekipmanlar\u0131n \u00f6mr\u00fcn\u00fc uzatabilirsiniz.  <\/p>\n<\/div>\n\n\n\n<div class=\"wp-block-column is-vertically-aligned-center is-layout-flow wp-block-column-is-layout-flow\" style=\"flex-basis:33.33%\">\n<figure class=\"wp-block-image aligncenter size-medium is-resized\"><a href=\"https:\/\/obera.fr\/produits\/purificateurs-air\/industriel-epur\/\"><img decoding=\"async\" width=\"300\" height=\"300\" src=\"https:\/\/obera.fr\/wp-content\/uploads\/2023\/05\/gamme-de-purificateur-dair-epur-garantie-300x300.png\" alt=\"epur hava temi&#x307;zleyi&#x307;ci&#x307; &#xFC;r&#xFC;n yelpazesi&#x307; garanti&#x307;li&#x307;\" class=\"wp-image-22613\" style=\"width:225px;height:225px\" srcset=\"https:\/\/obera.fr\/wp-content\/uploads\/2023\/05\/gamme-de-purificateur-dair-epur-garantie-300x300.png 300w, https:\/\/obera.fr\/wp-content\/uploads\/2023\/05\/gamme-de-purificateur-dair-epur-garantie-150x150.png 150w, https:\/\/obera.fr\/wp-content\/uploads\/2023\/05\/gamme-de-purificateur-dair-epur-garantie.png 600w\" sizes=\"(max-width: 300px) 100vw, 300px\" \/><\/a><\/figure>\n<\/div>\n<\/div>\n\n<div class=\"wp-block-buttons is-horizontal is-content-justification-center is-layout-flex wp-container-core-buttons-is-layout-03627597 wp-block-buttons-is-layout-flex\">\n<div class=\"wp-block-button has-custom-width wp-block-button__width-100\"><a class=\"wp-block-button__link wp-element-button\" href=\"https:\/\/obera.fr\/tr\/bize-ulasin\/\">Daha fazla bilgi edin<\/a><\/div>\n<\/div>\n\n<h2 class=\"wp-block-heading\">Sonu\u00e7<\/h2>\n\n<p>Sonu\u00e7 olarak, hava destrifikasyonu <strong>enerji maliyetlerini d\u00fc\u015f\u00fcrmek<\/strong>, \u00e7al\u0131\u015fanlar\u0131n konforunu art\u0131rmak ve end\u00fcstriyel alanlarda hava sirk\u00fclasyonunu te\u015fvik <strong>etmek i\u00e7in etkili<\/strong>bir <strong>tekniktir<\/strong>. OberA end\u00fcstriyel hava temizleyicileri, bu destrifikasyonu <strong>ekonomik olarak<\/strong>ve hava kalitesi ve enerji verimlili\u011fi a\u00e7\u0131s\u0131ndan ek faydalar sa\u011flayarak ger\u00e7ekle\u015ftirmek i\u00e7in etkili \u00e7\u00f6z\u00fcmlerdir. <\/p>\n","protected":false},"excerpt":{"rendered":"<p>End\u00fcstriyel ortamlarda hava temizlemenin bir\u00e7ok avantaj\u0131 vard\u0131r, ancak hava destrifikasyonunu hi\u00e7 duydunuz mu? Bu olgu, binan\u0131n \u00fcst k\u0131sm\u0131ndaki s\u0131cak havay\u0131 alt k\u0131s\u0131mdaki temiz hava ile kar\u0131\u015ft\u0131rarak sa\u011fl\u0131kl\u0131, konforlu bir \u00e7al\u0131\u015fma alan\u0131 sa\u011flar ve enerji maliyetlerini azalt\u0131r.   <\/p>\n","protected":false},"author":4,"featured_media":85355,"comment_status":"closed","ping_status":"closed","sticky":false,"template":"","format":"standard","meta":{"_acf_changed":false,"_seopress_robots_primary_cat":"none","_seopress_titles_title":"Hava temizleme cihaz\u0131n\u0131n faturalar\u0131n\u0131z \u00fczerindeki faydalar\u0131 nelerdir?","_seopress_titles_desc":"Bu makalede, end\u00fcstriyel hava temizleme sayesinde hava destrifikasyonunun enerji maliyetleriniz \u00fczerindeki faydalar\u0131n\u0131 ke\u015ffedin.","_seopress_robots_index":"","footnotes":""},"categories":[299],"tags":[306],"class_list":["post-53532","post","type-post","status-publish","format-standard","has-post-thumbnail","hentry","category-bizim-tavsiyemiz","tag-entete-small-tr","generate-columns","tablet-grid-50","mobile-grid-100","grid-parent","grid-50","no-featured-image-padding","resize-featured-image"],"acf":[],"_links":{"self":[{"href":"https:\/\/obera.fr\/tr\/wp-json\/wp\/v2\/posts\/53532","targetHints":{"allow":["GET"]}}],"collection":[{"href":"https:\/\/obera.fr\/tr\/wp-json\/wp\/v2\/posts"}],"about":[{"href":"https:\/\/obera.fr\/tr\/wp-json\/wp\/v2\/types\/post"}],"author":[{"embeddable":true,"href":"https:\/\/obera.fr\/tr\/wp-json\/wp\/v2\/users\/4"}],"replies":[{"embeddable":true,"href":"https:\/\/obera.fr\/tr\/wp-json\/wp\/v2\/comments?post=53532"}],"version-history":[{"count":3,"href":"https:\/\/obera.fr\/tr\/wp-json\/wp\/v2\/posts\/53532\/revisions"}],"predecessor-version":[{"id":85660,"href":"https:\/\/obera.fr\/tr\/wp-json\/wp\/v2\/posts\/53532\/revisions\/85660"}],"wp:featuredmedia":[{"embeddable":true,"href":"https:\/\/obera.fr\/tr\/wp-json\/wp\/v2\/media\/85355"}],"wp:attachment":[{"href":"https:\/\/obera.fr\/tr\/wp-json\/wp\/v2\/media?parent=53532"}],"wp:term":[{"taxonomy":"category","embeddable":true,"href":"https:\/\/obera.fr\/tr\/wp-json\/wp\/v2\/categories?post=53532"},{"taxonomy":"post_tag","embeddable":true,"href":"https:\/\/obera.fr\/tr\/wp-json\/wp\/v2\/tags?post=53532"}],"curies":[{"name":"wp","href":"https:\/\/api.w.org\/{rel}","templated":true}]}}