{"id":53544,"date":"2023-05-02T08:49:04","date_gmt":"2023-05-02T06:49:04","guid":{"rendered":"https:\/\/obera.fr\/conseils\/ne-zaman-atex-yonetmeliklerine-tabi-olurum\/"},"modified":"2025-04-23T08:55:46","modified_gmt":"2025-04-23T06:55:46","slug":"quand-suis-je-soumis-reglementation-atex","status":"publish","type":"post","link":"https:\/\/obera.fr\/tr\/bizim-tavsiyemiz\/quand-suis-je-soumis-reglementation-atex\/","title":{"rendered":"ATEX y\u00f6netmeliklerine ne zaman uymak zorunday\u0131m?"},"content":{"rendered":"\n<p>End\u00fcstride \u00e7al\u0131\u015f\u0131rken <strong>g\u00fcvenlik<\/strong> her \u015feyden \u00f6nemlidir. Kulland\u0131\u011f\u0131n\u0131z ekipman\u0131n g\u00fcvenlik standartlar\u0131na uygun oldu\u011fundan emin olman\u0131z \u00e7ok \u00f6nemlidir. Bu standartlardan biri de <strong>ATEX y\u00f6netmelikleridir<\/strong>. Bu makalede, &#8220;End\u00fcstride ne zaman ATEX y\u00f6netmeliklerine tabi olurum?&#8221; sorusunu yan\u0131tlayacak ve bu y\u00f6netmeliklerin g\u00fcvenli\u011finiz i\u00e7in neden \u00f6nemli oldu\u011funu a\u00e7\u0131klayaca\u011f\u0131z.   <\/p>\n\n<h2 class=\"wp-block-heading\">ATEX d\u00fczenlemeleri nelerdir?<\/h2>\n\n<figure class=\"wp-block-image alignleft size-full\"><img decoding=\"async\" width=\"100\" height=\"100\" src=\"https:\/\/obera.fr\/wp-content\/uploads\/2023\/12\/atex-100x100-1.png\" alt=\"atex 100x100 1\" class=\"wp-image-26382\"\/><\/figure>\n\n<p>ATEX, <strong>&#8220;ATmosph\u00e8re EXplosible&#8221; ifadesinin k\u0131saltmas\u0131d\u0131r<\/strong>. ATEX y\u00f6netmelikleri <strong>, g\u0131da end\u00fcstrisi, metal i\u015fleme (al\u00fcminyum, titanyum vb.), kimya tesisleri, petrol rafinerileri, ah\u015fap i\u015fleme ve kompozit malzemelerin \u00fcretimi<\/strong> gibi yan\u0131c\u0131 maddelerin bulunabilece\u011fi ortamlarda \u00e7al\u0131\u015fanlar\u0131 patlama riskine kar\u015f\u0131 korumak i\u00e7in tasarlanm\u0131\u015f bir Avrupa direktifidir. <\/p>\n\n<p>ATEX y\u00f6netmelikleri iki direktife ayr\u0131lm\u0131\u015ft\u0131r: \u00e7al\u0131\u015fanlar i\u00e7in ATEX 137 ve ekipman i\u00e7in ATEX 95.  <\/p>\n\n<h2 class=\"wp-block-heading\">End\u00fcstride ATEX y\u00f6netmeliklerine ne zaman uymak zorunday\u0131m?<\/h2>\n\n<figure class=\"wp-block-image alignright size-large is-resized\"><img decoding=\"async\" width=\"1024\" height=\"776\" src=\"https:\/\/obera.fr\/wp-content\/uploads\/2023\/12\/atex-fr-1024x776.jpg\" alt=\"atex tr\" class=\"wp-image-26385\" style=\"width:361px;height:auto\" srcset=\"https:\/\/obera.fr\/wp-content\/uploads\/2023\/12\/atex-fr-1024x776.jpg 1024w, https:\/\/obera.fr\/wp-content\/uploads\/2023\/12\/atex-fr-300x227.jpg 300w, https:\/\/obera.fr\/wp-content\/uploads\/2023\/12\/atex-fr-768x582.jpg 768w, https:\/\/obera.fr\/wp-content\/uploads\/2023\/12\/atex-fr-1536x1164.jpg 1536w, https:\/\/obera.fr\/wp-content\/uploads\/2023\/12\/atex-fr.jpg 1563w\" sizes=\"(max-width: 1024px) 100vw, 1024px\" \/><\/figure>\n\n<p><strong>Yan\u0131c\u0131 maddelerin <\/strong>bulunabilece\u011fi bir ortamda \u00e7al\u0131\u015f\u0131yorsan\u0131z ATEX y\u00f6netmeliklerine tabisiniz demektir. Yan\u0131c\u0131 malzemeler gazlar\u0131, s\u0131v\u0131lar\u0131, buharlar\u0131 ve tozlar\u0131 i\u00e7erir. Bu malzemelerin varl\u0131\u011f\u0131, yanma <strong>, kimyasallar\u0131n i\u015flenmesi<\/strong>, malzemelerin \u00f6\u011f\u00fct\u00fclmesi ve tozlar\u0131n \u00fcretimi veya kullan\u0131m\u0131 gibi end\u00fcstriyel i\u015flemlerden kaynaklanabilir.  <\/p>\n\n<p>ATEX d\u00fczenlemeleri<strong> bu ortamlarda kullan\u0131lan ekipmanlar<\/strong> i\u00e7in de ge\u00e7erlidir. Makineler, aletler, anahtarlar, motorlar ve sens\u00f6rler gibi ekipmanlar,<a href=\"https:\/\/obera.fr\/tr\/bizim-tavsiyemiz\/mon-produit-peut-il-etre-responsable-dune-explosion-atex\/\"> patlama riskini \u00f6nlemek<\/a> i\u00e7in ATEX g\u00fcvenlik standartlar\u0131na uygun olmal\u0131d\u0131r. <\/p>\n\n<p>ATEX y\u00f6netmeliklerinin sadece kimya tesislerinde veya petrol rafinerilerinde \u00e7al\u0131\u015fanlar i\u00e7in ge\u00e7erli olmad\u0131\u011f\u0131n\u0131 unutmamak \u00f6nemlidir. Ayn\u0131 zamanda g\u0131da, ila\u00e7, tekstil, madencilik, ta\u015f ocak\u00e7\u0131l\u0131\u011f\u0131 ve ka\u011f\u0131t end\u00fcstrileri gibi<strong> yan\u0131c\u0131 maddelerin<\/strong> bulunabilece\u011fi t\u00fcm end\u00fcstriler i\u00e7in de ge\u00e7erlidir. <\/p>\n\n<h2 class=\"wp-block-heading\">ATEX y\u00f6netmelikleri g\u00fcvenli\u011finiz i\u00e7in neden \u00f6nemlidir?<\/h2>\n\n<p><strong>ATEX y\u00f6netmelikleri<\/strong>, patlama riskini \u00f6nlemeyi ama\u00e7lad\u0131\u011f\u0131ndan g\u00fcvenli\u011finiz i\u00e7in \u00f6nemlidir. Patlamalar ciddi yaralanmalara, maddi hasara ve hatta \u00f6l\u00fcme neden olabilir. ATEX y\u00f6netmelikleri, tehlikeli ortamlarda kullan\u0131lan \u00e7al\u0131\u015fanlar ve ekipmanlar i\u00e7in kat\u0131 g\u00fcvenlik standartlar\u0131 getirerek <strong>bu riskleri en aza<\/strong> indirmeyi ama\u00e7lamaktad\u0131r.  <\/p>\n\n<p><strong>ATEX uyumlu ekipman<\/strong>, potansiyel olarak patlay\u0131c\u0131 ortamlarda g\u00fcvenli bir \u015fekilde \u00e7al\u0131\u015fmak \u00fczere tasarlanm\u0131\u015ft\u0131r. Bu ortamlarda g\u00fcvenli kullan\u0131m\u0131n\u0131 sa\u011flamak i\u00e7in test edilir ve sertifikaland\u0131r\u0131l\u0131r. Bu ortamlarda g\u00fcvenli bir \u015fekilde \u00e7al\u0131\u015fmak \u00fczere e\u011fitilmi\u015f ve donat\u0131lm\u0131\u015f i\u015f\u00e7iler <strong>de patlama riskini en aza<\/strong> indirmek i\u00e7in gereklidir.  <\/p>\n\n<div class=\"wp-block-buttons is-horizontal is-content-justification-center is-layout-flex wp-container-core-buttons-is-layout-03627597 wp-block-buttons-is-layout-flex\">\n<div class=\"wp-block-button has-custom-width wp-block-button__width-100\"><a class=\"wp-block-button__link wp-element-button\" href=\"https:\/\/obera.fr\/tr\/bize-ulasin\/\">Daha fazla bilgi edin<\/a><\/div>\n<\/div>\n","protected":false},"excerpt":{"rendered":"<p>End\u00fcstride \u00e7al\u0131\u015f\u0131rken, kulland\u0131\u011f\u0131n\u0131z ekipman\u0131n ATEX g\u00fcvenlik standartlar\u0131na uygun oldu\u011fundan emin olman\u0131z \u00e7ok \u00f6nemlidir. Bu makalede, &#8220;End\u00fcstride ne zaman ATEX d\u00fczenlemelerine tabi olurum?&#8221; sorusunu yan\u0131tlayacak ve bu d\u00fczenlemelerin g\u00fcvenli\u011finiz i\u00e7in neden \u00f6nemli oldu\u011funu a\u00e7\u0131klayaca\u011f\u0131z. <\/p>\n","protected":false},"author":4,"featured_media":85311,"comment_status":"closed","ping_status":"closed","sticky":false,"template":"","format":"standard","meta":{"_acf_changed":false,"_seopress_robots_primary_cat":"none","_seopress_titles_title":"ATEX y\u00f6netmeliklerine ne zaman uymak zorunday\u0131m?","_seopress_titles_desc":"Bu makalede, ATEX y\u00f6netmeliklerine ne zaman tabi oldu\u011fumuzu ve bu y\u00f6netmeliklerin g\u00fcvenlik i\u00e7in neden \u00f6nemli oldu\u011funu inceleyece\u011fiz.","_seopress_robots_index":"","footnotes":""},"categories":[299],"tags":[306],"class_list":["post-53544","post","type-post","status-publish","format-standard","has-post-thumbnail","hentry","category-bizim-tavsiyemiz","tag-entete-small-tr","generate-columns","tablet-grid-50","mobile-grid-100","grid-parent","grid-50","no-featured-image-padding","resize-featured-image"],"acf":[],"_links":{"self":[{"href":"https:\/\/obera.fr\/tr\/wp-json\/wp\/v2\/posts\/53544","targetHints":{"allow":["GET"]}}],"collection":[{"href":"https:\/\/obera.fr\/tr\/wp-json\/wp\/v2\/posts"}],"about":[{"href":"https:\/\/obera.fr\/tr\/wp-json\/wp\/v2\/types\/post"}],"author":[{"embeddable":true,"href":"https:\/\/obera.fr\/tr\/wp-json\/wp\/v2\/users\/4"}],"replies":[{"embeddable":true,"href":"https:\/\/obera.fr\/tr\/wp-json\/wp\/v2\/comments?post=53544"}],"version-history":[{"count":3,"href":"https:\/\/obera.fr\/tr\/wp-json\/wp\/v2\/posts\/53544\/revisions"}],"predecessor-version":[{"id":85502,"href":"https:\/\/obera.fr\/tr\/wp-json\/wp\/v2\/posts\/53544\/revisions\/85502"}],"wp:featuredmedia":[{"embeddable":true,"href":"https:\/\/obera.fr\/tr\/wp-json\/wp\/v2\/media\/85311"}],"wp:attachment":[{"href":"https:\/\/obera.fr\/tr\/wp-json\/wp\/v2\/media?parent=53544"}],"wp:term":[{"taxonomy":"category","embeddable":true,"href":"https:\/\/obera.fr\/tr\/wp-json\/wp\/v2\/categories?post=53544"},{"taxonomy":"post_tag","embeddable":true,"href":"https:\/\/obera.fr\/tr\/wp-json\/wp\/v2\/tags?post=53544"}],"curies":[{"name":"wp","href":"https:\/\/api.w.org\/{rel}","templated":true}]}}